{"id":23431,"date":"2020-08-08T00:00:00","date_gmt":"2020-08-08T05:00:00","guid":{"rendered":"https:\/\/ifamnews.com\/?p=23431"},"modified":"2020-08-11T03:26:30","modified_gmt":"2020-08-11T08:26:30","slug":"quel-colonialismo-che-ancora-schiaccia-i-popoli-africani","status":"publish","type":"post","link":"https:\/\/ifamnews.com\/it\/quel-colonialismo-che-ancora-schiaccia-i-popoli-africani","title":{"rendered":"Quel colonialismo che ancora schiaccia i popoli africani"},"content":{"rendered":"<p class=\"last-updated\">Last updated on Agosto 11th, 2020 at 03:26 am<\/p>\n<p>Non solo drappelli di giovani esagitati, persino qualche intellettuale, qui in Occidente, giustifica lo sfregio delle statue o la loro rimozione. E lo fa in nome di un ripudio nei confronti di razzismo e colonialismo. Tuttavia, laggi\u00f9 in Africa, piuttosto che applaudire a una presunta solidariet\u00e0 dei novelli iconoclasti, c\u2019\u00e8 chi denuncia un \u00abcolonialismo ideologico\u00bb che ancora schiaccia cultura e popoli autoctoni.<\/p>\n\n\n\n<h3 class=\"wp-block-heading\"><strong>L\u2019aborto in Kenya<\/strong><\/h3>\n\n\n\n<p>\u00c8 il caso di Ella Duru, un\u2019attivista <em>pro-life<\/em> keniana, la quale ha denunciato a <a href=\"https:\/\/righttolife.org.uk\/news\/kenya-could-introduce-abortion-up-to-birth-under-radical-bill-pushed-by-international-abortion-organisations\/\" target=\"_blank\" rel=\"noopener noreferrer\">RightToLife<\/a> \u00ablo sfacciato tentativo da parte di organizzazioni occidentali di imporre l\u2019aborto in Kenya, per qualsiasi motivo, fino alla nascita\u00bb. Il <a href=\"https:\/\/parliament.go.ke\/sites\/default\/files\/2020-02\/Reproductive%20Healthcare%20Bill%2C%202019.pdf\" target=\"_blank\" rel=\"noopener noreferrer\">testo di legge<\/a> cui fa riferimento, <a href=\"https:\/\/38390i1l7ec447lcrc1wgzfr-wpengine.netdna-ssl.com\/wp-content\/uploads\/2020\/07\/Joint-CSO-Statement-on-Operationalization-of-the-Bill-of-Rights-1.pdf\" target=\"_blank\" rel=\"noopener noreferrer\">effettivamente sostenuto dal colosso abortista Planned Parenthood ma anche da Amnesty International<\/a>, \u00e8 in discussione in Senato ed \u00e8 gi\u00e0 stato approvato in seconda lettura; manca una terza approvazione e poi passer\u00e0 alla Camera bassa.<\/p>\n\n\n\n<p>Oggi nel Paese africano l\u2019aborto non \u00e8 consentito, <a href=\"https:\/\/kenyalaw.org:8181\/exist\/kenyalex\/actview.xql?actid=Const2010\" target=\"_blank\" rel=\"noopener noreferrer\">come recita il comma 4 articolo 26 della <em>Costituzione<\/em><\/a>, a meno che, \u00aba giudizio di un operatore sanitario qualificato\u00bb, non sia in pericolo la vita della madre. Il disegno di legge prevede, invece, di estendere la possibilit\u00e0 (senza far riferimento a un limite gestazionale, cos\u00ec da agitare lo spettro dell\u2019aborto <a href=\"https:\/\/ifamnews.com\/it\/hanno-ragione-gli-abortisti\/\" target=\"_blank\" rel=\"noopener noreferrer\">fino al nono mese di gravidanza<\/a>) laddove esista \u00abil rischio sostanziale che il feto soffra di una grave anomalia fisica o mentale incompatibile con la vita fuori dal grembo materno\u00bb.<\/p>\n\n\n\n<h3 class=\"wp-block-heading\"><strong>L\u2019opposizione dei cattolici&#8230;<\/strong><\/h3>\n\n\n\n<p>Il passaggio in questione vorrebbe affermare \u2012 <a href=\"https:\/\/communications.amecea.org\/index.php\/2020\/07\/03\/kenya-catholic-members-of-parliament-reiterate-bishops-stance-against-reproductive-health-bill\/\" target=\"_blank\" rel=\"noopener noreferrer\">denunciano in una lettera i membri cattolici del parlamento del Kenya<\/a> \u2012 \u00abche le persone con disabilit\u00e0 non dovrebbero avere diritto alla vita\u00bb. Il presidente di questo gruppo interparlamentare, Chris Wamalwa, annuncia: \u00abNon permetteremo che tale ddl venga approvato, perch\u00e9 esso si basa su un\u2019ideologia sulla salute che \u00e8 in contrasto con la Costituzione e con i valori nazionali, culturali e religiosi\u00bb del Kenya. Il deputato sottolinea, inoltre, il tentativo della legge di introdurre l\u2019educazione sessuale nelle scuole, finalizzata a \u00absessualizzare i bambini\u00bb.<\/p>\n\n\n\n<p>Sulla stessa lunghezza d\u2019onda i vescovi del Paese, i quali hanno pubblicato <a href=\"https:\/\/aciafrica.org\/news\/1569\/why-bishops-in-kenya-are-contesting-reproductive-healthcare-bill-in-parliament\" target=\"_blank\" rel=\"noopener noreferrer\">una missiva firmata dal presidente della conferenza episcopale<\/a>, mons. Philip Anyolo, in cui si denuncia la formulazione del ddl \u00abdeliberatamente ambigua\u00bb. I presuli puntano l\u2019indice nei confronti di \u00abdiritti e salute riproduttivi\u00bb, espressione edulcorata che nasconde invece l\u2019intento di normare \u00abpratiche malsane\u00bb.<\/p>\n\n\n\n<h3 class=\"wp-block-heading\"><strong>&#8230;e di tutto il popolo kenyano<\/strong><\/h3>\n\n\n\n<p>L\u2019idea sull\u2019aborto dei cattolici (circa il 25% della popolazione) \u00e8 diffusamente condivisa. Un sondaggio attesta che <a href=\"https:\/\/the-star.co.ke\/news\/2014-07-01-87-of-kenyans-against-abortion-study\/\" target=\"_blank\" rel=\"noopener noreferrer\">l\u201987% dei cittadini \u00e8 contrario alla pratica dell\u2019aborto<\/a>. Un dato che rende lontana dalla volont\u00e0 popolare una simile legge. Ann Kioko, direttrice delle campagne di <a href=\"https:\/\/citizengo.org\/it\" target=\"_blank\" rel=\"noopener noreferrer\">CitizenGo<\/a> in Africa, ha lanciato <a href=\"https:\/\/citizengo.org\/en-af\/lf\/180382-senate-shelve-reproductive-healthcare-bill-2019\" target=\"_blank\" rel=\"noopener noreferrer\">una petizione<\/a> contro il ddl che ha raccolto oltre 26mila firme. La Kioko spiega alle organizzazioni internazionali che le donne africane hanno bisogno di centri sanitari attrezzati, buone scuole, vestiti, cibo e corrente elettrica. Non di aborto. Per ora il suo appello cade nel vuoto. Ella Duru ricorda, infatti, che \u00abricchi donatori occidentali continuano a sfruttare il loro privilegio e la loro posizione per offrire \u201cservizi\u201d di aborto e pianificazione familiare contrari ai valori \u201cpro vita\u201d della grande maggioranza degli africani\u00bb. Ecco a cosa fa riferimento quando parla di \u00abcolonialismo ideologico\u00bb.<\/p>\n","protected":false},"excerpt":{"rendered":"<p>In Kenya ricche organizzazioni internazionali sostengono una legge sull\u2019aborto in discussione in Senato. Ma il popolo \u00e8 contrario<\/p>\n","protected":false},"author":15,"featured_media":23424,"comment_status":"open","ping_status":"open","sticky":false,"template":"","format":"standard","meta":{"give_campaign_id":0,"om_disable_all_campaigns":false,"_monsterinsights_skip_tracking":false,"_monsterinsights_sitenote_active":false,"_monsterinsights_sitenote_note":"","_monsterinsights_sitenote_category":0,"mc4wp_mailchimp_campaign":[],"jnews-multi-image_gallery":[],"jnews_single_post":{"subtitle":"In Kenya ricche organizzazioni internazionali sostengono una legge sull\u2019aborto in discussione in Senato. Ma il popolo \u00e8 contrario","format":"standard","video":"","gallery":"","source_name":"","source_url":"","via_name":"","via_url":"","override":[{"single_blog_custom":"","sidebar":"","second_sidebar":"","share_position":"","share_float_style":"","post_date_format":"","post_date_format_custom":"","post_reading_time_wpm":"","zoom_button_out_step":"1","zoom_button_in_step":"1","number_popup_post":"1"}],"image_override":[{"single_post_thumbnail_size":"","single_post_gallery_size":""}],"trending_post_position":"","trending_post_label":""},"jnews_primary_category":{"id":"780"},"jnews_social_meta":{"fb_title":"","fb_description":"","fb_image":"","twitter_title":"","twitter_description":"","twitter_image":""},"jnews_override_counter":{"view_counter_number":"0","share_counter_number":"0","like_counter_number":"0","dislike_counter_number":"0"},"footnotes":""},"categories":[780],"tags":[698,4561,1220],"class_list":["post-23431","post","type-post","status-publish","format-standard","has-post-thumbnail","hentry","category-politica-it","tag-aborto","tag-kenya-it","tag-planned-parenthood-it"],"yoast_head":"<!-- This site is optimized with the Yoast SEO Premium plugin v25.9 (Yoast SEO v27.3) - https:\/\/yoast.com\/product\/yoast-seo-premium-wordpress\/ -->\n<title>Quel colonialismo che ancora schiaccia i popoli africani - IFN<\/title>\n<meta name=\"description\" content=\"In Kenya ricche organizzazioni internazionali sostengono una legge sull\u2019aborto. Ma il popolo \u00e8 contrario: \u00abColonialismo ideologico!\u00bb\" \/>\n<meta name=\"robots\" content=\"index, follow, max-snippet:-1, max-image-preview:large, max-video-preview:-1\" \/>\n<link rel=\"canonical\" href=\"https:\/\/ifamnews.com\/it\/quel-colonialismo-che-ancora-schiaccia-i-popoli-africani\" \/>\n<meta property=\"og:locale\" content=\"it_IT\" \/>\n<meta property=\"og:type\" content=\"article\" \/>\n<meta property=\"og:title\" content=\"Quel colonialismo che ancora schiaccia i popoli africani\" \/>\n<meta property=\"og:description\" content=\"In Kenya ricche organizzazioni internazionali sostengono una legge sull\u2019aborto. Ma il popolo \u00e8 contrario: \u00abColonialismo ideologico!\u00bb\" \/>\n<meta property=\"og:url\" content=\"https:\/\/ifamnews.com\/it\/quel-colonialismo-che-ancora-schiaccia-i-popoli-africani\" \/>\n<meta property=\"og:site_name\" content=\"IFN\" \/>\n<meta property=\"article:publisher\" content=\"https:\/\/www.facebook.com\/iFamNews\" \/>\n<meta property=\"article:published_time\" content=\"2020-08-08T05:00:00+00:00\" \/>\n<meta property=\"article:modified_time\" content=\"2020-08-11T08:26:30+00:00\" \/>\n<meta property=\"og:image\" content=\"https:\/\/ifamnews.com\/wp-content\/uploads\/2020\/07\/Nairobi-National-Park-Image-from-Flickr.jpg\" \/>\n\t<meta property=\"og:image:width\" content=\"800\" \/>\n\t<meta property=\"og:image:height\" content=\"534\" \/>\n\t<meta property=\"og:image:type\" content=\"image\/jpeg\" \/>\n<meta name=\"author\" content=\"Federico Cenci\" \/>\n<meta name=\"twitter:card\" content=\"summary_large_image\" \/>\n<meta name=\"twitter:creator\" content=\"@https:\/\/twitter.com\/fedecenci\" \/>\n<meta name=\"twitter:site\" content=\"@iFamNewsEN\" \/>\n<meta name=\"twitter:label1\" content=\"Scritto da\" \/>\n\t<meta name=\"twitter:data1\" content=\"Federico Cenci\" \/>\n\t<meta name=\"twitter:label2\" content=\"Tempo di lettura stimato\" \/>\n\t<meta name=\"twitter:data2\" content=\"3 minuti\" \/>\n<!-- \/ Yoast SEO Premium plugin. -->","yoast_head_json":{"title":"Quel colonialismo che ancora schiaccia i popoli africani - IFN","description":"In Kenya ricche organizzazioni internazionali sostengono una legge sull\u2019aborto. Ma il popolo \u00e8 contrario: \u00abColonialismo ideologico!\u00bb","robots":{"index":"index","follow":"follow","max-snippet":"max-snippet:-1","max-image-preview":"max-image-preview:large","max-video-preview":"max-video-preview:-1"},"canonical":"https:\/\/ifamnews.com\/it\/quel-colonialismo-che-ancora-schiaccia-i-popoli-africani","og_locale":"it_IT","og_type":"article","og_title":"Quel colonialismo che ancora schiaccia i popoli africani","og_description":"In Kenya ricche organizzazioni internazionali sostengono una legge sull\u2019aborto. Ma il popolo \u00e8 contrario: \u00abColonialismo ideologico!\u00bb","og_url":"https:\/\/ifamnews.com\/it\/quel-colonialismo-che-ancora-schiaccia-i-popoli-africani","og_site_name":"IFN","article_publisher":"https:\/\/www.facebook.com\/iFamNews","article_published_time":"2020-08-08T05:00:00+00:00","article_modified_time":"2020-08-11T08:26:30+00:00","og_image":[{"width":800,"height":534,"url":"https:\/\/ifamnews.com\/wp-content\/uploads\/2020\/07\/Nairobi-National-Park-Image-from-Flickr.jpg","type":"image\/jpeg"}],"author":"Federico Cenci","twitter_card":"summary_large_image","twitter_creator":"@https:\/\/twitter.com\/fedecenci","twitter_site":"@iFamNewsEN","twitter_misc":{"Scritto da":"Federico Cenci","Tempo di lettura stimato":"3 minuti"},"schema":{"@context":"https:\/\/schema.org","@graph":[{"@type":"NewsArticle","@id":"https:\/\/ifamnews.com\/it\/quel-colonialismo-che-ancora-schiaccia-i-popoli-africani#article","isPartOf":{"@id":"https:\/\/ifamnews.com\/it\/quel-colonialismo-che-ancora-schiaccia-i-popoli-africani"},"author":{"name":"Federico Cenci","@id":"https:\/\/ifamnews.com\/en\/#\/schema\/person\/555378c4ec9e01d40ab9f2b5cee0c318"},"headline":"Quel colonialismo che ancora schiaccia i popoli africani","datePublished":"2020-08-08T05:00:00+00:00","dateModified":"2020-08-11T08:26:30+00:00","mainEntityOfPage":{"@id":"https:\/\/ifamnews.com\/it\/quel-colonialismo-che-ancora-schiaccia-i-popoli-africani"},"wordCount":529,"commentCount":0,"publisher":{"@id":"https:\/\/ifamnews.com\/en\/#organization"},"image":{"@id":"https:\/\/ifamnews.com\/it\/quel-colonialismo-che-ancora-schiaccia-i-popoli-africani#primaryimage"},"thumbnailUrl":"https:\/\/ifamnews.com\/wp-content\/uploads\/2020\/07\/Nairobi-National-Park-Image-from-Flickr.jpg","keywords":["Aborto","kenya","Planned Parenthood"],"articleSection":["Politica"],"inLanguage":"it-IT","potentialAction":[{"@type":"CommentAction","name":"Comment","target":["https:\/\/ifamnews.com\/it\/quel-colonialismo-che-ancora-schiaccia-i-popoli-africani#respond"]}]},{"@type":"WebPage","@id":"https:\/\/ifamnews.com\/it\/quel-colonialismo-che-ancora-schiaccia-i-popoli-africani","url":"https:\/\/ifamnews.com\/it\/quel-colonialismo-che-ancora-schiaccia-i-popoli-africani","name":"Quel colonialismo che ancora schiaccia i popoli africani - IFN","isPartOf":{"@id":"https:\/\/ifamnews.com\/en\/#website"},"primaryImageOfPage":{"@id":"https:\/\/ifamnews.com\/it\/quel-colonialismo-che-ancora-schiaccia-i-popoli-africani#primaryimage"},"image":{"@id":"https:\/\/ifamnews.com\/it\/quel-colonialismo-che-ancora-schiaccia-i-popoli-africani#primaryimage"},"thumbnailUrl":"https:\/\/ifamnews.com\/wp-content\/uploads\/2020\/07\/Nairobi-National-Park-Image-from-Flickr.jpg","datePublished":"2020-08-08T05:00:00+00:00","dateModified":"2020-08-11T08:26:30+00:00","description":"In Kenya ricche organizzazioni internazionali sostengono una legge sull\u2019aborto. Ma il popolo \u00e8 contrario: \u00abColonialismo ideologico!\u00bb","breadcrumb":{"@id":"https:\/\/ifamnews.com\/it\/quel-colonialismo-che-ancora-schiaccia-i-popoli-africani#breadcrumb"},"inLanguage":"it-IT","potentialAction":[{"@type":"ReadAction","target":["https:\/\/ifamnews.com\/it\/quel-colonialismo-che-ancora-schiaccia-i-popoli-africani"]}]},{"@type":"ImageObject","inLanguage":"it-IT","@id":"https:\/\/ifamnews.com\/it\/quel-colonialismo-che-ancora-schiaccia-i-popoli-africani#primaryimage","url":"https:\/\/ifamnews.com\/wp-content\/uploads\/2020\/07\/Nairobi-National-Park-Image-from-Flickr.jpg","contentUrl":"https:\/\/ifamnews.com\/wp-content\/uploads\/2020\/07\/Nairobi-National-Park-Image-from-Flickr.jpg","width":800,"height":534,"caption":"Nairobi National Park - Image from Flickr"},{"@type":"BreadcrumbList","@id":"https:\/\/ifamnews.com\/it\/quel-colonialismo-che-ancora-schiaccia-i-popoli-africani#breadcrumb","itemListElement":[{"@type":"ListItem","position":1,"name":"Home","item":"https:\/\/ifamnews.com\/de"},{"@type":"ListItem","position":2,"name":"Politics","item":"https:\/\/ifamnews.com\/en\/category\/politics"},{"@type":"ListItem","position":3,"name":"Quel colonialismo che ancora schiaccia i popoli africani"}]},{"@type":"WebSite","@id":"https:\/\/ifamnews.com\/en\/#website","url":"https:\/\/ifamnews.com\/en\/","name":"IFN","description":"International Family News Network","publisher":{"@id":"https:\/\/ifamnews.com\/en\/#organization"},"potentialAction":[{"@type":"SearchAction","target":{"@type":"EntryPoint","urlTemplate":"https:\/\/ifamnews.com\/en\/?s={search_term_string}"},"query-input":{"@type":"PropertyValueSpecification","valueRequired":true,"valueName":"search_term_string"}}],"inLanguage":"it-IT"},{"@type":"Organization","@id":"https:\/\/ifamnews.com\/en\/#organization","name":"iFamNews","url":"https:\/\/ifamnews.com\/en\/","logo":{"@type":"ImageObject","inLanguage":"it-IT","@id":"https:\/\/ifamnews.com\/en\/#\/schema\/logo\/image\/","url":"https:\/\/ifamnews.com\/wp-content\/uploads\/2020\/01\/Share-logo.png","contentUrl":"https:\/\/ifamnews.com\/wp-content\/uploads\/2020\/01\/Share-logo.png","width":200,"height":200,"caption":"iFamNews"},"image":{"@id":"https:\/\/ifamnews.com\/en\/#\/schema\/logo\/image\/"},"sameAs":["https:\/\/www.facebook.com\/iFamNews","https:\/\/x.com\/iFamNewsEN"]},{"@type":"Person","@id":"https:\/\/ifamnews.com\/en\/#\/schema\/person\/555378c4ec9e01d40ab9f2b5cee0c318","name":"Federico Cenci","image":{"@type":"ImageObject","inLanguage":"it-IT","@id":"https:\/\/secure.gravatar.com\/avatar\/535f77b8447d05f39d4ca941654f7a7b7d712f3d72f0b4b185747785f5a8e745?s=96&d=mm&r=g","url":"https:\/\/secure.gravatar.com\/avatar\/535f77b8447d05f39d4ca941654f7a7b7d712f3d72f0b4b185747785f5a8e745?s=96&d=mm&r=g","contentUrl":"https:\/\/secure.gravatar.com\/avatar\/535f77b8447d05f39d4ca941654f7a7b7d712f3d72f0b4b185747785f5a8e745?s=96&d=mm&r=g","caption":"Federico Cenci"},"description":"Federico Cenci worked from 2013 to 2017 at the Catholic Zenit press agency dealing with social and religious issues, bioethics, family policies, as well as domestic and international politics. He then continued his business with In Terris, and currently with various newspapers and periodicals. In 2020 he wrote the novel \"East Berlin 2.0 - Notes between dystopia and reality\"","sameAs":["https:\/\/x.com\/https:\/\/twitter.com\/fedecenci"],"url":"https:\/\/ifamnews.com\/it\/author\/fcenci"}]}},"amp_enabled":true,"_links":{"self":[{"href":"https:\/\/ifamnews.com\/it\/wp-json\/wp\/v2\/posts\/23431","targetHints":{"allow":["GET"]}}],"collection":[{"href":"https:\/\/ifamnews.com\/it\/wp-json\/wp\/v2\/posts"}],"about":[{"href":"https:\/\/ifamnews.com\/it\/wp-json\/wp\/v2\/types\/post"}],"author":[{"embeddable":true,"href":"https:\/\/ifamnews.com\/it\/wp-json\/wp\/v2\/users\/15"}],"replies":[{"embeddable":true,"href":"https:\/\/ifamnews.com\/it\/wp-json\/wp\/v2\/comments?post=23431"}],"version-history":[{"count":2,"href":"https:\/\/ifamnews.com\/it\/wp-json\/wp\/v2\/posts\/23431\/revisions"}],"predecessor-version":[{"id":23468,"href":"https:\/\/ifamnews.com\/it\/wp-json\/wp\/v2\/posts\/23431\/revisions\/23468"}],"wp:featuredmedia":[{"embeddable":true,"href":"https:\/\/ifamnews.com\/it\/wp-json\/wp\/v2\/media\/23424"}],"wp:attachment":[{"href":"https:\/\/ifamnews.com\/it\/wp-json\/wp\/v2\/media?parent=23431"}],"wp:term":[{"taxonomy":"category","embeddable":true,"href":"https:\/\/ifamnews.com\/it\/wp-json\/wp\/v2\/categories?post=23431"},{"taxonomy":"post_tag","embeddable":true,"href":"https:\/\/ifamnews.com\/it\/wp-json\/wp\/v2\/tags?post=23431"}],"curies":[{"name":"wp","href":"https:\/\/api.w.org\/{rel}","templated":true}]}}