{"id":22227,"date":"2020-07-21T00:00:25","date_gmt":"2020-07-21T05:00:25","guid":{"rendered":"https:\/\/ifamnews.com\/?p=22227"},"modified":"2020-07-30T03:58:43","modified_gmt":"2020-07-30T08:58:43","slug":"mons-sanguineti-definisce-pericoloso-il-ddl-zan","status":"publish","type":"post","link":"https:\/\/ifamnews.com\/it\/mons-sanguineti-definisce-pericoloso-il-ddl-zan","title":{"rendered":"Mons. Sanguineti definisce \u00abpericoloso\u00bb il \u00abDdl Zan\u00bb"},"content":{"rendered":"<p class=\"last-updated\">Last updated on Luglio 30th, 2020 at 03:58 am<\/p>\n<p>\u00abIl re \u00e8 nudo\u00bb, grida il bambino della celebre fiaba dello scrittore danese Hans Christian Andersen (1805-1875), squarciando il cielo di carta del politicamente corretto. E cos\u00ec \u00e8 anche oggi: tra silenzi inconsapevoli e applausi comandati, si levano voci alternative che lanciano l\u2019allarme contro il nuovo pensiero unico. Voci come quella del vescovo di Pavia, mons. Corrado Sanguineti, che pochi giorni fa <a href=\"https:\/\/ilticino.it\/2020\/07\/18\/restiamo-liberi-una-legge-ambigua-e-pericolosa\/\" target=\"_blank\" rel=\"noopener noreferrer\">ha firmato un lungo editoriale sul settimanale della diocesi, <em>il Ticino<\/em><\/a>, per sollecitare la riflessione e la reazione di fronte al disegno di legge contro la cosiddetta \u00abomo\/transfobia\u00bb.<\/p>\n\n\n\n<p>\u00abIl ddl Zan \u00e8 una legge ambigua e pericolosa\u00bb, dice mons. Sanguineti a \u201ciFamNews, \u00abbasata su un\u2019immagine libertaria e individualista dell\u2019uomo. Si vuole costruire un mondo illiberale, dove il potere \u00e8 nelle mani del pi\u00f9 forte. Ma se la libert\u00e0 non \u00e8 unita alla verit\u00e0, rimangono solo amarezza e solitudine nel cuore dell\u2019uomo\u00bb.<\/p>\n\n\n\n<p><strong>Eccellenza, pi\u00f9 volte i firmatari del disegno di legge hanno negato il pericolo del reato di opinione. Eppure lei ha scelto di intervenire sulla scia di un <\/strong><a href=\"https:\/\/chiesacattolica.it\/omofobia-non-serve-una-nuova-legge\/\" target=\"_blank\" rel=\"noopener noreferrer\"><strong>comunicato decisivo della Conferenza episcopale italiana (CEI)<\/strong><\/a><strong>. Perch\u00e9?<\/strong><\/p>\n\n\n\n<p>Questa legge, per come \u00e8 stata scritta, lascia ampia libert\u00e0 d\u2019interpretazione a esponenti del mondo LGBT+ e magistrati nel decidere cosa sia propaganda e istigazione, consentendo l\u2019avvio di cause giudiziarie che mirano a tacitare il pensiero libero. In Italia si assiste gi\u00e0 a episodi in cui persone con un\u2019impostazione ideologica estremizzata assumono atteggiamenti violenti e intolleranti. Pensiamo alle manifestazioni delle Sentinelle in Piedi: insultate mentre semplicemente leggono un libro in piazza. Si pensi poi a <a href=\"https:\/\/ilgiornale.it\/news\/cronache\/lizzano-parroco-organizza-messa-contro-ddl-zan-1877463.html\" target=\"_blank\" rel=\"noopener noreferrer\">quanto \u00e8 accaduto a Lizzano<\/a>: senza entrare nel merito della preghiera organizzata, il fatto che il parroco abbia dovuto chiamare le forze dell\u2019ordine per tutelare i fedeli deve far riflettere. <a href=\"https:\/\/avvenire.it\/famiglia-e-vita\/pagine\/omotransfobia-intervista-mirabelli\" target=\"_blank\" rel=\"noopener noreferrer\">Anche Cesare Mirabelli<\/a>, gi\u00e0 presidente della Corte Costituzionale, ha detto che non \u00e8 necessaria una legge <em>ad hoc<\/em>. Ritengo dunque fondata la preoccupazione della CEI: nonostante quello che afferma l\u2019on. Alessandro Zan, questa legge \u00e8 inutile, ambigua e pericolosa. <\/p>\n\n\n\n<p><strong>Che\nvisione di societ\u00e0 si staglia dietro questo disegno di legge?<\/strong>\n<\/p>\n\n\n\n<p>Nessuno giustifica atti discriminatori verso scelte che si possono non condividere, ma che non debbono far venire meno il rispetto della dignit\u00e0 cui ogni persona ha diritto proprio in quanto persona. Questa legge tende per\u00f2 a privilegiare una visione della sessualit\u00e0 in cui \u00e8 normale la dissociazione tra il sesso e l\u2019orientamento di genere, orientamento che ognuno pensa di poter assumere semplicemente in base alla percezione che ha di s\u00e9. Questo ha pure una ricaduta sociale: i legami si fanno sempre pi\u00f9 fragili e labili, perch\u00e9 sono fondati semplicemente su ci\u00f2 che uno \u201csente\u201d. I <a href=\"https:\/\/romasette.it\/dati-istat-un-paese-a-natalita-negativa-e-destinato-a-scomparire\/\" target=\"_blank\" rel=\"noopener noreferrer\">dati dell\u2019ISTAT sulla natalit\u00e0<\/a> e le ricerche che parlano di giovani che non vogliono creare una famiglia sono un altro campanello d\u2019allarme: non si intravede solo una paura economica, c\u2019\u00e8 invece l\u2019idea che la vita sia un continuo esperimento di s\u00e9. Anche dal punto di vista sessuale, uno si sperimenta in base a come si sente, giorno per giorno. Ma questo \u00e8 devastante, perch\u00e9 significa destrutturare la famiglia come realt\u00e0 naturale fondata sull\u2019irriducibile differenza sessuale, costruendo una societ\u00e0 sempre pi\u00f9 individualista e labile, una societ\u00e0 sempre pi\u00f9 sterile. Dietro questa impostazione c\u2019\u00e8 un\u2019immagine di uomo molto libertaria e individualista, che alla fine credo lascer\u00e0 tanta amarezza e vuoto nel cuore. <\/p>\n\n\n\n<p><strong>Il ddl Zan prevede anche <\/strong><a href=\"https:\/\/ifamnews.com\/it\/il-ddl-zan-che-impone-lideologia-gender-nelle-scuole\/\" target=\"_blank\" rel=\"noopener noreferrer\"><strong>l\u2019istituzione di una Giornata contro l\u2019omotransfobia<\/strong><\/a><strong>. Lei ha scritto che questa giornata servir\u00e0 a diffondere la nuova visione dell\u2019uomo e a renderla \u00abdolcemente imposta come pensiero unico\u00bb. Cosa intende dire?<\/strong> <\/p>\n\n\n\n<p>Perch\u00e9 una giornata solo contro questa forma di discriminazione? Pensiamo alle sofferenze del mondo adolescenziale, per esempio rispetto alla forma fisica: perch\u00e9 non una giornata per queste situazioni? Gi\u00e0 oggi, talvolta, <a href=\"https:\/\/ifamnews.com\/it\/educazione-sessuale-a-scuola-la-romania-frena\/\" target=\"_blank\" rel=\"noopener noreferrer\">l\u2019educazione sessuale \u00e8 usata per portare avanti battaglie ideologiche<\/a> all\u2019interno delle scuole. La giornata sarebbe ovviamente affidata in esclusiva a gruppi LGBT+, e in altri Paesi ci sono gi\u00e0 esempi di questo genere: la giornata e i corsi per l\u2019inclusione diventerebbero una forma di imposizione di un certo pensiero, il pensiero unico. Nel ddl si prevede inoltre che, per chi viene riconosciuto colpevole di atti discriminatori, tra le pene possibili, oltre al carcere, ci siano esperienze di rieducazione e volontariato obbligatorio da svolgere all\u2019interno di associazioni LGBT+. <\/p>\n\n\n\n<p><strong>La Chiesa\n\u00e8 intervenuta pi\u00f9 volte sul tema della libert\u00e0, vincolando sempre la libert\u00e0\nalla verit\u00e0\u2026<\/strong> <\/p>\n\n\n\n<p>Il magistero della Chiesa ripete da anni che se si immagina la libert\u00e0 come la possibilit\u00e0 di disporre di s\u00e9 in modo svincolato dalla realt\u00e0 il rischio \u00e8 che non ci siano pi\u00f9 criteri. Il desiderio diventa un diritto da affermare e da far riconoscere. Si arriva cos\u00ec alla frammentazione della societ\u00e0: una giungla di desideri che diventano diritti da garantire e da riconoscere. Diviene assoluto il proprio modo di percepire e vi \u00e8 qui il pericolo di un nuovo totalitarismo. Papa san Giovanni Paolo II (1920-2005), <a href=\"https:\/\/vatican.va\/content\/john-paul-ii\/it\/encyclicals\/documents\/hf_jp-ii_enc_01051991_centesimus-annus.html\" target=\"_blank\" rel=\"noopener noreferrer\">nell\u2019enciclica <em>Centesimus Annus <\/em>del 1991<\/a>, scrive: \u00abUna democrazia senza valori si converte facilmente in un totalitarismo aperto oppure subdolo\u00bb (n. 46). Anche Adolf Hitler (1889-1945) \u00e8 salito al potere attraverso elezioni democratiche, non dimentichiamolo. Papa Benedetto XVI ha parlato poi, <a href=\"https:\/\/vatican.va\/gpII\/documents\/homily-pro-eligendo-pontifice_20050418_it.html\" target=\"_blank\" rel=\"noopener noreferrer\">in numerosi discorsi e testi<\/a>, della \u00abdittatura del relativismo\u00bb. L\u2019ultima misura, l\u2019orizzonte al quale tendere, \u00e8 il proprio io, con le voglie e i desideri. Si genera cos\u00ec una dinamica dove vince il gruppo che ha pi\u00f9 potere d\u2019influenza sulla societ\u00e0, mediante la comunicazione e l\u2019informazione. <a href=\"https:\/\/tempi.it\/papa-francesco-il-gender-e-colonizzazione-ideologica-pensate-ai-balilla-pensate-alla-gioventu-hitleriana\/\" target=\"_blank\" rel=\"noopener noreferrer\">Papa Francesco ha affrontato il tema<\/a> con espressioni molto forti, definendo questo fenomeno una vera e propria \u00abcolonizzazione ideologica\u00bb. Ci sono Paesi ai quali gi\u00e0 oggi vengono concessi aiuti economici alla condizione di accettare prospettive ideologiche e introdurre leggi che favoriscano le teorie del <em>gender<\/em>. Ma un mondo in mano a poche <em>lobby<\/em> che impongono il pensiero unico \u00e8 un mondo illiberale, un mondo dove, in nome della libert\u00e0 assoluta, si diventa schiavi di un potere nuovo. Un potere forse non apertamente violento come il nazionalsocialismo o come il comunismo, ma violento in maniera subdola, perch\u00e9 tocca e manipola il nucleo pi\u00f9 profondo dell\u2019umano: le esperienze fondamentali dell\u2019amare, del generare, del costruire rapporti e relazioni.<\/p>\n\n\n\n<p><strong>Il\nmagistero allora \u00e8 stato profetico. Ma perch\u00e9 questa insistenza della Chiesa\nanche a livello di dibattito pubblico?<\/strong><\/p>\n\n\n\n<p>Perch\u00e9 la Chiesa tiene all\u2019uomo. La Chiesa, come diceva san Giovanni Paolo II, ha due vie: Cristo e l\u2019uomo. La Chiesa vive per dare testimonianza a Cristo e al suo <em>Vangelo<\/em>, e proprio nel <em>Vangelo<\/em> si manifesta la grande dignit\u00e0 dell\u2019uomo, essere amato e prezioso per Dio: sulla via che va da Cristo all\u2019uomo la Chiesa non pu\u00f2 essere fermata da nessuno. Qui pu\u00f2 trovare tantissimi alleati, perch\u00e9 avere a cuore la verit\u00e0, la dignit\u00e0 e la libert\u00e0 autentica dell\u2019uomo dovrebbe essere qualcosa che interessa a tutti. Chiunque vuole il bene dell\u2019uomo, chiunque vuole vivere in un mondo a misura d\u2019uomo, pu\u00f2 ritrovarsi insieme.<\/p>\n","protected":false},"excerpt":{"rendered":"<p>Il vescovo Corrado contro il Ddl Zan: \u00abSi vuole costruire un mondo illiberale, dove il potere \u00e8 nelle mani del pi\u00f9 forte\u00bb.<\/p>\n","protected":false},"author":13,"featured_media":22232,"comment_status":"open","ping_status":"open","sticky":false,"template":"","format":"standard","meta":{"give_campaign_id":0,"om_disable_all_campaigns":false,"_monsterinsights_skip_tracking":false,"_monsterinsights_sitenote_active":false,"_monsterinsights_sitenote_note":"","_monsterinsights_sitenote_category":0,"mc4wp_mailchimp_campaign":[],"jnews-multi-image_gallery":[],"jnews_single_post":{"subtitle":"\u00abSi vuole costruire un mondo illiberale, dove il potere \u00e8 nelle mani del pi\u00f9 forte\u00bb","format":"standard","video":"","gallery":"","source_name":"","source_url":"","via_name":"","via_url":"","override":[{"single_blog_custom":"","sidebar":"","second_sidebar":"","share_position":"","share_float_style":"","post_date_format":"","post_date_format_custom":"","post_reading_time_wpm":"","zoom_button_out_step":"1","zoom_button_in_step":"1","number_popup_post":"1"}],"image_override":[{"single_post_thumbnail_size":"","single_post_gallery_size":""}],"trending_post_position":"","trending_post_label":""},"jnews_primary_category":{"id":"781"},"jnews_social_meta":{"fb_title":"","fb_description":"","fb_image":"","twitter_title":"","twitter_description":"","twitter_image":""},"jnews_override_counter":{"view_counter_number":"0","share_counter_number":"0","like_counter_number":"0","dislike_counter_number":"0"},"footnotes":""},"categories":[781],"tags":[4857,2850],"class_list":["post-22227","post","type-post","status-publish","format-standard","has-post-thumbnail","hentry","category-famiglia","tag-corrado-sanguineti","tag-pensiero-unico"],"yoast_head":"<!-- This site is optimized with the Yoast SEO Premium plugin v25.9 (Yoast SEO v27.3) - https:\/\/yoast.com\/product\/yoast-seo-premium-wordpress\/ -->\n<title>Mons. Sanguineti definisce \u00abpericoloso\u00bb il \u00abDdl Zan\u00bb - IFN<\/title>\n<meta name=\"description\" content=\"Il vescovo Corrado Sanguineti contro il Ddl Zan: \u00abSi vuole costruire un mondo illiberale, dove il potere \u00e8 nelle mani del pi\u00f9 forte\u00bb\" \/>\n<meta name=\"robots\" content=\"index, follow, max-snippet:-1, max-image-preview:large, max-video-preview:-1\" \/>\n<link rel=\"canonical\" href=\"https:\/\/ifamnews.com\/it\/mons-sanguineti-definisce-pericoloso-il-ddl-zan\" \/>\n<meta property=\"og:locale\" content=\"it_IT\" \/>\n<meta property=\"og:type\" content=\"article\" \/>\n<meta property=\"og:title\" content=\"Mons. Sanguineti definisce \u00abpericoloso\u00bb il \u00abDdl Zan\u00bb\" \/>\n<meta property=\"og:description\" content=\"Il vescovo Corrado Sanguineti contro il Ddl Zan: \u00abSi vuole costruire un mondo illiberale, dove il potere \u00e8 nelle mani del pi\u00f9 forte\u00bb\" \/>\n<meta property=\"og:url\" content=\"https:\/\/ifamnews.com\/it\/mons-sanguineti-definisce-pericoloso-il-ddl-zan\" \/>\n<meta property=\"og:site_name\" content=\"IFN\" \/>\n<meta property=\"article:publisher\" content=\"https:\/\/www.facebook.com\/iFamNews\" \/>\n<meta property=\"article:author\" content=\"https:\/\/it-it.facebook.com\/IlparcodiGiacomo\/\" \/>\n<meta property=\"article:published_time\" content=\"2020-07-21T05:00:25+00:00\" \/>\n<meta property=\"article:modified_time\" content=\"2020-07-30T08:58:43+00:00\" \/>\n<meta property=\"og:image\" content=\"https:\/\/ifamnews.com\/wp-content\/uploads\/2020\/07\/Vescovo-di-Pavia-Corrado-Sanguineti-Image-from-Diocesi-di-Pavia.jpg\" \/>\n\t<meta property=\"og:image:width\" content=\"675\" \/>\n\t<meta property=\"og:image:height\" content=\"382\" \/>\n\t<meta property=\"og:image:type\" content=\"image\/jpeg\" \/>\n<meta name=\"author\" content=\"Giacomo Bertoni\" \/>\n<meta name=\"twitter:card\" content=\"summary_large_image\" \/>\n<meta name=\"twitter:creator\" content=\"@https:\/\/twitter.com\/ParcodiGiacomo\" \/>\n<meta name=\"twitter:site\" content=\"@iFamNewsEN\" \/>\n<meta name=\"twitter:label1\" content=\"Scritto da\" \/>\n\t<meta name=\"twitter:data1\" content=\"Giacomo Bertoni\" \/>\n\t<meta name=\"twitter:label2\" content=\"Tempo di lettura stimato\" \/>\n\t<meta name=\"twitter:data2\" content=\"6 minuti\" \/>\n<!-- \/ Yoast SEO Premium plugin. -->","yoast_head_json":{"title":"Mons. Sanguineti definisce \u00abpericoloso\u00bb il \u00abDdl Zan\u00bb - IFN","description":"Il vescovo Corrado Sanguineti contro il Ddl Zan: \u00abSi vuole costruire un mondo illiberale, dove il potere \u00e8 nelle mani del pi\u00f9 forte\u00bb","robots":{"index":"index","follow":"follow","max-snippet":"max-snippet:-1","max-image-preview":"max-image-preview:large","max-video-preview":"max-video-preview:-1"},"canonical":"https:\/\/ifamnews.com\/it\/mons-sanguineti-definisce-pericoloso-il-ddl-zan","og_locale":"it_IT","og_type":"article","og_title":"Mons. Sanguineti definisce \u00abpericoloso\u00bb il \u00abDdl Zan\u00bb","og_description":"Il vescovo Corrado Sanguineti contro il Ddl Zan: \u00abSi vuole costruire un mondo illiberale, dove il potere \u00e8 nelle mani del pi\u00f9 forte\u00bb","og_url":"https:\/\/ifamnews.com\/it\/mons-sanguineti-definisce-pericoloso-il-ddl-zan","og_site_name":"IFN","article_publisher":"https:\/\/www.facebook.com\/iFamNews","article_author":"https:\/\/it-it.facebook.com\/IlparcodiGiacomo\/","article_published_time":"2020-07-21T05:00:25+00:00","article_modified_time":"2020-07-30T08:58:43+00:00","og_image":[{"width":675,"height":382,"url":"https:\/\/ifamnews.com\/wp-content\/uploads\/2020\/07\/Vescovo-di-Pavia-Corrado-Sanguineti-Image-from-Diocesi-di-Pavia.jpg","type":"image\/jpeg"}],"author":"Giacomo Bertoni","twitter_card":"summary_large_image","twitter_creator":"@https:\/\/twitter.com\/ParcodiGiacomo","twitter_site":"@iFamNewsEN","twitter_misc":{"Scritto da":"Giacomo Bertoni","Tempo di lettura stimato":"6 minuti"},"schema":{"@context":"https:\/\/schema.org","@graph":[{"@type":"NewsArticle","@id":"https:\/\/ifamnews.com\/it\/mons-sanguineti-definisce-pericoloso-il-ddl-zan#article","isPartOf":{"@id":"https:\/\/ifamnews.com\/it\/mons-sanguineti-definisce-pericoloso-il-ddl-zan"},"author":{"name":"Giacomo Bertoni","@id":"https:\/\/ifamnews.com\/en\/#\/schema\/person\/5a21aea3de40946073f9cdf6051e2f6e"},"headline":"Mons. Sanguineti definisce \u00abpericoloso\u00bb il \u00abDdl Zan\u00bb","datePublished":"2020-07-21T05:00:25+00:00","dateModified":"2020-07-30T08:58:43+00:00","mainEntityOfPage":{"@id":"https:\/\/ifamnews.com\/it\/mons-sanguineti-definisce-pericoloso-il-ddl-zan"},"wordCount":1140,"commentCount":0,"publisher":{"@id":"https:\/\/ifamnews.com\/en\/#organization"},"image":{"@id":"https:\/\/ifamnews.com\/it\/mons-sanguineti-definisce-pericoloso-il-ddl-zan#primaryimage"},"thumbnailUrl":"https:\/\/ifamnews.com\/wp-content\/uploads\/2020\/07\/Vescovo-di-Pavia-Corrado-Sanguineti-Image-from-Diocesi-di-Pavia.jpg","keywords":["Corrado Sanguineti","pensiero unico"],"articleSection":["Famiglia"],"inLanguage":"it-IT","potentialAction":[{"@type":"CommentAction","name":"Comment","target":["https:\/\/ifamnews.com\/it\/mons-sanguineti-definisce-pericoloso-il-ddl-zan#respond"]}]},{"@type":"WebPage","@id":"https:\/\/ifamnews.com\/it\/mons-sanguineti-definisce-pericoloso-il-ddl-zan","url":"https:\/\/ifamnews.com\/it\/mons-sanguineti-definisce-pericoloso-il-ddl-zan","name":"Mons. Sanguineti definisce \u00abpericoloso\u00bb il \u00abDdl Zan\u00bb - IFN","isPartOf":{"@id":"https:\/\/ifamnews.com\/en\/#website"},"primaryImageOfPage":{"@id":"https:\/\/ifamnews.com\/it\/mons-sanguineti-definisce-pericoloso-il-ddl-zan#primaryimage"},"image":{"@id":"https:\/\/ifamnews.com\/it\/mons-sanguineti-definisce-pericoloso-il-ddl-zan#primaryimage"},"thumbnailUrl":"https:\/\/ifamnews.com\/wp-content\/uploads\/2020\/07\/Vescovo-di-Pavia-Corrado-Sanguineti-Image-from-Diocesi-di-Pavia.jpg","datePublished":"2020-07-21T05:00:25+00:00","dateModified":"2020-07-30T08:58:43+00:00","description":"Il vescovo Corrado Sanguineti contro il Ddl Zan: \u00abSi vuole costruire un mondo illiberale, dove il potere \u00e8 nelle mani del pi\u00f9 forte\u00bb","breadcrumb":{"@id":"https:\/\/ifamnews.com\/it\/mons-sanguineti-definisce-pericoloso-il-ddl-zan#breadcrumb"},"inLanguage":"it-IT","potentialAction":[{"@type":"ReadAction","target":["https:\/\/ifamnews.com\/it\/mons-sanguineti-definisce-pericoloso-il-ddl-zan"]}]},{"@type":"ImageObject","inLanguage":"it-IT","@id":"https:\/\/ifamnews.com\/it\/mons-sanguineti-definisce-pericoloso-il-ddl-zan#primaryimage","url":"https:\/\/ifamnews.com\/wp-content\/uploads\/2020\/07\/Vescovo-di-Pavia-Corrado-Sanguineti-Image-from-Diocesi-di-Pavia.jpg","contentUrl":"https:\/\/ifamnews.com\/wp-content\/uploads\/2020\/07\/Vescovo-di-Pavia-Corrado-Sanguineti-Image-from-Diocesi-di-Pavia.jpg","width":675,"height":382,"caption":"Image from diocesi.pavia.it"},{"@type":"BreadcrumbList","@id":"https:\/\/ifamnews.com\/it\/mons-sanguineti-definisce-pericoloso-il-ddl-zan#breadcrumb","itemListElement":[{"@type":"ListItem","position":1,"name":"Home","item":"https:\/\/ifamnews.com\/de"},{"@type":"ListItem","position":2,"name":"Famiglia","item":"https:\/\/ifamnews.com\/it\/categoria\/famiglia"},{"@type":"ListItem","position":3,"name":"Mons. Sanguineti definisce \u00abpericoloso\u00bb il \u00abDdl Zan\u00bb"}]},{"@type":"WebSite","@id":"https:\/\/ifamnews.com\/en\/#website","url":"https:\/\/ifamnews.com\/en\/","name":"IFN","description":"International Family News Network","publisher":{"@id":"https:\/\/ifamnews.com\/en\/#organization"},"potentialAction":[{"@type":"SearchAction","target":{"@type":"EntryPoint","urlTemplate":"https:\/\/ifamnews.com\/en\/?s={search_term_string}"},"query-input":{"@type":"PropertyValueSpecification","valueRequired":true,"valueName":"search_term_string"}}],"inLanguage":"it-IT"},{"@type":"Organization","@id":"https:\/\/ifamnews.com\/en\/#organization","name":"iFamNews","url":"https:\/\/ifamnews.com\/en\/","logo":{"@type":"ImageObject","inLanguage":"it-IT","@id":"https:\/\/ifamnews.com\/en\/#\/schema\/logo\/image\/","url":"https:\/\/ifamnews.com\/wp-content\/uploads\/2020\/01\/Share-logo.png","contentUrl":"https:\/\/ifamnews.com\/wp-content\/uploads\/2020\/01\/Share-logo.png","width":200,"height":200,"caption":"iFamNews"},"image":{"@id":"https:\/\/ifamnews.com\/en\/#\/schema\/logo\/image\/"},"sameAs":["https:\/\/www.facebook.com\/iFamNews","https:\/\/x.com\/iFamNewsEN"]},{"@type":"Person","@id":"https:\/\/ifamnews.com\/en\/#\/schema\/person\/5a21aea3de40946073f9cdf6051e2f6e","name":"Giacomo Bertoni","image":{"@type":"ImageObject","inLanguage":"it-IT","@id":"https:\/\/secure.gravatar.com\/avatar\/8249f6c99b4757c6a2e9c32b70074900a0e16f1b8f4086921238d140a909149b?s=96&d=mm&r=g","url":"https:\/\/secure.gravatar.com\/avatar\/8249f6c99b4757c6a2e9c32b70074900a0e16f1b8f4086921238d140a909149b?s=96&d=mm&r=g","contentUrl":"https:\/\/secure.gravatar.com\/avatar\/8249f6c99b4757c6a2e9c32b70074900a0e16f1b8f4086921238d140a909149b?s=96&d=mm&r=g","caption":"Giacomo Bertoni"},"description":"Giacomo Bertoni, journalist and writer. Formerly at the daily newspaper la Provincia Pavese, he has worked with Ossigeno per l'informazione, il Ticino, and since 2016 has collaborated with Radio Mater. In 2009 he published his first children's book, Toppy, a gnat with a big heart (EdiGio'), which was followed by Gino e la Vecchia Consigliera (2011) and Un ponte tra le Valli (2014). In 2014 he graduated in Philosophy from the University of Pavia. Since 2011 he has edited his personal blog Il parco di Giacomo.","sameAs":["https:\/\/parcodigiacomo.blogspot.com\/","https:\/\/it-it.facebook.com\/IlparcodiGiacomo\/","https:\/\/x.com\/https:\/\/twitter.com\/ParcodiGiacomo"],"url":"https:\/\/ifamnews.com\/it\/author\/gbertoni"}]}},"amp_enabled":true,"_links":{"self":[{"href":"https:\/\/ifamnews.com\/it\/wp-json\/wp\/v2\/posts\/22227","targetHints":{"allow":["GET"]}}],"collection":[{"href":"https:\/\/ifamnews.com\/it\/wp-json\/wp\/v2\/posts"}],"about":[{"href":"https:\/\/ifamnews.com\/it\/wp-json\/wp\/v2\/types\/post"}],"author":[{"embeddable":true,"href":"https:\/\/ifamnews.com\/it\/wp-json\/wp\/v2\/users\/13"}],"replies":[{"embeddable":true,"href":"https:\/\/ifamnews.com\/it\/wp-json\/wp\/v2\/comments?post=22227"}],"version-history":[{"count":5,"href":"https:\/\/ifamnews.com\/it\/wp-json\/wp\/v2\/posts\/22227\/revisions"}],"predecessor-version":[{"id":22261,"href":"https:\/\/ifamnews.com\/it\/wp-json\/wp\/v2\/posts\/22227\/revisions\/22261"}],"wp:featuredmedia":[{"embeddable":true,"href":"https:\/\/ifamnews.com\/it\/wp-json\/wp\/v2\/media\/22232"}],"wp:attachment":[{"href":"https:\/\/ifamnews.com\/it\/wp-json\/wp\/v2\/media?parent=22227"}],"wp:term":[{"taxonomy":"category","embeddable":true,"href":"https:\/\/ifamnews.com\/it\/wp-json\/wp\/v2\/categories?post=22227"},{"taxonomy":"post_tag","embeddable":true,"href":"https:\/\/ifamnews.com\/it\/wp-json\/wp\/v2\/tags?post=22227"}],"curies":[{"name":"wp","href":"https:\/\/api.w.org\/{rel}","templated":true}]}}