{"id":220230,"date":"2024-02-16T03:00:00","date_gmt":"2024-02-16T08:00:00","guid":{"rendered":"https:\/\/ifamnews.com\/?p=220230"},"modified":"2024-02-15T19:20:08","modified_gmt":"2024-02-16T00:20:08","slug":"40-giorni-per-la-vita-si-impegna-a-continuare-a-pregare-pacificamente-nonostante-la-proposta-di-divieto-tedesco","status":"publish","type":"post","link":"https:\/\/ifamnews.com\/it\/40-giorni-per-la-vita-si-impegna-a-continuare-a-pregare-pacificamente-nonostante-la-proposta-di-divieto-tedesco","title":{"rendered":"40 Giorni per la Vita si impegna a continuare a pregare pacificamente nonostante la proposta di divieto tedesco"},"content":{"rendered":"<p>L&#8217;organizzazione pro-vita 40 Giorni per la Vita ha dichiarato che continuer\u00e0 a partecipare alle sue assemblee pacifiche e alle sue preghiere, opponendosi al futuro divieto di veglia di preghiera nei pressi delle cliniche abortive in Germania. Questa presa di posizione \u00e8 in risposta ad un nuovo progetto di legge presentato dal governo tedesco, volto a vietare le &#8220;molestie da marciapiede&#8221; nei confronti delle donne in questi luoghi.<\/p>\n<p>La nuova legislazione presume che coloro che pregano fuori dalle cliniche siano impegnati in molestie nei confronti delle donne incinte. Tuttavia, secondo la stessa ammissione del Governo, non ci sono &#8220;dati concreti&#8221; a sostegno del numero di questi casi di molestie. Tomislav Cunovic, Direttore Generale di 40 Giorni per la Vita International, ha criticato l&#8217;accusa del Ministro della Famiglia Lisa Paus, secondo cui le manifestazioni rappresenterebbero una minaccia per le donne in attesa. Ha sostenuto che non \u00e8 stato riportato un solo episodio di donne incinte avvicinate, molestate o sottoposte a pressioni durante queste manifestazioni.<\/p>\n<p>Felix B\u00f6llmann, Direttore di European Advocacy di ADF International, ha anche criticato la proposta di legge per la sua vaghezza e imprecisione. Ha sostenuto che gli incontri di preghiera pacifici dovrebbero essere protetti dallo Stato, piuttosto che contrastati. La proposta di modifica legale \u00e8 vista dai sostenitori pro-vita come contraddittoria con la verit\u00e0, soprattutto in scenari in cui, di fatto, la protezione della polizia \u00e8 pi\u00f9 necessaria per i pro-vita che sono stati attaccati da estremisti violenti durante le veglie di preghiera.<\/p>\n","protected":false},"excerpt":{"rendered":"<p>L&#8217;organizzazione pro-vita 40 Giorni per la Vita ha dichiarato che continuer\u00e0 a partecipare alle sue assemblee pacifiche e alle sue preghiere, opponendosi alla prospettiva di vietare le veglie di preghiera nei pressi delle cliniche abortive in Germania.<\/p>\n","protected":false},"author":593,"featured_media":220157,"comment_status":"open","ping_status":"open","sticky":false,"template":"","format":"standard","meta":{"give_campaign_id":0,"om_disable_all_campaigns":false,"_monsterinsights_skip_tracking":false,"_monsterinsights_sitenote_active":false,"_monsterinsights_sitenote_note":"","_monsterinsights_sitenote_category":0,"mc4wp_mailchimp_campaign":[],"jnews-multi-image_gallery":[],"jnews_single_post":{"subtitle":"","format":"standard","video":"","gallery":"","source_name":"","source_url":"","via_name":"","via_url":"","override_template":"0","override":[{"template":"2","single_blog_custom":"","parallax":"1","fullscreen":"1","layout":"right-sidebar-narrow","sidebar":"default-sidebar","second_sidebar":"default-sidebar","sticky_sidebar":"1","share_position":"float","share_float_style":"share-normal","show_share_counter":"1","show_view_counter":"1","show_featured":"1","show_post_meta":"1","show_post_author":"1","show_post_author_image":"1","show_post_date":"1","post_date_format":"default","post_date_format_custom":"Y\/m\/d","show_post_category":"1","show_post_reading_time":"1","post_reading_time_wpm":"300","show_zoom_button":"0","zoom_button_out_step":"2","zoom_button_in_step":"3","show_post_tag":"1","show_prev_next_post":"0","show_popup_post":"0","number_popup_post":"1","show_author_box":"1","show_post_related":"0","show_inline_post_related":"0"}],"override_image_size":"0","image_override":[{"single_post_thumbnail_size":"crop-715","single_post_gallery_size":"crop-715"}],"trending_post":"0","trending_post_position":"meta","trending_post_label":"Trending","sponsored_post":"0","sponsored_post_label":"Sponsored by","sponsored_post_name":"","sponsored_post_url":"","sponsored_post_logo_enable":"0","sponsored_post_logo":"","sponsored_post_desc":"","disable_ad":"0"},"jnews_primary_category":{"id":"817","hide":""},"jnews_social_meta":[],"jnews_override_counter":[],"footnotes":""},"categories":[8488,951,817],"tags":[698,21228,26699],"class_list":["post-220230","post","type-post","status-publish","format-standard","has-post-thumbnail","hentry","category-breaking-news","category-foreground-it","category-vita","tag-aborto","tag-pro-vita","tag-proteste-it"],"yoast_head":"<!-- This site is optimized with the Yoast SEO Premium plugin v25.9 (Yoast SEO v27.3) - https:\/\/yoast.com\/product\/yoast-seo-premium-wordpress\/ -->\n<title>40 Giorni per la Vita si impegna a continuare a pregare pacificamente nonostante la proposta di divieto tedesco - IFN<\/title>\n<meta name=\"description\" content=\"L&#039;organizzazione pro-vita 40 Giorni per la Vita ha dichiarato che continuer\u00e0 a partecipare alle sue assemblee pacifiche e alle sue preghiere, opponendosi al futuro divieto di veglia di preghiera nei pressi delle cliniche abortive in Germania.\" \/>\n<meta name=\"robots\" content=\"index, follow, max-snippet:-1, max-image-preview:large, max-video-preview:-1\" \/>\n<link rel=\"canonical\" href=\"https:\/\/ifamnews.com\/en\/40-days-for-life-pledges-to-continue-peaceful-prayers-amid-proposed-german-ban\" \/>\n<meta property=\"og:locale\" content=\"it_IT\" \/>\n<meta property=\"og:type\" content=\"article\" \/>\n<meta property=\"og:title\" content=\"40 Giorni per la Vita si impegna a continuare a pregare pacificamente nonostante la proposta di divieto tedesco\" \/>\n<meta property=\"og:description\" content=\"L&#039;organizzazione pro-vita 40 Giorni per la Vita ha dichiarato che continuer\u00e0 a partecipare alle sue assemblee pacifiche e alle sue preghiere, opponendosi al futuro divieto di veglia di preghiera nei pressi delle cliniche abortive in Germania.\" \/>\n<meta property=\"og:url\" content=\"https:\/\/ifamnews.com\/en\/40-days-for-life-pledges-to-continue-peaceful-prayers-amid-proposed-german-ban\" \/>\n<meta property=\"og:site_name\" content=\"IFN\" \/>\n<meta property=\"article:publisher\" content=\"https:\/\/www.facebook.com\/iFamNews\" \/>\n<meta property=\"article:author\" content=\"https:\/\/www.facebook.com\/iFamNews\/\" \/>\n<meta property=\"article:published_time\" content=\"2024-02-16T08:00:00+00:00\" \/>\n<meta property=\"og:image\" content=\"https:\/\/ifamnews.com\/wp-content\/uploads\/2024\/02\/Untitled-design-2024-02-14T201058.649.png\" \/>\n\t<meta property=\"og:image:width\" content=\"1200\" \/>\n\t<meta property=\"og:image:height\" content=\"675\" \/>\n\t<meta property=\"og:image:type\" content=\"image\/png\" \/>\n<meta name=\"author\" content=\"IFN English\" \/>\n<meta name=\"twitter:card\" content=\"summary_large_image\" \/>\n<meta name=\"twitter:creator\" content=\"@https:\/\/twitter.com\/iFamNewsEN\" \/>\n<meta name=\"twitter:site\" content=\"@iFamNewsEN\" \/>\n<meta name=\"twitter:label1\" content=\"Scritto da\" \/>\n\t<meta name=\"twitter:data1\" content=\"iFamNews\" \/>\n\t<meta name=\"twitter:label2\" content=\"Tempo di lettura stimato\" \/>\n\t<meta name=\"twitter:data2\" content=\"2 minuti\" \/>\n<!-- \/ Yoast SEO Premium plugin. -->","yoast_head_json":{"title":"40 Giorni per la Vita si impegna a continuare a pregare pacificamente nonostante la proposta di divieto tedesco - IFN","description":"L'organizzazione pro-vita 40 Giorni per la Vita ha dichiarato che continuer\u00e0 a partecipare alle sue assemblee pacifiche e alle sue preghiere, opponendosi al futuro divieto di veglia di preghiera nei pressi delle cliniche abortive in Germania.","robots":{"index":"index","follow":"follow","max-snippet":"max-snippet:-1","max-image-preview":"max-image-preview:large","max-video-preview":"max-video-preview:-1"},"canonical":"https:\/\/ifamnews.com\/en\/40-days-for-life-pledges-to-continue-peaceful-prayers-amid-proposed-german-ban","og_locale":"it_IT","og_type":"article","og_title":"40 Giorni per la Vita si impegna a continuare a pregare pacificamente nonostante la proposta di divieto tedesco","og_description":"L'organizzazione pro-vita 40 Giorni per la Vita ha dichiarato che continuer\u00e0 a partecipare alle sue assemblee pacifiche e alle sue preghiere, opponendosi al futuro divieto di veglia di preghiera nei pressi delle cliniche abortive in Germania.","og_url":"https:\/\/ifamnews.com\/en\/40-days-for-life-pledges-to-continue-peaceful-prayers-amid-proposed-german-ban","og_site_name":"IFN","article_publisher":"https:\/\/www.facebook.com\/iFamNews","article_author":"https:\/\/www.facebook.com\/iFamNews\/","article_published_time":"2024-02-16T08:00:00+00:00","og_image":[{"width":1200,"height":675,"url":"https:\/\/ifamnews.com\/wp-content\/uploads\/2024\/02\/Untitled-design-2024-02-14T201058.649.png","type":"image\/png"}],"author":"IFN English","twitter_card":"summary_large_image","twitter_creator":"@https:\/\/twitter.com\/iFamNewsEN","twitter_site":"@iFamNewsEN","twitter_misc":{"Scritto da":"iFamNews","Tempo di lettura stimato":"2 minuti"},"schema":{"@context":"https:\/\/schema.org","@graph":[{"@type":"NewsArticle","@id":"https:\/\/ifamnews.com\/en\/40-days-for-life-pledges-to-continue-peaceful-prayers-amid-proposed-german-ban#article","isPartOf":{"@id":"https:\/\/ifamnews.com\/en\/40-days-for-life-pledges-to-continue-peaceful-prayers-amid-proposed-german-ban"},"author":{"name":"IFN English","@id":"https:\/\/ifamnews.com\/en\/#\/schema\/person\/633bdb7ac2496c9b9304ce62d071cdfa"},"headline":"40 Giorni per la Vita si impegna a continuare a pregare pacificamente nonostante la proposta di divieto tedesco","datePublished":"2024-02-16T08:00:00+00:00","mainEntityOfPage":{"@id":"https:\/\/ifamnews.com\/en\/40-days-for-life-pledges-to-continue-peaceful-prayers-amid-proposed-german-ban"},"wordCount":258,"commentCount":0,"publisher":{"@id":"https:\/\/ifamnews.com\/en\/#organization"},"image":{"@id":"https:\/\/ifamnews.com\/en\/40-days-for-life-pledges-to-continue-peaceful-prayers-amid-proposed-german-ban#primaryimage"},"thumbnailUrl":"https:\/\/ifamnews.com\/wp-content\/uploads\/2024\/02\/Untitled-design-2024-02-14T201058.649.png","keywords":["Aborto","Pro-vita","proteste"],"articleSection":["Breaking News","In evidenza","Vita"],"inLanguage":"it-IT","potentialAction":[{"@type":"CommentAction","name":"Comment","target":["https:\/\/ifamnews.com\/en\/40-days-for-life-pledges-to-continue-peaceful-prayers-amid-proposed-german-ban#respond"]}]},{"@type":"WebPage","@id":"https:\/\/ifamnews.com\/en\/40-days-for-life-pledges-to-continue-peaceful-prayers-amid-proposed-german-ban","url":"https:\/\/ifamnews.com\/en\/40-days-for-life-pledges-to-continue-peaceful-prayers-amid-proposed-german-ban","name":"40 Giorni per la Vita si impegna a continuare a pregare pacificamente nonostante la proposta di divieto tedesco - IFN","isPartOf":{"@id":"https:\/\/ifamnews.com\/en\/#website"},"primaryImageOfPage":{"@id":"https:\/\/ifamnews.com\/en\/40-days-for-life-pledges-to-continue-peaceful-prayers-amid-proposed-german-ban#primaryimage"},"image":{"@id":"https:\/\/ifamnews.com\/en\/40-days-for-life-pledges-to-continue-peaceful-prayers-amid-proposed-german-ban#primaryimage"},"thumbnailUrl":"https:\/\/ifamnews.com\/wp-content\/uploads\/2024\/02\/Untitled-design-2024-02-14T201058.649.png","datePublished":"2024-02-16T08:00:00+00:00","description":"L'organizzazione pro-vita 40 Giorni per la Vita ha dichiarato che continuer\u00e0 a partecipare alle sue assemblee pacifiche e alle sue preghiere, opponendosi al futuro divieto di veglia di preghiera nei pressi delle cliniche abortive in Germania.","breadcrumb":{"@id":"https:\/\/ifamnews.com\/en\/40-days-for-life-pledges-to-continue-peaceful-prayers-amid-proposed-german-ban#breadcrumb"},"inLanguage":"it-IT","potentialAction":[{"@type":"ReadAction","target":["https:\/\/ifamnews.com\/en\/40-days-for-life-pledges-to-continue-peaceful-prayers-amid-proposed-german-ban"]}]},{"@type":"ImageObject","inLanguage":"it-IT","@id":"https:\/\/ifamnews.com\/en\/40-days-for-life-pledges-to-continue-peaceful-prayers-amid-proposed-german-ban#primaryimage","url":"https:\/\/ifamnews.com\/wp-content\/uploads\/2024\/02\/Untitled-design-2024-02-14T201058.649.png","contentUrl":"https:\/\/ifamnews.com\/wp-content\/uploads\/2024\/02\/Untitled-design-2024-02-14T201058.649.png","width":1200,"height":675},{"@type":"BreadcrumbList","@id":"https:\/\/ifamnews.com\/en\/40-days-for-life-pledges-to-continue-peaceful-prayers-amid-proposed-german-ban#breadcrumb","itemListElement":[{"@type":"ListItem","position":1,"name":"Home","item":"https:\/\/ifamnews.com\/de"},{"@type":"ListItem","position":2,"name":"Life","item":"https:\/\/ifamnews.com\/en\/category\/life"},{"@type":"ListItem","position":3,"name":"40 Giorni per la Vita si impegna a continuare a pregare pacificamente nonostante la proposta di divieto tedesco"}]},{"@type":"WebSite","@id":"https:\/\/ifamnews.com\/en\/#website","url":"https:\/\/ifamnews.com\/en\/","name":"IFN","description":"International Family News Network","publisher":{"@id":"https:\/\/ifamnews.com\/en\/#organization"},"potentialAction":[{"@type":"SearchAction","target":{"@type":"EntryPoint","urlTemplate":"https:\/\/ifamnews.com\/en\/?s={search_term_string}"},"query-input":{"@type":"PropertyValueSpecification","valueRequired":true,"valueName":"search_term_string"}}],"inLanguage":"it-IT"},{"@type":"Organization","@id":"https:\/\/ifamnews.com\/en\/#organization","name":"iFamNews","url":"https:\/\/ifamnews.com\/en\/","logo":{"@type":"ImageObject","inLanguage":"it-IT","@id":"https:\/\/ifamnews.com\/en\/#\/schema\/logo\/image\/","url":"https:\/\/ifamnews.com\/wp-content\/uploads\/2020\/01\/Share-logo.png","contentUrl":"https:\/\/ifamnews.com\/wp-content\/uploads\/2020\/01\/Share-logo.png","width":200,"height":200,"caption":"iFamNews"},"image":{"@id":"https:\/\/ifamnews.com\/en\/#\/schema\/logo\/image\/"},"sameAs":["https:\/\/www.facebook.com\/iFamNews","https:\/\/x.com\/iFamNewsEN"]},{"@type":"Person","@id":"https:\/\/ifamnews.com\/en\/#\/schema\/person\/633bdb7ac2496c9b9304ce62d071cdfa","name":"IFN English","image":{"@type":"ImageObject","inLanguage":"it-IT","@id":"https:\/\/secure.gravatar.com\/avatar\/6f16ce95b558ae6f6eb9ae2f68122482a2c61696af2a8fc343c2e10f981a959d?s=96&d=mm&r=g","url":"https:\/\/secure.gravatar.com\/avatar\/6f16ce95b558ae6f6eb9ae2f68122482a2c61696af2a8fc343c2e10f981a959d?s=96&d=mm&r=g","contentUrl":"https:\/\/secure.gravatar.com\/avatar\/6f16ce95b558ae6f6eb9ae2f68122482a2c61696af2a8fc343c2e10f981a959d?s=96&d=mm&r=g","caption":"IFN English"},"description":"Articles published by the English iFamNews editorial team.","sameAs":["https:\/\/ifamnews.com\/en","https:\/\/www.facebook.com\/iFamNews\/","https:\/\/x.com\/https:\/\/twitter.com\/iFamNewsEN","https:\/\/www.youtube.com\/channel\/UCMVyIt4z9BANW3d09kwfUpw"],"url":"https:\/\/ifamnews.com\/it\/author\/ifamnews-staff"}]}},"amp_enabled":true,"_links":{"self":[{"href":"https:\/\/ifamnews.com\/it\/wp-json\/wp\/v2\/posts\/220230","targetHints":{"allow":["GET"]}}],"collection":[{"href":"https:\/\/ifamnews.com\/it\/wp-json\/wp\/v2\/posts"}],"about":[{"href":"https:\/\/ifamnews.com\/it\/wp-json\/wp\/v2\/types\/post"}],"author":[{"embeddable":true,"href":"https:\/\/ifamnews.com\/it\/wp-json\/wp\/v2\/users\/593"}],"replies":[{"embeddable":true,"href":"https:\/\/ifamnews.com\/it\/wp-json\/wp\/v2\/comments?post=220230"}],"version-history":[{"count":1,"href":"https:\/\/ifamnews.com\/it\/wp-json\/wp\/v2\/posts\/220230\/revisions"}],"predecessor-version":[{"id":220236,"href":"https:\/\/ifamnews.com\/it\/wp-json\/wp\/v2\/posts\/220230\/revisions\/220236"}],"wp:featuredmedia":[{"embeddable":true,"href":"https:\/\/ifamnews.com\/it\/wp-json\/wp\/v2\/media\/220157"}],"wp:attachment":[{"href":"https:\/\/ifamnews.com\/it\/wp-json\/wp\/v2\/media?parent=220230"}],"wp:term":[{"taxonomy":"category","embeddable":true,"href":"https:\/\/ifamnews.com\/it\/wp-json\/wp\/v2\/categories?post=220230"},{"taxonomy":"post_tag","embeddable":true,"href":"https:\/\/ifamnews.com\/it\/wp-json\/wp\/v2\/tags?post=220230"}],"curies":[{"name":"wp","href":"https:\/\/api.w.org\/{rel}","templated":true}]}}