{"id":219248,"date":"2024-02-05T05:00:00","date_gmt":"2024-02-05T10:00:00","guid":{"rendered":"https:\/\/ifamnews.com\/?p=219248"},"modified":"2024-02-04T19:54:39","modified_gmt":"2024-02-05T00:54:39","slug":"la-germania-propone-un-disegno-di-legge-controverso-che-prevede-multe-per-le-proteste-nei-pressi-dei-centri-per-l-aborto","status":"publish","type":"post","link":"https:\/\/ifamnews.com\/it\/la-germania-propone-un-disegno-di-legge-controverso-che-prevede-multe-per-le-proteste-nei-pressi-dei-centri-per-l-aborto","title":{"rendered":"La Germania propone un disegno di legge controverso che prevede multe per le proteste nei pressi dei centri per l&#8217;aborto"},"content":{"rendered":"\n<p>La Germania sta per introdurre multe fino a 5.000 euro (5.500 dollari) per le espressioni ritenute &#8216;inquietanti&#8217; o &#8216;confuse&#8217;, in una legge controversa che prende di mira le proteste pacifiche intorno ai centri per l&#8217;aborto. La mossa del Ministro federale tedesco per la Famiglia, Lisa Paus, \u00e8 stata annunciata la scorsa settimana ed \u00e8 stata inquadrata come una criminalizzazione delle attivit\u00e0 che potrebbero violare le esperienze di coloro che cercano di abortire. Mentre le molestie sono gi\u00e0 illegali, questa legislazione intende creare zone di censura a livello nazionale, limitando l&#8217;espressione pacifica e potenzialmente violando la libert\u00e0 di riunione e di espressione.<\/p>\n\n\n\n<p>\u00c8 interessante notare che questo nuovo progetto di legge arriva sulla scia dell&#8217;adozione da parte del Parlamento britannico della cosiddetta <a href=\"https:\/\/ifamnews.com\/it\/vergogna-inglese-gli-abortisti-limitano-il-diritto-alla-libert-religiosa-dei-cristiani\" target=\"_blank\" rel=\"noreferrer noopener\">&#8216;zona cuscinetto&#8217; nel 2023<\/a>. Questa legge del Regno Unito, che sar\u00e0 introdotta a breve in tutta l&#8217;Inghilterra e il Galles, ha portato ad arresti, multe, interrogatori e accuse penali per aver pregato in silenzio vicino ai centri abortivi.<\/p>\n\n\n\n<p>La proposta di legge tedesca contraddice una decisione del 2023 del massimo tribunale amministrativo del Paese, che ha rafforzato il diritto di riunione e di protesta pacifica nei pressi delle strutture abortive. Per questo motivo, il nuovo disegno di legge potrebbe affrontare un passaggio difficile attraverso il processo legislativo e, di fatto, un contraccolpo da parte delle organizzazioni per i diritti umani e pro-vita.<\/p>\n\n\n\n<p>I sostenitori della libert\u00e0 di riunione e di espressione considerano la legislazione proposta come allarmante e come un&#8217;erosione delle libert\u00e0 fondamentali. Entit\u00e0 come ADF International, un gruppo di difesa legale, sostengono che le proteste pacifiche come la preghiera silenziosa o le offerte di sostegno non aggressive alle donne che entrano nelle strutture abortive non dovrebbero essere criminalizzate. Nonostante ci\u00f2, il progetto di legge \u00e8 stato approvato dal Gabinetto federale e ora passer\u00e0 al Bundesrat e al Bundestag.<\/p>\n","protected":false},"excerpt":{"rendered":"<p>La Germania sta per introdurre multe fino a 5.000 euro (5.500 dollari) per le espressioni ritenute &#8216;inquietanti&#8217; o &#8216;confuse&#8217;, in una controversa proposta di legge che prende di mira le espressioni pacifiche intorno ai centri per l&#8217;aborto.<\/p>\n","protected":false},"author":593,"featured_media":218899,"comment_status":"open","ping_status":"open","sticky":false,"template":"","format":"standard","meta":{"give_campaign_id":0,"om_disable_all_campaigns":false,"_monsterinsights_skip_tracking":false,"_monsterinsights_sitenote_active":false,"_monsterinsights_sitenote_note":"","_monsterinsights_sitenote_category":0,"mc4wp_mailchimp_campaign":[],"jnews-multi-image_gallery":[],"jnews_single_post":{"subtitle":"La Germania sta per introdurre multe fino a 5.000 euro (5.500 dollari) per le espressioni ritenute 'inquietanti' o 'confuse', in una legge controversa che prende di mira le proteste pacifiche intorno ai centri per l'aborto.","format":"standard","video":"","gallery":"","source_name":"","source_url":"","via_name":"","via_url":"","override_template":"0","override":[{"template":"2","single_blog_custom":"","parallax":"1","fullscreen":"1","layout":"right-sidebar-narrow","sidebar":"default-sidebar","second_sidebar":"default-sidebar","sticky_sidebar":"1","share_position":"float","share_float_style":"share-normal","show_share_counter":"1","show_view_counter":"1","show_featured":"1","show_post_meta":"1","show_post_author":"1","show_post_author_image":"1","show_post_date":"1","post_date_format":"default","post_date_format_custom":"Y\/m\/d","show_post_category":"1","show_post_reading_time":"1","post_reading_time_wpm":"300","show_zoom_button":"0","zoom_button_out_step":"2","zoom_button_in_step":"3","show_post_tag":"1","show_prev_next_post":"0","show_popup_post":"0","number_popup_post":"1","show_author_box":"1","show_post_related":"0","show_inline_post_related":"0"}],"override_image_size":"0","image_override":[{"single_post_thumbnail_size":"crop-715","single_post_gallery_size":"crop-715"}],"trending_post":"0","trending_post_position":"meta","trending_post_label":"Trending","sponsored_post":"0","sponsored_post_label":"Sponsored by","sponsored_post_name":"","sponsored_post_url":"","sponsored_post_logo_enable":"0","sponsored_post_logo":"","sponsored_post_desc":"","disable_ad":"0"},"jnews_primary_category":{"id":"780","hide":""},"jnews_social_meta":[],"jnews_override_counter":[],"footnotes":""},"categories":[8488,951,780],"tags":[21939,18158,27693,25861,22922,21228],"class_list":["post-219248","post","type-post","status-publish","format-standard","has-post-thumbnail","hentry","category-breaking-news","category-foreground-it","category-politica-it","tag-aborto-it-2","tag-diritto-alla-vita","tag-germania-it-2","tag-liberta-di-parola-it","tag-miglia-di-divieto","tag-pro-vita"],"yoast_head":"<!-- This site is optimized with the Yoast SEO Premium plugin v25.9 (Yoast SEO v27.3) - https:\/\/yoast.com\/product\/yoast-seo-premium-wordpress\/ -->\n<title>La Germania propone un disegno di legge controverso che prevede multe per le proteste nei pressi dei centri per l&#039;aborto - IFN<\/title>\n<meta name=\"description\" content=\"La Germania sta per introdurre multe fino a 5.000 euro (5.500 dollari) per le espressioni ritenute &#039;inquietanti&#039; o &#039;confuse&#039;, in una controversa proposta di legge che prende di mira le espressioni pacifiche intorno ai centri per l&#039;aborto.\" \/>\n<meta name=\"robots\" content=\"index, follow, max-snippet:-1, max-image-preview:large, max-video-preview:-1\" \/>\n<link rel=\"canonical\" href=\"https:\/\/ifamnews.com\/en\/germany-proposes-controversial-bill-enforcing-fines-for-protests-around-abortion-centers\" \/>\n<meta property=\"og:locale\" content=\"it_IT\" \/>\n<meta property=\"og:type\" content=\"article\" \/>\n<meta property=\"og:title\" content=\"La Germania propone un disegno di legge controverso che prevede multe per le proteste nei pressi dei centri per l&#039;aborto\" \/>\n<meta property=\"og:description\" content=\"La Germania sta per introdurre multe fino a 5.000 euro (5.500 dollari) per le espressioni ritenute &#039;inquietanti&#039; o &#039;confuse&#039;, in una controversa proposta di legge che prende di mira le espressioni pacifiche intorno ai centri per l&#039;aborto.\" \/>\n<meta property=\"og:url\" content=\"https:\/\/ifamnews.com\/en\/germany-proposes-controversial-bill-enforcing-fines-for-protests-around-abortion-centers\" \/>\n<meta property=\"og:site_name\" content=\"IFN\" \/>\n<meta property=\"article:publisher\" content=\"https:\/\/www.facebook.com\/iFamNews\" \/>\n<meta property=\"article:author\" content=\"https:\/\/www.facebook.com\/iFamNews\/\" \/>\n<meta property=\"article:published_time\" content=\"2024-02-05T10:00:00+00:00\" \/>\n<meta property=\"og:image\" content=\"https:\/\/ifamnews.com\/wp-content\/uploads\/2024\/01\/Untitled-design-2024-02-01T090057.725.png\" \/>\n\t<meta property=\"og:image:width\" content=\"1200\" \/>\n\t<meta property=\"og:image:height\" content=\"675\" \/>\n\t<meta property=\"og:image:type\" content=\"image\/png\" \/>\n<meta name=\"author\" content=\"IFN English\" \/>\n<meta name=\"twitter:card\" content=\"summary_large_image\" \/>\n<meta name=\"twitter:creator\" content=\"@https:\/\/twitter.com\/iFamNewsEN\" \/>\n<meta name=\"twitter:site\" content=\"@iFamNewsEN\" \/>\n<meta name=\"twitter:label1\" content=\"Scritto da\" \/>\n\t<meta name=\"twitter:data1\" content=\"iFamNews\" \/>\n\t<meta name=\"twitter:label2\" content=\"Tempo di lettura stimato\" \/>\n\t<meta name=\"twitter:data2\" content=\"2 minuti\" \/>\n<!-- \/ Yoast SEO Premium plugin. -->","yoast_head_json":{"title":"La Germania propone un disegno di legge controverso che prevede multe per le proteste nei pressi dei centri per l'aborto - IFN","description":"La Germania sta per introdurre multe fino a 5.000 euro (5.500 dollari) per le espressioni ritenute 'inquietanti' o 'confuse', in una controversa proposta di legge che prende di mira le espressioni pacifiche intorno ai centri per l'aborto.","robots":{"index":"index","follow":"follow","max-snippet":"max-snippet:-1","max-image-preview":"max-image-preview:large","max-video-preview":"max-video-preview:-1"},"canonical":"https:\/\/ifamnews.com\/en\/germany-proposes-controversial-bill-enforcing-fines-for-protests-around-abortion-centers","og_locale":"it_IT","og_type":"article","og_title":"La Germania propone un disegno di legge controverso che prevede multe per le proteste nei pressi dei centri per l'aborto","og_description":"La Germania sta per introdurre multe fino a 5.000 euro (5.500 dollari) per le espressioni ritenute 'inquietanti' o 'confuse', in una controversa proposta di legge che prende di mira le espressioni pacifiche intorno ai centri per l'aborto.","og_url":"https:\/\/ifamnews.com\/en\/germany-proposes-controversial-bill-enforcing-fines-for-protests-around-abortion-centers","og_site_name":"IFN","article_publisher":"https:\/\/www.facebook.com\/iFamNews","article_author":"https:\/\/www.facebook.com\/iFamNews\/","article_published_time":"2024-02-05T10:00:00+00:00","og_image":[{"width":1200,"height":675,"url":"https:\/\/ifamnews.com\/wp-content\/uploads\/2024\/01\/Untitled-design-2024-02-01T090057.725.png","type":"image\/png"}],"author":"IFN English","twitter_card":"summary_large_image","twitter_creator":"@https:\/\/twitter.com\/iFamNewsEN","twitter_site":"@iFamNewsEN","twitter_misc":{"Scritto da":"iFamNews","Tempo di lettura stimato":"2 minuti"},"schema":{"@context":"https:\/\/schema.org","@graph":[{"@type":"NewsArticle","@id":"https:\/\/ifamnews.com\/en\/germany-proposes-controversial-bill-enforcing-fines-for-protests-around-abortion-centers#article","isPartOf":{"@id":"https:\/\/ifamnews.com\/en\/germany-proposes-controversial-bill-enforcing-fines-for-protests-around-abortion-centers"},"author":{"name":"IFN English","@id":"https:\/\/ifamnews.com\/en\/#\/schema\/person\/633bdb7ac2496c9b9304ce62d071cdfa"},"headline":"La Germania propone un disegno di legge controverso che prevede multe per le proteste nei pressi dei centri per l&#8217;aborto","datePublished":"2024-02-05T10:00:00+00:00","mainEntityOfPage":{"@id":"https:\/\/ifamnews.com\/en\/germany-proposes-controversial-bill-enforcing-fines-for-protests-around-abortion-centers"},"wordCount":318,"commentCount":0,"publisher":{"@id":"https:\/\/ifamnews.com\/en\/#organization"},"image":{"@id":"https:\/\/ifamnews.com\/en\/germany-proposes-controversial-bill-enforcing-fines-for-protests-around-abortion-centers#primaryimage"},"thumbnailUrl":"https:\/\/ifamnews.com\/wp-content\/uploads\/2024\/01\/Untitled-design-2024-02-01T090057.725.png","keywords":["Aborto","diritto alla vita","Germania","libert\u00e0 di parola","Miglia di divieto","Pro-vita"],"articleSection":["Breaking News","In evidenza","Politica"],"inLanguage":"it-IT","potentialAction":[{"@type":"CommentAction","name":"Comment","target":["https:\/\/ifamnews.com\/en\/germany-proposes-controversial-bill-enforcing-fines-for-protests-around-abortion-centers#respond"]}]},{"@type":"WebPage","@id":"https:\/\/ifamnews.com\/en\/germany-proposes-controversial-bill-enforcing-fines-for-protests-around-abortion-centers","url":"https:\/\/ifamnews.com\/en\/germany-proposes-controversial-bill-enforcing-fines-for-protests-around-abortion-centers","name":"La Germania propone un disegno di legge controverso che prevede multe per le proteste nei pressi dei centri per l'aborto - IFN","isPartOf":{"@id":"https:\/\/ifamnews.com\/en\/#website"},"primaryImageOfPage":{"@id":"https:\/\/ifamnews.com\/en\/germany-proposes-controversial-bill-enforcing-fines-for-protests-around-abortion-centers#primaryimage"},"image":{"@id":"https:\/\/ifamnews.com\/en\/germany-proposes-controversial-bill-enforcing-fines-for-protests-around-abortion-centers#primaryimage"},"thumbnailUrl":"https:\/\/ifamnews.com\/wp-content\/uploads\/2024\/01\/Untitled-design-2024-02-01T090057.725.png","datePublished":"2024-02-05T10:00:00+00:00","description":"La Germania sta per introdurre multe fino a 5.000 euro (5.500 dollari) per le espressioni ritenute 'inquietanti' o 'confuse', in una controversa proposta di legge che prende di mira le espressioni pacifiche intorno ai centri per l'aborto.","breadcrumb":{"@id":"https:\/\/ifamnews.com\/en\/germany-proposes-controversial-bill-enforcing-fines-for-protests-around-abortion-centers#breadcrumb"},"inLanguage":"it-IT","potentialAction":[{"@type":"ReadAction","target":["https:\/\/ifamnews.com\/en\/germany-proposes-controversial-bill-enforcing-fines-for-protests-around-abortion-centers"]}]},{"@type":"ImageObject","inLanguage":"it-IT","@id":"https:\/\/ifamnews.com\/en\/germany-proposes-controversial-bill-enforcing-fines-for-protests-around-abortion-centers#primaryimage","url":"https:\/\/ifamnews.com\/wp-content\/uploads\/2024\/01\/Untitled-design-2024-02-01T090057.725.png","contentUrl":"https:\/\/ifamnews.com\/wp-content\/uploads\/2024\/01\/Untitled-design-2024-02-01T090057.725.png","width":1200,"height":675,"caption":"\"Deutscher Bundestag - German Parliament\" by markhillary is licensed under CC BY 2.0."},{"@type":"BreadcrumbList","@id":"https:\/\/ifamnews.com\/en\/germany-proposes-controversial-bill-enforcing-fines-for-protests-around-abortion-centers#breadcrumb","itemListElement":[{"@type":"ListItem","position":1,"name":"Home","item":"https:\/\/ifamnews.com\/de"},{"@type":"ListItem","position":2,"name":"Politics","item":"https:\/\/ifamnews.com\/en\/category\/politics"},{"@type":"ListItem","position":3,"name":"La Germania propone un disegno di legge controverso che prevede multe per le proteste nei pressi dei centri per l&#8217;aborto"}]},{"@type":"WebSite","@id":"https:\/\/ifamnews.com\/en\/#website","url":"https:\/\/ifamnews.com\/en\/","name":"IFN","description":"International Family News Network","publisher":{"@id":"https:\/\/ifamnews.com\/en\/#organization"},"potentialAction":[{"@type":"SearchAction","target":{"@type":"EntryPoint","urlTemplate":"https:\/\/ifamnews.com\/en\/?s={search_term_string}"},"query-input":{"@type":"PropertyValueSpecification","valueRequired":true,"valueName":"search_term_string"}}],"inLanguage":"it-IT"},{"@type":"Organization","@id":"https:\/\/ifamnews.com\/en\/#organization","name":"iFamNews","url":"https:\/\/ifamnews.com\/en\/","logo":{"@type":"ImageObject","inLanguage":"it-IT","@id":"https:\/\/ifamnews.com\/en\/#\/schema\/logo\/image\/","url":"https:\/\/ifamnews.com\/wp-content\/uploads\/2020\/01\/Share-logo.png","contentUrl":"https:\/\/ifamnews.com\/wp-content\/uploads\/2020\/01\/Share-logo.png","width":200,"height":200,"caption":"iFamNews"},"image":{"@id":"https:\/\/ifamnews.com\/en\/#\/schema\/logo\/image\/"},"sameAs":["https:\/\/www.facebook.com\/iFamNews","https:\/\/x.com\/iFamNewsEN"]},{"@type":"Person","@id":"https:\/\/ifamnews.com\/en\/#\/schema\/person\/633bdb7ac2496c9b9304ce62d071cdfa","name":"IFN English","image":{"@type":"ImageObject","inLanguage":"it-IT","@id":"https:\/\/secure.gravatar.com\/avatar\/6f16ce95b558ae6f6eb9ae2f68122482a2c61696af2a8fc343c2e10f981a959d?s=96&d=mm&r=g","url":"https:\/\/secure.gravatar.com\/avatar\/6f16ce95b558ae6f6eb9ae2f68122482a2c61696af2a8fc343c2e10f981a959d?s=96&d=mm&r=g","contentUrl":"https:\/\/secure.gravatar.com\/avatar\/6f16ce95b558ae6f6eb9ae2f68122482a2c61696af2a8fc343c2e10f981a959d?s=96&d=mm&r=g","caption":"IFN English"},"description":"Articles published by the English iFamNews editorial team.","sameAs":["https:\/\/ifamnews.com\/en","https:\/\/www.facebook.com\/iFamNews\/","https:\/\/x.com\/https:\/\/twitter.com\/iFamNewsEN","https:\/\/www.youtube.com\/channel\/UCMVyIt4z9BANW3d09kwfUpw"],"url":"https:\/\/ifamnews.com\/it\/author\/ifamnews-staff"}]}},"amp_enabled":true,"_links":{"self":[{"href":"https:\/\/ifamnews.com\/it\/wp-json\/wp\/v2\/posts\/219248","targetHints":{"allow":["GET"]}}],"collection":[{"href":"https:\/\/ifamnews.com\/it\/wp-json\/wp\/v2\/posts"}],"about":[{"href":"https:\/\/ifamnews.com\/it\/wp-json\/wp\/v2\/types\/post"}],"author":[{"embeddable":true,"href":"https:\/\/ifamnews.com\/it\/wp-json\/wp\/v2\/users\/593"}],"replies":[{"embeddable":true,"href":"https:\/\/ifamnews.com\/it\/wp-json\/wp\/v2\/comments?post=219248"}],"version-history":[{"count":2,"href":"https:\/\/ifamnews.com\/it\/wp-json\/wp\/v2\/posts\/219248\/revisions"}],"predecessor-version":[{"id":219260,"href":"https:\/\/ifamnews.com\/it\/wp-json\/wp\/v2\/posts\/219248\/revisions\/219260"}],"wp:featuredmedia":[{"embeddable":true,"href":"https:\/\/ifamnews.com\/it\/wp-json\/wp\/v2\/media\/218899"}],"wp:attachment":[{"href":"https:\/\/ifamnews.com\/it\/wp-json\/wp\/v2\/media?parent=219248"}],"wp:term":[{"taxonomy":"category","embeddable":true,"href":"https:\/\/ifamnews.com\/it\/wp-json\/wp\/v2\/categories?post=219248"},{"taxonomy":"post_tag","embeddable":true,"href":"https:\/\/ifamnews.com\/it\/wp-json\/wp\/v2\/tags?post=219248"}],"curies":[{"name":"wp","href":"https:\/\/api.w.org\/{rel}","templated":true}]}}