{"id":21265,"date":"2020-07-08T12:18:16","date_gmt":"2020-07-08T17:18:16","guid":{"rendered":"https:\/\/ifamnews.com\/?p=21265"},"modified":"2020-07-30T04:01:59","modified_gmt":"2020-07-30T09:01:59","slug":"torna-linviato-per-la-liberta-religiosa-chiesto-da-ifamnews","status":"publish","type":"post","link":"https:\/\/ifamnews.com\/it\/torna-linviato-per-la-liberta-religiosa-chiesto-da-ifamnews","title":{"rendered":"Torna l&#8217;Inviato per la libert\u00e0 religiosa chiesto da &#8220;iFamNews&#8221;"},"content":{"rendered":"<p class=\"last-updated\">Last updated on Luglio 30th, 2020 at 04:01 am<\/p>\n<p>Una grande vittoria strategica. La Commissione Europea (CE) ha riaperto l\u2019ufficio dell\u2019Inviato speciale per la promozione della libert\u00e0 di religione o di credo fuori dall&#8217;Unione Europea. Per contribuire a questo risultato l\u2019<a href=\"https:\/\/profam.org\/\" target=\"_blank\" rel=\"noopener noreferrer\">International Organization for the Family<\/a> e \u201ciFamNews\u201d hanno promosso una propria petizione raccogliendo migliaia di firme che sembrano aver fatto la differenza.<\/p>\n\n\n\n<figure class=\"wp-block-embed-twitter aligncenter wp-block-embed is-type-rich is-provider-twitter\"><div class=\"wp-block-embed__wrapper\">\n<blockquote class=\"twitter-tweet\" data-width=\"500\" data-dnt=\"true\"><p lang=\"en\" dir=\"ltr\">We decided today to renew the function of Special Envoy for the promotion of freedom of religion or belief outside the EU. Together with <a href=\"https:\/\/twitter.com\/vonderleyen?ref_src=twsrc%5Etfw\">@vonderleyen<\/a> the forthcoming appointment shows our determination to ensure the rights of ALL faiths and beliefs are respected across the world.<\/p>&mdash; Margaritis Schinas (@MargSchinas) <a href=\"https:\/\/twitter.com\/MargSchinas\/status\/1280825709326458881?ref_src=twsrc%5Etfw\">July 8, 2020<\/a><\/blockquote><script async src=\"https:\/\/platform.twitter.com\/widgets.js\" charset=\"utf-8\"><\/script>\n<\/div><\/figure>\n\n\n\n<p>La notizia \u00e8 stata data\ndal greco Margaritis Schinas, vicepresidente della Commissione Europea (CE),\nche lo ha annunciato su Twitter, aggiungendo che questa \u00abnomina, di prossima\nformalizzazione, mostra la nostra determinazione a garantire che i diritti di\nTUTTE le fedi e credenze siano rispettati in tutto il mondo\u00bb.<\/p>\n\n\n\n<p>L&#8217;ufficio dell\u2019Inviato speciale \u00e8 stato <a href=\"https:\/\/ec.europa.eu\/commission\/presscorner\/detail\/en\/IP_16_1670\" target=\"_blank\" rel=\"noopener noreferrer\">istituito il 6 maggio 2016<\/a>, in ottemperanza alla richiesta avanzata dal Parlamento Europeo attraverso la <a href=\"https:\/\/europarl.europa.eu\/sides\/getDoc.do?pubRef=-\/\/EP\/\/TEXT+TA+P8-TA-2016-0051+0+DOC+XML+V0\/\/EN&amp;language=EN\" target=\"_blank\" rel=\"noopener noreferrer\">Risoluzione del 4 febbraio 2016<\/a> che ha inteso rispondere ai massacri delle minoranze religiose in Iraq e in Siria perpetrati dal gruppo terroristico noto come ISIS.<\/p>\n\n\n\n<p>Quell\u2019incarico \u00e8 stato dunque ricoperto dallo slovacco\nFigel\u2019, che era gi\u00e0 stato Commissario europeo oltre che ministro dei Trasporti\nnel proprio Paese, il quale lo ha onorato brillantemente fino al dicembre 2019,\ndata in cui il suo mandato \u00e8 scaduto.<\/p>\n\n\n\n<p>Le organizzazioni che in Europa hanno a cuore la libert\u00e0 di religione hanno quindi immediatamente rivolto petizioni al presidente della Commissione Europea (CE), Ursula von der Leyen, per chiedere di conferire un nuovo mandato a Figel&#8217;.<\/p>\n\n\n\n<p>Tra le petizioni inviate, <a href=\"https:\/\/ifamnews.com\/it\/petition\/riconfermare-jan-figel\/\" target=\"_blank\" rel=\"noopener noreferrer\">\u201ciFamNews\u201d ne ha predisposta una propria<\/a> che ha raccolto le firme di migliaia di lettori, del tutto convinti di quanto <a href=\"https:\/\/ifamnews.com\/it\/una-petizione-a-ursula-von-der-leyen-per-jan-figel\/\" target=\"_blank\" rel=\"noopener noreferrer\">la lotta per la libert\u00e0 religiosa nel mondo sia preziosa<\/a>.<\/p>\n\n\n\n<p>Ma il <a href=\"https:\/\/1ztp833emcflef7tm24jjqbe-wpengine.netdna-ssl.com\/wp-content\/uploads\/2020\/06\/International-Religious-Freedom-Roundtable-FORB-002-Copy.pdf\" target=\"_blank\" rel=\"noopener noreferrer\">4 giugno la CE ha risposto, scrivendo all\u2019International Religious Freedom Roundtable a Bruxelles<\/a>, per dire che non solo Figel\u2019 non sarebbe stato riconfermato, ma anche che l&#8217;ufficio stesso dell&#8217;Inviato speciale veniva cancellato, aggiungendo in modo vago che la missione di quell\u2019ufficio sarebbe stata perseguita in &nbsp;altri modi.<\/p>\n\n\n\n<p><a href=\"https:\/\/ifamnews.com\/it\/una-petizione-a-ursula-von-der-leyen-per-jan-figel\/\" target=\"_blank\" rel=\"noopener noreferrer\">Come ho scritto il 19 giugno<\/a>, \u00e8 parso proprio che della libert\u00e0 religiosa nel mondo all\u2019Unione Europea non interessasse nulla.<\/p>\n\n\n\n<p>Il gioco \u00e8 sembrato insomma finito. All&#8217;improvviso, per\u00f2, il caso si \u00e8 riaperto quando tre importanti <em>leader<\/em> religiosi tedeschi hanno rivolto un nuovo appello alla von der Leyen: il presidente della Conferenza dei rabbini europei, Pinchas Goldschmid, il presidente del Consiglio centrale dei musulmani in Germania, Aiman Mazyek, e la figura di maggiore livello del cristianesimo ortodosso in Germania, il metropolita Augustinos. <a href=\"https:\/\/ifamnews.com\/it\/si-riapre-il-caso-di-jan-figel-per-la-liberta-religiosa\/\" target=\"_blank\" rel=\"noopener noreferrer\">L\u2019edizione in lingua italiana di \u201ciFamNews\u201d ha raccontato questa novit\u00e0 proprio oggi<\/a>, domandandosi se per caso da questa iniziativa potesse mai venire qualcosa e francamente nutrendo qualche dubbio. Ma eccoci qui!<\/p>\n\n\n\n<p>S\u00ec, \u00e8 una grande vittoria, e noi ne siamo parte.\nVoi, i nostri fedeli lettori di \u201ciFamNews\u201d, potete essere orgogliosi: l\u2019avete\nresa possibile.<\/p>\n\n\n\n<p>Voi e io sappiamo che la battaglia per la libert\u00e0\nreligiosa \u00e8 fondamentale. La libert\u00e0 religiosa \u00e8 un diritto umano basilare. \u00c8\nanche il primo diritto <em>politico<\/em> di ogni essere umano.<\/p>\n\n\n\n<p>Infatti il concetto di libert\u00e0 religiosa non riguarda\nsolo la libert\u00e0 di credo personale, ma contempla pure, inseparabilmente, il\ndiritto di vivere e di comportarsi <em>pubblicamente<\/em> in base alla fede.\nPertanto, oltre a essere fondamentale in s\u00e9, la libert\u00e0 religiosa \u00e8 la chiave che\ngarantisce altri diritti, quali il diritto di difendere la vita innocente dal\nconcepimento alla morte naturale, di proteggere il matrimonio e la famiglia\nnaturale, di preservare la libert\u00e0 di educazione appannaggio delle famiglie, di\ngarantire la libert\u00e0 di parola e di consentire intraprese che si fondino sulla vita\ne sulla famiglia.<\/p>\n\n\n\n<p>Se infatti non si possono opprimere le persone in ragione del credo che professano, e se le persone godono del diritto di vivere secondo la propria fede, nessuno Stato e nessuna agenzia potr\u00e0 ostacolare le altre libert\u00e0 sociali e politiche che conseguono alla fede professata da quelle persone. Non lo si ripeter\u00e0 mai a sufficienza: la battaglia per la libert\u00e0 religiosa \u00e8 un punto nodale. Non \u00e8 un appello al relativismo, alla semplice libert\u00e0 di coscienza e all&#8217;amoralit\u00e0. \u00c8 il diritto fondamentale alla verit\u00e0 che \u00e8 inscritto nella natura umana. \u201ciFamNews\u201d e il suo editore, la IOF, si felicitano per questa grande vittoria ottenuta a Bruxelles, in cui noi e voi \u2012 diciamolo con orgoglio \u2012 abbiamo svolto un ruolo sostanziale. <\/p>\n","protected":false},"excerpt":{"rendered":"<p>La Commissione Europea fa improvvisamente marcia indietro. Un successo importantissimo<\/p>\n","protected":false},"author":7,"featured_media":21267,"comment_status":"open","ping_status":"open","sticky":false,"template":"","format":"standard","meta":{"give_campaign_id":0,"om_disable_all_campaigns":false,"_monsterinsights_skip_tracking":false,"_monsterinsights_sitenote_active":false,"_monsterinsights_sitenote_note":"","_monsterinsights_sitenote_category":0,"mc4wp_mailchimp_campaign":[],"jnews-multi-image_gallery":[],"jnews_single_post":{"subtitle":"La Commissione Europea fa improvvisamente marcia indietro. Un successo importantissimo","format":"standard","video":"","gallery":"","source_name":"","source_url":"","via_name":"","via_url":"","override":[{"single_blog_custom":"","sidebar":"","second_sidebar":"","share_position":"","share_float_style":"","post_date_format":"","post_date_format_custom":"","post_reading_time_wpm":"","zoom_button_out_step":"1","zoom_button_in_step":"1","number_popup_post":"1"}],"image_override":[{"single_post_thumbnail_size":"","single_post_gallery_size":""}],"trending_post_position":"","trending_post_label":""},"jnews_primary_category":{"id":"951"},"jnews_social_meta":{"fb_title":"","fb_description":"","fb_image":"","twitter_title":"","twitter_description":"","twitter_image":""},"jnews_override_counter":{"view_counter_number":"0","share_counter_number":"0","like_counter_number":"0","dislike_counter_number":"0"},"footnotes":""},"categories":[780],"tags":[3040,1962,3067],"class_list":["post-21265","post","type-post","status-publish","format-standard","has-post-thumbnail","hentry","category-politica-it","tag-jan-figel","tag-liberta-religiosa","tag-unione-europea"],"yoast_head":"<!-- This site is optimized with the Yoast SEO Premium plugin v25.9 (Yoast SEO v27.3) - https:\/\/yoast.com\/product\/yoast-seo-premium-wordpress\/ -->\n<title>Torna l&#039;Inviato per la libert\u00e0 religiosa chiesto da &quot;iFamNews&quot; - IFN<\/title>\n<meta name=\"description\" content=\"Torna l&#039;Inviato per la libert\u00e0 religiosa chiesto da &quot;iFamNews&quot;. La Commissione Europea fa improvvisamente marcia indietro. Un successo importantissimo\" \/>\n<meta name=\"robots\" content=\"index, follow, max-snippet:-1, max-image-preview:large, max-video-preview:-1\" \/>\n<link rel=\"canonical\" href=\"https:\/\/ifamnews.com\/it\/torna-linviato-per-la-liberta-religiosa-chiesto-da-ifamnews\" \/>\n<meta property=\"og:locale\" content=\"it_IT\" \/>\n<meta property=\"og:type\" content=\"article\" \/>\n<meta property=\"og:title\" content=\"Torna l&#039;Inviato per la libert\u00e0 religiosa chiesto da &quot;iFamNews&quot;\" \/>\n<meta property=\"og:description\" content=\"Torna l&#039;Inviato per la libert\u00e0 religiosa chiesto da &quot;iFamNews&quot;. La Commissione Europea fa improvvisamente marcia indietro. Un successo importantissimo\" \/>\n<meta property=\"og:url\" content=\"https:\/\/ifamnews.com\/it\/torna-linviato-per-la-liberta-religiosa-chiesto-da-ifamnews\" \/>\n<meta property=\"og:site_name\" content=\"IFN\" \/>\n<meta property=\"article:publisher\" content=\"https:\/\/www.facebook.com\/iFamNews\" \/>\n<meta property=\"article:author\" content=\"https:\/\/facebook.com\/MarcoRespinti\" \/>\n<meta property=\"article:published_time\" content=\"2020-07-08T17:18:16+00:00\" \/>\n<meta property=\"article:modified_time\" content=\"2020-07-30T09:01:59+00:00\" \/>\n<meta property=\"og:image\" content=\"https:\/\/ifamnews.com\/wp-content\/uploads\/2020\/07\/Figel-header-IT.png\" \/>\n\t<meta property=\"og:image:width\" content=\"1200\" \/>\n\t<meta property=\"og:image:height\" content=\"675\" \/>\n\t<meta property=\"og:image:type\" content=\"image\/png\" \/>\n<meta name=\"author\" content=\"Marco Respinti\" \/>\n<meta name=\"twitter:card\" content=\"summary_large_image\" \/>\n<meta name=\"twitter:creator\" content=\"@https:\/\/twitter.com\/MarcoRespinti\" \/>\n<meta name=\"twitter:site\" content=\"@iFamNewsEN\" \/>\n<meta name=\"twitter:label1\" content=\"Scritto da\" \/>\n\t<meta name=\"twitter:data1\" content=\"Marco Respinti\" \/>\n\t<meta name=\"twitter:label2\" content=\"Tempo di lettura stimato\" \/>\n\t<meta name=\"twitter:data2\" content=\"3 minuti\" \/>\n<!-- \/ Yoast SEO Premium plugin. -->","yoast_head_json":{"title":"Torna l'Inviato per la libert\u00e0 religiosa chiesto da \"iFamNews\" - IFN","description":"Torna l'Inviato per la libert\u00e0 religiosa chiesto da \"iFamNews\". La Commissione Europea fa improvvisamente marcia indietro. Un successo importantissimo","robots":{"index":"index","follow":"follow","max-snippet":"max-snippet:-1","max-image-preview":"max-image-preview:large","max-video-preview":"max-video-preview:-1"},"canonical":"https:\/\/ifamnews.com\/it\/torna-linviato-per-la-liberta-religiosa-chiesto-da-ifamnews","og_locale":"it_IT","og_type":"article","og_title":"Torna l'Inviato per la libert\u00e0 religiosa chiesto da \"iFamNews\"","og_description":"Torna l'Inviato per la libert\u00e0 religiosa chiesto da \"iFamNews\". La Commissione Europea fa improvvisamente marcia indietro. Un successo importantissimo","og_url":"https:\/\/ifamnews.com\/it\/torna-linviato-per-la-liberta-religiosa-chiesto-da-ifamnews","og_site_name":"IFN","article_publisher":"https:\/\/www.facebook.com\/iFamNews","article_author":"https:\/\/facebook.com\/MarcoRespinti","article_published_time":"2020-07-08T17:18:16+00:00","article_modified_time":"2020-07-30T09:01:59+00:00","og_image":[{"width":1200,"height":675,"url":"https:\/\/ifamnews.com\/wp-content\/uploads\/2020\/07\/Figel-header-IT.png","type":"image\/png"}],"author":"Marco Respinti","twitter_card":"summary_large_image","twitter_creator":"@https:\/\/twitter.com\/MarcoRespinti","twitter_site":"@iFamNewsEN","twitter_misc":{"Scritto da":"Marco Respinti","Tempo di lettura stimato":"3 minuti"},"schema":{"@context":"https:\/\/schema.org","@graph":[{"@type":"NewsArticle","@id":"https:\/\/ifamnews.com\/it\/torna-linviato-per-la-liberta-religiosa-chiesto-da-ifamnews#article","isPartOf":{"@id":"https:\/\/ifamnews.com\/it\/torna-linviato-per-la-liberta-religiosa-chiesto-da-ifamnews"},"author":{"name":"Marco Respinti","@id":"https:\/\/ifamnews.com\/en\/#\/schema\/person\/f0579ab02623e80d44006c1a5d949ea9"},"headline":"Torna l&#8217;Inviato per la libert\u00e0 religiosa chiesto da &#8220;iFamNews&#8221;","datePublished":"2020-07-08T17:18:16+00:00","dateModified":"2020-07-30T09:01:59+00:00","mainEntityOfPage":{"@id":"https:\/\/ifamnews.com\/it\/torna-linviato-per-la-liberta-religiosa-chiesto-da-ifamnews"},"wordCount":697,"commentCount":0,"publisher":{"@id":"https:\/\/ifamnews.com\/en\/#organization"},"image":{"@id":"https:\/\/ifamnews.com\/it\/torna-linviato-per-la-liberta-religiosa-chiesto-da-ifamnews#primaryimage"},"thumbnailUrl":"https:\/\/ifamnews.com\/wp-content\/uploads\/2020\/07\/Figel-header-IT.png","keywords":["J\u00e0n Figel&#039;","Libert\u00e0 religiosa","Unione Europea"],"articleSection":["Politica"],"inLanguage":"it-IT","potentialAction":[{"@type":"CommentAction","name":"Comment","target":["https:\/\/ifamnews.com\/it\/torna-linviato-per-la-liberta-religiosa-chiesto-da-ifamnews#respond"]}]},{"@type":"WebPage","@id":"https:\/\/ifamnews.com\/it\/torna-linviato-per-la-liberta-religiosa-chiesto-da-ifamnews","url":"https:\/\/ifamnews.com\/it\/torna-linviato-per-la-liberta-religiosa-chiesto-da-ifamnews","name":"Torna l'Inviato per la libert\u00e0 religiosa chiesto da \"iFamNews\" - IFN","isPartOf":{"@id":"https:\/\/ifamnews.com\/en\/#website"},"primaryImageOfPage":{"@id":"https:\/\/ifamnews.com\/it\/torna-linviato-per-la-liberta-religiosa-chiesto-da-ifamnews#primaryimage"},"image":{"@id":"https:\/\/ifamnews.com\/it\/torna-linviato-per-la-liberta-religiosa-chiesto-da-ifamnews#primaryimage"},"thumbnailUrl":"https:\/\/ifamnews.com\/wp-content\/uploads\/2020\/07\/Figel-header-IT.png","datePublished":"2020-07-08T17:18:16+00:00","dateModified":"2020-07-30T09:01:59+00:00","description":"Torna l'Inviato per la libert\u00e0 religiosa chiesto da \"iFamNews\". La Commissione Europea fa improvvisamente marcia indietro. Un successo importantissimo","breadcrumb":{"@id":"https:\/\/ifamnews.com\/it\/torna-linviato-per-la-liberta-religiosa-chiesto-da-ifamnews#breadcrumb"},"inLanguage":"it-IT","potentialAction":[{"@type":"ReadAction","target":["https:\/\/ifamnews.com\/it\/torna-linviato-per-la-liberta-religiosa-chiesto-da-ifamnews"]}]},{"@type":"ImageObject","inLanguage":"it-IT","@id":"https:\/\/ifamnews.com\/it\/torna-linviato-per-la-liberta-religiosa-chiesto-da-ifamnews#primaryimage","url":"https:\/\/ifamnews.com\/wp-content\/uploads\/2020\/07\/Figel-header-IT.png","contentUrl":"https:\/\/ifamnews.com\/wp-content\/uploads\/2020\/07\/Figel-header-IT.png","width":1200,"height":675},{"@type":"BreadcrumbList","@id":"https:\/\/ifamnews.com\/it\/torna-linviato-per-la-liberta-religiosa-chiesto-da-ifamnews#breadcrumb","itemListElement":[{"@type":"ListItem","position":1,"name":"Home","item":"https:\/\/ifamnews.com\/de"},{"@type":"ListItem","position":2,"name":"Breaking News","item":"https:\/\/ifamnews.com\/en\/category\/breaking-news"},{"@type":"ListItem","position":3,"name":"Torna l&#8217;Inviato per la libert\u00e0 religiosa chiesto da &#8220;iFamNews&#8221;"}]},{"@type":"WebSite","@id":"https:\/\/ifamnews.com\/en\/#website","url":"https:\/\/ifamnews.com\/en\/","name":"IFN","description":"International Family News Network","publisher":{"@id":"https:\/\/ifamnews.com\/en\/#organization"},"potentialAction":[{"@type":"SearchAction","target":{"@type":"EntryPoint","urlTemplate":"https:\/\/ifamnews.com\/en\/?s={search_term_string}"},"query-input":{"@type":"PropertyValueSpecification","valueRequired":true,"valueName":"search_term_string"}}],"inLanguage":"it-IT"},{"@type":"Organization","@id":"https:\/\/ifamnews.com\/en\/#organization","name":"iFamNews","url":"https:\/\/ifamnews.com\/en\/","logo":{"@type":"ImageObject","inLanguage":"it-IT","@id":"https:\/\/ifamnews.com\/en\/#\/schema\/logo\/image\/","url":"https:\/\/ifamnews.com\/wp-content\/uploads\/2020\/01\/Share-logo.png","contentUrl":"https:\/\/ifamnews.com\/wp-content\/uploads\/2020\/01\/Share-logo.png","width":200,"height":200,"caption":"iFamNews"},"image":{"@id":"https:\/\/ifamnews.com\/en\/#\/schema\/logo\/image\/"},"sameAs":["https:\/\/www.facebook.com\/iFamNews","https:\/\/x.com\/iFamNewsEN"]},{"@type":"Person","@id":"https:\/\/ifamnews.com\/en\/#\/schema\/person\/f0579ab02623e80d44006c1a5d949ea9","name":"Marco Respinti","image":{"@type":"ImageObject","inLanguage":"it-IT","@id":"https:\/\/secure.gravatar.com\/avatar\/4ab04a5127131015e13010f222e38621144dc33a5df5d977b35ceeab15ee958f?s=96&d=mm&r=g","url":"https:\/\/secure.gravatar.com\/avatar\/4ab04a5127131015e13010f222e38621144dc33a5df5d977b35ceeab15ee958f?s=96&d=mm&r=g","contentUrl":"https:\/\/secure.gravatar.com\/avatar\/4ab04a5127131015e13010f222e38621144dc33a5df5d977b35ceeab15ee958f?s=96&d=mm&r=g","caption":"Marco Respinti"},"description":"Marco Respinti was the Editor-in-Chief of International Family News until the end of 2022. He is an Italian professional journalist, member of the International Federation of Journalists (IFJ), essayist, translator, and lecturer. He has contributed and contributes to several journals and magazines both in print and online, both in Italy and abroad. Author of books, he has translated and\/or edited works by, among others, Edmund Burke, Charles Dickens, T.S. Eliot, Russell Kirk, J.R.R. Tolkien, R\u00e9gine Pernoud and Gustave Thibon. A Senior fellow at the\u00a0Russell Kirk Center for Cultural Renewal (Mecosta, Michigan) he is also a founding member as well as Board member of the Center for European Renewal (The Hague, The Netherlands). A member of the Editorial Board of The European Conservative magazine, as well as a member of the Advisory Council of the European Federation for Freedom of Belief, he serves as Director-in-Charge of the academic publication The Journal of CESNUR and the online Bitter Winter: A Magazine on Religious Liberty and Human Rights.","sameAs":["https:\/\/facebook.com\/MarcoRespinti","https:\/\/it.linkedin.com\/in\/marcorespinti","https:\/\/pinterest.it\/MarcoRespinti\/_created\/","https:\/\/x.com\/https:\/\/twitter.com\/MarcoRespinti","https:\/\/youtube.com\/channel\/UC1FbsvyQNTQ-snpsmRC12Og?view_as=subscriber"],"url":"https:\/\/ifamnews.com\/it\/author\/mrespinti"}]}},"amp_enabled":true,"_links":{"self":[{"href":"https:\/\/ifamnews.com\/it\/wp-json\/wp\/v2\/posts\/21265","targetHints":{"allow":["GET"]}}],"collection":[{"href":"https:\/\/ifamnews.com\/it\/wp-json\/wp\/v2\/posts"}],"about":[{"href":"https:\/\/ifamnews.com\/it\/wp-json\/wp\/v2\/types\/post"}],"author":[{"embeddable":true,"href":"https:\/\/ifamnews.com\/it\/wp-json\/wp\/v2\/users\/7"}],"replies":[{"embeddable":true,"href":"https:\/\/ifamnews.com\/it\/wp-json\/wp\/v2\/comments?post=21265"}],"version-history":[{"count":4,"href":"https:\/\/ifamnews.com\/it\/wp-json\/wp\/v2\/posts\/21265\/revisions"}],"predecessor-version":[{"id":21287,"href":"https:\/\/ifamnews.com\/it\/wp-json\/wp\/v2\/posts\/21265\/revisions\/21287"}],"wp:featuredmedia":[{"embeddable":true,"href":"https:\/\/ifamnews.com\/it\/wp-json\/wp\/v2\/media\/21267"}],"wp:attachment":[{"href":"https:\/\/ifamnews.com\/it\/wp-json\/wp\/v2\/media?parent=21265"}],"wp:term":[{"taxonomy":"category","embeddable":true,"href":"https:\/\/ifamnews.com\/it\/wp-json\/wp\/v2\/categories?post=21265"},{"taxonomy":"post_tag","embeddable":true,"href":"https:\/\/ifamnews.com\/it\/wp-json\/wp\/v2\/tags?post=21265"}],"curies":[{"name":"wp","href":"https:\/\/api.w.org\/{rel}","templated":true}]}}