{"id":21145,"date":"2020-07-11T00:00:00","date_gmt":"2020-07-11T05:00:00","guid":{"rendered":"https:\/\/ifamnews.com\/?p=21145"},"modified":"2020-07-30T04:01:22","modified_gmt":"2020-07-30T09:01:22","slug":"londa-gay-che-corre-dal-giappone-allitalia","status":"publish","type":"post","link":"https:\/\/ifamnews.com\/it\/londa-gay-che-corre-dal-giappone-allitalia","title":{"rendered":"L\u2019onda gay che corre dal Giappone all\u2019Italia"},"content":{"rendered":"<p class=\"last-updated\">Last updated on Luglio 30th, 2020 at 04:01 am<\/p>\n<p>La <a href=\"https:\/\/dentsu.com\/\" target=\"_blank\" rel=\"noopener noreferrer\">societ\u00e0 giapponese Dentsu Inc.<\/a> definisce il proprio <em>core business<\/em> come \u00ab<em>integrated communication design<\/em>\u00bb e infatti si occupa di fornire soluzioni integrate per comunicazione e servizi di gestione e consulenza aziendale. \u00c8 un\u2019impresa di lunga tradizione, che al 1\u00b0 gennaio di quest\u2019anno contava 6.935 dipendenti e un capitale sociale di 10mila milioni di <em>yen<\/em>.<\/p>\n\n\n\n<p>Fra le attivit\u00e0 della compagnia rientra anche la <a href=\"https:\/\/asahi.com\/ajw\/articles\/AJ201901280009.html\" target=\"_blank\" rel=\"noopener noreferrer\">realizzazione di sondaggi<\/a> su temi rilevanti che evidentemente richiamano l\u2019attenzione dei committenti, fra cui, per esempio, quello dell\u2019ottobre 2018 che vedrebbe il 78% dei giapponesi tra i 20 e i 59 anni favorevoli ai \u201cmatrimoni\u201d fra persone dello stesso sesso, \u201cmatrimoni\u201d che per\u00f2 oggi nel Paese del Sol levante sono illegali. Come da <em>clich\u00e9<\/em>, i giovani sarebbero maggiormente schierati a favore, cos\u00ec come le donne (l&#8217;87,9%, rispetto al 69,2% degli uomini). <\/p>\n\n\n\n<p>\u201ciFamNews\u201d, del resto, ha gi\u00e0 avuto occasione per sottolineare l\u2019interesse strumentale del mondo della pubblicit\u00e0 e della comunicazione per temi dichiaratamente LGBT+, per esempio nel caso di taluni famosi <em>brand<\/em> di <a href=\"https:\/\/ifamnews.com\/it\/la-sfumatura-arcobaleno-del-caffe-italiano\/\" target=\"_blank\" rel=\"noopener noreferrer\">caff\u00e9 italiani<\/a> e <a href=\"https:\/\/ifamnews.com\/it\/starbucks-gay-friendly-a-scopo-di-lucro\/\" target=\"_blank\" rel=\"noopener noreferrer\">statunitensi<\/a>.<\/p>\n\n\n\n<p>Ora, il primo ministro nipponico, Shinzo Abe, del Partito Liberale Democratico, sostiene per\u00f2 l\u2019illegittimit\u00e0 del \u201cmatrimonio\u201d <em>same sex <\/em>in Giappone sulla base dell\u2019articolo 24 della <em><a href=\"https:\/\/filodiritto.com\/costituzione-del-giappone\" target=\"_blank\" rel=\"noopener noreferrer\">Costituzione<\/a>,<\/em> la quale afferma che \u00abil matrimonio pu\u00f2 basarsi esclusivamente sul mutuo consenso di entrambi i sessi&nbsp;\u00bb.<\/p>\n\n\n\n<p>In realt\u00e0, <a href=\"https:\/\/japantimes.co.jp\/news\/2020\/06\/27\/national\/social-issues\/lgbt-same-sex-marriage-japan\/\" target=\"_blank\" rel=\"noopener noreferrer\">alcune sezioni territoriali delle grandi citt\u00e0 giapponesi, per esempio i quartieri speciali di Shibuya e Setagaya a Tokyo, riconoscono il partenariato<\/a>&nbsp;omosessuale, cos\u00ec come fanno le prefetture di Ibaraki e di Osaka, al punto che oggi circa 50 amministrazioni locali del Paese ammettono la <em>partnership<\/em> tra persone dello stesso sesso. Ci\u00f2 significa che esistono e che sono riconosciuti anche alcuni diritti, che riguardano per esempio le visite in ospedale al compagno o alla compagna, oppure l\u2019assegnazione alle coppie di appartamenti in affitto. &nbsp;<\/p>\n\n\n\n<p>A oggi, insomma, nella capitale e nel resto del Paese la situazione presenta elementi di ambiguit\u00e0, e ci\u00f2 fa s\u00ec che le associazioni pro-LGBT, quali per esempio <a href=\"https:\/\/equaldex.com\/region\/japan\" target=\"_blank\" rel=\"noopener noreferrer\">Equaldex, nel fornire dati e analisi<\/a> tendano piuttosto a sottolinearne le criticit\u00e0.<\/p>\n\n\n\n<p>\u00c8 vero per\u00f2 che la <em>Costituzione<\/em>\ngiapponese, in vigore\ndal 1947, promette pari diritti a tutti i cittadini, e che questo venga ampiamente\ninterpretato come estensione di tutti i diritti, compreso il matrimonio, anche\nalle persone LGBT+. <\/p>\n\n\n\n<p>\u00c8 facile allora avvertire anche in Italia una eco di situazioni analoghe quando si parla dell\u2019ormai famigerato \u00abDdl Zan\u00bb, il cosiddetto decreto \u201cantiomofobia\u201d, che pretenderebbe di normare una condizione gi\u00e0 ampiamente normata dalla <em><a href=\"https:\/\/senato.it\/documenti\/repository\/istituzione\/costituzione.pdf\" target=\"_blank\" rel=\"noopener noreferrer\">Costituzione<\/a><\/em> italiana: non \u00e8 lecito discriminare o usare violenza a nessuno, oggi, per nessun motivo, e le leggi vigenti sono largamente sufficienti per garantire i diritti di ciascuno, oltre che per reprimere e per punire qualsiasi forma di aggressione, ai danni di chiunque.&nbsp; <\/p>\n\n\n\n<p><a href=\"https:\/\/ifamnews.com\/it\/ddl-zan-la-grande-bugia-che-cancella-la-realta\/\" target=\"_blank\" rel=\"noopener noreferrer\">Ci\u00f2 che invece non sarebbe garantito<\/a>, se il 27 luglio passassero a Montecitorio le modifiche agli articoli 604-<em>bis<\/em> e 604-<em>ter<\/em>, sarebbe piuttosto <a href=\"https:\/\/ifamnews.com\/it\/ddl-zan-la-grande-bugia-che-cancella-la-realta\/\" target=\"_blank\" rel=\"noopener noreferrer\">la libert\u00e0 di pensiero, di opinione e di parola<\/a>.<\/p>\n\n\n\n<p>&nbsp;<a href=\"#_msoanchor_2\">[<\/a><\/p>\n","protected":false},"excerpt":{"rendered":"<p>Breve viaggio nella pretesa LGBT+ di normare ci\u00f2 che \u00e8 gi\u00e0 normato, a scapito dei diritti di chi non si allinea al pensiero unico<\/p>\n","protected":false},"author":14,"featured_media":21119,"comment_status":"open","ping_status":"open","sticky":false,"template":"","format":"standard","meta":{"give_campaign_id":0,"om_disable_all_campaigns":false,"_monsterinsights_skip_tracking":false,"_monsterinsights_sitenote_active":false,"_monsterinsights_sitenote_note":"","_monsterinsights_sitenote_category":0,"mc4wp_mailchimp_campaign":[],"jnews-multi-image_gallery":[],"jnews_single_post":{"subtitle":"Breve viaggio nella pretesa LGBT+ di normare ci\u00f2 che \u00e8 gi\u00e0 normato, a scapito dei diritti di chi non si allinea al pensiero unico","format":"standard","video":"","gallery":"","source_name":"","source_url":"","via_name":"","via_url":"","override":[{"single_blog_custom":"","sidebar":"","second_sidebar":"","share_position":"","share_float_style":"","post_date_format":"","post_date_format_custom":"","post_reading_time_wpm":"","zoom_button_out_step":"1","zoom_button_in_step":"1","number_popup_post":"1"}],"image_override":[{"single_post_thumbnail_size":"","single_post_gallery_size":""}],"trending_post_position":"","trending_post_label":""},"jnews_primary_category":{"id":""},"jnews_social_meta":{"fb_title":"","fb_description":"","fb_image":"","twitter_title":"","twitter_description":"","twitter_image":""},"jnews_override_counter":{"view_counter_number":"0","share_counter_number":"0","like_counter_number":"0","dislike_counter_number":"0"},"footnotes":""},"categories":[781],"tags":[],"class_list":["post-21145","post","type-post","status-publish","format-standard","has-post-thumbnail","hentry","category-famiglia"],"yoast_head":"<!-- This site is optimized with the Yoast SEO Premium plugin v25.9 (Yoast SEO v27.3) - https:\/\/yoast.com\/product\/yoast-seo-premium-wordpress\/ -->\n<title>L\u2019onda gay che corre dal Giappone all\u2019Italia - IFN<\/title>\n<meta name=\"description\" content=\"Fra Giappone e Italia, breve viaggio nella pretesa LGBT+ di normare ci\u00f2 che \u00e8 gi\u00e0 normato, a scapito dei diritti di chi non si allinea al pensiero unico\" \/>\n<meta name=\"robots\" content=\"index, follow, max-snippet:-1, max-image-preview:large, max-video-preview:-1\" \/>\n<link rel=\"canonical\" href=\"https:\/\/ifamnews.com\/it\/londa-gay-che-corre-dal-giappone-allitalia\" \/>\n<meta property=\"og:locale\" content=\"it_IT\" \/>\n<meta property=\"og:type\" content=\"article\" \/>\n<meta property=\"og:title\" content=\"L\u2019onda gay che corre dal Giappone all\u2019Italia\" \/>\n<meta property=\"og:description\" content=\"Fra Giappone e Italia, breve viaggio nella pretesa LGBT+ di normare ci\u00f2 che \u00e8 gi\u00e0 normato, a scapito dei diritti di chi non si allinea al pensiero unico\" \/>\n<meta property=\"og:url\" content=\"https:\/\/ifamnews.com\/it\/londa-gay-che-corre-dal-giappone-allitalia\" \/>\n<meta property=\"og:site_name\" content=\"IFN\" \/>\n<meta property=\"article:publisher\" content=\"https:\/\/www.facebook.com\/iFamNews\" \/>\n<meta property=\"article:published_time\" content=\"2020-07-11T05:00:00+00:00\" \/>\n<meta property=\"article:modified_time\" content=\"2020-07-30T09:01:22+00:00\" \/>\n<meta property=\"og:image\" content=\"https:\/\/ifamnews.com\/wp-content\/uploads\/2020\/07\/Giappone-cartina-arcobaleno-LGBT.png\" \/>\n\t<meta property=\"og:image:width\" content=\"875\" \/>\n\t<meta property=\"og:image:height\" content=\"899\" \/>\n\t<meta property=\"og:image:type\" content=\"image\/png\" \/>\n<meta name=\"author\" content=\"Barbara Santambrogio\" \/>\n<meta name=\"twitter:card\" content=\"summary_large_image\" \/>\n<meta name=\"twitter:creator\" content=\"@iFamNewsEN\" \/>\n<meta name=\"twitter:site\" content=\"@iFamNewsEN\" \/>\n<meta name=\"twitter:label1\" content=\"Scritto da\" \/>\n\t<meta name=\"twitter:data1\" content=\"Barbara Santambrogio\" \/>\n\t<meta name=\"twitter:label2\" content=\"Tempo di lettura stimato\" \/>\n\t<meta name=\"twitter:data2\" content=\"2 minuti\" \/>\n<!-- \/ Yoast SEO Premium plugin. -->","yoast_head_json":{"title":"L\u2019onda gay che corre dal Giappone all\u2019Italia - IFN","description":"Fra Giappone e Italia, breve viaggio nella pretesa LGBT+ di normare ci\u00f2 che \u00e8 gi\u00e0 normato, a scapito dei diritti di chi non si allinea al pensiero unico","robots":{"index":"index","follow":"follow","max-snippet":"max-snippet:-1","max-image-preview":"max-image-preview:large","max-video-preview":"max-video-preview:-1"},"canonical":"https:\/\/ifamnews.com\/it\/londa-gay-che-corre-dal-giappone-allitalia","og_locale":"it_IT","og_type":"article","og_title":"L\u2019onda gay che corre dal Giappone all\u2019Italia","og_description":"Fra Giappone e Italia, breve viaggio nella pretesa LGBT+ di normare ci\u00f2 che \u00e8 gi\u00e0 normato, a scapito dei diritti di chi non si allinea al pensiero unico","og_url":"https:\/\/ifamnews.com\/it\/londa-gay-che-corre-dal-giappone-allitalia","og_site_name":"IFN","article_publisher":"https:\/\/www.facebook.com\/iFamNews","article_published_time":"2020-07-11T05:00:00+00:00","article_modified_time":"2020-07-30T09:01:22+00:00","og_image":[{"width":875,"height":899,"url":"https:\/\/ifamnews.com\/wp-content\/uploads\/2020\/07\/Giappone-cartina-arcobaleno-LGBT.png","type":"image\/png"}],"author":"Barbara Santambrogio","twitter_card":"summary_large_image","twitter_creator":"@iFamNewsEN","twitter_site":"@iFamNewsEN","twitter_misc":{"Scritto da":"Barbara Santambrogio","Tempo di lettura stimato":"2 minuti"},"schema":{"@context":"https:\/\/schema.org","@graph":[{"@type":"NewsArticle","@id":"https:\/\/ifamnews.com\/it\/londa-gay-che-corre-dal-giappone-allitalia#article","isPartOf":{"@id":"https:\/\/ifamnews.com\/it\/londa-gay-che-corre-dal-giappone-allitalia"},"author":{"name":"Barbara Santambrogio","@id":"https:\/\/ifamnews.com\/en\/#\/schema\/person\/17118599da2799311b3611609a244572"},"headline":"L\u2019onda gay che corre dal Giappone all\u2019Italia","datePublished":"2020-07-11T05:00:00+00:00","dateModified":"2020-07-30T09:01:22+00:00","mainEntityOfPage":{"@id":"https:\/\/ifamnews.com\/it\/londa-gay-che-corre-dal-giappone-allitalia"},"wordCount":485,"commentCount":0,"publisher":{"@id":"https:\/\/ifamnews.com\/en\/#organization"},"image":{"@id":"https:\/\/ifamnews.com\/it\/londa-gay-che-corre-dal-giappone-allitalia#primaryimage"},"thumbnailUrl":"https:\/\/ifamnews.com\/wp-content\/uploads\/2020\/07\/Giappone-cartina-arcobaleno-LGBT.png","articleSection":["Famiglia"],"inLanguage":"it-IT","potentialAction":[{"@type":"CommentAction","name":"Comment","target":["https:\/\/ifamnews.com\/it\/londa-gay-che-corre-dal-giappone-allitalia#respond"]}]},{"@type":"WebPage","@id":"https:\/\/ifamnews.com\/it\/londa-gay-che-corre-dal-giappone-allitalia","url":"https:\/\/ifamnews.com\/it\/londa-gay-che-corre-dal-giappone-allitalia","name":"L\u2019onda gay che corre dal Giappone all\u2019Italia - IFN","isPartOf":{"@id":"https:\/\/ifamnews.com\/en\/#website"},"primaryImageOfPage":{"@id":"https:\/\/ifamnews.com\/it\/londa-gay-che-corre-dal-giappone-allitalia#primaryimage"},"image":{"@id":"https:\/\/ifamnews.com\/it\/londa-gay-che-corre-dal-giappone-allitalia#primaryimage"},"thumbnailUrl":"https:\/\/ifamnews.com\/wp-content\/uploads\/2020\/07\/Giappone-cartina-arcobaleno-LGBT.png","datePublished":"2020-07-11T05:00:00+00:00","dateModified":"2020-07-30T09:01:22+00:00","description":"Fra Giappone e Italia, breve viaggio nella pretesa LGBT+ di normare ci\u00f2 che \u00e8 gi\u00e0 normato, a scapito dei diritti di chi non si allinea al pensiero unico","breadcrumb":{"@id":"https:\/\/ifamnews.com\/it\/londa-gay-che-corre-dal-giappone-allitalia#breadcrumb"},"inLanguage":"it-IT","potentialAction":[{"@type":"ReadAction","target":["https:\/\/ifamnews.com\/it\/londa-gay-che-corre-dal-giappone-allitalia"]}]},{"@type":"ImageObject","inLanguage":"it-IT","@id":"https:\/\/ifamnews.com\/it\/londa-gay-che-corre-dal-giappone-allitalia#primaryimage","url":"https:\/\/ifamnews.com\/wp-content\/uploads\/2020\/07\/Giappone-cartina-arcobaleno-LGBT.png","contentUrl":"https:\/\/ifamnews.com\/wp-content\/uploads\/2020\/07\/Giappone-cartina-arcobaleno-LGBT.png","width":875,"height":899,"caption":"Image from Wikipedia"},{"@type":"BreadcrumbList","@id":"https:\/\/ifamnews.com\/it\/londa-gay-che-corre-dal-giappone-allitalia#breadcrumb","itemListElement":[{"@type":"ListItem","position":1,"name":"Home","item":"https:\/\/ifamnews.com\/de"},{"@type":"ListItem","position":2,"name":"Famiglia","item":"https:\/\/ifamnews.com\/it\/categoria\/famiglia"},{"@type":"ListItem","position":3,"name":"L\u2019onda gay che corre dal Giappone all\u2019Italia"}]},{"@type":"WebSite","@id":"https:\/\/ifamnews.com\/en\/#website","url":"https:\/\/ifamnews.com\/en\/","name":"IFN","description":"International Family News Network","publisher":{"@id":"https:\/\/ifamnews.com\/en\/#organization"},"potentialAction":[{"@type":"SearchAction","target":{"@type":"EntryPoint","urlTemplate":"https:\/\/ifamnews.com\/en\/?s={search_term_string}"},"query-input":{"@type":"PropertyValueSpecification","valueRequired":true,"valueName":"search_term_string"}}],"inLanguage":"it-IT"},{"@type":"Organization","@id":"https:\/\/ifamnews.com\/en\/#organization","name":"iFamNews","url":"https:\/\/ifamnews.com\/en\/","logo":{"@type":"ImageObject","inLanguage":"it-IT","@id":"https:\/\/ifamnews.com\/en\/#\/schema\/logo\/image\/","url":"https:\/\/ifamnews.com\/wp-content\/uploads\/2020\/01\/Share-logo.png","contentUrl":"https:\/\/ifamnews.com\/wp-content\/uploads\/2020\/01\/Share-logo.png","width":200,"height":200,"caption":"iFamNews"},"image":{"@id":"https:\/\/ifamnews.com\/en\/#\/schema\/logo\/image\/"},"sameAs":["https:\/\/www.facebook.com\/iFamNews","https:\/\/x.com\/iFamNewsEN"]},{"@type":"Person","@id":"https:\/\/ifamnews.com\/en\/#\/schema\/person\/17118599da2799311b3611609a244572","name":"Barbara Santambrogio","image":{"@type":"ImageObject","inLanguage":"it-IT","@id":"https:\/\/secure.gravatar.com\/avatar\/e82fde821e1707b5acb9fe7ab0a5d6e32d42db6117e73021c2fc05cc90dad32f?s=96&d=mm&r=g","url":"https:\/\/secure.gravatar.com\/avatar\/e82fde821e1707b5acb9fe7ab0a5d6e32d42db6117e73021c2fc05cc90dad32f?s=96&d=mm&r=g","contentUrl":"https:\/\/secure.gravatar.com\/avatar\/e82fde821e1707b5acb9fe7ab0a5d6e32d42db6117e73021c2fc05cc90dad32f?s=96&d=mm&r=g","caption":"Barbara Santambrogio"},"description":"After an original and varied working path, in the field of advertising and publishing, but also in the world of wine, she finally came to deal with what she is most passionate about. Today she writes (for the web, but not only), deals with translations and teaches in elementary school. Biological and adoptive mother, she loves reading and running.","url":"https:\/\/ifamnews.com\/it\/author\/bsantambrogio"}]}},"amp_enabled":true,"_links":{"self":[{"href":"https:\/\/ifamnews.com\/it\/wp-json\/wp\/v2\/posts\/21145","targetHints":{"allow":["GET"]}}],"collection":[{"href":"https:\/\/ifamnews.com\/it\/wp-json\/wp\/v2\/posts"}],"about":[{"href":"https:\/\/ifamnews.com\/it\/wp-json\/wp\/v2\/types\/post"}],"author":[{"embeddable":true,"href":"https:\/\/ifamnews.com\/it\/wp-json\/wp\/v2\/users\/14"}],"replies":[{"embeddable":true,"href":"https:\/\/ifamnews.com\/it\/wp-json\/wp\/v2\/comments?post=21145"}],"version-history":[{"count":2,"href":"https:\/\/ifamnews.com\/it\/wp-json\/wp\/v2\/posts\/21145\/revisions"}],"predecessor-version":[{"id":21198,"href":"https:\/\/ifamnews.com\/it\/wp-json\/wp\/v2\/posts\/21145\/revisions\/21198"}],"wp:featuredmedia":[{"embeddable":true,"href":"https:\/\/ifamnews.com\/it\/wp-json\/wp\/v2\/media\/21119"}],"wp:attachment":[{"href":"https:\/\/ifamnews.com\/it\/wp-json\/wp\/v2\/media?parent=21145"}],"wp:term":[{"taxonomy":"category","embeddable":true,"href":"https:\/\/ifamnews.com\/it\/wp-json\/wp\/v2\/categories?post=21145"},{"taxonomy":"post_tag","embeddable":true,"href":"https:\/\/ifamnews.com\/it\/wp-json\/wp\/v2\/tags?post=21145"}],"curies":[{"name":"wp","href":"https:\/\/api.w.org\/{rel}","templated":true}]}}