{"id":20872,"date":"2020-07-10T00:00:00","date_gmt":"2020-07-10T05:00:00","guid":{"rendered":"https:\/\/ifamnews.com\/?p=20872"},"modified":"2020-07-09T11:03:39","modified_gmt":"2020-07-09T16:03:39","slug":"covid-19-il-vaccino-quali-implicazioni-etiche","status":"publish","type":"post","link":"https:\/\/ifamnews.com\/it\/covid-19-il-vaccino-quali-implicazioni-etiche","title":{"rendered":"Covid-19, il vaccino: quali implicazioni etiche?"},"content":{"rendered":"\n<p>Il 5 giugno 2019 il presidente degli Stati Uniti d\u2019America, Donald J. Trump, ha imposto <a href=\"https:\/\/hhs.gov\/about\/news\/2019\/06\/05\/statement-from-the-department-of-health-and-human-services.html\" target=\"_blank\" rel=\"noopener noreferrer\">restrizioni significative<\/a> al National Institutes of Health (NIH) \u2012 la maggiore agenzia biomedica del mondo, dipendente dal ministro statunitense della Salute \u2012 vietando di finanziare la ricerca che coinvolge l\u2019utilizzo di tessuto fetale derivante da aborti elettivi. L\u2019azzeramento del finanziamento pubblico alle pratiche di laboratorio basate su manipolazione dei feti <a href=\"https:\/\/ilgiornale.it\/news\/mondo\/usa-trump-mette-fine-sperimentazione-stato-sui-feti-umani-1706983.html\" target=\"_blank\" rel=\"noopener noreferrer\">\u00e8 stato considerato<\/a> \u00abulteriore manifestazione della volont\u00e0 dell\u2019amministrazione Trump di difendere la dignit\u00e0 delle persone dal concepimento alla loro fine naturale\u00bb.<\/p>\n\n\n\n<p>La decisione \u00e8 ovviamente finita nel mirino delle <a href=\"https:\/\/sciencemag.org\/news\/2019\/06\/trump-administration-restricts-fetal-tissue-research\" target=\"_blank\" rel=\"noopener noreferrer\">critiche della comunit\u00e0 scientifica<\/a>: l\u2019impedimento a utilizzare tessuto umano proveniente da feti abortiti interromperebbe infatti ricerche salvavita. Il disaccordo si \u00e8 concretizzato in <a href=\"https:\/\/degette.house.gov\/media-center\/press-releases\/degette-calls-on-hhs-to-lift-restrictions-on-human-fetal-tissue-research\" target=\"_blank\" rel=\"noopener noreferrer\">una lettera<\/a> che un certo numero di parlamentari Democratici ha inviato al ministro della salute, Alex Azar, per chiedere la sospensione delle restrizioni onde \u00abprevenire, sviluppare trattamenti e curare il nuovo <em>coronavirus<\/em>\u00bb. Senza l\u2019utilizzo di materiale umano fetale, infatti, gli Stati Uniti, dicono i firmatari della lettera, non riuscirebbero a \u00abguidare il mondo ad avanzare nella ricerca in grado di alleviare questa pandemia\u00bb.<\/p>\n\n\n\n<h3 class=\"wp-block-heading\"><strong>Il tessuto fetale nella\nricerca medica<\/strong><\/h3>\n\n\n\n<p>Perch\u00e9 \u00e8 cos\u00ec importante l\u2019utilizzo di tessuto fetale umano nella ricerca medica, soprattutto per gli studi finalizzati alla produzione di vaccini? Considerando la ricerca focalizzata sullo sviluppo di un vaccino contro il CoViD-19, uno dei problemi affrontati dagli scienziati \u00e8 stata la difficolt\u00e0 di infettare piccoli animali da laboratorio \u2013 come i topi \u2013 con il <em>coronavirus<\/em>. <a href=\"https:\/\/ncbi.nlm.nih.gov\/pmc\/articles\/PMC6776695\/\" target=\"_blank\" rel=\"noopener noreferrer\">Altri generi di topi<\/a>, quelli dotati di polmoni simili a quelli umani derivati, sono invece risultati sensibili alle infezioni e quindi utili per testare potenziali trattamenti contro il <em>virus<\/em>. Il tessuto fetale umano sarebbe dunque necessario per produrre animali da laboratorio geneticamente modificati in modo da esser pi\u00f9 simili agli esseri umani nelle caratteristiche specifiche per la malattia oggetto della ricerca. Linee cellulari fetali umane sono del resto necessarie, cos\u00ec mostra la storia della ricerca sui vaccini, per la coltivazione dei <em>virus<\/em>. \u00c8 cos\u00ec che, negli anni, <a href=\"https:\/\/science.sciencemag.org\/content\/368\/6494\/1012\" target=\"_blank\" rel=\"noopener noreferrer\">scimmie<\/a>, <a href=\"https:\/\/nature.com\/articles\/s41586-020-2342-5\" target=\"_blank\" rel=\"noopener noreferrer\">criceti<\/a> e <a href=\"https:\/\/nature.com\/articles\/s41586-020-2312-y\" target=\"_blank\" rel=\"noopener noreferrer\">topi transgenici<\/a> sono stati modificati in modo da sviluppare il gene del recettore delle cellule umane preso di mira dal <em>virus<\/em>.<\/p>\n\n\n\n<h3 class=\"wp-block-heading\"><strong>Una questione etica<\/strong><\/h3>\n\n\n\n<p><a href=\"https:\/\/thepublicdiscourse.com\/2020\/04\/62734\/\" target=\"_blank\" rel=\"noopener noreferrer\">Esiste una prospettiva<\/a> secondo la quale pu\u00f2 essere giusto, o anche solo accettabile, utilizzare materiale fetale umano abortito nella ricerca medica? Anzitutto non si pu\u00f2 pensare che chi pure condivida la liceit\u00e0 dell\u2019aborto debba necessariamente accettare l\u2019utilizzo di un essere umano (e l\u2019appartenenza del nascituro al genere umano \u00e8 chiaramente stabilita dalla scienza, senza necessit\u00e0 di ulteriori giudizi etici o addirittura religiosi) ai fini della ricerca scientifica. Non ha statura argomentativa neppure il tentativo di \u201cgiustificare\u201d l\u2019opportunit\u00e0 di \u201cfare del bene\u201d in seguito a un\u2019azione riconosciuta in s\u00e9 \u201ccattiva\u201d. Anzitutto, infatti, se veramente da un atto intrinsecamente malvagio si fosse in grado di riconoscere conseguenze positive, questo modificherebbe significativamente la percezione della malvagit\u00e0 dell\u2019atto in s\u00e9, ponendo le premesse per lo sdoganamento dell\u2019atto stesso. In secondo luogo, non \u00e8 eticamente accettabile immaginare che un insieme di esseri umani possa essere identificato non solo per essere ucciso a piacimento \u2013 come gi\u00e0 avviene con l\u2019aborto elettivo \u2013 a beneficio di un singolo individuo, ma perch\u00e9 i suoi resti fisici vengano usati, senza alcun consenso da parte degli interessati, a beneficio della societ\u00e0. <\/p>\n\n\n\n<p>L\u2019affermazione secondo\ncui la medicina, finalizzata alla cura degli individui, debba necessariamente\nperseguire lo sviluppo di un vaccino contro il CoViD-19 a qualsiasi costo \u2013 e\nquindi anche con l\u2019utilizzo di materiale fetale umano abortito \u2013 contiene una\ncontraddizione interna: non \u00e8 possibile, infatti, giustificare la distruzione\ndeliberata della vita e della salute di alcuni per promuovere il benessere di\naltri. Proprio in un momento di crisi, quale quello odierno, \u00e8 necessario che i\nprinc\u00ecpi etici messi alla prova vengano mantenuti strenuamente al fine di\ndeterminare il tipo di societ\u00e0 che uscir\u00e0 dalla crisi.<\/p>\n\n\n\n<h3 class=\"wp-block-heading\"><strong>Risvolti pratici delle\nquestioni etiche<\/strong><\/h3>\n\n\n\n<p>Le restrizioni imposte dall\u2019amministrazione Trump hanno peraltro validit\u00e0 sulle ricerche scientifiche successive alla loro entrata in vigore. Esistono linee fetali prodotte prima del giugno scorso che continueranno a essere utilizzate per lo sviluppo di ricerche e di vaccini, cos\u00ec come esistono animali di laboratorio gi\u00e0 geneticamente modificati e quindi ricettivi al virus. Questa considerazione, squisitamente pratica, sarebbe di per s\u00e9 sufficiente a respingere la richiesta di sospensione delle restrizioni. Di fatto il governo ha gi\u00e0 <a href=\"https:\/\/forbes.com\/sites\/thomasbrewster\/2020\/03\/30\/the-us-just-signed-a-450-million-coronavirus-vaccine-contract-with-johnson--johnson\/#79df91e32946\" target=\"_blank\" rel=\"noopener noreferrer\">stanziato 450 milioni di dollari a beneficio della societ\u00e0 farmaceutica Johnson &amp; Johnson<\/a> per un vaccino che verr\u00e0 coltivato su una <a href=\"https:\/\/lozierinstitute.org\/an-ethics-assessment-of-covid-19-vaccine-programs\/\" target=\"_blank\" rel=\"noopener noreferrer\">linea fetale umana<\/a> sviluppata prima di giugno 2019. <\/p>\n\n\n\n<p>Esistono inoltre progetti di ricerca alternativi che <a href=\"https:\/\/lozierinstitute.org\/an-ethics-assessment-of-covid-19-vaccine-programs\/\" target=\"_blank\" rel=\"noopener noreferrer\">non prevedono l\u2019utilizzo di linee cellulari fetali<\/a>: quantomeno dare priorit\u00e0 allo sviluppo di un vaccino privo di cellule fetali riconoscerebbe l\u2019importanza delle profonde obiezioni morali sollevate contro l\u2019utilizzo di esseri umani (o dei loro resti) in vista del benessere di altri esseri umani.  Come appare <a href=\"https:\/\/ifamnews.com\/it\/il-mondo-che-non-vogliamo-malgrado-il-coronavirus\/\" target=\"_blank\" rel=\"noopener noreferrer\">profondamente ingiusto<\/a> stabilire criteri di cura in base alle intenzioni \u2013 abbandonando preventivamente un malato in condizioni di fragilit\u00e0 pregresse onde \u201cconservare il posto\u201d per pazienti pi\u00f9 meritevoli \u2013, cos\u00ec \u00e8 moralmente inaccettabile l\u2019utilizzo di esseri umani \u2013 anche se gi\u00e0 deceduti \u2013 per promuovere la salute di altri. Un paragone chiarifica il concetto in modo eccellente: come sottolinea <em>The New Atlantis<\/em> \u00abutilizzare organi di prigionieri giustiziati per il trapianto. [\u2026] Anche i medici che ritengono che la pena capitale sia legittima non dovrebbero espiantare gli organi dai condannati per trapiantarli, poich\u00e9 tale partecipazione all\u2019uccisione deliberata \u00e8 contraria agli scopi e al fine della&nbsp; medicina\u00bb. A meno di iniziare a pensare che il \u201c<a href=\"https:\/\/it.bitterwinter.org\/espianti-di-organi-in-aumento-a-causa-del-coronavirus\/\" target=\"_blank\" rel=\"noopener noreferrer\">modello cinese<\/a>\u201d abbia davvero il suo perch\u00e9.<\/p>\n","protected":false},"excerpt":{"rendered":"<p>\u00c8 moralmente accettabile un vaccino il cui sviluppo implichi l\u2019utilizzo di linee fetali umane?<\/p>\n","protected":false},"author":11,"featured_media":20874,"comment_status":"open","ping_status":"open","sticky":false,"template":"","format":"standard","meta":{"give_campaign_id":0,"om_disable_all_campaigns":false,"_monsterinsights_skip_tracking":false,"_monsterinsights_sitenote_active":false,"_monsterinsights_sitenote_note":"","_monsterinsights_sitenote_category":0,"mc4wp_mailchimp_campaign":[],"jnews-multi-image_gallery":[],"jnews_single_post":{"subtitle":"\u00c8 moralmente accettabile un vaccino il cui sviluppo implichi l\u2019utilizzo di linee fetali umane?","format":"standard","video":"","gallery":"","source_name":"","source_url":"","via_name":"","via_url":"","override":[{"single_blog_custom":"","sidebar":"","second_sidebar":"","share_position":"","share_float_style":"","post_date_format":"","post_date_format_custom":"","post_reading_time_wpm":"","zoom_button_out_step":"1","zoom_button_in_step":"1","number_popup_post":"1"}],"image_override":[{"single_post_thumbnail_size":"","single_post_gallery_size":""}],"trending_post_position":"","trending_post_label":""},"jnews_primary_category":{"id":"779"},"jnews_social_meta":{"fb_title":"","fb_description":"","fb_image":"","twitter_title":"","twitter_description":"","twitter_image":""},"jnews_override_counter":{"view_counter_number":"0","share_counter_number":"0","like_counter_number":"0","dislike_counter_number":"0"},"footnotes":""},"categories":[778,779],"tags":[4611,4605,4604],"class_list":["post-20872","post","type-post","status-publish","format-standard","has-post-thumbnail","hentry","category-editoriali","category-scienza","tag-nih","tag-tessuto-fetale","tag-vaccini"],"yoast_head":"<!-- This site is optimized with the Yoast SEO Premium plugin v25.9 (Yoast SEO v27.3) - https:\/\/yoast.com\/product\/yoast-seo-premium-wordpress\/ -->\n<title>Covid-19, il vaccino: quali implicazioni etiche? - IFN<\/title>\n<meta name=\"description\" content=\"\u00c8 moralmente accettabile un vaccino per il Covid-19 il cui sviluppo implichi l\u2019utilizzo di linee fetali umane? Trump l&#039;ha impedito all&#039;NIH\" \/>\n<meta name=\"robots\" content=\"index, follow, max-snippet:-1, max-image-preview:large, max-video-preview:-1\" \/>\n<link rel=\"canonical\" href=\"https:\/\/ifamnews.com\/it\/covid-19-il-vaccino-quali-implicazioni-etiche\" \/>\n<meta property=\"og:locale\" content=\"it_IT\" \/>\n<meta property=\"og:type\" content=\"article\" \/>\n<meta property=\"og:title\" content=\"Covid-19, il vaccino: quali implicazioni etiche?\" \/>\n<meta property=\"og:description\" content=\"\u00c8 moralmente accettabile un vaccino per il Covid-19 il cui sviluppo implichi l\u2019utilizzo di linee fetali umane? Trump l&#039;ha impedito all&#039;NIH\" \/>\n<meta property=\"og:url\" content=\"https:\/\/ifamnews.com\/it\/covid-19-il-vaccino-quali-implicazioni-etiche\" \/>\n<meta property=\"og:site_name\" content=\"IFN\" \/>\n<meta property=\"article:publisher\" content=\"https:\/\/www.facebook.com\/iFamNews\" \/>\n<meta property=\"article:published_time\" content=\"2020-07-10T05:00:00+00:00\" \/>\n<meta property=\"og:image\" content=\"https:\/\/ifamnews.com\/wp-content\/uploads\/2020\/07\/forced-vaccination-5291869_1280-1.jpg\" \/>\n\t<meta property=\"og:image:width\" content=\"1200\" \/>\n\t<meta property=\"og:image:height\" content=\"675\" \/>\n\t<meta property=\"og:image:type\" content=\"image\/jpeg\" \/>\n<meta name=\"author\" content=\"Cristina Tamburini\" \/>\n<meta name=\"twitter:card\" content=\"summary_large_image\" \/>\n<meta name=\"twitter:creator\" content=\"@iFamNewsEN\" \/>\n<meta name=\"twitter:site\" content=\"@iFamNewsEN\" \/>\n<meta name=\"twitter:label1\" content=\"Scritto da\" \/>\n\t<meta name=\"twitter:data1\" content=\"Cristina Tamburini\" \/>\n\t<meta name=\"twitter:label2\" content=\"Tempo di lettura stimato\" \/>\n\t<meta name=\"twitter:data2\" content=\"5 minuti\" \/>\n<!-- \/ Yoast SEO Premium plugin. -->","yoast_head_json":{"title":"Covid-19, il vaccino: quali implicazioni etiche? - IFN","description":"\u00c8 moralmente accettabile un vaccino per il Covid-19 il cui sviluppo implichi l\u2019utilizzo di linee fetali umane? Trump l'ha impedito all'NIH","robots":{"index":"index","follow":"follow","max-snippet":"max-snippet:-1","max-image-preview":"max-image-preview:large","max-video-preview":"max-video-preview:-1"},"canonical":"https:\/\/ifamnews.com\/it\/covid-19-il-vaccino-quali-implicazioni-etiche","og_locale":"it_IT","og_type":"article","og_title":"Covid-19, il vaccino: quali implicazioni etiche?","og_description":"\u00c8 moralmente accettabile un vaccino per il Covid-19 il cui sviluppo implichi l\u2019utilizzo di linee fetali umane? Trump l'ha impedito all'NIH","og_url":"https:\/\/ifamnews.com\/it\/covid-19-il-vaccino-quali-implicazioni-etiche","og_site_name":"IFN","article_publisher":"https:\/\/www.facebook.com\/iFamNews","article_published_time":"2020-07-10T05:00:00+00:00","og_image":[{"width":1200,"height":675,"url":"https:\/\/ifamnews.com\/wp-content\/uploads\/2020\/07\/forced-vaccination-5291869_1280-1.jpg","type":"image\/jpeg"}],"author":"Cristina Tamburini","twitter_card":"summary_large_image","twitter_creator":"@iFamNewsEN","twitter_site":"@iFamNewsEN","twitter_misc":{"Scritto da":"Cristina Tamburini","Tempo di lettura stimato":"5 minuti"},"schema":{"@context":"https:\/\/schema.org","@graph":[{"@type":"NewsArticle","@id":"https:\/\/ifamnews.com\/it\/covid-19-il-vaccino-quali-implicazioni-etiche#article","isPartOf":{"@id":"https:\/\/ifamnews.com\/it\/covid-19-il-vaccino-quali-implicazioni-etiche"},"author":{"name":"Cristina Tamburini","@id":"https:\/\/ifamnews.com\/en\/#\/schema\/person\/43e7f156898341a8d33d23cccefde53a"},"headline":"Covid-19, il vaccino: quali implicazioni etiche?","datePublished":"2020-07-10T05:00:00+00:00","mainEntityOfPage":{"@id":"https:\/\/ifamnews.com\/it\/covid-19-il-vaccino-quali-implicazioni-etiche"},"wordCount":915,"commentCount":0,"publisher":{"@id":"https:\/\/ifamnews.com\/en\/#organization"},"image":{"@id":"https:\/\/ifamnews.com\/it\/covid-19-il-vaccino-quali-implicazioni-etiche#primaryimage"},"thumbnailUrl":"https:\/\/ifamnews.com\/wp-content\/uploads\/2020\/07\/forced-vaccination-5291869_1280-1.jpg","keywords":["NIH","tessuto fetale","vaccini"],"articleSection":["Editoriali","Scienza"],"inLanguage":"it-IT","potentialAction":[{"@type":"CommentAction","name":"Comment","target":["https:\/\/ifamnews.com\/it\/covid-19-il-vaccino-quali-implicazioni-etiche#respond"]}]},{"@type":"WebPage","@id":"https:\/\/ifamnews.com\/it\/covid-19-il-vaccino-quali-implicazioni-etiche","url":"https:\/\/ifamnews.com\/it\/covid-19-il-vaccino-quali-implicazioni-etiche","name":"Covid-19, il vaccino: quali implicazioni etiche? - IFN","isPartOf":{"@id":"https:\/\/ifamnews.com\/en\/#website"},"primaryImageOfPage":{"@id":"https:\/\/ifamnews.com\/it\/covid-19-il-vaccino-quali-implicazioni-etiche#primaryimage"},"image":{"@id":"https:\/\/ifamnews.com\/it\/covid-19-il-vaccino-quali-implicazioni-etiche#primaryimage"},"thumbnailUrl":"https:\/\/ifamnews.com\/wp-content\/uploads\/2020\/07\/forced-vaccination-5291869_1280-1.jpg","datePublished":"2020-07-10T05:00:00+00:00","description":"\u00c8 moralmente accettabile un vaccino per il Covid-19 il cui sviluppo implichi l\u2019utilizzo di linee fetali umane? Trump l'ha impedito all'NIH","breadcrumb":{"@id":"https:\/\/ifamnews.com\/it\/covid-19-il-vaccino-quali-implicazioni-etiche#breadcrumb"},"inLanguage":"it-IT","potentialAction":[{"@type":"ReadAction","target":["https:\/\/ifamnews.com\/it\/covid-19-il-vaccino-quali-implicazioni-etiche"]}]},{"@type":"ImageObject","inLanguage":"it-IT","@id":"https:\/\/ifamnews.com\/it\/covid-19-il-vaccino-quali-implicazioni-etiche#primaryimage","url":"https:\/\/ifamnews.com\/wp-content\/uploads\/2020\/07\/forced-vaccination-5291869_1280-1.jpg","contentUrl":"https:\/\/ifamnews.com\/wp-content\/uploads\/2020\/07\/forced-vaccination-5291869_1280-1.jpg","width":1200,"height":675,"caption":"Image from Pixabay"},{"@type":"BreadcrumbList","@id":"https:\/\/ifamnews.com\/it\/covid-19-il-vaccino-quali-implicazioni-etiche#breadcrumb","itemListElement":[{"@type":"ListItem","position":1,"name":"Home","item":"https:\/\/ifamnews.com\/de"},{"@type":"ListItem","position":2,"name":"Scienza","item":"https:\/\/ifamnews.com\/it\/categoria\/scienza"},{"@type":"ListItem","position":3,"name":"Covid-19, il vaccino: quali implicazioni etiche?"}]},{"@type":"WebSite","@id":"https:\/\/ifamnews.com\/en\/#website","url":"https:\/\/ifamnews.com\/en\/","name":"IFN","description":"International Family News Network","publisher":{"@id":"https:\/\/ifamnews.com\/en\/#organization"},"potentialAction":[{"@type":"SearchAction","target":{"@type":"EntryPoint","urlTemplate":"https:\/\/ifamnews.com\/en\/?s={search_term_string}"},"query-input":{"@type":"PropertyValueSpecification","valueRequired":true,"valueName":"search_term_string"}}],"inLanguage":"it-IT"},{"@type":"Organization","@id":"https:\/\/ifamnews.com\/en\/#organization","name":"iFamNews","url":"https:\/\/ifamnews.com\/en\/","logo":{"@type":"ImageObject","inLanguage":"it-IT","@id":"https:\/\/ifamnews.com\/en\/#\/schema\/logo\/image\/","url":"https:\/\/ifamnews.com\/wp-content\/uploads\/2020\/01\/Share-logo.png","contentUrl":"https:\/\/ifamnews.com\/wp-content\/uploads\/2020\/01\/Share-logo.png","width":200,"height":200,"caption":"iFamNews"},"image":{"@id":"https:\/\/ifamnews.com\/en\/#\/schema\/logo\/image\/"},"sameAs":["https:\/\/www.facebook.com\/iFamNews","https:\/\/x.com\/iFamNewsEN"]},{"@type":"Person","@id":"https:\/\/ifamnews.com\/en\/#\/schema\/person\/43e7f156898341a8d33d23cccefde53a","name":"Cristina Tamburini","image":{"@type":"ImageObject","inLanguage":"it-IT","@id":"https:\/\/secure.gravatar.com\/avatar\/4165d8e302e80b4826915d6dc5ff4095e2cdb523a870c0cb303347ba24f5e3c2?s=96&d=mm&r=g","url":"https:\/\/secure.gravatar.com\/avatar\/4165d8e302e80b4826915d6dc5ff4095e2cdb523a870c0cb303347ba24f5e3c2?s=96&d=mm&r=g","contentUrl":"https:\/\/secure.gravatar.com\/avatar\/4165d8e302e80b4826915d6dc5ff4095e2cdb523a870c0cb303347ba24f5e3c2?s=96&d=mm&r=g","caption":"Cristina Tamburini"},"description":"Cristina Tamburini, graduated in Philosophy with a thesis in Philosophical Anthropology on contemporary utilitarianism, wife and mother of seven children, has never abandoned the study and the passion for philosophical anthropology, ethics and bioethics. She has translated into Italian several texts, including Action and Conduct: Thomas Aquinas and the Theory of Action by Stephen L. Brock and Intention by G. Elizabeth M. Anscombe, extending her interests to theology (especially to eschatology and the Social Doctrine of the Church). He edited the blog Yes, they are all mine! to tell and explore the maternage and everyday life in a large family.","sameAs":["https:\/\/sonotuttimiei.blogspot.com\/","https:\/\/instagram.com\/cristambu\/"],"url":"https:\/\/ifamnews.com\/it\/author\/ctamburini"}]}},"amp_enabled":true,"_links":{"self":[{"href":"https:\/\/ifamnews.com\/it\/wp-json\/wp\/v2\/posts\/20872","targetHints":{"allow":["GET"]}}],"collection":[{"href":"https:\/\/ifamnews.com\/it\/wp-json\/wp\/v2\/posts"}],"about":[{"href":"https:\/\/ifamnews.com\/it\/wp-json\/wp\/v2\/types\/post"}],"author":[{"embeddable":true,"href":"https:\/\/ifamnews.com\/it\/wp-json\/wp\/v2\/users\/11"}],"replies":[{"embeddable":true,"href":"https:\/\/ifamnews.com\/it\/wp-json\/wp\/v2\/comments?post=20872"}],"version-history":[{"count":4,"href":"https:\/\/ifamnews.com\/it\/wp-json\/wp\/v2\/posts\/20872\/revisions"}],"predecessor-version":[{"id":21324,"href":"https:\/\/ifamnews.com\/it\/wp-json\/wp\/v2\/posts\/20872\/revisions\/21324"}],"wp:featuredmedia":[{"embeddable":true,"href":"https:\/\/ifamnews.com\/it\/wp-json\/wp\/v2\/media\/20874"}],"wp:attachment":[{"href":"https:\/\/ifamnews.com\/it\/wp-json\/wp\/v2\/media?parent=20872"}],"wp:term":[{"taxonomy":"category","embeddable":true,"href":"https:\/\/ifamnews.com\/it\/wp-json\/wp\/v2\/categories?post=20872"},{"taxonomy":"post_tag","embeddable":true,"href":"https:\/\/ifamnews.com\/it\/wp-json\/wp\/v2\/tags?post=20872"}],"curies":[{"name":"wp","href":"https:\/\/api.w.org\/{rel}","templated":true}]}}