{"id":206387,"date":"2023-07-30T02:00:00","date_gmt":"2023-07-30T06:00:00","guid":{"rendered":"https:\/\/ifamnews.com\/?p=206387"},"modified":"2023-07-27T15:00:33","modified_gmt":"2023-07-27T19:00:33","slug":"l-amore-nel-mondo-contemporaneo-ii","status":"publish","type":"post","link":"https:\/\/ifamnews.com\/it\/l-amore-nel-mondo-contemporaneo-ii","title":{"rendered":"L&#8217;amore nel mondo contemporaneo (II)"},"content":{"rendered":"\n<p><a href=\"https:\/\/ifamnews.com\/it\/l-amore-nel-mondo-contemporaneo\" target=\"_blank\" rel=\"noreferrer noopener\">Link per Parte I<\/a><\/p>\n\n\n\n<p><strong>Imparare ad amare: scoprire l&#8217;amore<\/strong><\/p>\n\n\n\n<p>Dimenticare cosa significa amare \u00e8 uno dei mali pi\u00f9 distruttivi del nostro tempo. Una delle cause principali del disincanto e della tensione che colpiscono molti dei nostri contemporanei.<br>Perch\u00e9 se l&#8217;amore viene bandito, confuso o denaturato, la felicit\u00e0 e la gioia (e anche la salute mentale, come si pu\u00f2 vedere oggi) svaniscono con esso.<\/p>\n\n\n\n<p>Pertanto, se aspiriamo a costruire e consolidare una civilt\u00e0 pi\u00f9 sana, pi\u00f9 coerente, pi\u00f9 felice e pi\u00f9 speranzosa, dobbiamo iniziare a elevare la categoria umana della societ\u00e0 nel suo complesso in questo aspetto specifico.<br>&#8211; In altre parole, dobbiamo imparare noi stessi e aiutare gli altri a imparare cosa significa amare, in teoria e in pratica.<br>&#8211; Dobbiamo migliorare la nostra conoscenza dell&#8217;amore e il nostro modo di viverlo, e dobbiamo fare in modo che molti altri facciano lo stesso.<\/p>\n\n\n\n<p>Dimenticare cosa significa amare \u00e8 uno dei mali pi\u00f9 profondi della nostra cultura: se l&#8217;amore viene bandito, confuso o snaturato, la felicit\u00e0 e la gioia svaniscono con esso.<\/p>\n\n\n\n<p><strong>In primo luogo, in teoria<\/strong> (anche se mai al di fuori della vita)<br>Per cominciare, dobbiamo tutti essere chiari sul fatto che:<br>&#8211; Lungi dallo svanire, quasi diluito, in quegli effluvi sentimentali a cui spesso viene ridotto&#8230;<br>&#8211; Lungi dall&#8217;essere una funzione della pura fisiologia o della semplice chimica, che indubbiamente giocano un ruolo nelle relazioni di coppia, di amicizia, tra fratelli, genitori e figli&#8230;<br>&#8211; Lungi dal ridursi a un mero stimolo di piacere o di autorealizzazione egocentrica, a una sorta di egoismo apparentemente condiviso di due&#8230;<\/p>\n\n\n\n<p>Lontano da tutto questo, l&#8217;amore \u00e8 essenzialmente un atto di volont\u00e0.<br>&#8211; Un atto denso, forte e stabile, che mette in tensione tutta la persona.<br>&#8211; Un atto di ricerca, di vita e di offerta di bene alla persona amata.<br>&#8211; Una profonda, costante e rinnovata determinazione ad aiutare la <strong>persona che amiamo ad essere felice: <\/strong>quasi, quasi un&#8217;ossessione.<\/p>\n\n\n\n<p>Il nucleo dell&#8217;amore \u00e8 un atto di volont\u00e0, forte e duraturo, che scopre, costruisce e consegna il bene della persona amata.<br><strong>La descrizione di Aristotele<\/strong><\/p>\n\n\n\n<p>Per iniziare a fare luce sul meraviglioso mistero dell&#8217;amore, possiamo rivolgerci alla descrizione di Aristotele nella sua Retorica.<br>Il filosofo greco ci dice che amare \u00e8 &#8220;volere il bene di un altro come di un altro&#8221;.<br>Tre elementi, intimamente legati, costituirebbero la realt\u00e0 che stiamo cercando:<\/p>\n\n\n\n<ol class=\"wp-block-list\">\n<li><strong>Vuoi<\/strong><\/li>\n\n\n\n<li><strong>Il bene<\/strong><\/li>\n\n\n\n<li><strong>Per un altro<\/strong> (appena un altro).<br>Un leggero commento su ciascuna di queste componenti ci metter\u00e0 sulla strada giusta per cercare di capire, con maggiore precisione e profondit\u00e0, la natura dell&#8217;amore.<br>Lo faremo negli articoli successivi.<br>Amare significa volere il bene di un altro, proprio in quanto altro.<br>Una &#8220;decisione determinata&#8221; &#8211; quasi un&#8217;ossessione &#8211; per aiutare la persona che amiamo a essere felice.<\/li>\n<\/ol>\n\n\n\n<p><\/p>\n","protected":false},"excerpt":{"rendered":"<p>Se aspiriamo a costruire e consolidare una civilt\u00e0 pi\u00f9 sana, coerente, gioiosa e speranzosa, dobbiamo imparare noi stessi e aiutare gli altri a imparare cosa significa amare, in teoria e in pratica.<\/p>\n","protected":false},"author":1102,"featured_media":204867,"comment_status":"open","ping_status":"open","sticky":false,"template":"","format":"standard","meta":{"give_campaign_id":0,"om_disable_all_campaigns":false,"_monsterinsights_skip_tracking":false,"_monsterinsights_sitenote_active":false,"_monsterinsights_sitenote_note":"","_monsterinsights_sitenote_category":0,"mc4wp_mailchimp_campaign":[],"jnews-multi-image_gallery":[],"jnews_single_post":{"subtitle":"Amare significa volere il bene dell'altro. Una \"decisione determinata\", quasi un'ossessione, per aiutare le persone che amiamo a essere felici.","format":"standard","video":"","gallery":"","source_name":"","source_url":"","via_name":"","via_url":"","override_template":"0","override":[{"template":"2","single_blog_custom":"","parallax":"1","fullscreen":"1","layout":"right-sidebar-narrow","sidebar":"default-sidebar","second_sidebar":"default-sidebar","sticky_sidebar":"1","share_position":"float","share_float_style":"share-normal","show_share_counter":"1","show_view_counter":"1","show_featured":"1","show_post_meta":"1","show_post_author":"1","show_post_author_image":"1","show_post_date":"1","post_date_format":"default","post_date_format_custom":"Y\/m\/d","show_post_category":"1","show_post_reading_time":"1","post_reading_time_wpm":"300","show_zoom_button":"0","zoom_button_out_step":"2","zoom_button_in_step":"3","show_post_tag":"1","show_prev_next_post":"0","show_popup_post":"0","number_popup_post":"1","show_author_box":"1","show_post_related":"0","show_inline_post_related":"0"}],"override_image_size":"0","image_override":[{"single_post_thumbnail_size":"crop-715","single_post_gallery_size":"crop-715"}],"trending_post":"0","trending_post_position":"meta","trending_post_label":"Trending","sponsored_post":"0","sponsored_post_label":"Sponsored by","sponsored_post_name":"","sponsored_post_url":"","sponsored_post_logo_enable":"0","sponsored_post_logo":"","sponsored_post_desc":"","disable_ad":"0"},"jnews_primary_category":{"id":"817","hide":""},"jnews_social_meta":{"fb_title":"","fb_description":"","fb_image":"","twitter_title":"","twitter_description":"","twitter_image":""},"jnews_override_counter":{"override_view_counter":"0","view_counter_number":"0","override_share_counter":"0","share_counter_number":"0","override_like_counter":"0","like_counter_number":"0","override_dislike_counter":"0","dislike_counter_number":"0"},"footnotes":""},"categories":[951,817],"tags":[],"class_list":["post-206387","post","type-post","status-publish","format-standard","has-post-thumbnail","hentry","category-foreground-it","category-vita"],"yoast_head":"<!-- This site is optimized with the Yoast SEO Premium plugin v25.9 (Yoast SEO v27.3) - https:\/\/yoast.com\/product\/yoast-seo-premium-wordpress\/ -->\n<title>L&#039;amore nel mondo contemporaneo (II) - IFN<\/title>\n<meta name=\"description\" content=\"Dobbiamo migliorare la nostra comprensione dell&#039;amore e il modo in cui lo viviamo, e fare in modo che molti altri facciano lo stesso.\" \/>\n<meta name=\"robots\" content=\"index, follow, max-snippet:-1, max-image-preview:large, max-video-preview:-1\" \/>\n<link rel=\"canonical\" href=\"https:\/\/ifamnews.com\/it\/l-amore-nel-mondo-contemporaneo-ii\" \/>\n<meta property=\"og:locale\" content=\"it_IT\" \/>\n<meta property=\"og:type\" content=\"article\" \/>\n<meta property=\"og:title\" content=\"L&#039;amore nel mondo contemporaneo (II)\" \/>\n<meta property=\"og:description\" content=\"Dobbiamo migliorare la nostra comprensione dell&#039;amore e il modo in cui lo viviamo, e fare in modo che molti altri facciano lo stesso.\" \/>\n<meta property=\"og:url\" content=\"https:\/\/ifamnews.com\/it\/l-amore-nel-mondo-contemporaneo-ii\" \/>\n<meta property=\"og:site_name\" content=\"IFN\" \/>\n<meta property=\"article:publisher\" content=\"https:\/\/www.facebook.com\/iFamNews\" \/>\n<meta property=\"article:author\" content=\"https:\/\/www.facebook.com\/TomasMelendo\" \/>\n<meta property=\"article:published_time\" content=\"2023-07-30T06:00:00+00:00\" \/>\n<meta property=\"og:image\" content=\"https:\/\/ifamnews.com\/wp-content\/uploads\/2023\/07\/image-64.png\" \/>\n\t<meta property=\"og:image:width\" content=\"1200\" \/>\n\t<meta property=\"og:image:height\" content=\"674\" \/>\n\t<meta property=\"og:image:type\" content=\"image\/png\" \/>\n<meta name=\"author\" content=\"Tomas Melendo Granados\" \/>\n<meta name=\"twitter:card\" content=\"summary_large_image\" \/>\n<meta name=\"twitter:creator\" content=\"@iFamNewsEN\" \/>\n<meta name=\"twitter:site\" content=\"@iFamNewsEN\" \/>\n<meta name=\"twitter:label1\" content=\"Scritto da\" \/>\n\t<meta name=\"twitter:data1\" content=\"Tomas Melendo Granados\" \/>\n\t<meta name=\"twitter:label2\" content=\"Tempo di lettura stimato\" \/>\n\t<meta name=\"twitter:data2\" content=\"3 minuti\" \/>\n<!-- \/ Yoast SEO Premium plugin. -->","yoast_head_json":{"title":"L'amore nel mondo contemporaneo (II) - IFN","description":"Dobbiamo migliorare la nostra comprensione dell'amore e il modo in cui lo viviamo, e fare in modo che molti altri facciano lo stesso.","robots":{"index":"index","follow":"follow","max-snippet":"max-snippet:-1","max-image-preview":"max-image-preview:large","max-video-preview":"max-video-preview:-1"},"canonical":"https:\/\/ifamnews.com\/it\/l-amore-nel-mondo-contemporaneo-ii","og_locale":"it_IT","og_type":"article","og_title":"L'amore nel mondo contemporaneo (II)","og_description":"Dobbiamo migliorare la nostra comprensione dell'amore e il modo in cui lo viviamo, e fare in modo che molti altri facciano lo stesso.","og_url":"https:\/\/ifamnews.com\/it\/l-amore-nel-mondo-contemporaneo-ii","og_site_name":"IFN","article_publisher":"https:\/\/www.facebook.com\/iFamNews","article_author":"https:\/\/www.facebook.com\/TomasMelendo","article_published_time":"2023-07-30T06:00:00+00:00","og_image":[{"width":1200,"height":674,"url":"https:\/\/ifamnews.com\/wp-content\/uploads\/2023\/07\/image-64.png","type":"image\/png"}],"author":"Tomas Melendo Granados","twitter_card":"summary_large_image","twitter_creator":"@iFamNewsEN","twitter_site":"@iFamNewsEN","twitter_misc":{"Scritto da":"Tomas Melendo Granados","Tempo di lettura stimato":"3 minuti"},"schema":{"@context":"https:\/\/schema.org","@graph":[{"@type":"NewsArticle","@id":"https:\/\/ifamnews.com\/it\/l-amore-nel-mondo-contemporaneo-ii#article","isPartOf":{"@id":"https:\/\/ifamnews.com\/it\/l-amore-nel-mondo-contemporaneo-ii"},"author":{"name":"Tomas Melendo Granados","@id":"https:\/\/ifamnews.com\/en\/#\/schema\/person\/6a80884ea62cd6f678cb6e329b1d18d0"},"headline":"L&#8217;amore nel mondo contemporaneo (II)","datePublished":"2023-07-30T06:00:00+00:00","mainEntityOfPage":{"@id":"https:\/\/ifamnews.com\/it\/l-amore-nel-mondo-contemporaneo-ii"},"wordCount":468,"commentCount":0,"publisher":{"@id":"https:\/\/ifamnews.com\/en\/#organization"},"image":{"@id":"https:\/\/ifamnews.com\/it\/l-amore-nel-mondo-contemporaneo-ii#primaryimage"},"thumbnailUrl":"https:\/\/ifamnews.com\/wp-content\/uploads\/2023\/07\/image-64.png","articleSection":["In evidenza","Vita"],"inLanguage":"it-IT","potentialAction":[{"@type":"CommentAction","name":"Comment","target":["https:\/\/ifamnews.com\/it\/l-amore-nel-mondo-contemporaneo-ii#respond"]}]},{"@type":"WebPage","@id":"https:\/\/ifamnews.com\/it\/l-amore-nel-mondo-contemporaneo-ii","url":"https:\/\/ifamnews.com\/it\/l-amore-nel-mondo-contemporaneo-ii","name":"L'amore nel mondo contemporaneo (II) - IFN","isPartOf":{"@id":"https:\/\/ifamnews.com\/en\/#website"},"primaryImageOfPage":{"@id":"https:\/\/ifamnews.com\/it\/l-amore-nel-mondo-contemporaneo-ii#primaryimage"},"image":{"@id":"https:\/\/ifamnews.com\/it\/l-amore-nel-mondo-contemporaneo-ii#primaryimage"},"thumbnailUrl":"https:\/\/ifamnews.com\/wp-content\/uploads\/2023\/07\/image-64.png","datePublished":"2023-07-30T06:00:00+00:00","description":"Dobbiamo migliorare la nostra comprensione dell'amore e il modo in cui lo viviamo, e fare in modo che molti altri facciano lo stesso.","breadcrumb":{"@id":"https:\/\/ifamnews.com\/it\/l-amore-nel-mondo-contemporaneo-ii#breadcrumb"},"inLanguage":"it-IT","potentialAction":[{"@type":"ReadAction","target":["https:\/\/ifamnews.com\/it\/l-amore-nel-mondo-contemporaneo-ii"]}]},{"@type":"ImageObject","inLanguage":"it-IT","@id":"https:\/\/ifamnews.com\/it\/l-amore-nel-mondo-contemporaneo-ii#primaryimage","url":"https:\/\/ifamnews.com\/wp-content\/uploads\/2023\/07\/image-64.png","contentUrl":"https:\/\/ifamnews.com\/wp-content\/uploads\/2023\/07\/image-64.png","width":1200,"height":674},{"@type":"BreadcrumbList","@id":"https:\/\/ifamnews.com\/it\/l-amore-nel-mondo-contemporaneo-ii#breadcrumb","itemListElement":[{"@type":"ListItem","position":1,"name":"Home","item":"https:\/\/ifamnews.com\/de"},{"@type":"ListItem","position":2,"name":"Vida","item":"https:\/\/ifamnews.com\/es\/categoria\/vida"},{"@type":"ListItem","position":3,"name":"L&#8217;amore nel mondo contemporaneo (II)"}]},{"@type":"WebSite","@id":"https:\/\/ifamnews.com\/en\/#website","url":"https:\/\/ifamnews.com\/en\/","name":"IFN","description":"International Family News Network","publisher":{"@id":"https:\/\/ifamnews.com\/en\/#organization"},"potentialAction":[{"@type":"SearchAction","target":{"@type":"EntryPoint","urlTemplate":"https:\/\/ifamnews.com\/en\/?s={search_term_string}"},"query-input":{"@type":"PropertyValueSpecification","valueRequired":true,"valueName":"search_term_string"}}],"inLanguage":"it-IT"},{"@type":"Organization","@id":"https:\/\/ifamnews.com\/en\/#organization","name":"iFamNews","url":"https:\/\/ifamnews.com\/en\/","logo":{"@type":"ImageObject","inLanguage":"it-IT","@id":"https:\/\/ifamnews.com\/en\/#\/schema\/logo\/image\/","url":"https:\/\/ifamnews.com\/wp-content\/uploads\/2020\/01\/Share-logo.png","contentUrl":"https:\/\/ifamnews.com\/wp-content\/uploads\/2020\/01\/Share-logo.png","width":200,"height":200,"caption":"iFamNews"},"image":{"@id":"https:\/\/ifamnews.com\/en\/#\/schema\/logo\/image\/"},"sameAs":["https:\/\/www.facebook.com\/iFamNews","https:\/\/x.com\/iFamNewsEN"]},{"@type":"Person","@id":"https:\/\/ifamnews.com\/en\/#\/schema\/person\/6a80884ea62cd6f678cb6e329b1d18d0","name":"Tomas Melendo Granados","image":{"@type":"ImageObject","inLanguage":"it-IT","@id":"https:\/\/secure.gravatar.com\/avatar\/5f9633e77b5867b7d148cb81c262b053e30e6ab681748aa56bfb9c0f6c109328?s=96&d=mm&r=g","url":"https:\/\/secure.gravatar.com\/avatar\/5f9633e77b5867b7d148cb81c262b053e30e6ab681748aa56bfb9c0f6c109328?s=96&d=mm&r=g","contentUrl":"https:\/\/secure.gravatar.com\/avatar\/5f9633e77b5867b7d148cb81c262b053e30e6ab681748aa56bfb9c0f6c109328?s=96&d=mm&r=g","caption":"Tomas Melendo Granados"},"description":"Tom\u00e1s Melendo Granados was born in Melilla, Spain in 1951. PhD in Science Education and PhD in Philosophy. He carried out undergraduate and graduate studies at Navarra\u2019s University and completed them in Italy and Germany. Until his retirement in September 2021, he was Director of the Study of the Family at Malaga\u2019s University. Now, they are taught by Edufamilia (a nonprofit organization he runs) and can be done completely online. Together with his wife, he was appointed as member of the Pontifical Council for the Family by Pope Benedict XVI. He is father of seven children, grandfather of thirteen grandchildren and, above all, as he defines himself, a husband who is deeply and increasingly in love of his wife.","sameAs":["http:\/\/www.edufamilia.com","https:\/\/www.facebook.com\/TomasMelendo","https:\/\/www.instagram.com\/tomasmelendo\/","www.linkedin.com\/in\/tom\u00e1s-melendo-granados-04750a234","https:\/\/www.youtube.com\/channel\/UCU- 7o2eQZJuHNtXB8AMMc1Q?view_as=subscriber"],"url":"https:\/\/ifamnews.com\/it\/author\/tomas-melendo-granados"}]}},"amp_enabled":true,"_links":{"self":[{"href":"https:\/\/ifamnews.com\/it\/wp-json\/wp\/v2\/posts\/206387","targetHints":{"allow":["GET"]}}],"collection":[{"href":"https:\/\/ifamnews.com\/it\/wp-json\/wp\/v2\/posts"}],"about":[{"href":"https:\/\/ifamnews.com\/it\/wp-json\/wp\/v2\/types\/post"}],"author":[{"embeddable":true,"href":"https:\/\/ifamnews.com\/it\/wp-json\/wp\/v2\/users\/1102"}],"replies":[{"embeddable":true,"href":"https:\/\/ifamnews.com\/it\/wp-json\/wp\/v2\/comments?post=206387"}],"version-history":[{"count":2,"href":"https:\/\/ifamnews.com\/it\/wp-json\/wp\/v2\/posts\/206387\/revisions"}],"predecessor-version":[{"id":206489,"href":"https:\/\/ifamnews.com\/it\/wp-json\/wp\/v2\/posts\/206387\/revisions\/206489"}],"wp:featuredmedia":[{"embeddable":true,"href":"https:\/\/ifamnews.com\/it\/wp-json\/wp\/v2\/media\/204867"}],"wp:attachment":[{"href":"https:\/\/ifamnews.com\/it\/wp-json\/wp\/v2\/media?parent=206387"}],"wp:term":[{"taxonomy":"category","embeddable":true,"href":"https:\/\/ifamnews.com\/it\/wp-json\/wp\/v2\/categories?post=206387"},{"taxonomy":"post_tag","embeddable":true,"href":"https:\/\/ifamnews.com\/it\/wp-json\/wp\/v2\/tags?post=206387"}],"curies":[{"name":"wp","href":"https:\/\/api.w.org\/{rel}","templated":true}]}}