{"id":202984,"date":"2023-07-08T01:00:00","date_gmt":"2023-07-08T05:00:00","guid":{"rendered":"https:\/\/ifamnews.com\/?p=202984"},"modified":"2023-07-07T01:46:13","modified_gmt":"2023-07-07T05:46:13","slug":"da-lenin-e-trotsky-al-comunismo-queer-di-bruxelles-parte-2","status":"publish","type":"post","link":"https:\/\/ifamnews.com\/it\/da-lenin-e-trotsky-al-comunismo-queer-di-bruxelles-parte-2","title":{"rendered":"DA LENIN E TROTSKY AL COMUNISMO QUEER DI BRUXELLES (Parte 2)"},"content":{"rendered":"\n<figure class=\"wp-block-pullquote\"><blockquote><p>Pubblichiamo la seconda parte dell&#8217;intervista della dott.ssa Mi\u0161a \u0110urkovi\u0107 per la rivista Pe\u010dat. <a href=\"https:\/\/ifamnews.com\/it\/mi-a-urkovi-da-lenin-e-trotsky-al-comunismo-queer-parte-1\" target=\"_blank\" rel=\"noreferrer noopener\">Puoi leggere la prima parte QUI<\/a> .<\/p><cite>redazione del portale IFamNews<\/cite><\/blockquote><\/figure>\n\n\n\n<p><strong>Trotsky e Stalin erano radicalmente contrari quando si trattava del loro atteggiamento nei confronti della famiglia. Cosa ha causato la divergenza ideologica e pratica nell&#8217;interpretazione dell&#8217;eredit\u00e0 marxista? Qual era l&#8217;atteggiamento di Trotsky?<\/strong><\/p>\n\n\n\n<p>Trotsky dice che volevano distruggere il focolare familiare e sostituire la vecchia famiglia &#8211; se non abolirla &#8211; con una nuova. Nell&#8217;ambito del Thermidore, vede il ritorno delle cucine private e delle lavanderie private, cosa che, comprensibilmente, condanna, anche se ammette che nelle lavanderie comunitarie i risultati sono stati disastrosi, che la biancheria \u00e8 stata rubata, strappata e non adeguatamente lavata e conservata. Abbiamo portato via non solo i maiali ma anche i polli, dice, per costringere la gente a imparare che il cibo si trova solo nei centri collettivi e nei servizi. Trotsky vede il ritorno di pentole e padelle alla famiglia come una grande sconfitta della rivoluzione.<\/p>\n\n\n\n<p>Trotsky riconosce anche il fallimento della seconda parte del suo programma, il trasferimento allo Stato della cura dei bambini. Gli asili nido si sono rivelati pessimi, quindi i lavoratori benestanti non volevano mandare fuori di casa i propri figli, preferendo essere accuditi dalle nonne. Trotsky osserva che la prostituzione \u00e8 fiorente, cosa che attribuisce al ritorno dei rapporti merce-denaro e alla stabilizzazione del rublo. Tuttavia, fu particolarmente colpito dall&#8217;abolizione del diritto all&#8217;aborto, avvenuta nel 1936. Vale a dire, la Repubblica Sovietica Russa nel 1920. \u00e8 diventato il primo paese al mondo a consentire il diritto all&#8217;aborto, provocando un&#8217;ondata di aborti nel paese. Susan Gorse Solomon ha fornito una buona panoramica della ricezione di questa misura durante gli anni venti attraverso gli occhi della professione medica e del modo in cui dal 1927 rimesso in circolo l&#8217;argomentazione sull&#8217;impatto nefasto dell&#8217;aborto sull&#8217;andamento demografico. Fu questo uno dei motivi principali per cui, dopo la collettivizzazione, la gulagizzazione e le grandi sofferenze della popolazione russa e ucraina nei primi anni Trenta, Stalin ordin\u00f2 l&#8217;adozione di una nuova legislazione familiare molto pi\u00f9 restrittiva in URSS.<\/p>\n\n\n\n<p>Trotsky afferma che questo ritorno al divieto di aborto \u00e8 una legge diretta contro le donne. La rivoluzione, dice, deve rimuovere le cause che costringono una donna ad abortire (come se fossero solo di natura economica), e non, come un gendarme, impedire alle donne di farlo. Ma vede il movimento complessivo della riabilitazione della famiglia tradizionale, che sta avvenendo quando viene riabilitato anche il rublo. Per il diritto di famiglia in URSS, afferma che ha ripreso numerosi elementi dal diritto borghese occidentale. Trotsky vede il ripristino dell&#8217;autorit\u00e0 familiare, il rispetto per la gerarchia e gli anziani della famiglia, perch\u00e9 con ci\u00f2, immagina, i bambini sono disciplinati. Noi, dice, abbiamo cercato di separare completamente i bambini dalla famiglia e dalla vecchia morale insegnando loro a denunciare i loro padri come traditori o alcolisti. Il Termidoro di Stalin, dice, ripristina la famiglia, introduce sanzioni per l&#8217;abbandono dei figli e allo stesso tempo consente il ripristino dell&#8217;autorit\u00e0 della religione.<\/p>\n\n\n\n<p><strong>Ci sono stati processi trotskisti anche in altri paesi comunisti?<\/strong><\/p>\n\n\n\n<p>Va detto che i cinesi hanno avuto un simile raccapricciante esperimento nel periodo 1958-1961. sotto il programma &#8220;Grande balzo in avanti&#8221; di Mao, che ha causato fame di massa e cannibalismo. Vale a dire, senza una pianificazione familiare privata legata alla famiglia tradizionale, il riso e altri alimenti che avrebbero dovuto durare un anno sarebbero stati mangiati, usati e saccheggiati entro tre mesi e quindi si sarebbe verificata una grave carestia. Quando videro i risultati delle loro azioni utopiche, i leader cinesi permisero al sistema di alimentazione, preparazione del cibo e pianificazione di tornare al livello familiare naturale.<\/p>\n\n\n\n<p><strong>In che modo il comunismo queer in Occidente ha ripreso da dove Trotsky aveva interrotto?<\/strong><\/p>\n\n\n\n<p>Anche mezzo secolo fa, il comportamento omosessuale veniva trattato come una malattia. Dopo il 1969 e l&#8217;attacco degli omosessuali alla polizia a Stonewall, New York, e le prime parate gay che iniziarono a celebrarlo, soprattutto dopo la problematica decisione dell&#8217;American Psychiatric Association del 1973. Nell&#8217;anno in cui l&#8217;omosessualit\u00e0 \u00e8 stata tolta dall&#8217;elenco delle malattie, questo tipo di comportamento \u00e8 diventato una sorta di stile di vita, modello di valori con tutta l&#8217;ideologia che ne consegue e che oggi regna nelle universit\u00e0 americane.<\/p>\n\n\n\n<p>La diffusione dell&#8217;ideologia gay con il pretesto della lotta per i diritti LGBT presumibilmente minacciati ha ricevuto un impulso particolare dall&#8217;inizio degli anni Novanta, quando questa ideologia ha <em>de facto<\/em> conquistato lo spazio della cultura popolare e ha regnato nei film, nella musica popolare e soprattutto nelle serie televisive, l&#8217;antico baluardo dei valori tradizionali della famiglia. Come sappiamo, ci sono organizzazioni non governative molto forti che monitorano l&#8217;andamento della percentuale di personaggi LGBT che compaiono nelle serie televisive cosiddette mainstream, pi\u00f9 viste. Guai a te se produci serie in cui non ci sono abbastanza personaggi del genere: le suddette organizzazioni ti mettono al palo della vergogna, e poi gli inserzionisti scappano a prescindere.<\/p>\n\n\n\n<p><strong>Il centro del comunismo queer \u00e8 negli Stati Uniti. Tutti i segmenti del potere in America, compresi i vertici dell&#8217;\u00e9lite politica di sinistra di questo paese, sono coinvolti in questa massiccia difesa dell'&#8221;espansione dei diritti omosessuali&#8221;. Joseph Biden \u00e8 la punta di diamante della diffusione di idee e pratiche queer-comuniste. Da dove viene?<\/strong><\/p>\n\n\n\n<p>Barack Obama, come sapete, nel suo secondo discorso inaugurale ha dedicato ampio spazio alla difesa dei diritti della popolazione LGBT, Stonewall \u00e8 stato promosso a luogo di importanza storica (ora arriva come Gettysburg!) e il Dipartimento di Stato si \u00e8 spinto oltre, che durante il regno di Hillary Clinton ha promosso la dottrina in base alla quale la tutela dei diritti degli omosessuali diventa una base legittima per ogni tipo di intervento statunitense nei confronti di un Paese in cui si stima che siano minacciati. Pertanto, gli USA sono pronti ad intervenire diplomaticamente, attraverso sanzioni economiche, e anche militarmente per proteggere, difendere e promuovere i diritti di questa popolazione.<\/p>\n\n\n\n<p>Non abbiamo qui lo spazio per spiegare come ci\u00f2 sia accaduto e perch\u00e9 i segmenti dominanti della societ\u00e0 americana promuovono quasi unilateralmente l&#8217;agenda gay contro la volont\u00e0 della maggioranza degli americani. Vale a dire, intorno a questo problema, negli ultimi vent&#8217;anni, sono state condotte vere e proprie guerre culturali, forti dibattiti e lotte nel pubblico e nel sistema costituzionale-giuridico. Di norma, si \u00e8 scoperto che ovunque la gente comune \u00e8 riuscita a battersi per un referendum, la maggioranza ha mostrato chiaramente la propria volont\u00e0 che il matrimonio fosse definito come l&#8217;unione di un uomo e una donna. Anche a livello degli organi legislativi dei singoli stati, il pi\u00f9 delle volte sono state prese decisioni simili, rifiutando la legalizzazione del matrimonio gay. Ma l&#8217;\u00e9lite di tutto il mondo ha spinto la questione davanti ai tribunali, che hanno introdotto la legalizzazione del matrimonio gay <em>attraverso la violenza legale de facto<\/em> e una sorta di dittatura giudiziaria. Questo processo si \u00e8 concluso con il verdetto emesso nel 2015. Ma il ribaltamento della sentenza Roe v. Wade dopo quasi mezzo secolo suggerisce che c&#8217;\u00e8 speranza per la questione disciplinata dalla sentenza Obergefell.<\/p>\n\n\n\n<p><strong>I conservatori sono inclini a concludere che la gente comune in America ha sempre meno diritto di decidere su qualsiasi cosa perch\u00e9 le loro vite sono regolate da &#8220;qualcuno dall&#8217;alto&#8221; che nega loro il diritto di attenersi alle loro tradizioni, eredit\u00e0 e valori. C&#8217;\u00e8 qualche speranza di rinnovamento sociale dei valori cristiani?<\/strong><\/p>\n\n\n\n<p>L&#8217;\u00e9lite liberale di sinistra anticristiana attraverso i media, la politica, le universit\u00e0, la magistratura e la cultura popolare impone con forza la sua visione al mondo e sopprime il tradizionalismo cristiano. I professori non sanno pi\u00f9 come rivolgersi a qualcuno. In America, hai una situazione in cui il professore chiede agli studenti della prima classe come dovrebbe rivolgersi a loro. Spesso con &#8220;loro&#8221;, perch\u00e9 devono rispettare la loro personalit\u00e0 plurale. Oggi, non solo devi adottare quella diversit\u00e0, ma diventa anche un modello di personalit\u00e0. Pertanto, tutto ci\u00f2 che una volta era anormale, e veniva chiamato schizofrenia per motivi psicologici, oggi va rispettato, perch\u00e9 diventa un modello. Ho sentito dalla nostra gente che vive l\u00ec che i ragazzi di 14-15 anni frequentano le sezioni LGBT, le sezioni di apprendimento della diversit\u00e0&#8230;<\/p>\n\n\n\n<p><strong>Quali conseguenze ha questo per il nostro pianeta?<\/strong><\/p>\n\n\n\n<p>Il mondo in cui viviamo, il mondo occidentale in senso pi\u00f9 ampio, \u00e8 rifratto anche agli altri estremi, al mondo orientale, secondo il sistema di valori e la demografia, che ne \u00e8 l&#8217;indicatore migliore. Abbiamo una situazione in cui i paesi asiatici, riprendendo la cultura popolare da questo nostro mondo, hanno raggiunto un punto negativo in termini di tassi di fertilit\u00e0. Ora, diciamo, la Corea del Sud ha il peggior tasso di fertilit\u00e0, va a 0,5, e sta accadendo in modo radialmente veloce, nascono sempre meno bambini. In Italia il tasso \u00e8 di 1,1, che \u00e8 insostenibile, e raggiunge anche le nostre comunit\u00e0 pi\u00f9 piccole, ci sono molti pi\u00f9 cani di cui le persone si prendono cura rispetto ai bambini. Anche nel mondo arabo quella, come si suol dire, fertile transizione \u00e8 finita. Anche in Iran il tasso di natalit\u00e0 \u00e8 diminuito, il che \u00e8 inimmaginabile, perch\u00e9 il paese era un simbolo del tasso di natalit\u00e0, ma ora c&#8217;\u00e8 anche una profonda divisione tra di loro, perch\u00e9 il loro mondo delle celebrit\u00e0 sta portando sempre pi\u00f9 a spasso i cani. I tassi di fertilit\u00e0 sono diminuiti ulteriormente durante la corona&#8230; Quella storia \u00e8 arrivata ovunque, tranne che in Africa. Solo in Africa i bambini continuano a nascere come prima, dove la gente ha famiglie numerose e numerose, e grazie a tutti questi fenomeni abbiamo una disparit\u00e0 enorme, e la domanda \u00e8 dove vivremo e se tutta l&#8217;Europa in 20 anni assomiglier\u00e0 Il Libano  degli anni &#8217;80, quando c&#8217;\u00e8 stato un improvviso aumento della popolazione musulmana, che ha portato a una lotta per la ridistribuzione del potere politico e delle risorse e una prolungata guerra civile.<\/p>\n\n\n\n<p><strong>Come vede la situazione in Serbia dopo i terribili crimini nella scuola di Belgrado e nei villaggi vicino a Mladenovac? I \u201cvalori occidentali\u201d che hanno portato a quello che il vescovo Nikolay e padre Justin chiamavano \u201ccannibalismo culturale\u201d non hanno vinto anche nel nostro Paese?<\/strong><\/p>\n\n\n\n<p>Nel 2016 ho scritto sui reality show in Serbia e, ricordiamo queste parole perch\u00e9, come molti altri colleghi, ho annunciato chiaramente quali sarebbero state le conseguenze: &#8220;Quali sono questi programmi? Si tratta di forme che promuovono i comportamenti pi\u00f9 primitivi, istintivi e si basano solitamente sulla rappresentazione della violenza verbale e fisica, da un lato, e del sesso di vario genere, dall&#8217;altro. Ma per tali programmi di laboratorio basati sui postulati della psicologia sperimentale, vale la regola classica che i confini devono essere costantemente spostati ma con una velocit\u00e0 crescente. Quando sono iniziati questi programmi, il grande evento stava mostrando il primo accenno di rapporti sessuali. Solo pochi anni dopo, i rapporti sessuali vengono mostrati gi\u00e0 nella prima o nella seconda notte della trasmissione. Questo \u00e8 seguito dal consentire agli spettatori di vederne sempre di pi\u00f9, quindi vengono introdotti cambi di partner, relazioni omosessuali, accenni al sesso di gruppo, ecc. Anche la violenza deve intensificarsi, quindi oltre alla regola di portare litri di alcolici, gli insulti di ogni tipo devono peggiorare e anche risse, percosse e persino salassi sono diventati il \u200b\u200b\u200b\u200bcontenuto atteso del programma. La brutalit\u00e0, il primitivismo e la violenza di questi programmi non possono che essere trasferiti in strada. Chi rende possibile questo incessante delitto mentale produce e riversa direttamente nella societ\u00e0 violenza, malattia e male. Peggio ancora, \u00e8 tutto illegale. Basti pensare alla Legge sulla radiodiffusione, cio\u00e8 al suo articolo 19, che parla di tutela dei minori, e all&#8217;articolo 68, che prescrive gli obblighi generali delle emittenti in relazione ai contenuti dei programmi. Prevede che le emittenti trasmettano contenuti che contribuiscano ad elevare il livello culturale e cognitivo generale dei cittadini (punto 4), nonch\u00e9 non trasmettano un programma il cui contenuto possa nuocere allo sviluppo fisico, psichico o morale dei bambini e dei giovani, o non trasmettano un programma che sostiene ed enfatizza la violenza&#8230; e altre forme di comportamento criminale (articoli 5 e 6). Inoltre, esiste un codice di condotta per le emittenti, in base al quale sarebbe anche facile cancellare tali programmi o spostarli inizialmente in modo che vengano trasmessi dopo la mezzanotte&#8221;.<\/p>\n\n\n\n<p>Niente di ci\u00f2 che ho proposto, basato sia sulla scienza che sul buon senso, \u00e8 stato accettato. Ed \u00e8 l\u00ec che siamo.<\/p>\n\n\n\n<p><strong>Che tipo di futuro vede per la Serbia?<\/strong><\/p>\n\n\n\n<p>Di recente, in una rubrica, ho provato a gridare che le cose non possono pi\u00f9 andare avanti cos\u00ec, ma le nostre grida non arrivano a nessuno perch\u00e9 la nostra \u00e9lite politica non sa nulla di diverso da quello che ha fatto negli ultimi decenni. Ho fatto notare come stia cambiando il sistema di valori in cui i bambini sono esposti allo spazio cancellato tra i due satanismi, quello dei reality e della televisione <em>I-D-J<\/em> , e come il comunismo queer di Bruxelles ci fornisca un modello in cui \u00e8 importante essere coccolati il pi\u00f9 rapidamente possibile con il minor lavoro possibile. E questo pu\u00f2 essere fatto solo attraverso il crimine o la politica. Sono particolarmente sopraffatto dalla terribile sensazione che io e la mia famiglia, cos\u00ec come siamo, siamo un fastidio o un&#8217;eccedenza in questo paese perch\u00e9 cerchiamo di aderire a un codice diverso. Vale a dire, i miei genitori mi hanno cresciuto per essere onesto, morale, laborioso, per amare il mio paese e lottare per esso, per essere educato, responsabile, per non rubare, per rispettare le persone e aiutarle e, cosa direbbero, per essere soprattutto una persona buona e laboriosa. Io e mia moglie cerchiamo di trasmettere lo stesso modello ai nostri figli. Ma ci rendiamo conto sempre di pi\u00f9 che per questo abbiamo grossi problemi e che in realt\u00e0 il nostro Paese o ci\u00f2 che lo compone oggi il pi\u00f9 delle volte lavora contro di noi. Molte persone mi contattano con enormi problemi che vedono e non sanno come risolvere. Se vuoi vivere qui, devi abituarti e capire che ad ogni passo incontrerai vari ostacoli e soffrirai proprio perch\u00e9 stai combattendo per questo Paese e per alcuni ideali. Dall&#8217;essere etichettato da mezzo mondo, all&#8217;essere molestato dai dipendenti pubblici. Ma ora ho un problema pi\u00f9 grande, come insegnare ai bambini ad abituarsi come qualcosa di normale e ad amare il loro paese, che sta lavorando contro di loro. Ho avuto la forza e la volont\u00e0 di restare qui e lottare contro i mulini a vento nonostante tutto. Ma ho sempre meno forza per insegnare ai bambini a condannarsi a un tale destino e ad accettarlo come normale. E ho paura che ci sia sempre pi\u00f9 gente come noi.<\/p>\n","protected":false},"excerpt":{"rendered":"<p>Mi\u0161a \u0110urkovi\u0107: L&#8217;\u00e9lite liberale di sinistra anticristiana attraverso i media, la politica, le universit\u00e0, la magistratura e la cultura popolare impone con forza la sua visione al mondo e sopprime il tradizionalismo cristiano.<\/p>\n","protected":false},"author":102,"featured_media":202899,"comment_status":"open","ping_status":"open","sticky":false,"template":"","format":"standard","meta":{"give_campaign_id":0,"om_disable_all_campaigns":false,"_monsterinsights_skip_tracking":false,"_monsterinsights_sitenote_active":false,"_monsterinsights_sitenote_note":"","_monsterinsights_sitenote_category":0,"mc4wp_mailchimp_campaign":[],"jnews-multi-image_gallery":[],"jnews_single_post":{"subtitle":"L'\u00e9lite liberale di sinistra anticristiana attraverso i media, la politica, le universit\u00e0, la magistratura e la cultura popolare impone con forza la sua visione al mondo e sopprime il tradizionalismo cristiano.","format":"standard","video":"","gallery":"","source_name":"","source_url":"","via_name":"","via_url":"","override_template":"0","override":[{"template":"2","single_blog_custom":"","parallax":"1","fullscreen":"1","layout":"right-sidebar-narrow","sidebar":"default-sidebar","second_sidebar":"default-sidebar","sticky_sidebar":"1","share_position":"float","share_float_style":"share-normal","show_share_counter":"1","show_view_counter":"1","show_featured":"1","show_post_meta":"1","show_post_author":"1","show_post_author_image":"1","show_post_date":"1","post_date_format":"default","post_date_format_custom":"Y\/m\/d","show_post_category":"1","show_post_reading_time":"1","post_reading_time_wpm":"300","show_zoom_button":"0","zoom_button_out_step":"2","zoom_button_in_step":"3","show_post_tag":"1","show_prev_next_post":"0","show_popup_post":"0","number_popup_post":"1","show_author_box":"1","show_post_related":"0","show_inline_post_related":"0"}],"override_image_size":"0","image_override":[{"single_post_thumbnail_size":"crop-715","single_post_gallery_size":"crop-715"}],"trending_post":"0","trending_post_position":"meta","trending_post_label":"Trending","sponsored_post":"0","sponsored_post_label":"Sponsored by","sponsored_post_name":"","sponsored_post_url":"","sponsored_post_logo_enable":"0","sponsored_post_logo":"","sponsored_post_desc":"","disable_ad":"0"},"jnews_primary_category":{"id":"781","hide":""},"jnews_social_meta":{"fb_title":"","fb_description":"","fb_image":"","twitter_title":"","twitter_description":"","twitter_image":""},"jnews_override_counter":{"override_view_counter":"0","view_counter_number":"0","override_share_counter":"0","share_counter_number":"0","override_like_counter":"0","like_counter_number":"0","override_dislike_counter":"0","dislike_counter_number":"0"},"footnotes":""},"categories":[781,951],"tags":[21375,15479,21695,14570,27260,27130,15044,21697,27126,27128,27133,15043,27134],"class_list":["post-202984","post","type-post","status-publish","format-standard","has-post-thumbnail","hentry","category-famiglia","category-foreground-it","tag-aborto-it","tag-comunismo-it","tag-genderismo","tag-ideologia-di-genere-it-3","tag-ideologia-totalitaria","tag-lenin-it","tag-lgbt-ideology-it","tag-lgbt-it-2","tag-lobby-lgbt-it","tag-misha-durkovic","tag-queer-comunismo","tag-transgenderismo-it","tag-trotzkismo"],"yoast_head":"<!-- This site is optimized with the Yoast SEO Premium plugin v25.9 (Yoast SEO v27.3) - https:\/\/yoast.com\/product\/yoast-seo-premium-wordpress\/ -->\n<title>DA LENIN E TROTSKY AL COMUNISMO QUEER DI BRUXELLES (Parte 2) - IFN<\/title>\n<meta name=\"description\" content=\"L&#039;\u00e9lite liberale di sinistra anticristiana attraverso i media, la politica, le universit\u00e0, la magistratura e la cultura popolare impone con forza la sua visione al mondo e sopprime il tradizionalismo cristiano.\" \/>\n<meta name=\"robots\" content=\"index, follow, max-snippet:-1, max-image-preview:large, max-video-preview:-1\" \/>\n<link rel=\"canonical\" href=\"https:\/\/ifamnews.com\/it\/da-lenin-e-trotsky-al-comunismo-queer-di-bruxelles-parte-2\" \/>\n<meta property=\"og:locale\" content=\"it_IT\" \/>\n<meta property=\"og:type\" content=\"article\" \/>\n<meta property=\"og:title\" content=\"DA LENIN E TROTSKY AL COMUNISMO QUEER DI BRUXELLES (Parte 2)\" \/>\n<meta property=\"og:description\" content=\"L&#039;\u00e9lite liberale di sinistra anticristiana attraverso i media, la politica, le universit\u00e0, la magistratura e la cultura popolare impone con forza la sua visione al mondo e sopprime il tradizionalismo cristiano.\" \/>\n<meta property=\"og:url\" content=\"https:\/\/ifamnews.com\/it\/da-lenin-e-trotsky-al-comunismo-queer-di-bruxelles-parte-2\" \/>\n<meta property=\"og:site_name\" content=\"IFN\" \/>\n<meta property=\"article:publisher\" content=\"https:\/\/www.facebook.com\/iFamNews\" \/>\n<meta property=\"article:author\" content=\"https:\/\/facebook.com\/misa.djurkovic\" \/>\n<meta property=\"article:published_time\" content=\"2023-07-08T05:00:00+00:00\" \/>\n<meta property=\"og:image\" content=\"https:\/\/ifamnews.com\/wp-content\/uploads\/2023\/07\/kvir-komunizam.png\" \/>\n\t<meta property=\"og:image:width\" content=\"512\" \/>\n\t<meta property=\"og:image:height\" content=\"288\" \/>\n\t<meta property=\"og:image:type\" content=\"image\/png\" \/>\n<meta name=\"author\" content=\"Mi\u0161a Djurkovi\u0107\" \/>\n<meta name=\"twitter:card\" content=\"summary_large_image\" \/>\n<meta name=\"twitter:creator\" content=\"@iFamNewsEN\" \/>\n<meta name=\"twitter:site\" content=\"@iFamNewsEN\" \/>\n<meta name=\"twitter:label1\" content=\"Scritto da\" \/>\n\t<meta name=\"twitter:data1\" content=\"Mi\u0161a Djurkovi\u0107\" \/>\n\t<meta name=\"twitter:label2\" content=\"Tempo di lettura stimato\" \/>\n\t<meta name=\"twitter:data2\" content=\"13 minuti\" \/>\n<!-- \/ Yoast SEO Premium plugin. -->","yoast_head_json":{"title":"DA LENIN E TROTSKY AL COMUNISMO QUEER DI BRUXELLES (Parte 2) - IFN","description":"L'\u00e9lite liberale di sinistra anticristiana attraverso i media, la politica, le universit\u00e0, la magistratura e la cultura popolare impone con forza la sua visione al mondo e sopprime il tradizionalismo cristiano.","robots":{"index":"index","follow":"follow","max-snippet":"max-snippet:-1","max-image-preview":"max-image-preview:large","max-video-preview":"max-video-preview:-1"},"canonical":"https:\/\/ifamnews.com\/it\/da-lenin-e-trotsky-al-comunismo-queer-di-bruxelles-parte-2","og_locale":"it_IT","og_type":"article","og_title":"DA LENIN E TROTSKY AL COMUNISMO QUEER DI BRUXELLES (Parte 2)","og_description":"L'\u00e9lite liberale di sinistra anticristiana attraverso i media, la politica, le universit\u00e0, la magistratura e la cultura popolare impone con forza la sua visione al mondo e sopprime il tradizionalismo cristiano.","og_url":"https:\/\/ifamnews.com\/it\/da-lenin-e-trotsky-al-comunismo-queer-di-bruxelles-parte-2","og_site_name":"IFN","article_publisher":"https:\/\/www.facebook.com\/iFamNews","article_author":"https:\/\/facebook.com\/misa.djurkovic","article_published_time":"2023-07-08T05:00:00+00:00","og_image":[{"width":512,"height":288,"url":"https:\/\/ifamnews.com\/wp-content\/uploads\/2023\/07\/kvir-komunizam.png","type":"image\/png"}],"author":"Mi\u0161a Djurkovi\u0107","twitter_card":"summary_large_image","twitter_creator":"@iFamNewsEN","twitter_site":"@iFamNewsEN","twitter_misc":{"Scritto da":"Mi\u0161a Djurkovi\u0107","Tempo di lettura stimato":"13 minuti"},"schema":{"@context":"https:\/\/schema.org","@graph":[{"@type":"NewsArticle","@id":"https:\/\/ifamnews.com\/it\/da-lenin-e-trotsky-al-comunismo-queer-di-bruxelles-parte-2#article","isPartOf":{"@id":"https:\/\/ifamnews.com\/it\/da-lenin-e-trotsky-al-comunismo-queer-di-bruxelles-parte-2"},"author":{"name":"Mi\u0161a Djurkovi\u0107","@id":"https:\/\/ifamnews.com\/en\/#\/schema\/person\/f86d7b8ce9bcb3dda045049aa80a3a6e"},"headline":"DA LENIN E TROTSKY AL COMUNISMO QUEER DI BRUXELLES (Parte 2)","datePublished":"2023-07-08T05:00:00+00:00","mainEntityOfPage":{"@id":"https:\/\/ifamnews.com\/it\/da-lenin-e-trotsky-al-comunismo-queer-di-bruxelles-parte-2"},"wordCount":2437,"commentCount":0,"publisher":{"@id":"https:\/\/ifamnews.com\/en\/#organization"},"image":{"@id":"https:\/\/ifamnews.com\/it\/da-lenin-e-trotsky-al-comunismo-queer-di-bruxelles-parte-2#primaryimage"},"thumbnailUrl":"https:\/\/ifamnews.com\/wp-content\/uploads\/2023\/07\/kvir-komunizam.png","keywords":["Aborto","comunismo","Genderismo","ideologia di genere","ideologia totalitaria","Lenin","LGBT ideology","Lgbt+","Lobby Lgbt","Misha \u0110urkovi\u0107","queer-comunismo","Transgenderismo","Trotzkismo"],"articleSection":["Famiglia","In evidenza"],"inLanguage":"it-IT","potentialAction":[{"@type":"CommentAction","name":"Comment","target":["https:\/\/ifamnews.com\/it\/da-lenin-e-trotsky-al-comunismo-queer-di-bruxelles-parte-2#respond"]}]},{"@type":"WebPage","@id":"https:\/\/ifamnews.com\/it\/da-lenin-e-trotsky-al-comunismo-queer-di-bruxelles-parte-2","url":"https:\/\/ifamnews.com\/it\/da-lenin-e-trotsky-al-comunismo-queer-di-bruxelles-parte-2","name":"DA LENIN E TROTSKY AL COMUNISMO QUEER DI BRUXELLES (Parte 2) - IFN","isPartOf":{"@id":"https:\/\/ifamnews.com\/en\/#website"},"primaryImageOfPage":{"@id":"https:\/\/ifamnews.com\/it\/da-lenin-e-trotsky-al-comunismo-queer-di-bruxelles-parte-2#primaryimage"},"image":{"@id":"https:\/\/ifamnews.com\/it\/da-lenin-e-trotsky-al-comunismo-queer-di-bruxelles-parte-2#primaryimage"},"thumbnailUrl":"https:\/\/ifamnews.com\/wp-content\/uploads\/2023\/07\/kvir-komunizam.png","datePublished":"2023-07-08T05:00:00+00:00","description":"L'\u00e9lite liberale di sinistra anticristiana attraverso i media, la politica, le universit\u00e0, la magistratura e la cultura popolare impone con forza la sua visione al mondo e sopprime il tradizionalismo cristiano.","breadcrumb":{"@id":"https:\/\/ifamnews.com\/it\/da-lenin-e-trotsky-al-comunismo-queer-di-bruxelles-parte-2#breadcrumb"},"inLanguage":"it-IT","potentialAction":[{"@type":"ReadAction","target":["https:\/\/ifamnews.com\/it\/da-lenin-e-trotsky-al-comunismo-queer-di-bruxelles-parte-2"]}]},{"@type":"ImageObject","inLanguage":"it-IT","@id":"https:\/\/ifamnews.com\/it\/da-lenin-e-trotsky-al-comunismo-queer-di-bruxelles-parte-2#primaryimage","url":"https:\/\/ifamnews.com\/wp-content\/uploads\/2023\/07\/kvir-komunizam.png","contentUrl":"https:\/\/ifamnews.com\/wp-content\/uploads\/2023\/07\/kvir-komunizam.png","width":512,"height":288},{"@type":"BreadcrumbList","@id":"https:\/\/ifamnews.com\/it\/da-lenin-e-trotsky-al-comunismo-queer-di-bruxelles-parte-2#breadcrumb","itemListElement":[{"@type":"ListItem","position":1,"name":"Home","item":"https:\/\/ifamnews.com\/de"},{"@type":"ListItem","position":2,"name":"Familie","item":"https:\/\/ifamnews.com\/de\/kategorie\/familie"},{"@type":"ListItem","position":3,"name":"DA LENIN E TROTSKY AL COMUNISMO QUEER DI BRUXELLES (Parte 2)"}]},{"@type":"WebSite","@id":"https:\/\/ifamnews.com\/en\/#website","url":"https:\/\/ifamnews.com\/en\/","name":"IFN","description":"International Family News Network","publisher":{"@id":"https:\/\/ifamnews.com\/en\/#organization"},"potentialAction":[{"@type":"SearchAction","target":{"@type":"EntryPoint","urlTemplate":"https:\/\/ifamnews.com\/en\/?s={search_term_string}"},"query-input":{"@type":"PropertyValueSpecification","valueRequired":true,"valueName":"search_term_string"}}],"inLanguage":"it-IT"},{"@type":"Organization","@id":"https:\/\/ifamnews.com\/en\/#organization","name":"iFamNews","url":"https:\/\/ifamnews.com\/en\/","logo":{"@type":"ImageObject","inLanguage":"it-IT","@id":"https:\/\/ifamnews.com\/en\/#\/schema\/logo\/image\/","url":"https:\/\/ifamnews.com\/wp-content\/uploads\/2020\/01\/Share-logo.png","contentUrl":"https:\/\/ifamnews.com\/wp-content\/uploads\/2020\/01\/Share-logo.png","width":200,"height":200,"caption":"iFamNews"},"image":{"@id":"https:\/\/ifamnews.com\/en\/#\/schema\/logo\/image\/"},"sameAs":["https:\/\/www.facebook.com\/iFamNews","https:\/\/x.com\/iFamNewsEN"]},{"@type":"Person","@id":"https:\/\/ifamnews.com\/en\/#\/schema\/person\/f86d7b8ce9bcb3dda045049aa80a3a6e","name":"Mi\u0161a Djurkovi\u0107","image":{"@type":"ImageObject","inLanguage":"it-IT","@id":"https:\/\/secure.gravatar.com\/avatar\/eba1781abdcbc8c07a970f44762f5a850d549a543ec3649c2a5887243c9fdd6d?s=96&d=mm&r=g","url":"https:\/\/secure.gravatar.com\/avatar\/eba1781abdcbc8c07a970f44762f5a850d549a543ec3649c2a5887243c9fdd6d?s=96&d=mm&r=g","contentUrl":"https:\/\/secure.gravatar.com\/avatar\/eba1781abdcbc8c07a970f44762f5a850d549a543ec3649c2a5887243c9fdd6d?s=96&d=mm&r=g","caption":"Mi\u0161a Djurkovi\u0107"},"description":"Mi\u0161a Djurkovi\u0107, Ph.D.\u00a0(1971) PhD in 2005 at the Faculty of Philosophy, University of Belgrade in the field of political philosophy. \u00a0Employed at the Institute for European Studies in Belgrade since 1999. \u00a0Since 2011, he has been managing the institute's global project and since July 1, 2016, he has taken over as director of the institute. \u00a0He deals with political theory, European studies, international relations, bioethics and popular culture studies. \u00a0He has been present in the leading domestic and foreign media for almost twenty years. \u00a0He is a regular columnist for Politics and has collaborated with NIN, Vreme, Nedeljnik, etc. \u00a0He was advisor to the prime minister, secretary of the state council for Kosovo and Metohija, advisor to the leader of the leading opposition party in Montenegro. \u00a0He was also involved in political and business consulting. \u00a0He has organized numerous local and international conferences (from charity camps to scientific conferences). \u00a0He is a member of the Serbian Philosophical Society and the Center for European Renewal. \u00a0He is the author of about twenty books and collections of works, some of which have been published in several editions. \u00a01. Dictatorship, Nation, Globalization, IES, 2002. 2. Capitalism, Liberalism, the State, Filip Vi\u0161nji\u0107, 2005. 3. John Stuart Milo's Political Thought, Official Gazette, 2006. 4. Conservatism and Conservative Parties, 2007 5. Image \u00a0, Sound and Power, MST Gaji\u0107, 2009. 6. Dark Corridors of Power, Ukronia, 2013. 7. Right Thought in the 20th Century, Zoran Stojanovic Publishing Book, 2019 8. War for the Family in Serbia, IES, Rank, 2019.","sameAs":["https:\/\/misadjurkovic.info","https:\/\/facebook.com\/misa.djurkovic"],"url":"https:\/\/ifamnews.com\/it\/author\/misa-djurkovic"}]}},"amp_enabled":true,"_links":{"self":[{"href":"https:\/\/ifamnews.com\/it\/wp-json\/wp\/v2\/posts\/202984","targetHints":{"allow":["GET"]}}],"collection":[{"href":"https:\/\/ifamnews.com\/it\/wp-json\/wp\/v2\/posts"}],"about":[{"href":"https:\/\/ifamnews.com\/it\/wp-json\/wp\/v2\/types\/post"}],"author":[{"embeddable":true,"href":"https:\/\/ifamnews.com\/it\/wp-json\/wp\/v2\/users\/102"}],"replies":[{"embeddable":true,"href":"https:\/\/ifamnews.com\/it\/wp-json\/wp\/v2\/comments?post=202984"}],"version-history":[{"count":4,"href":"https:\/\/ifamnews.com\/it\/wp-json\/wp\/v2\/posts\/202984\/revisions"}],"predecessor-version":[{"id":203436,"href":"https:\/\/ifamnews.com\/it\/wp-json\/wp\/v2\/posts\/202984\/revisions\/203436"}],"wp:featuredmedia":[{"embeddable":true,"href":"https:\/\/ifamnews.com\/it\/wp-json\/wp\/v2\/media\/202899"}],"wp:attachment":[{"href":"https:\/\/ifamnews.com\/it\/wp-json\/wp\/v2\/media?parent=202984"}],"wp:term":[{"taxonomy":"category","embeddable":true,"href":"https:\/\/ifamnews.com\/it\/wp-json\/wp\/v2\/categories?post=202984"},{"taxonomy":"post_tag","embeddable":true,"href":"https:\/\/ifamnews.com\/it\/wp-json\/wp\/v2\/tags?post=202984"}],"curies":[{"name":"wp","href":"https:\/\/api.w.org\/{rel}","templated":true}]}}