{"id":19952,"date":"2020-06-23T00:00:00","date_gmt":"2020-06-23T05:00:00","guid":{"rendered":"https:\/\/ifamnews.com\/?p=19952"},"modified":"2020-07-30T04:07:43","modified_gmt":"2020-07-30T09:07:43","slug":"fostering-cose-laffido-familiare","status":"publish","type":"post","link":"https:\/\/ifamnews.com\/it\/fostering-cose-laffido-familiare","title":{"rendered":"\u00abFostering\u00bb: cos\u2019\u00e8 l\u2019affido familiare"},"content":{"rendered":"<p class=\"last-updated\">Last updated on Luglio 30th, 2020 at 04:07 am<\/p>\n<p>\u00abMio marito Victor Allen vuole un figlio. In questo momento [\u2026] lo vuole ancora di pi\u00f9 [\u2026], forse perch\u00e9 sta per compiere 55 anni\u00bb: <a href=\"https:\/\/corriere.it\/moda\/20_giugno_19\/tiziano-ferro-presto-papa-il-marito-victor-allen-e3f40f78-b229-11ea-b99d-35d9ea91923c.shtml?refresh_ce-cp&amp;__FB_PRIVATE_TRACKING__=%7B%22loggedout_browser_id%22%3A%224680ded9159462afe179aaa1f39de456d167e7b8%22%7D&amp;fbclid=IwAR0r6-cgIUlVoTvM6u38kKJLxJ6kMLyHKdXFzu1SJJboI5voe2KN-_Xi3O8\" target=\"_blank\" rel=\"noopener noreferrer\">le parole di Tiziano Ferro<\/a> rimbalzano sul <em>web<\/em>. La coppia vive negli Stati Uniti d\u2019America, un Paese, che, <a href=\"https:\/\/tpi.it\/gossip\/tiziano-ferro-figlio-marito-victor-fostering-cose-20200620623931\/\" target=\"_blank\" rel=\"noopener noreferrer\">si dice<\/a>, \u00aboffre molte opportunit\u00e0 per chi vuole avere un figlio\u00bb. Oltre alla maternit\u00e0 surrogata \u2013 <a href=\"https:\/\/ifamnews.com\/it\/il-circo-degli-orrori-della-maternita-surrogata\/\" target=\"_blank\" rel=\"noopener noreferrer\">con i suoi orrori<\/a> \u2013, \u00e8 infatti oggi possibile ricorrere al <em>fostering<\/em>, la possibilit\u00e0, spiega il cantante, di occuparsi \u00ab[\u2026] per un certo tempo di un bimbo, anche senza una vera e propria adozione\u00bb. La soluzione ideale, parrebbe, per chi abbia \u00ab<a href=\"https:\/\/corriere.it\/moda\/20_giugno_19\/tiziano-ferro-presto-papa-il-marito-victor-allen-e3f40f78-b229-11ea-b99d-35d9ea91923c.shtml?refresh_ce-cp&amp;__FB_PRIVATE_TRACKING__=%7B%22loggedout_browser_id%22%3A%224680ded9159462afe179aaa1f39de456d167e7b8%22%7D&amp;fbclid=IwAR0r6-cgIUlVoTvM6u38kKJLxJ6kMLyHKdXFzu1SJJboI5voe2KN-_Xi3O8\" target=\"_blank\" rel=\"noopener noreferrer\">voglia di famiglia<\/a>\u00bb come nel caso del quarantenne italiano e del suo compagno americano.<\/p>\n\n\n\n<p><em>Fostering<\/em>,\ndunque: di che si tratta? Su <em>tabloid <\/em>e riviste di <em>gossip<\/em> si\ntrovano le spiegazioni: si tratta dell\u2019affido di bambini che, abbandonati o a\nfronte di un trauma, vengono accolti da chi permettere loro di avere una casa e\nuna famiglia. Ma un bambino che, nella migliore delle ipotesi, ha subito \u201csolo\u201d\nil trauma dell\u2019abbandono \u2013 o dell\u2019allontanamento forzato dalla famiglia di\norigine \u2013, e che in realt\u00e0 spesso \u00e8 stato pure vittima o spettatore di violenze\ne di abusi, pu\u00f2 essere considerato da una \u201ccoppia\u201d \u2013 per altro \u201cattempata\u201d e\nbiologicamente sterile, senza alcuna esperienza di genitorialit\u00e0 \u2013 la <em>chance<\/em>\nper soddisfare la propria \u00abvoglia di famiglia\u00bb? <\/p>\n\n\n\n<p><a href=\"https:\/\/childrensrights.org\/newsroom\/fact-sheets\/foster-care\/#:~:text=On%20any%20given%20day%2C%20there,for%20five%20or%20more%20years.\" target=\"_blank\" rel=\"noopener noreferrer\">I dati disponibili<\/a> dimostrano quanto negli Stati Uniti il <em>welfare system <\/em>relativo all\u2019infanzia sia seriamente in crisi: i minori allontanati dalle famiglie possono cio\u00e8 \u00absubire danni gravi. Alcuni vengono separati dai fratelli. Altri vengono rimbalzati da una casa-famiglia all\u2019altra, in attesa del prossimo sradicamento\u00bb. Invece di \u00ab[\u2026] essere accolti nelle proprie famiglie \u2013 o essere adottati in tempi celeri \u2013 molti languiranno per anni in case famiglie o istituti per l\u2019affidamento\u00bb. Le statistiche del 2018 parlano di <a href=\"https:\/\/acf.hhs.gov\/sites\/default\/files\/cb\/afcarsreport26.pdf\" target=\"_blank\" rel=\"noopener noreferrer\">quasi 690mila bambini<\/a> che negli Stati Uniti hanno trascorso del tempo in affido, il 6% dei quali per cinque anni o pi\u00f9, mentre la media degli affidi dura circa due anni. Tra l\u2019altro si tratta di bambini non piccolissimi: l\u2019et\u00e0 media \u00e8 stata calcolata attorno agli 8 anni. Sempre nel 2018, <a href=\"https:\/\/acf.hhs.gov\/sites\/default\/files\/cb\/afcarsreport26.pdf\" target=\"_blank\" rel=\"noopener noreferrer\">quasi 20mila di questi minori<\/a> ha raggiunto la maggiore et\u00e0 senza trovare una famiglia che li abbia accolti in modo permanente, una condizione che li pone ad <a href=\"https:\/\/chapinhall.org\/wp-content\/uploads\/Midwest-Eval-Outcomes-at-Age-26.pdf\" target=\"_blank\" rel=\"noopener noreferrer\">altissimo rischio<\/a> di esistenze da vagabondi, facili alla disoccupazione e pure alla delinquenza, dunque al carcere. <\/p>\n\n\n\n<p>Appare evidente come la <em>foster care<\/em> non abbia a che vedere con teneri neonati da avvolgere in copertine color pastello, perfetti da esporre a favor di telecamera, o per farsi <em>selfie<\/em> su <em>Instagram<\/em>. L\u2019affido coinvolge principalmente adolescenti o pre-adolescenti, spesso con gi\u00e0 alle spalle oltre all\u2019abbandono familiare il fallimento di precedenti esperienze di affidamento. \u00c8 necessario per loro mantenere \u2013 o tentare di mantenere \u2013 i <a href=\"https:\/\/famiglieperaccoglienza.it\/aree-di-esperienza\/cose-laffido-familiare\/i-rapporti-con-la-famiglia-dorigine\/#:~:text=I%20rapporti%20con%20la%20famiglia%20d'origine,pu%C3%B2%20vedere%20i%20suoi%20genitori.\" target=\"_blank\" rel=\"noopener noreferrer\">rapporti con la famiglia di origine<\/a>, tramite visite periodiche (spesso da svolgere in \u201cambienti protetti\u201d alla presenza di operatori sociali), telefonate e veri e propri \u201crientri\u201d di alcuni giorni presso la casa dei genitori biologici. I tempi e l\u2019agenda di una famiglia affidataria sono determinati da questi appuntamenti, con l\u2019ulteriore &nbsp;necessit\u00e0 spesso della frequenza a una terapia psicologica, logopedica, o comunque del sostegno di uno specialista che sostenga il percorso del bambino nella nuova famiglia, in relazione con la sua storia passata. Il dramma della \u201c<a href=\"https:\/\/affidiamoci.com\/2015\/04\/rabbia-dei-minori-in-affido-familiare.html\" target=\"_blank\" rel=\"noopener noreferrer\">doppia appartenenza<\/a>\u201d \u2013 conosciuto anche da quelle Associazioni che promuovono l\u2019affido anche per i <em>single<\/em> \u2013 &nbsp;accompagna la quotidianit\u00e0 di un minore affidato, laddove le \u201ccose vanno bene\u201d. Si pu\u00f2 anche verificare il caso in cui il bambino e la famiglia non riescano a sostenere la \u00ab<a href=\"https:\/\/corriere.it\/buone-notizie\/19_novembre_06\/genitori-affidatari-in-20-anni-abbiamo-accolto-19-bambini-cc764bd6-0086-11ea-90df-c7bf97da0906.shtml\" target=\"_blank\" rel=\"noopener noreferrer\">sfida della diversit\u00e0<\/a>\u00bb, arrivando all\u2019impossibilit\u00e0 di proseguire il progetto di affido.<\/p>\n\n\n\n<p>\u00abL\u2019affidamento familiare \u00e8 un intervento temporaneo di aiuto e di sostegno a un minore che proviene da una famiglia che non \u00e8 in grado di occuparsi in modo sufficiente e completo delle sue necessit\u00e0\u00bb: l\u2019associazione <a href=\"https:\/\/famiglieperaccoglienza.it\/aree-di-esperienza\/cose-laffido-familiare\/\" target=\"_blank\" rel=\"noopener noreferrer\">Famiglie per l\u2019Accoglienza<\/a> descrive cos\u00ec l\u2019esperienza dell\u2019affido, sottolineando che \u00abci\u00f2 che pu\u00f2 sostenere una famiglia nell\u2019affido \u00e8 la compagnia di altre famiglie che vivono la stessa esperienza e mantengono viva la coscienza di questa scelta. La compagnia tra famiglie pu\u00f2 giungere fino all\u2019aiuto concreto nelle scelte quotidiane, anche le pi\u00f9 difficili\u00bb. <\/p>\n\n\n\n<p>Ben lungi dall\u2019essere una\n\u00abopportunit\u00e0 per avere un figlio\u00bb, quando si \u00e8 deciso di \u00abmettere la testa a\nposto\u00bb ed \u00e8 venuta \u00abvoglia di famiglia\u00bb, l\u2019affido familiare \u00e8 \u00abun\u2019accoglienza\nche educa alla gratuit\u00e0, all\u2019apertura della vita del minore accolto nella\npropria casa, fino ad amarne tutta la sua storia, la sua famiglia, la sua\ndiversit\u00e0. Questa esperienza educa soprattutto al \u201cnon possesso\u201d, che \u00e8 il vero\namore di un padre e di una madre\u00bb. Il \u201cnon possesso\u201d \u00e8 esattamente la chiave di\nvolta perch\u00e9 l\u2019accento si sposti dal desiderio della \u201ccoppia\u201d (comunque\nassortita) di un compimento al rapporto tra gli adulti, al vero valore da\ndifendere e ricercare: il bene del bambino.<\/p>\n","protected":false},"excerpt":{"rendered":"<p>Di Tiziano Ferro e di come l\u2019affido non sia l\u2019ennesima scorciatoia per chi \u201cdesidera un bambino\u201d<\/p>\n","protected":false},"author":11,"featured_media":20074,"comment_status":"open","ping_status":"open","sticky":false,"template":"","format":"standard","meta":{"give_campaign_id":0,"om_disable_all_campaigns":false,"_monsterinsights_skip_tracking":false,"_monsterinsights_sitenote_active":false,"_monsterinsights_sitenote_note":"","_monsterinsights_sitenote_category":0,"mc4wp_mailchimp_campaign":[],"jnews-multi-image_gallery":[],"jnews_single_post":{"subtitle":"Di Tiziano Ferro e di come l\u2019affido non sia l\u2019ennesima scorciatoia per chi \u201cdesidera un bambino\u201d","format":"standard","video":"","gallery":"","source_name":"","source_url":"","via_name":"","via_url":"","override":[{"single_blog_custom":"","sidebar":"","second_sidebar":"","share_position":"","share_float_style":"","post_date_format":"","post_date_format_custom":"","post_reading_time_wpm":"","zoom_button_out_step":"1","zoom_button_in_step":"1","number_popup_post":"1"}],"image_override":[{"single_post_thumbnail_size":"","single_post_gallery_size":""}],"trending_post_position":"","trending_post_label":""},"jnews_primary_category":{"id":"778"},"jnews_social_meta":{"fb_title":"","fb_description":"","fb_image":"","twitter_title":"","twitter_description":"","twitter_image":""},"jnews_override_counter":{"view_counter_number":"0","share_counter_number":"0","like_counter_number":"0","dislike_counter_number":"0"},"footnotes":""},"categories":[778,781],"tags":[4414,4412],"class_list":["post-19952","post","type-post","status-publish","format-standard","has-post-thumbnail","hentry","category-editoriali","category-famiglia","tag-fostering","tag-tiziano-ferro"],"yoast_head":"<!-- This site is optimized with the Yoast SEO Premium plugin v25.9 (Yoast SEO v27.3) - https:\/\/yoast.com\/product\/yoast-seo-premium-wordpress\/ -->\n<title>\u00abFostering\u00bb: cos\u2019\u00e8 l\u2019affido familiare - IFN<\/title>\n<meta name=\"description\" content=\"Cos&#039;\u00e8 il fostering: di Tiziano Ferro, del marito americano e di come l\u2019affido non sia l\u2019ennesima scorciatoia per chi \u201cdesidera un bambino\u201d\" \/>\n<meta name=\"robots\" content=\"index, follow, max-snippet:-1, max-image-preview:large, max-video-preview:-1\" \/>\n<link rel=\"canonical\" href=\"https:\/\/ifamnews.com\/it\/fostering-cose-laffido-familiare\" \/>\n<meta property=\"og:locale\" content=\"it_IT\" \/>\n<meta property=\"og:type\" content=\"article\" \/>\n<meta property=\"og:title\" content=\"\u00abFostering\u00bb: cos\u2019\u00e8 l\u2019affido familiare\" \/>\n<meta property=\"og:description\" content=\"Cos&#039;\u00e8 il fostering: di Tiziano Ferro, del marito americano e di come l\u2019affido non sia l\u2019ennesima scorciatoia per chi \u201cdesidera un bambino\u201d\" \/>\n<meta property=\"og:url\" content=\"https:\/\/ifamnews.com\/it\/fostering-cose-laffido-familiare\" \/>\n<meta property=\"og:site_name\" content=\"IFN\" \/>\n<meta property=\"article:publisher\" content=\"https:\/\/www.facebook.com\/iFamNews\" \/>\n<meta property=\"article:published_time\" content=\"2020-06-23T05:00:00+00:00\" \/>\n<meta property=\"article:modified_time\" content=\"2020-07-30T09:07:43+00:00\" \/>\n<meta property=\"og:image\" content=\"https:\/\/ifamnews.com\/wp-content\/uploads\/2020\/06\/gay.jpg\" \/>\n\t<meta property=\"og:image:width\" content=\"1200\" \/>\n\t<meta property=\"og:image:height\" content=\"675\" \/>\n\t<meta property=\"og:image:type\" content=\"image\/jpeg\" \/>\n<meta name=\"author\" content=\"Cristina Tamburini\" \/>\n<meta name=\"twitter:card\" content=\"summary_large_image\" \/>\n<meta name=\"twitter:creator\" content=\"@iFamNewsEN\" \/>\n<meta name=\"twitter:site\" content=\"@iFamNewsEN\" \/>\n<meta name=\"twitter:label1\" content=\"Scritto da\" \/>\n\t<meta name=\"twitter:data1\" content=\"Cristina Tamburini\" \/>\n\t<meta name=\"twitter:label2\" content=\"Tempo di lettura stimato\" \/>\n\t<meta name=\"twitter:data2\" content=\"4 minuti\" \/>\n<!-- \/ Yoast SEO Premium plugin. -->","yoast_head_json":{"title":"\u00abFostering\u00bb: cos\u2019\u00e8 l\u2019affido familiare - IFN","description":"Cos'\u00e8 il fostering: di Tiziano Ferro, del marito americano e di come l\u2019affido non sia l\u2019ennesima scorciatoia per chi \u201cdesidera un bambino\u201d","robots":{"index":"index","follow":"follow","max-snippet":"max-snippet:-1","max-image-preview":"max-image-preview:large","max-video-preview":"max-video-preview:-1"},"canonical":"https:\/\/ifamnews.com\/it\/fostering-cose-laffido-familiare","og_locale":"it_IT","og_type":"article","og_title":"\u00abFostering\u00bb: cos\u2019\u00e8 l\u2019affido familiare","og_description":"Cos'\u00e8 il fostering: di Tiziano Ferro, del marito americano e di come l\u2019affido non sia l\u2019ennesima scorciatoia per chi \u201cdesidera un bambino\u201d","og_url":"https:\/\/ifamnews.com\/it\/fostering-cose-laffido-familiare","og_site_name":"IFN","article_publisher":"https:\/\/www.facebook.com\/iFamNews","article_published_time":"2020-06-23T05:00:00+00:00","article_modified_time":"2020-07-30T09:07:43+00:00","og_image":[{"width":1200,"height":675,"url":"https:\/\/ifamnews.com\/wp-content\/uploads\/2020\/06\/gay.jpg","type":"image\/jpeg"}],"author":"Cristina Tamburini","twitter_card":"summary_large_image","twitter_creator":"@iFamNewsEN","twitter_site":"@iFamNewsEN","twitter_misc":{"Scritto da":"Cristina Tamburini","Tempo di lettura stimato":"4 minuti"},"schema":{"@context":"https:\/\/schema.org","@graph":[{"@type":"NewsArticle","@id":"https:\/\/ifamnews.com\/it\/fostering-cose-laffido-familiare#article","isPartOf":{"@id":"https:\/\/ifamnews.com\/it\/fostering-cose-laffido-familiare"},"author":{"name":"Cristina Tamburini","@id":"https:\/\/ifamnews.com\/en\/#\/schema\/person\/43e7f156898341a8d33d23cccefde53a"},"headline":"\u00abFostering\u00bb: cos\u2019\u00e8 l\u2019affido familiare","datePublished":"2020-06-23T05:00:00+00:00","dateModified":"2020-07-30T09:07:43+00:00","mainEntityOfPage":{"@id":"https:\/\/ifamnews.com\/it\/fostering-cose-laffido-familiare"},"wordCount":800,"commentCount":0,"publisher":{"@id":"https:\/\/ifamnews.com\/en\/#organization"},"image":{"@id":"https:\/\/ifamnews.com\/it\/fostering-cose-laffido-familiare#primaryimage"},"thumbnailUrl":"https:\/\/ifamnews.com\/wp-content\/uploads\/2020\/06\/gay.jpg","keywords":["fostering","Tiziano Ferro"],"articleSection":["Editoriali","Famiglia"],"inLanguage":"it-IT","potentialAction":[{"@type":"CommentAction","name":"Comment","target":["https:\/\/ifamnews.com\/it\/fostering-cose-laffido-familiare#respond"]}]},{"@type":"WebPage","@id":"https:\/\/ifamnews.com\/it\/fostering-cose-laffido-familiare","url":"https:\/\/ifamnews.com\/it\/fostering-cose-laffido-familiare","name":"\u00abFostering\u00bb: cos\u2019\u00e8 l\u2019affido familiare - IFN","isPartOf":{"@id":"https:\/\/ifamnews.com\/en\/#website"},"primaryImageOfPage":{"@id":"https:\/\/ifamnews.com\/it\/fostering-cose-laffido-familiare#primaryimage"},"image":{"@id":"https:\/\/ifamnews.com\/it\/fostering-cose-laffido-familiare#primaryimage"},"thumbnailUrl":"https:\/\/ifamnews.com\/wp-content\/uploads\/2020\/06\/gay.jpg","datePublished":"2020-06-23T05:00:00+00:00","dateModified":"2020-07-30T09:07:43+00:00","description":"Cos'\u00e8 il fostering: di Tiziano Ferro, del marito americano e di come l\u2019affido non sia l\u2019ennesima scorciatoia per chi \u201cdesidera un bambino\u201d","breadcrumb":{"@id":"https:\/\/ifamnews.com\/it\/fostering-cose-laffido-familiare#breadcrumb"},"inLanguage":"it-IT","potentialAction":[{"@type":"ReadAction","target":["https:\/\/ifamnews.com\/it\/fostering-cose-laffido-familiare"]}]},{"@type":"ImageObject","inLanguage":"it-IT","@id":"https:\/\/ifamnews.com\/it\/fostering-cose-laffido-familiare#primaryimage","url":"https:\/\/ifamnews.com\/wp-content\/uploads\/2020\/06\/gay.jpg","contentUrl":"https:\/\/ifamnews.com\/wp-content\/uploads\/2020\/06\/gay.jpg","width":1200,"height":675,"caption":"Image from Google Images"},{"@type":"BreadcrumbList","@id":"https:\/\/ifamnews.com\/it\/fostering-cose-laffido-familiare#breadcrumb","itemListElement":[{"@type":"ListItem","position":1,"name":"Home","item":"https:\/\/ifamnews.com\/de"},{"@type":"ListItem","position":2,"name":"Famiglia","item":"https:\/\/ifamnews.com\/it\/categoria\/famiglia"},{"@type":"ListItem","position":3,"name":"\u00abFostering\u00bb: cos\u2019\u00e8 l\u2019affido familiare"}]},{"@type":"WebSite","@id":"https:\/\/ifamnews.com\/en\/#website","url":"https:\/\/ifamnews.com\/en\/","name":"IFN","description":"International Family News Network","publisher":{"@id":"https:\/\/ifamnews.com\/en\/#organization"},"potentialAction":[{"@type":"SearchAction","target":{"@type":"EntryPoint","urlTemplate":"https:\/\/ifamnews.com\/en\/?s={search_term_string}"},"query-input":{"@type":"PropertyValueSpecification","valueRequired":true,"valueName":"search_term_string"}}],"inLanguage":"it-IT"},{"@type":"Organization","@id":"https:\/\/ifamnews.com\/en\/#organization","name":"iFamNews","url":"https:\/\/ifamnews.com\/en\/","logo":{"@type":"ImageObject","inLanguage":"it-IT","@id":"https:\/\/ifamnews.com\/en\/#\/schema\/logo\/image\/","url":"https:\/\/ifamnews.com\/wp-content\/uploads\/2020\/01\/Share-logo.png","contentUrl":"https:\/\/ifamnews.com\/wp-content\/uploads\/2020\/01\/Share-logo.png","width":200,"height":200,"caption":"iFamNews"},"image":{"@id":"https:\/\/ifamnews.com\/en\/#\/schema\/logo\/image\/"},"sameAs":["https:\/\/www.facebook.com\/iFamNews","https:\/\/x.com\/iFamNewsEN"]},{"@type":"Person","@id":"https:\/\/ifamnews.com\/en\/#\/schema\/person\/43e7f156898341a8d33d23cccefde53a","name":"Cristina Tamburini","image":{"@type":"ImageObject","inLanguage":"it-IT","@id":"https:\/\/secure.gravatar.com\/avatar\/4165d8e302e80b4826915d6dc5ff4095e2cdb523a870c0cb303347ba24f5e3c2?s=96&d=mm&r=g","url":"https:\/\/secure.gravatar.com\/avatar\/4165d8e302e80b4826915d6dc5ff4095e2cdb523a870c0cb303347ba24f5e3c2?s=96&d=mm&r=g","contentUrl":"https:\/\/secure.gravatar.com\/avatar\/4165d8e302e80b4826915d6dc5ff4095e2cdb523a870c0cb303347ba24f5e3c2?s=96&d=mm&r=g","caption":"Cristina Tamburini"},"description":"Cristina Tamburini, graduated in Philosophy with a thesis in Philosophical Anthropology on contemporary utilitarianism, wife and mother of seven children, has never abandoned the study and the passion for philosophical anthropology, ethics and bioethics. She has translated into Italian several texts, including Action and Conduct: Thomas Aquinas and the Theory of Action by Stephen L. Brock and Intention by G. Elizabeth M. Anscombe, extending her interests to theology (especially to eschatology and the Social Doctrine of the Church). He edited the blog Yes, they are all mine! to tell and explore the maternage and everyday life in a large family.","sameAs":["https:\/\/sonotuttimiei.blogspot.com\/","https:\/\/instagram.com\/cristambu\/"],"url":"https:\/\/ifamnews.com\/it\/author\/ctamburini"}]}},"amp_enabled":true,"_links":{"self":[{"href":"https:\/\/ifamnews.com\/it\/wp-json\/wp\/v2\/posts\/19952","targetHints":{"allow":["GET"]}}],"collection":[{"href":"https:\/\/ifamnews.com\/it\/wp-json\/wp\/v2\/posts"}],"about":[{"href":"https:\/\/ifamnews.com\/it\/wp-json\/wp\/v2\/types\/post"}],"author":[{"embeddable":true,"href":"https:\/\/ifamnews.com\/it\/wp-json\/wp\/v2\/users\/11"}],"replies":[{"embeddable":true,"href":"https:\/\/ifamnews.com\/it\/wp-json\/wp\/v2\/comments?post=19952"}],"version-history":[{"count":3,"href":"https:\/\/ifamnews.com\/it\/wp-json\/wp\/v2\/posts\/19952\/revisions"}],"predecessor-version":[{"id":20005,"href":"https:\/\/ifamnews.com\/it\/wp-json\/wp\/v2\/posts\/19952\/revisions\/20005"}],"wp:featuredmedia":[{"embeddable":true,"href":"https:\/\/ifamnews.com\/it\/wp-json\/wp\/v2\/media\/20074"}],"wp:attachment":[{"href":"https:\/\/ifamnews.com\/it\/wp-json\/wp\/v2\/media?parent=19952"}],"wp:term":[{"taxonomy":"category","embeddable":true,"href":"https:\/\/ifamnews.com\/it\/wp-json\/wp\/v2\/categories?post=19952"},{"taxonomy":"post_tag","embeddable":true,"href":"https:\/\/ifamnews.com\/it\/wp-json\/wp\/v2\/tags?post=19952"}],"curies":[{"name":"wp","href":"https:\/\/api.w.org\/{rel}","templated":true}]}}