{"id":196540,"date":"2023-06-05T01:00:00","date_gmt":"2023-06-05T05:00:00","guid":{"rendered":"https:\/\/ifamnews.com\/?p=196540"},"modified":"2023-06-02T09:20:17","modified_gmt":"2023-06-02T13:20:17","slug":"convenzione-di-istanbul-il-totalitarismo-continua-la-sua-marcia-costante-in-europa","status":"publish","type":"post","link":"https:\/\/ifamnews.com\/it\/convenzione-di-istanbul-il-totalitarismo-continua-la-sua-marcia-costante-in-europa","title":{"rendered":"Convenzione di Istanbul: Il totalitarismo continua la sua marcia costante in Europa"},"content":{"rendered":"\n<p>2 giugno 2023 &#8211; Frans Timmerman, vicepresidente della Commissione europea, ha recentemente scritto un commento intitolato &#8220;Il totalitarismo \u00e8 tornato in Europa&#8221;. Osservando che &#8220;cento anni dopo le sue prime incarnazioni, il totalitarismo \u00e8 ritornato nel nostro continente&#8221;, Timmerman ha chiesto &#8220;lo stato di diritto, il rispetto dei diritti umani e delle libert\u00e0 fondamentali&#8221;. (1)<\/p>\n\n\n\n<p>Sebbene Timmerman si riferisse all&#8217;incursione russa in Ucraina, i suoi commenti si applicano anche alla controversa Convenzione di Istanbul (2). Ieri l&#8217;Unione europea ha annunciato: &#8220;Il Consiglio ha approvato oggi l&#8217;adesione dell&#8217;UE alla Convenzione sulla prevenzione e la lotta contro la violenza nei confronti delle donne e la violenza domestica&#8221;. (3)<\/p>\n\n\n\n<p>La prima vittima di un regime totalitario \u00e8 la verit\u00e0 e la dichiarazione del Consiglio dell&#8217;UE ne \u00e8 un esempio. Numerose ricerche condotte in tutta Europa dimostrano che le donne hanno la stessa probabilit\u00e0, o pi\u00f9 probabilit\u00e0, degli uomini di istigare gli abusi domestici (4). Il comunicato stampa del Consiglio, invece, usa l&#8217;espressione &#8220;violenza contro le donne&#8221; 11 volte. Il comunicato non menziona una sola volta la &#8220;violenza contro gli uomini&#8221;, sottintendendo che le vittime maschili non esistono o, se esistono, non hanno alcun diritto legale all&#8217;assistenza.<\/p>\n\n\n\n<p>Questo rifiuto crea una barriera per uomini come l&#8217;inglese Tom Somerset-How, che soffre di paralisi cerebrale ed era costretto a letto. Per anni, la moglie di Somerset-How ha abusato di lui e lo ha trattato come una &#8220;propriet\u00e0&#8221;. Il giudice William Ashworth ha recentemente concluso: &#8220;Ci sono ampie prove che Tom \u00e8 stato tenuto come se fosse un bestiame o un animale&#8221;. (5)<\/p>\n\n\n\n<p>Le radici marxiste della Convenzione di Istanbul sono state ampiamente documentate (6). Ad esempio, il preambolo della Convenzione richiede l&#8217;uguaglianza &#8220;<em>de facto<\/em>&#8221; tra uomini e donne, il che significa che non dovrebbero esserci differenze sociali o divisione del lavoro tra i sessi. L&#8217;Istituto Ordo Iuris ha spiegato la base ideologica di questa affermazione: &#8220;nell&#8217;opera di Marx, \u00e8 la &#8220;divisione del lavoro&#8221; la fonte primaria di tutti i conflitti sociali, perch\u00e9 genera disuguaglianza&#8221;. (7)<\/p>\n\n\n\n<p>L&#8217;adesione del Consiglio alla Convenzione di Istanbul avr\u00e0 sicuramente effetti di vasta portata sulla disponibilit\u00e0 degli uomini a collaborare con le donne e a sposarsi, con effetti devastanti sulla sostenibilit\u00e0 a lungo termine della famiglia europea (8). Il calo dei tassi di matrimonio si traduce in una diminuzione delle nascite, contribuendo alla crisi demografica (9).<em><u><\/u><\/em><\/p>\n\n\n\n<p>Gli Stati membri dell&#8217;Unione Europea devono opporsi all&#8217;espansione delle politiche di ispirazione marxista, ricorrendo a tutte le misure a loro disposizione.<\/p>\n\n\n\n<p><em>L&#8217;Alleanza internazionale contro l&#8217;abuso e la violenza domestica (DAVIA) \u00e8 formata da 88 organizzazioni affiliate provenienti da 32 Paesi di Africa, Asia, Australia, Europa, America Latina e Nord America. DAVIA cerca di garantire che le politiche in materia di violenza domestica e abusi siano basate sulla scienza, che rispettino la famiglia e che includano il sesso.  <\/em><a href=\"http:\/\/endtodv.org\/davia\/\" rel=\"noreferrer noopener\" target=\"_blank\"><em>http:\/\/endtodv.org\/davia\/<\/em><\/a><em><\/em><\/p>\n\n\n\n<p><em>Citazioni:<\/em><\/p>\n\n\n\n<ol class=\"wp-block-list\" type=\"1\"><li><a href=\"https:\/\/www.themoscowtimes.com\/2023\/02\/21\/totalitarianism-has-returned-to-europe-it-must-be-defeated-a80293\" target=\"_blank\" rel=\"noreferrer noopener\">https:\/\/www.themoscowtimes.com\/2023\/02\/21\/totalitarianism-has-returned-to-europe-it-must-be-defeated-a80293<\/a><\/li><li><a href=\"https:\/\/endtodv.org\/coalitions\/davia\/campaigns\/ic\/\" target=\"_blank\" rel=\"noreferrer noopener\">https:\/\/endtodv.org\/coalitions\/davia\/campaigns\/ic\/<\/a><\/li><li><a href=\"https:\/\/www.consilium.europa.eu\/en\/press\/press-releases\/2023\/06\/01\/combatting-violence-against-women-council-adopts-decision-about-eu-s-accession-to-istanbul-convention\/\" target=\"_blank\" rel=\"noreferrer noopener\">https:\/\/www.consilium.europa.eu\/en\/press\/press-releases\/2023\/06\/01\/combatting-violence-against-women-council-adopts-decision-about-eu-s-accession-to-istanbul-convention\/<\/a><\/li><li><a href=\"https:\/\/docs.google.com\/spreadsheets\/d\/1hf1zRYHNDJjvunWWeoOl33VTVmPADtijzMniAmxBPRE\/edit#gid=0\" target=\"_blank\" rel=\"noreferrer noopener\">https:\/\/docs.google.com\/spreadsheets\/d\/1hf1zRYHNDJjvunWWeoOl33VTVmPADtijzMniAmxBPRE\/edit#gid=0<\/a><\/li><li><a href=\"https:\/\/www.dailymail.co.uk\/news\/article-12077931\/Tragedy-intelligent-man-left-live-like-dog.html\" target=\"_blank\" rel=\"noreferrer noopener\">https:\/\/www.dailymail.co.uk\/news\/article-12077931\/Tragedy-intelligent-man-left-live-like-dog.html<\/a> <\/li><li><a href=\"https:\/\/endtodv.org\/pr\/istanbul-convention-lawmakers-should-reject-expansion-of-divisive-and-destructive-marxist-ideology\/\" target=\"_blank\" rel=\"noreferrer noopener\">https:\/\/endtodv.org\/pr\/istanbul-convention-lawmakers-should-reject-expansion-of-divisive-and-destructive-marxist-ideology\/<\/a><\/li><li><a href=\"https:\/\/en.ordoiuris.pl\/analysis-doctrinal-and-anthropological-conditions-istanbul-convention-and-selected-grevio-documents\" target=\"_blank\" rel=\"noreferrer noopener\">https:\/\/en.ordoiuris.pl\/analysis-doctrinal-and-anthropological-conditions-istanbul-convention-and-selected-grevio-documents<\/a><\/li><li><a href=\"https:\/\/endtodv.org\/pr\/marriage-is-one-of-the-strongest-safeguards-against-domestic-abuse-is-the-istanbul-convention-helping-or-hurting\/\" target=\"_blank\" rel=\"noreferrer noopener\">https:\/\/endtodv.org\/pr\/marriage-is-one-of-the-strongest-safeguards-against-domestic-abuse-is-the-istanbul-convention-helping-or-hurting\/<\/a><\/li><li><a href=\"https:\/\/www.euronews.com\/next\/2023\/04\/04\/china-sees-first-population-decline-in-six-decades-where-does-the-eu-stand#:~:text=Over%2010%20per%20cent%20of,from%2041.6%20years%20in%202011\" target=\"_blank\" rel=\"noreferrer noopener\">https:\/\/www.euronews.com\/next\/2023\/04\/04\/china-sees-first-population-decline-in-six-decades-where-does-the-eu-stand#:~:text=Over%2010%20per%20cent%20of,from%2041.6%20years%20in%202011<\/a><\/li><\/ol>\n","protected":false},"excerpt":{"rendered":"<p>2 giugno 2023 &#8211; Frans Timmerman, vicepresidente della Commissione europea, ha recentemente scritto un commento intitolato &#8220;Il totalitarismo \u00e8 tornato in Europa&#8221;. Osservando che &#8220;cento anni dopo le sue prime incarnazioni, il totalitarismo \u00e8 ritornato nel nostro continente&#8221;, Timmerman ha chiesto &#8220;lo stato di diritto, il rispetto dei diritti umani e delle libert\u00e0 fondamentali&#8221;. (1) [&hellip;]<\/p>\n","protected":false},"author":593,"featured_media":196530,"comment_status":"open","ping_status":"open","sticky":false,"template":"","format":"standard","meta":{"give_campaign_id":0,"om_disable_all_campaigns":false,"_monsterinsights_skip_tracking":false,"_monsterinsights_sitenote_active":false,"_monsterinsights_sitenote_note":"","_monsterinsights_sitenote_category":0,"mc4wp_mailchimp_campaign":[],"jnews-multi-image_gallery":[],"jnews_single_post":{"subtitle":"Comunicato stampa dell'Alleanza internazionale contro l'abuso e la violenza domestica","format":"standard","video":"","gallery":"","source_name":"","source_url":"","via_name":"","via_url":"","override_template":"0","override":[{"template":"2","single_blog_custom":"","parallax":"1","fullscreen":"1","layout":"right-sidebar-narrow","sidebar":"default-sidebar","second_sidebar":"default-sidebar","sticky_sidebar":"1","share_position":"float","share_float_style":"share-normal","show_share_counter":"1","show_view_counter":"1","show_featured":"1","show_post_meta":"1","show_post_author":"1","show_post_author_image":"1","show_post_date":"1","post_date_format":"default","post_date_format_custom":"Y\/m\/d","show_post_category":"1","show_post_reading_time":"1","post_reading_time_wpm":"300","show_zoom_button":"0","zoom_button_out_step":"2","zoom_button_in_step":"3","show_post_tag":"1","show_prev_next_post":"0","show_popup_post":"0","number_popup_post":"1","show_author_box":"1","show_post_related":"0","show_inline_post_related":"0"}],"override_image_size":"0","image_override":[{"single_post_thumbnail_size":"crop-715","single_post_gallery_size":"crop-715"}],"trending_post":"0","trending_post_position":"meta","trending_post_label":"Trending","sponsored_post":"0","sponsored_post_label":"Sponsored by","sponsored_post_name":"","sponsored_post_url":"","sponsored_post_logo_enable":"0","sponsored_post_logo":"","sponsored_post_desc":"","disable_ad":"0"},"jnews_primary_category":{"id":"780"},"jnews_social_meta":{"fb_title":"","fb_description":"","fb_image":"","twitter_title":"","twitter_description":"","twitter_image":""},"jnews_override_counter":{"override_view_counter":"0","view_counter_number":"0","override_share_counter":"0","share_counter_number":"0","override_like_counter":"0","like_counter_number":"0","override_dislike_counter":"0","dislike_counter_number":"0"},"footnotes":""},"categories":[951,780],"tags":[26459,26460,26461],"class_list":["post-196540","post","type-post","status-publish","format-standard","has-post-thumbnail","hentry","category-foreground-it","category-politica-it","tag-abuso-domestico","tag-convenzione-di-istanbul-it","tag-davia-it"],"yoast_head":"<!-- This site is optimized with the Yoast SEO Premium plugin v25.9 (Yoast SEO v27.3) - https:\/\/yoast.com\/product\/yoast-seo-premium-wordpress\/ -->\n<title>Convenzione di Istanbul: Il totalitarismo continua la sua marcia costante in Europa - IFN<\/title>\n<meta name=\"robots\" content=\"index, follow, max-snippet:-1, max-image-preview:large, max-video-preview:-1\" \/>\n<link rel=\"canonical\" href=\"https:\/\/ifamnews.com\/it\/convenzione-di-istanbul-il-totalitarismo-continua-la-sua-marcia-costante-in-europa\" \/>\n<meta property=\"og:locale\" content=\"it_IT\" \/>\n<meta property=\"og:type\" content=\"article\" \/>\n<meta property=\"og:title\" content=\"Convenzione di Istanbul: Il totalitarismo continua la sua marcia costante in Europa\" \/>\n<meta property=\"og:description\" content=\"2 giugno 2023 &#8211; Frans Timmerman, vicepresidente della Commissione europea, ha recentemente scritto un commento intitolato &#8220;Il totalitarismo \u00e8 tornato in Europa&#8221;. Osservando che &#8220;cento anni dopo le sue prime incarnazioni, il totalitarismo \u00e8 ritornato nel nostro continente&#8221;, Timmerman ha chiesto &#8220;lo stato di diritto, il rispetto dei diritti umani e delle libert\u00e0 fondamentali&#8221;. (1) [&hellip;]\" \/>\n<meta property=\"og:url\" content=\"https:\/\/ifamnews.com\/it\/convenzione-di-istanbul-il-totalitarismo-continua-la-sua-marcia-costante-in-europa\" \/>\n<meta property=\"og:site_name\" content=\"IFN\" \/>\n<meta property=\"article:publisher\" content=\"https:\/\/www.facebook.com\/iFamNews\" \/>\n<meta property=\"article:author\" content=\"https:\/\/www.facebook.com\/iFamNews\/\" \/>\n<meta property=\"article:published_time\" content=\"2023-06-05T05:00:00+00:00\" \/>\n<meta property=\"og:image\" content=\"https:\/\/ifamnews.com\/wp-content\/uploads\/2023\/06\/istanbul-convention.png\" \/>\n\t<meta property=\"og:image:width\" content=\"1000\" \/>\n\t<meta property=\"og:image:height\" content=\"500\" \/>\n\t<meta property=\"og:image:type\" content=\"image\/png\" \/>\n<meta name=\"author\" content=\"IFN English\" \/>\n<meta name=\"twitter:card\" content=\"summary_large_image\" \/>\n<meta name=\"twitter:creator\" content=\"@https:\/\/twitter.com\/iFamNewsEN\" \/>\n<meta name=\"twitter:site\" content=\"@iFamNewsEN\" \/>\n<meta name=\"twitter:label1\" content=\"Scritto da\" \/>\n\t<meta name=\"twitter:data1\" content=\"iFamNews\" \/>\n\t<meta name=\"twitter:label2\" content=\"Tempo di lettura stimato\" \/>\n\t<meta name=\"twitter:data2\" content=\"3 minuti\" \/>\n<!-- \/ Yoast SEO Premium plugin. -->","yoast_head_json":{"title":"Convenzione di Istanbul: Il totalitarismo continua la sua marcia costante in Europa - IFN","robots":{"index":"index","follow":"follow","max-snippet":"max-snippet:-1","max-image-preview":"max-image-preview:large","max-video-preview":"max-video-preview:-1"},"canonical":"https:\/\/ifamnews.com\/it\/convenzione-di-istanbul-il-totalitarismo-continua-la-sua-marcia-costante-in-europa","og_locale":"it_IT","og_type":"article","og_title":"Convenzione di Istanbul: Il totalitarismo continua la sua marcia costante in Europa","og_description":"2 giugno 2023 &#8211; Frans Timmerman, vicepresidente della Commissione europea, ha recentemente scritto un commento intitolato &#8220;Il totalitarismo \u00e8 tornato in Europa&#8221;. Osservando che &#8220;cento anni dopo le sue prime incarnazioni, il totalitarismo \u00e8 ritornato nel nostro continente&#8221;, Timmerman ha chiesto &#8220;lo stato di diritto, il rispetto dei diritti umani e delle libert\u00e0 fondamentali&#8221;. (1) [&hellip;]","og_url":"https:\/\/ifamnews.com\/it\/convenzione-di-istanbul-il-totalitarismo-continua-la-sua-marcia-costante-in-europa","og_site_name":"IFN","article_publisher":"https:\/\/www.facebook.com\/iFamNews","article_author":"https:\/\/www.facebook.com\/iFamNews\/","article_published_time":"2023-06-05T05:00:00+00:00","og_image":[{"width":1000,"height":500,"url":"https:\/\/ifamnews.com\/wp-content\/uploads\/2023\/06\/istanbul-convention.png","type":"image\/png"}],"author":"IFN English","twitter_card":"summary_large_image","twitter_creator":"@https:\/\/twitter.com\/iFamNewsEN","twitter_site":"@iFamNewsEN","twitter_misc":{"Scritto da":"iFamNews","Tempo di lettura stimato":"3 minuti"},"schema":{"@context":"https:\/\/schema.org","@graph":[{"@type":"NewsArticle","@id":"https:\/\/ifamnews.com\/it\/convenzione-di-istanbul-il-totalitarismo-continua-la-sua-marcia-costante-in-europa#article","isPartOf":{"@id":"https:\/\/ifamnews.com\/it\/convenzione-di-istanbul-il-totalitarismo-continua-la-sua-marcia-costante-in-europa"},"author":{"name":"IFN English","@id":"https:\/\/ifamnews.com\/en\/#\/schema\/person\/633bdb7ac2496c9b9304ce62d071cdfa"},"headline":"Convenzione di Istanbul: Il totalitarismo continua la sua marcia costante in Europa","datePublished":"2023-06-05T05:00:00+00:00","mainEntityOfPage":{"@id":"https:\/\/ifamnews.com\/it\/convenzione-di-istanbul-il-totalitarismo-continua-la-sua-marcia-costante-in-europa"},"wordCount":543,"commentCount":0,"publisher":{"@id":"https:\/\/ifamnews.com\/en\/#organization"},"image":{"@id":"https:\/\/ifamnews.com\/it\/convenzione-di-istanbul-il-totalitarismo-continua-la-sua-marcia-costante-in-europa#primaryimage"},"thumbnailUrl":"https:\/\/ifamnews.com\/wp-content\/uploads\/2023\/06\/istanbul-convention.png","keywords":["abuso domestico","Convenzione di Istanbul","DAVIA"],"articleSection":["In evidenza","Politica"],"inLanguage":"it-IT","potentialAction":[{"@type":"CommentAction","name":"Comment","target":["https:\/\/ifamnews.com\/it\/convenzione-di-istanbul-il-totalitarismo-continua-la-sua-marcia-costante-in-europa#respond"]}]},{"@type":"WebPage","@id":"https:\/\/ifamnews.com\/it\/convenzione-di-istanbul-il-totalitarismo-continua-la-sua-marcia-costante-in-europa","url":"https:\/\/ifamnews.com\/it\/convenzione-di-istanbul-il-totalitarismo-continua-la-sua-marcia-costante-in-europa","name":"Convenzione di Istanbul: Il totalitarismo continua la sua marcia costante in Europa - IFN","isPartOf":{"@id":"https:\/\/ifamnews.com\/en\/#website"},"primaryImageOfPage":{"@id":"https:\/\/ifamnews.com\/it\/convenzione-di-istanbul-il-totalitarismo-continua-la-sua-marcia-costante-in-europa#primaryimage"},"image":{"@id":"https:\/\/ifamnews.com\/it\/convenzione-di-istanbul-il-totalitarismo-continua-la-sua-marcia-costante-in-europa#primaryimage"},"thumbnailUrl":"https:\/\/ifamnews.com\/wp-content\/uploads\/2023\/06\/istanbul-convention.png","datePublished":"2023-06-05T05:00:00+00:00","breadcrumb":{"@id":"https:\/\/ifamnews.com\/it\/convenzione-di-istanbul-il-totalitarismo-continua-la-sua-marcia-costante-in-europa#breadcrumb"},"inLanguage":"it-IT","potentialAction":[{"@type":"ReadAction","target":["https:\/\/ifamnews.com\/it\/convenzione-di-istanbul-il-totalitarismo-continua-la-sua-marcia-costante-in-europa"]}]},{"@type":"ImageObject","inLanguage":"it-IT","@id":"https:\/\/ifamnews.com\/it\/convenzione-di-istanbul-il-totalitarismo-continua-la-sua-marcia-costante-in-europa#primaryimage","url":"https:\/\/ifamnews.com\/wp-content\/uploads\/2023\/06\/istanbul-convention.png","contentUrl":"https:\/\/ifamnews.com\/wp-content\/uploads\/2023\/06\/istanbul-convention.png","width":1000,"height":500},{"@type":"BreadcrumbList","@id":"https:\/\/ifamnews.com\/it\/convenzione-di-istanbul-il-totalitarismo-continua-la-sua-marcia-costante-in-europa#breadcrumb","itemListElement":[{"@type":"ListItem","position":1,"name":"Home","item":"https:\/\/ifamnews.com\/de"},{"@type":"ListItem","position":2,"name":"Politics","item":"https:\/\/ifamnews.com\/en\/category\/politics"},{"@type":"ListItem","position":3,"name":"Convenzione di Istanbul: Il totalitarismo continua la sua marcia costante in Europa"}]},{"@type":"WebSite","@id":"https:\/\/ifamnews.com\/en\/#website","url":"https:\/\/ifamnews.com\/en\/","name":"IFN","description":"International Family News Network","publisher":{"@id":"https:\/\/ifamnews.com\/en\/#organization"},"potentialAction":[{"@type":"SearchAction","target":{"@type":"EntryPoint","urlTemplate":"https:\/\/ifamnews.com\/en\/?s={search_term_string}"},"query-input":{"@type":"PropertyValueSpecification","valueRequired":true,"valueName":"search_term_string"}}],"inLanguage":"it-IT"},{"@type":"Organization","@id":"https:\/\/ifamnews.com\/en\/#organization","name":"iFamNews","url":"https:\/\/ifamnews.com\/en\/","logo":{"@type":"ImageObject","inLanguage":"it-IT","@id":"https:\/\/ifamnews.com\/en\/#\/schema\/logo\/image\/","url":"https:\/\/ifamnews.com\/wp-content\/uploads\/2020\/01\/Share-logo.png","contentUrl":"https:\/\/ifamnews.com\/wp-content\/uploads\/2020\/01\/Share-logo.png","width":200,"height":200,"caption":"iFamNews"},"image":{"@id":"https:\/\/ifamnews.com\/en\/#\/schema\/logo\/image\/"},"sameAs":["https:\/\/www.facebook.com\/iFamNews","https:\/\/x.com\/iFamNewsEN"]},{"@type":"Person","@id":"https:\/\/ifamnews.com\/en\/#\/schema\/person\/633bdb7ac2496c9b9304ce62d071cdfa","name":"IFN English","image":{"@type":"ImageObject","inLanguage":"it-IT","@id":"https:\/\/secure.gravatar.com\/avatar\/6f16ce95b558ae6f6eb9ae2f68122482a2c61696af2a8fc343c2e10f981a959d?s=96&d=mm&r=g","url":"https:\/\/secure.gravatar.com\/avatar\/6f16ce95b558ae6f6eb9ae2f68122482a2c61696af2a8fc343c2e10f981a959d?s=96&d=mm&r=g","contentUrl":"https:\/\/secure.gravatar.com\/avatar\/6f16ce95b558ae6f6eb9ae2f68122482a2c61696af2a8fc343c2e10f981a959d?s=96&d=mm&r=g","caption":"IFN English"},"description":"Articles published by the English iFamNews editorial team.","sameAs":["https:\/\/ifamnews.com\/en","https:\/\/www.facebook.com\/iFamNews\/","https:\/\/x.com\/https:\/\/twitter.com\/iFamNewsEN","https:\/\/www.youtube.com\/channel\/UCMVyIt4z9BANW3d09kwfUpw"],"url":"https:\/\/ifamnews.com\/it\/author\/ifamnews-staff"}]}},"amp_enabled":true,"_links":{"self":[{"href":"https:\/\/ifamnews.com\/it\/wp-json\/wp\/v2\/posts\/196540","targetHints":{"allow":["GET"]}}],"collection":[{"href":"https:\/\/ifamnews.com\/it\/wp-json\/wp\/v2\/posts"}],"about":[{"href":"https:\/\/ifamnews.com\/it\/wp-json\/wp\/v2\/types\/post"}],"author":[{"embeddable":true,"href":"https:\/\/ifamnews.com\/it\/wp-json\/wp\/v2\/users\/593"}],"replies":[{"embeddable":true,"href":"https:\/\/ifamnews.com\/it\/wp-json\/wp\/v2\/comments?post=196540"}],"version-history":[{"count":4,"href":"https:\/\/ifamnews.com\/it\/wp-json\/wp\/v2\/posts\/196540\/revisions"}],"predecessor-version":[{"id":196637,"href":"https:\/\/ifamnews.com\/it\/wp-json\/wp\/v2\/posts\/196540\/revisions\/196637"}],"wp:featuredmedia":[{"embeddable":true,"href":"https:\/\/ifamnews.com\/it\/wp-json\/wp\/v2\/media\/196530"}],"wp:attachment":[{"href":"https:\/\/ifamnews.com\/it\/wp-json\/wp\/v2\/media?parent=196540"}],"wp:term":[{"taxonomy":"category","embeddable":true,"href":"https:\/\/ifamnews.com\/it\/wp-json\/wp\/v2\/categories?post=196540"},{"taxonomy":"post_tag","embeddable":true,"href":"https:\/\/ifamnews.com\/it\/wp-json\/wp\/v2\/tags?post=196540"}],"curies":[{"name":"wp","href":"https:\/\/api.w.org\/{rel}","templated":true}]}}