{"id":196072,"date":"2023-06-02T03:00:00","date_gmt":"2023-06-02T07:00:00","guid":{"rendered":"https:\/\/ifamnews.com\/?p=196072"},"modified":"2023-06-01T01:40:06","modified_gmt":"2023-06-01T05:40:06","slug":"la-giornata-mondiale-dei-genitori-2023-i-nostri-figli-sono-il-nostro-futuro","status":"publish","type":"post","link":"https:\/\/ifamnews.com\/it\/la-giornata-mondiale-dei-genitori-2023-i-nostri-figli-sono-il-nostro-futuro","title":{"rendered":"La Giornata mondiale dei genitori 2023: I nostri figli sono il nostro futuro!"},"content":{"rendered":"\n<p>Quando lo storico Will Durant selezion\u00f2 i dieci pi\u00f9 grandi pensatori di sempre, il primo posto and\u00f2 all&#8217;antico saggio cinese Confucio per la sua <a href=\"https:\/\/books.google.com\/books?id=erHmwfEtV_0C&amp;pg=PT24&amp;lpg=PT24&amp;dq=%22feudal+disintegration+and+factional+strife%22&amp;source=bl&amp;ots=i78P6lto05&amp;sig=ACfU3U1ebUom7a7sjpDEYAzLAkmHsfhSnA&amp;hl=en&amp;sa=X&amp;ved=2ahUKEwj70Z213p3_AhUch-4BHfvLDPgQ6AF6BAgbEAM#v=onepage&amp;q=%22feudal%20disintegration%20and%20factional%20strife%22&amp;f=false\" target=\"_blank\" rel=\"noreferrer noopener\">intuizione<\/a> che il mondo non pu\u00f2 essere messo in ordine senza prima mettere in ordine la famiglia.<\/p>\n\n\n\n<p>\u00c8 una verit\u00e0 per tutti i tempi ed \u00e8 stata la stella polare delle Nazioni Unite appena create, che hanno cercato di mettere ordine nel mondo dopo il conflitto pi\u00f9 distruttivo della storia, la Seconda Guerra Mondiale (su cui noi americani abbiamo appena riflettuto durante la Giornata della Memoria).<\/p>\n\n\n\n<p>Non solo l&#8217;ONU del 1948  <a href=\"https:\/\/www.un.org\/en\/about-us\/universal-declaration-of-human-rights\" target=\"_blank\" rel=\"noreferrer noopener\">Dichiarazione universale dei diritti umani<\/a>  riconosce diritti speciali alla maternit\u00e0 e all&#8217;infanzia, che &#8220;hanno diritto a cure e assistenza speciali&#8221;, ma riconosce solo un&#8217;unit\u00e0 di gruppo come avente diritti: &#8220;La famiglia \u00e8 il gruppo naturale e fondamentale della societ\u00e0 e ha diritto alla protezione da parte della societ\u00e0 e dello Stato&#8221;.<\/p>\n\n\n\n<p>Questa stessa visione della famiglia ha informato la <a href=\"https:\/\/www.cirp.org\/library\/ethics\/UN-declaration\/\" target=\"_blank\" rel=\"noreferrer noopener\">Dichiarazione dei diritti del fanciullo<\/a> delle Nazioni Unite del 1959, che proclama inequivocabilmente che &#8220;l&#8217;umanit\u00e0 deve al fanciullo il meglio che ha da dare&#8221;, e poi procede a spiegare cosa sia il <em>meglio<\/em>:  <\/p>\n\n\n\n<blockquote class=\"wp-block-quote is-layout-flow wp-block-quote-is-layout-flow\"><p>Il bambino, per uno sviluppo pieno e armonioso della sua personalit\u00e0, ha bisogno di amore e comprensione. Egli deve <em>crescere, per quanto possibile, sotto la cura e la responsabilit\u00e0 dei suoi genitori<\/em> e, in ogni caso, in un&#8217;atmosfera di affetto e di sicurezza morale e materiale&#8230; (corsivo aggiunto).<\/p><\/blockquote>\n\n\n\n<p>Nel 2012, le Nazioni Unite hanno proclamato il 1\u00b0 giugno come &#8220;la  <a href=\"https:\/\/www.un.org\/en\/observances\/parents-day\" target=\"_blank\" rel=\"noreferrer noopener\">Giornata globale dei genitori<\/a>, da osservare ogni anno, in onore dei genitori di tutto il mondo&#8221;. Se da un lato si tratta di una gradita, anche se flebile, eco della visione originaria dell&#8217;ONU sulla famiglia, dall&#8217;altro ricorda quanto l&#8217;ONU si sia allontanata da quella visione. Come  <a href=\"https:\/\/www.amazon.com\/Global-Sexual-Revolution-Destruction-Freedom-ebook\/dp\/B01I0QX7D2\/ref=sr_1_1?crid=JULO0CAVB2L4&amp;keywords=gabrie+kuby&amp;qid=1685475003&amp;sprefix=gabrie+kuby%2Caps%2C203&amp;sr=8-1\" target=\"_blank\" rel=\"noreferrer noopener\">spiegato <\/a>dalla sociologa Gabriele Kuby,  <\/p>\n\n\n\n<blockquote class=\"wp-block-quote is-layout-flow wp-block-quote-is-layout-flow\"><p>Nel giro di pochi decenni, l&#8217;ONU \u00e8 diventata un&#8217;istituzione che avrebbe usato il suo potere e le sue risorse per cambiare l&#8217;immagine dell&#8217;umanit\u00e0 dichiarata dalla Dichiarazione universale dei diritti dell&#8217;uomo e per sostituire i valori morali universali con &#8220;valori&#8221; relativistici postmoderni come fondamento della cultura&#8230;. Oggi l&#8217;ONU e le sue potenti sotto-organizzazioni lottano per la dissoluzione dell&#8217;identit\u00e0 sessuale di uomini e donne e dell&#8217;eliminazione del matrimonio e della famiglia.<\/p><\/blockquote>\n\n\n\n<p>Fa parte di quella che Kuby definisce la &#8220;rivoluzione sessuale globale&#8221;, che si maschera sotto il nome di diritti e attacca le libert\u00e0 democratiche, promossa da &#8220;individui influenti e ONG che ne guidano l&#8217;attuazione a livello globale con l&#8217;aiuto delle istituzioni dell&#8217;ONU e dell&#8217;UE&#8221;. Nel frattempo, gli attivisti in ogni Paese &#8220;vengono riforniti di denaro, istruzione, lavoro e supporto giuridico&#8221; e &#8220;acquisiscono potere e influenza&#8221; per promuovere la rivoluzione.<\/p>\n\n\n\n<p>L&#8217;Organizzazione Internazionale per la Famiglia, in collaborazione con organizzazioni e singoli individui in tutto il mondo, \u00e8 in prima linea nella difesa contro questa rivoluzione, in quanto unisce ed equipaggia i leader per proteggere e promuovere la famiglia, il matrimonio, i genitori e i bambini. In occasione della Giornata mondiale dei genitori di quest&#8217;anno, ribadiamo il <a href=\"https:\/\/www.thechurchnews.com\/2009\/8\/12\/23229806\/elder-russell-m-nelson-the-family-the-hope-for-the-future-of-nations\" target=\"_blank\" rel=\"noreferrer noopener\">chiaro appello<\/a> lanciato dall&#8217;anziano Russell M. Nelson al Congresso mondiale delle famiglie di Amsterdam del 2009.<\/p>\n\n\n\n<blockquote class=\"wp-block-quote is-layout-flow wp-block-quote-is-layout-flow\"><p>Da tutte le parti, la famiglia \u00e8 sotto attacco. Molti si chiedono se l&#8217;istituzione non sia pi\u00f9 necessaria. La nostra risposta \u00e8 certa. Se c&#8217;\u00e8 una speranza per il futuro delle nazioni, questa speranza risiede nella famiglia. I nostri figli sono la nostra ricchezza, i nostri figli sono la nostra forza, i nostri figli sono davvero il nostro futuro!&#8230;<\/p><p>Il futuro delle nazioni \u00e8 legato ai bambini. Le famiglie con bambini devono essere riabilitate come unit\u00e0 fondamentale della societ\u00e0. Dobbiamo semplicemente dare pi\u00f9 valore ai bambini di quanto ne abbiamo noi! Senza una nuova generazione che sostituisca la vecchia, non c&#8217;\u00e8 ricchezza; senza famiglie, non c&#8217;\u00e8 futuro.<\/p><p>I bambini nascono dall&#8217;unione di un uomo e di una donna. I bambini pi\u00f9 felici e sicuri nascono da matrimoni felici e sicuri di padri e madri. La storia e gli studi contemporanei hanno dimostrato che il matrimonio tra un marito e una moglie, con entrambi che contribuiscono alla famiglia con le loro caratteristiche naturali distintive, fornisce il contesto ideale in cui crescere individui produttivi, compassionevoli e morali&#8230;.<\/p><p>Inoltre, coloro che cercano di minare il matrimonio e la famiglia tradizionali limiterebbero di fatto i diritti di coloro che sostengono la santit\u00e0 di queste istituzioni. Questa conseguenza porta a un&#8217;altra grande preoccupazione: l&#8217;eventuale erosione della libert\u00e0 religiosa, compresa la libert\u00e0 di difendere, promuovere e praticare i valori tradizionali della famiglia.<\/p><\/blockquote>\n\n\n\n<p>Unitevi a noi nel celebrare la Giornata mondiale dei genitori, alzandoci in piedi e parlando di queste verit\u00e0 fondamentali. La posta in gioco per i nostri figli e per la civilt\u00e0 stessa non \u00e8 mai stata cos\u00ec alta.<\/p>\n","protected":false},"excerpt":{"rendered":"<p>I nostri figli sono la nostra ricchezza, i nostri figli sono la nostra forza, i nostri figli sono davvero il nostro futuro!<\/p>\n","protected":false},"author":30,"featured_media":100863,"comment_status":"open","ping_status":"open","sticky":false,"template":"","format":"standard","meta":{"give_campaign_id":0,"om_disable_all_campaigns":false,"_monsterinsights_skip_tracking":false,"_monsterinsights_sitenote_active":false,"_monsterinsights_sitenote_note":"","_monsterinsights_sitenote_category":0,"mc4wp_mailchimp_campaign":[],"jnews-multi-image_gallery":[],"jnews_single_post":{"subtitle":"I nostri figli sono la nostra ricchezza, i nostri figli sono la nostra forza, i nostri figli sono davvero il nostro futuro!","format":"standard","video":"","gallery":"","source_name":"","source_url":"","via_name":"","via_url":"","override_template":"0","override":[{"template":"2","single_blog_custom":"","parallax":"1","fullscreen":"1","layout":"right-sidebar-narrow","sidebar":"default-sidebar","second_sidebar":"default-sidebar","sticky_sidebar":"1","share_position":"float","share_float_style":"share-normal","show_share_counter":"1","show_view_counter":"1","show_featured":"1","show_post_meta":"1","show_post_author":"1","show_post_author_image":"1","show_post_date":"1","post_date_format":"default","post_date_format_custom":"Y\/m\/d","show_post_category":"1","show_post_reading_time":"1","post_reading_time_wpm":"300","show_zoom_button":"0","zoom_button_out_step":"2","zoom_button_in_step":"3","show_post_tag":"1","show_prev_next_post":"0","show_popup_post":"0","number_popup_post":"1","show_author_box":"1","show_post_related":"0","show_inline_post_related":"0"}],"override_image_size":"0","image_override":[{"single_post_thumbnail_size":"crop-715","single_post_gallery_size":"crop-715"}],"trending_post":"0","trending_post_position":"meta","trending_post_label":"Trending","sponsored_post":"0","sponsored_post_label":"Sponsored by","sponsored_post_name":"","sponsored_post_url":"","sponsored_post_logo_enable":"0","sponsored_post_logo":"","sponsored_post_desc":"","disable_ad":"0"},"jnews_primary_category":{"id":"781"},"jnews_social_meta":{"fb_title":"","fb_description":"","fb_image":"","twitter_title":"","twitter_description":"","twitter_image":""},"jnews_override_counter":{"override_view_counter":"0","view_counter_number":"0","override_share_counter":"0","share_counter_number":"0","override_like_counter":"0","like_counter_number":"0","override_dislike_counter":"0","dislike_counter_number":"0"},"footnotes":""},"categories":[781,951],"tags":[6697,26421,20732,19793,8599],"class_list":["post-196072","post","type-post","status-publish","format-standard","has-post-thumbnail","hentry","category-famiglia","category-foreground-it","tag-family-values-it","tag-giornata-mondiale-dei-genitori","tag-politica-della-famiglia","tag-protezione-dei-bambini-it","tag-united-nations-it"],"yoast_head":"<!-- This site is optimized with the Yoast SEO Premium plugin v25.9 (Yoast SEO v27.3) - https:\/\/yoast.com\/product\/yoast-seo-premium-wordpress\/ -->\n<title>La Giornata mondiale dei genitori 2023: I nostri figli sono il nostro futuro! - IFN<\/title>\n<meta name=\"description\" content=\"I nostri figli sono la nostra ricchezza, i nostri figli sono la nostra forza, i nostri figli sono davvero il nostro futuro!\" \/>\n<meta name=\"robots\" content=\"index, follow, max-snippet:-1, max-image-preview:large, max-video-preview:-1\" \/>\n<link rel=\"canonical\" href=\"https:\/\/ifamnews.com\/it\/la-giornata-mondiale-dei-genitori-2023-i-nostri-figli-sono-il-nostro-futuro\" \/>\n<meta property=\"og:locale\" content=\"it_IT\" \/>\n<meta property=\"og:type\" content=\"article\" \/>\n<meta property=\"og:title\" content=\"La Giornata mondiale dei genitori 2023: I nostri figli sono il nostro futuro!\" \/>\n<meta property=\"og:description\" content=\"I nostri figli sono la nostra ricchezza, i nostri figli sono la nostra forza, i nostri figli sono davvero il nostro futuro!\" \/>\n<meta property=\"og:url\" content=\"https:\/\/ifamnews.com\/it\/la-giornata-mondiale-dei-genitori-2023-i-nostri-figli-sono-il-nostro-futuro\" \/>\n<meta property=\"og:site_name\" content=\"IFN\" \/>\n<meta property=\"article:publisher\" content=\"https:\/\/www.facebook.com\/iFamNews\" \/>\n<meta property=\"article:published_time\" content=\"2023-06-02T07:00:00+00:00\" \/>\n<meta property=\"og:image\" content=\"https:\/\/ifamnews.com\/wp-content\/uploads\/2021\/10\/united-nations.jpg\" \/>\n\t<meta property=\"og:image:width\" content=\"1200\" \/>\n\t<meta property=\"og:image:height\" content=\"675\" \/>\n\t<meta property=\"og:image:type\" content=\"image\/jpeg\" \/>\n<meta name=\"author\" content=\"E. Douglas Clark\" \/>\n<meta name=\"twitter:card\" content=\"summary_large_image\" \/>\n<meta name=\"twitter:creator\" content=\"@iFamNewsEN\" \/>\n<meta name=\"twitter:site\" content=\"@iFamNewsEN\" \/>\n<meta name=\"twitter:label1\" content=\"Scritto da\" \/>\n\t<meta name=\"twitter:data1\" content=\"E. Douglas Clark\" \/>\n\t<meta name=\"twitter:label2\" content=\"Tempo di lettura stimato\" \/>\n\t<meta name=\"twitter:data2\" content=\"5 minuti\" \/>\n<!-- \/ Yoast SEO Premium plugin. -->","yoast_head_json":{"title":"La Giornata mondiale dei genitori 2023: I nostri figli sono il nostro futuro! - IFN","description":"I nostri figli sono la nostra ricchezza, i nostri figli sono la nostra forza, i nostri figli sono davvero il nostro futuro!","robots":{"index":"index","follow":"follow","max-snippet":"max-snippet:-1","max-image-preview":"max-image-preview:large","max-video-preview":"max-video-preview:-1"},"canonical":"https:\/\/ifamnews.com\/it\/la-giornata-mondiale-dei-genitori-2023-i-nostri-figli-sono-il-nostro-futuro","og_locale":"it_IT","og_type":"article","og_title":"La Giornata mondiale dei genitori 2023: I nostri figli sono il nostro futuro!","og_description":"I nostri figli sono la nostra ricchezza, i nostri figli sono la nostra forza, i nostri figli sono davvero il nostro futuro!","og_url":"https:\/\/ifamnews.com\/it\/la-giornata-mondiale-dei-genitori-2023-i-nostri-figli-sono-il-nostro-futuro","og_site_name":"IFN","article_publisher":"https:\/\/www.facebook.com\/iFamNews","article_published_time":"2023-06-02T07:00:00+00:00","og_image":[{"width":1200,"height":675,"url":"https:\/\/ifamnews.com\/wp-content\/uploads\/2021\/10\/united-nations.jpg","type":"image\/jpeg"}],"author":"E. Douglas Clark","twitter_card":"summary_large_image","twitter_creator":"@iFamNewsEN","twitter_site":"@iFamNewsEN","twitter_misc":{"Scritto da":"E. Douglas Clark","Tempo di lettura stimato":"5 minuti"},"schema":{"@context":"https:\/\/schema.org","@graph":[{"@type":"NewsArticle","@id":"https:\/\/ifamnews.com\/it\/la-giornata-mondiale-dei-genitori-2023-i-nostri-figli-sono-il-nostro-futuro#article","isPartOf":{"@id":"https:\/\/ifamnews.com\/it\/la-giornata-mondiale-dei-genitori-2023-i-nostri-figli-sono-il-nostro-futuro"},"author":{"name":"E. Douglas Clark","@id":"https:\/\/ifamnews.com\/en\/#\/schema\/person\/004a3a3e14cfb4420066c3d177785019"},"headline":"La Giornata mondiale dei genitori 2023: I nostri figli sono il nostro futuro!","datePublished":"2023-06-02T07:00:00+00:00","mainEntityOfPage":{"@id":"https:\/\/ifamnews.com\/it\/la-giornata-mondiale-dei-genitori-2023-i-nostri-figli-sono-il-nostro-futuro"},"wordCount":798,"commentCount":0,"publisher":{"@id":"https:\/\/ifamnews.com\/en\/#organization"},"image":{"@id":"https:\/\/ifamnews.com\/it\/la-giornata-mondiale-dei-genitori-2023-i-nostri-figli-sono-il-nostro-futuro#primaryimage"},"thumbnailUrl":"https:\/\/ifamnews.com\/wp-content\/uploads\/2021\/10\/united-nations.jpg","keywords":["family values","Giornata mondiale dei genitori","Politica della famiglia","protezione dei bambini","United Nations"],"articleSection":["Famiglia","In evidenza"],"inLanguage":"it-IT","potentialAction":[{"@type":"CommentAction","name":"Comment","target":["https:\/\/ifamnews.com\/it\/la-giornata-mondiale-dei-genitori-2023-i-nostri-figli-sono-il-nostro-futuro#respond"]}]},{"@type":"WebPage","@id":"https:\/\/ifamnews.com\/it\/la-giornata-mondiale-dei-genitori-2023-i-nostri-figli-sono-il-nostro-futuro","url":"https:\/\/ifamnews.com\/it\/la-giornata-mondiale-dei-genitori-2023-i-nostri-figli-sono-il-nostro-futuro","name":"La Giornata mondiale dei genitori 2023: I nostri figli sono il nostro futuro! - IFN","isPartOf":{"@id":"https:\/\/ifamnews.com\/en\/#website"},"primaryImageOfPage":{"@id":"https:\/\/ifamnews.com\/it\/la-giornata-mondiale-dei-genitori-2023-i-nostri-figli-sono-il-nostro-futuro#primaryimage"},"image":{"@id":"https:\/\/ifamnews.com\/it\/la-giornata-mondiale-dei-genitori-2023-i-nostri-figli-sono-il-nostro-futuro#primaryimage"},"thumbnailUrl":"https:\/\/ifamnews.com\/wp-content\/uploads\/2021\/10\/united-nations.jpg","datePublished":"2023-06-02T07:00:00+00:00","description":"I nostri figli sono la nostra ricchezza, i nostri figli sono la nostra forza, i nostri figli sono davvero il nostro futuro!","breadcrumb":{"@id":"https:\/\/ifamnews.com\/it\/la-giornata-mondiale-dei-genitori-2023-i-nostri-figli-sono-il-nostro-futuro#breadcrumb"},"inLanguage":"it-IT","potentialAction":[{"@type":"ReadAction","target":["https:\/\/ifamnews.com\/it\/la-giornata-mondiale-dei-genitori-2023-i-nostri-figli-sono-il-nostro-futuro"]}]},{"@type":"ImageObject","inLanguage":"it-IT","@id":"https:\/\/ifamnews.com\/it\/la-giornata-mondiale-dei-genitori-2023-i-nostri-figli-sono-il-nostro-futuro#primaryimage","url":"https:\/\/ifamnews.com\/wp-content\/uploads\/2021\/10\/united-nations.jpg","contentUrl":"https:\/\/ifamnews.com\/wp-content\/uploads\/2021\/10\/united-nations.jpg","width":1200,"height":675},{"@type":"BreadcrumbList","@id":"https:\/\/ifamnews.com\/it\/la-giornata-mondiale-dei-genitori-2023-i-nostri-figli-sono-il-nostro-futuro#breadcrumb","itemListElement":[{"@type":"ListItem","position":1,"name":"Home","item":"https:\/\/ifamnews.com\/de"},{"@type":"ListItem","position":2,"name":"Familia","item":"https:\/\/ifamnews.com\/es\/categoria\/familia"},{"@type":"ListItem","position":3,"name":"La Giornata mondiale dei genitori 2023: I nostri figli sono il nostro futuro!"}]},{"@type":"WebSite","@id":"https:\/\/ifamnews.com\/en\/#website","url":"https:\/\/ifamnews.com\/en\/","name":"IFN","description":"International Family News Network","publisher":{"@id":"https:\/\/ifamnews.com\/en\/#organization"},"potentialAction":[{"@type":"SearchAction","target":{"@type":"EntryPoint","urlTemplate":"https:\/\/ifamnews.com\/en\/?s={search_term_string}"},"query-input":{"@type":"PropertyValueSpecification","valueRequired":true,"valueName":"search_term_string"}}],"inLanguage":"it-IT"},{"@type":"Organization","@id":"https:\/\/ifamnews.com\/en\/#organization","name":"iFamNews","url":"https:\/\/ifamnews.com\/en\/","logo":{"@type":"ImageObject","inLanguage":"it-IT","@id":"https:\/\/ifamnews.com\/en\/#\/schema\/logo\/image\/","url":"https:\/\/ifamnews.com\/wp-content\/uploads\/2020\/01\/Share-logo.png","contentUrl":"https:\/\/ifamnews.com\/wp-content\/uploads\/2020\/01\/Share-logo.png","width":200,"height":200,"caption":"iFamNews"},"image":{"@id":"https:\/\/ifamnews.com\/en\/#\/schema\/logo\/image\/"},"sameAs":["https:\/\/www.facebook.com\/iFamNews","https:\/\/x.com\/iFamNewsEN"]},{"@type":"Person","@id":"https:\/\/ifamnews.com\/en\/#\/schema\/person\/004a3a3e14cfb4420066c3d177785019","name":"E. Douglas Clark","image":{"@type":"ImageObject","inLanguage":"it-IT","@id":"https:\/\/secure.gravatar.com\/avatar\/4f01991614cc9086457280e0279d7da9c1c6dd2774eca1bf16e9e24005c6feb0?s=96&d=mm&r=g","url":"https:\/\/secure.gravatar.com\/avatar\/4f01991614cc9086457280e0279d7da9c1c6dd2774eca1bf16e9e24005c6feb0?s=96&d=mm&r=g","contentUrl":"https:\/\/secure.gravatar.com\/avatar\/4f01991614cc9086457280e0279d7da9c1c6dd2774eca1bf16e9e24005c6feb0?s=96&d=mm&r=g","caption":"E. Douglas Clark"},"description":"E. Douglas Clark is an attorney and Director of UN and International Policy at the International Organization for the Family. For two decades Doug has been on the forefront of defending the family at the United Nations as a lobbyist and strategist, leading teams and consulting with policymakers in New York and around the world. His writings include the World Family Declaration and articles in The Natural Family: An International Journal of Research and Policy and Ave Maria International Law Journal. After earning MBA and JD degrees from Brigham Young University, he practiced banking law and served as director of content of the original Law.com.","url":"https:\/\/ifamnews.com\/it\/author\/dclarkifamnews-com"}]}},"amp_enabled":true,"_links":{"self":[{"href":"https:\/\/ifamnews.com\/it\/wp-json\/wp\/v2\/posts\/196072","targetHints":{"allow":["GET"]}}],"collection":[{"href":"https:\/\/ifamnews.com\/it\/wp-json\/wp\/v2\/posts"}],"about":[{"href":"https:\/\/ifamnews.com\/it\/wp-json\/wp\/v2\/types\/post"}],"author":[{"embeddable":true,"href":"https:\/\/ifamnews.com\/it\/wp-json\/wp\/v2\/users\/30"}],"replies":[{"embeddable":true,"href":"https:\/\/ifamnews.com\/it\/wp-json\/wp\/v2\/comments?post=196072"}],"version-history":[{"count":2,"href":"https:\/\/ifamnews.com\/it\/wp-json\/wp\/v2\/posts\/196072\/revisions"}],"predecessor-version":[{"id":196282,"href":"https:\/\/ifamnews.com\/it\/wp-json\/wp\/v2\/posts\/196072\/revisions\/196282"}],"wp:featuredmedia":[{"embeddable":true,"href":"https:\/\/ifamnews.com\/it\/wp-json\/wp\/v2\/media\/100863"}],"wp:attachment":[{"href":"https:\/\/ifamnews.com\/it\/wp-json\/wp\/v2\/media?parent=196072"}],"wp:term":[{"taxonomy":"category","embeddable":true,"href":"https:\/\/ifamnews.com\/it\/wp-json\/wp\/v2\/categories?post=196072"},{"taxonomy":"post_tag","embeddable":true,"href":"https:\/\/ifamnews.com\/it\/wp-json\/wp\/v2\/tags?post=196072"}],"curies":[{"name":"wp","href":"https:\/\/api.w.org\/{rel}","templated":true}]}}