{"id":195211,"date":"2023-05-31T02:00:00","date_gmt":"2023-05-31T06:00:00","guid":{"rendered":"https:\/\/ifamnews.com\/?p=195211"},"modified":"2023-05-30T01:38:48","modified_gmt":"2023-05-30T05:38:48","slug":"la-norvegia-si-sta-avvicinando-alla-resa-dei-conti-con-le-decisioni-sulla-cura-del-genere-dice-il-commentatore-cristiano","status":"publish","type":"post","link":"https:\/\/ifamnews.com\/it\/la-norvegia-si-sta-avvicinando-alla-resa-dei-conti-con-le-decisioni-sulla-cura-del-genere-dice-il-commentatore-cristiano","title":{"rendered":"La Norvegia si sta avvicinando alla resa dei conti con le decisioni sulla cura del genere, dice il commentatore cristiano"},"content":{"rendered":"\n<p>Il noto commentatore cristiano Vebj\u00f8rn Selbekk, caporedattore del quotidiano cristiano Dagen, ha espresso profonda preoccupazione per l&#8217;aumento del transgenderismo e per l&#8217;apparente facilit\u00e0 con cui i giovani possono cambiare sesso in Norvegia. Ritiene che la societ\u00e0 finir\u00e0 per rimpiangere le decisioni prese in merito alla cura del genere. Selbekk, una figura di spicco nei circoli cristiani norvegesi, ha sottolineato il fiorire di storie di rimpianto tra coloro che si sono sottoposti a cambiamenti di genere. \u00c8 particolarmente allarmato dalla giovane et\u00e0 in cui gli individui possono optare per la chirurgia di genere in Norvegia: gi\u00e0 a 18 anni, mentre la sterilizzazione richiede un&#8217;et\u00e0 minima di 25 anni.<\/p>\n\n\n\n<p>Selbekk continua sostenendo che le scuole sono fondamentali per promuovere l&#8217;idea della fluidit\u00e0 di genere. Ritiene che il sistema educativo del Paese sia stato sopraffatto dalla politica dell&#8217;identit\u00e0 e dalla teoria radicale del genere. Queste idee sfidano la tradizionale concezione scientifica del genere come attributo innato, suggerendo che si tratta di qualcosa da scegliere. Egli ritiene che questa capitolazione alle pressioni del movimento trans, sempre pi\u00f9 aggressivo, sia un fattore significativo dell&#8217;aumento dei tassi di trattamento di genere tra i giovani in Norvegia.<\/p>\n\n\n\n<p>Nel frattempo, anche se la vicina Svezia adotta misure per controllare i trattamenti di genere, come l&#8217;aumento del limite di et\u00e0 per i bloccanti della pubert\u00e0, la Norvegia continua sulla sua attuale traiettoria. Tuttavia, Selbekk nota un dissenso emergente all&#8217;interno della comunit\u00e0 dei curatori di genere. Egli riferisce di una crescente preoccupazione tra i professionisti norvegesi per il numero di pazienti che esprimono rammarico per gli interventi chirurgici e la terapia ormonale. La recente revoca dell&#8217;autorizzazione da parte dell&#8217;Autorit\u00e0 Sanitaria Norvegese per l&#8217;attivista trans e medico per la disforia di genere pi\u00f9 importante del Paese, Esben Esther Pirelli Benestad, evidenzia le crescenti preoccupazioni.<\/p>\n\n\n\n<p>All&#8217;inizio dell&#8217;anno, una commissione governativa norvegese ha criticato il trattamento offerto alle persone con incongruenza di genere. Il rapporto indicava il rischio di trattamenti eccessivi, insufficienti e non corretti derivanti dalla mancanza di una solida base di conoscenze. \u00c8 stato inoltre notato che la terapia ormonale, che dovrebbe essere somministrata esclusivamente dall&#8217;ospedale universitario di Oslo, viene fornita dai medici di base e da altre strutture sanitarie. Questa rivelazione \u00e8 stata confermata da Bj\u00f8rn Guldvog, direttore della Direzione della Salute.<\/p>\n\n\n\n<p>Alla luce di queste preoccupazioni, Guldvog ha suggerito di rivedere le attuali linee guida. Ha proposto un&#8217;espansione dei servizi sanitari di genere in Norvegia come potenziale soluzione a questi problemi. Questo, a suo avviso, garantirebbe a chi ne ha bisogno un&#8217;assistenza adeguata e personalizzata. Tuttavia, Guldvog ha anche sottolineato che la supervisione e la regolamentazione in questo settore sono di competenza dell&#8217;Autorit\u00e0 sanitaria norvegese, non della sua direzione.<\/p>\n","protected":false},"excerpt":{"rendered":"<p>Il noto commentatore cristiano Vebj\u00f8rn Selbekk, caporedattore del quotidiano cristiano Dagen, ha espresso profonda preoccupazione per l&#8217;aumento del transgenderismo e per l&#8217;apparente facilit\u00e0 con cui i giovani possono cambiare il proprio sesso in Norvegia.<\/p>\n","protected":false},"author":593,"featured_media":195201,"comment_status":"open","ping_status":"open","sticky":false,"template":"","format":"standard","meta":{"give_campaign_id":0,"om_disable_all_campaigns":false,"_monsterinsights_skip_tracking":false,"_monsterinsights_sitenote_active":false,"_monsterinsights_sitenote_note":"","_monsterinsights_sitenote_category":0,"mc4wp_mailchimp_campaign":[],"jnews-multi-image_gallery":[],"jnews_single_post":{"subtitle":"Preoccupazione per la facilit\u00e0 delle \"cure per l'affermazione del genere\".","format":"standard","video":"","gallery":"","source_name":"","source_url":"","via_name":"","via_url":"","override_template":"0","override":[{"template":"2","single_blog_custom":"","parallax":"1","fullscreen":"1","layout":"right-sidebar-narrow","sidebar":"default-sidebar","second_sidebar":"default-sidebar","sticky_sidebar":"1","share_position":"float","share_float_style":"share-normal","show_share_counter":"1","show_view_counter":"1","show_featured":"1","show_post_meta":"1","show_post_author":"1","show_post_author_image":"1","show_post_date":"1","post_date_format":"default","post_date_format_custom":"Y\/m\/d","show_post_category":"1","show_post_reading_time":"1","post_reading_time_wpm":"300","show_zoom_button":"0","zoom_button_out_step":"2","zoom_button_in_step":"3","show_post_tag":"1","show_prev_next_post":"0","show_popup_post":"0","number_popup_post":"1","show_author_box":"1","show_post_related":"0","show_inline_post_related":"0"}],"override_image_size":"0","image_override":[{"single_post_thumbnail_size":"crop-715","single_post_gallery_size":"crop-715"}],"trending_post":"0","trending_post_position":"meta","trending_post_label":"Trending","sponsored_post":"0","sponsored_post_label":"Sponsored by","sponsored_post_name":"","sponsored_post_url":"","sponsored_post_logo_enable":"0","sponsored_post_logo":"","sponsored_post_desc":"","disable_ad":"0"},"jnews_primary_category":{"id":"817"},"jnews_social_meta":{"fb_title":"","fb_description":"","fb_image":"","twitter_title":"","twitter_description":"","twitter_image":""},"jnews_override_counter":{"override_view_counter":"0","view_counter_number":"0","override_share_counter":"0","share_counter_number":"0","override_like_counter":"0","like_counter_number":"0","override_dislike_counter":"0","dislike_counter_number":"0"},"footnotes":""},"categories":[951,817],"tags":[13378,15044,9603,15043],"class_list":["post-195211","post","type-post","status-publish","format-standard","has-post-thumbnail","hentry","category-foreground-it","category-vita","tag-ideologia-di-genere-2","tag-lgbt-ideology-it","tag-lgbt-it","tag-transgenderismo-it"],"yoast_head":"<!-- This site is optimized with the Yoast SEO Premium plugin v25.9 (Yoast SEO v27.3) - https:\/\/yoast.com\/product\/yoast-seo-premium-wordpress\/ -->\n<title>La Norvegia si sta avvicinando alla resa dei conti con le decisioni sulla cura del genere, dice il commentatore cristiano - IFN<\/title>\n<meta name=\"description\" content=\"Preoccupazione per la facilit\u00e0 delle &quot;cure per l&#039;affermazione del genere&quot;.\" \/>\n<meta name=\"robots\" content=\"index, follow, max-snippet:-1, max-image-preview:large, max-video-preview:-1\" \/>\n<link rel=\"canonical\" href=\"https:\/\/ifamnews.com\/it\/la-norvegia-si-sta-avvicinando-alla-resa-dei-conti-con-le-decisioni-sulla-cura-del-genere-dice-il-commentatore-cristiano\" \/>\n<meta property=\"og:locale\" content=\"it_IT\" \/>\n<meta property=\"og:type\" content=\"article\" \/>\n<meta property=\"og:title\" content=\"La Norvegia si sta avvicinando alla resa dei conti con le decisioni sulla cura del genere, dice il commentatore cristiano\" \/>\n<meta property=\"og:description\" content=\"Preoccupazione per la facilit\u00e0 delle &quot;cure per l&#039;affermazione del genere&quot;.\" \/>\n<meta property=\"og:url\" content=\"https:\/\/ifamnews.com\/it\/la-norvegia-si-sta-avvicinando-alla-resa-dei-conti-con-le-decisioni-sulla-cura-del-genere-dice-il-commentatore-cristiano\" \/>\n<meta property=\"og:site_name\" content=\"IFN\" \/>\n<meta property=\"article:publisher\" content=\"https:\/\/www.facebook.com\/iFamNews\" \/>\n<meta property=\"article:author\" content=\"https:\/\/www.facebook.com\/iFamNews\/\" \/>\n<meta property=\"article:published_time\" content=\"2023-05-31T06:00:00+00:00\" \/>\n<meta property=\"og:image\" content=\"https:\/\/ifamnews.com\/wp-content\/uploads\/2023\/05\/Untitled-design-16.png\" \/>\n\t<meta property=\"og:image:width\" content=\"1200\" \/>\n\t<meta property=\"og:image:height\" content=\"675\" \/>\n\t<meta property=\"og:image:type\" content=\"image\/png\" \/>\n<meta name=\"author\" content=\"IFN English\" \/>\n<meta name=\"twitter:card\" content=\"summary_large_image\" \/>\n<meta name=\"twitter:creator\" content=\"@https:\/\/twitter.com\/iFamNewsEN\" \/>\n<meta name=\"twitter:site\" content=\"@iFamNewsEN\" \/>\n<meta name=\"twitter:label1\" content=\"Scritto da\" \/>\n\t<meta name=\"twitter:data1\" content=\"iFamNews\" \/>\n\t<meta name=\"twitter:label2\" content=\"Tempo di lettura stimato\" \/>\n\t<meta name=\"twitter:data2\" content=\"3 minuti\" \/>\n<!-- \/ Yoast SEO Premium plugin. -->","yoast_head_json":{"title":"La Norvegia si sta avvicinando alla resa dei conti con le decisioni sulla cura del genere, dice il commentatore cristiano - IFN","description":"Preoccupazione per la facilit\u00e0 delle \"cure per l'affermazione del genere\".","robots":{"index":"index","follow":"follow","max-snippet":"max-snippet:-1","max-image-preview":"max-image-preview:large","max-video-preview":"max-video-preview:-1"},"canonical":"https:\/\/ifamnews.com\/it\/la-norvegia-si-sta-avvicinando-alla-resa-dei-conti-con-le-decisioni-sulla-cura-del-genere-dice-il-commentatore-cristiano","og_locale":"it_IT","og_type":"article","og_title":"La Norvegia si sta avvicinando alla resa dei conti con le decisioni sulla cura del genere, dice il commentatore cristiano","og_description":"Preoccupazione per la facilit\u00e0 delle \"cure per l'affermazione del genere\".","og_url":"https:\/\/ifamnews.com\/it\/la-norvegia-si-sta-avvicinando-alla-resa-dei-conti-con-le-decisioni-sulla-cura-del-genere-dice-il-commentatore-cristiano","og_site_name":"IFN","article_publisher":"https:\/\/www.facebook.com\/iFamNews","article_author":"https:\/\/www.facebook.com\/iFamNews\/","article_published_time":"2023-05-31T06:00:00+00:00","og_image":[{"width":1200,"height":675,"url":"https:\/\/ifamnews.com\/wp-content\/uploads\/2023\/05\/Untitled-design-16.png","type":"image\/png"}],"author":"IFN English","twitter_card":"summary_large_image","twitter_creator":"@https:\/\/twitter.com\/iFamNewsEN","twitter_site":"@iFamNewsEN","twitter_misc":{"Scritto da":"iFamNews","Tempo di lettura stimato":"3 minuti"},"schema":{"@context":"https:\/\/schema.org","@graph":[{"@type":"NewsArticle","@id":"https:\/\/ifamnews.com\/it\/la-norvegia-si-sta-avvicinando-alla-resa-dei-conti-con-le-decisioni-sulla-cura-del-genere-dice-il-commentatore-cristiano#article","isPartOf":{"@id":"https:\/\/ifamnews.com\/it\/la-norvegia-si-sta-avvicinando-alla-resa-dei-conti-con-le-decisioni-sulla-cura-del-genere-dice-il-commentatore-cristiano"},"author":{"name":"IFN English","@id":"https:\/\/ifamnews.com\/en\/#\/schema\/person\/633bdb7ac2496c9b9304ce62d071cdfa"},"headline":"La Norvegia si sta avvicinando alla resa dei conti con le decisioni sulla cura del genere, dice il commentatore cristiano","datePublished":"2023-05-31T06:00:00+00:00","mainEntityOfPage":{"@id":"https:\/\/ifamnews.com\/it\/la-norvegia-si-sta-avvicinando-alla-resa-dei-conti-con-le-decisioni-sulla-cura-del-genere-dice-il-commentatore-cristiano"},"wordCount":474,"commentCount":0,"publisher":{"@id":"https:\/\/ifamnews.com\/en\/#organization"},"image":{"@id":"https:\/\/ifamnews.com\/it\/la-norvegia-si-sta-avvicinando-alla-resa-dei-conti-con-le-decisioni-sulla-cura-del-genere-dice-il-commentatore-cristiano#primaryimage"},"thumbnailUrl":"https:\/\/ifamnews.com\/wp-content\/uploads\/2023\/05\/Untitled-design-16.png","keywords":["ideologia di genere","LGBT ideology","LGBT+\/Gender","Transgenderismo"],"articleSection":["In evidenza","Vita"],"inLanguage":"it-IT","potentialAction":[{"@type":"CommentAction","name":"Comment","target":["https:\/\/ifamnews.com\/it\/la-norvegia-si-sta-avvicinando-alla-resa-dei-conti-con-le-decisioni-sulla-cura-del-genere-dice-il-commentatore-cristiano#respond"]}]},{"@type":"WebPage","@id":"https:\/\/ifamnews.com\/it\/la-norvegia-si-sta-avvicinando-alla-resa-dei-conti-con-le-decisioni-sulla-cura-del-genere-dice-il-commentatore-cristiano","url":"https:\/\/ifamnews.com\/it\/la-norvegia-si-sta-avvicinando-alla-resa-dei-conti-con-le-decisioni-sulla-cura-del-genere-dice-il-commentatore-cristiano","name":"La Norvegia si sta avvicinando alla resa dei conti con le decisioni sulla cura del genere, dice il commentatore cristiano - IFN","isPartOf":{"@id":"https:\/\/ifamnews.com\/en\/#website"},"primaryImageOfPage":{"@id":"https:\/\/ifamnews.com\/it\/la-norvegia-si-sta-avvicinando-alla-resa-dei-conti-con-le-decisioni-sulla-cura-del-genere-dice-il-commentatore-cristiano#primaryimage"},"image":{"@id":"https:\/\/ifamnews.com\/it\/la-norvegia-si-sta-avvicinando-alla-resa-dei-conti-con-le-decisioni-sulla-cura-del-genere-dice-il-commentatore-cristiano#primaryimage"},"thumbnailUrl":"https:\/\/ifamnews.com\/wp-content\/uploads\/2023\/05\/Untitled-design-16.png","datePublished":"2023-05-31T06:00:00+00:00","description":"Preoccupazione per la facilit\u00e0 delle \"cure per l'affermazione del genere\".","breadcrumb":{"@id":"https:\/\/ifamnews.com\/it\/la-norvegia-si-sta-avvicinando-alla-resa-dei-conti-con-le-decisioni-sulla-cura-del-genere-dice-il-commentatore-cristiano#breadcrumb"},"inLanguage":"it-IT","potentialAction":[{"@type":"ReadAction","target":["https:\/\/ifamnews.com\/it\/la-norvegia-si-sta-avvicinando-alla-resa-dei-conti-con-le-decisioni-sulla-cura-del-genere-dice-il-commentatore-cristiano"]}]},{"@type":"ImageObject","inLanguage":"it-IT","@id":"https:\/\/ifamnews.com\/it\/la-norvegia-si-sta-avvicinando-alla-resa-dei-conti-con-le-decisioni-sulla-cura-del-genere-dice-il-commentatore-cristiano#primaryimage","url":"https:\/\/ifamnews.com\/wp-content\/uploads\/2023\/05\/Untitled-design-16.png","contentUrl":"https:\/\/ifamnews.com\/wp-content\/uploads\/2023\/05\/Untitled-design-16.png","width":1200,"height":675},{"@type":"BreadcrumbList","@id":"https:\/\/ifamnews.com\/it\/la-norvegia-si-sta-avvicinando-alla-resa-dei-conti-con-le-decisioni-sulla-cura-del-genere-dice-il-commentatore-cristiano#breadcrumb","itemListElement":[{"@type":"ListItem","position":1,"name":"Home","item":"https:\/\/ifamnews.com\/de"},{"@type":"ListItem","position":2,"name":"Wissenschaft","item":"https:\/\/ifamnews.com\/de\/kategorie\/wissenschaft"},{"@type":"ListItem","position":3,"name":"La Norvegia si sta avvicinando alla resa dei conti con le decisioni sulla cura del genere, dice il commentatore cristiano"}]},{"@type":"WebSite","@id":"https:\/\/ifamnews.com\/en\/#website","url":"https:\/\/ifamnews.com\/en\/","name":"IFN","description":"International Family News Network","publisher":{"@id":"https:\/\/ifamnews.com\/en\/#organization"},"potentialAction":[{"@type":"SearchAction","target":{"@type":"EntryPoint","urlTemplate":"https:\/\/ifamnews.com\/en\/?s={search_term_string}"},"query-input":{"@type":"PropertyValueSpecification","valueRequired":true,"valueName":"search_term_string"}}],"inLanguage":"it-IT"},{"@type":"Organization","@id":"https:\/\/ifamnews.com\/en\/#organization","name":"iFamNews","url":"https:\/\/ifamnews.com\/en\/","logo":{"@type":"ImageObject","inLanguage":"it-IT","@id":"https:\/\/ifamnews.com\/en\/#\/schema\/logo\/image\/","url":"https:\/\/ifamnews.com\/wp-content\/uploads\/2020\/01\/Share-logo.png","contentUrl":"https:\/\/ifamnews.com\/wp-content\/uploads\/2020\/01\/Share-logo.png","width":200,"height":200,"caption":"iFamNews"},"image":{"@id":"https:\/\/ifamnews.com\/en\/#\/schema\/logo\/image\/"},"sameAs":["https:\/\/www.facebook.com\/iFamNews","https:\/\/x.com\/iFamNewsEN"]},{"@type":"Person","@id":"https:\/\/ifamnews.com\/en\/#\/schema\/person\/633bdb7ac2496c9b9304ce62d071cdfa","name":"IFN English","image":{"@type":"ImageObject","inLanguage":"it-IT","@id":"https:\/\/secure.gravatar.com\/avatar\/6f16ce95b558ae6f6eb9ae2f68122482a2c61696af2a8fc343c2e10f981a959d?s=96&d=mm&r=g","url":"https:\/\/secure.gravatar.com\/avatar\/6f16ce95b558ae6f6eb9ae2f68122482a2c61696af2a8fc343c2e10f981a959d?s=96&d=mm&r=g","contentUrl":"https:\/\/secure.gravatar.com\/avatar\/6f16ce95b558ae6f6eb9ae2f68122482a2c61696af2a8fc343c2e10f981a959d?s=96&d=mm&r=g","caption":"IFN English"},"description":"Articles published by the English iFamNews editorial team.","sameAs":["https:\/\/ifamnews.com\/en","https:\/\/www.facebook.com\/iFamNews\/","https:\/\/x.com\/https:\/\/twitter.com\/iFamNewsEN","https:\/\/www.youtube.com\/channel\/UCMVyIt4z9BANW3d09kwfUpw"],"url":"https:\/\/ifamnews.com\/it\/author\/ifamnews-staff"}]}},"amp_enabled":true,"_links":{"self":[{"href":"https:\/\/ifamnews.com\/it\/wp-json\/wp\/v2\/posts\/195211","targetHints":{"allow":["GET"]}}],"collection":[{"href":"https:\/\/ifamnews.com\/it\/wp-json\/wp\/v2\/posts"}],"about":[{"href":"https:\/\/ifamnews.com\/it\/wp-json\/wp\/v2\/types\/post"}],"author":[{"embeddable":true,"href":"https:\/\/ifamnews.com\/it\/wp-json\/wp\/v2\/users\/593"}],"replies":[{"embeddable":true,"href":"https:\/\/ifamnews.com\/it\/wp-json\/wp\/v2\/comments?post=195211"}],"version-history":[{"count":2,"href":"https:\/\/ifamnews.com\/it\/wp-json\/wp\/v2\/posts\/195211\/revisions"}],"predecessor-version":[{"id":195780,"href":"https:\/\/ifamnews.com\/it\/wp-json\/wp\/v2\/posts\/195211\/revisions\/195780"}],"wp:featuredmedia":[{"embeddable":true,"href":"https:\/\/ifamnews.com\/it\/wp-json\/wp\/v2\/media\/195201"}],"wp:attachment":[{"href":"https:\/\/ifamnews.com\/it\/wp-json\/wp\/v2\/media?parent=195211"}],"wp:term":[{"taxonomy":"category","embeddable":true,"href":"https:\/\/ifamnews.com\/it\/wp-json\/wp\/v2\/categories?post=195211"},{"taxonomy":"post_tag","embeddable":true,"href":"https:\/\/ifamnews.com\/it\/wp-json\/wp\/v2\/tags?post=195211"}],"curies":[{"name":"wp","href":"https:\/\/api.w.org\/{rel}","templated":true}]}}