{"id":194198,"date":"2023-05-20T03:00:00","date_gmt":"2023-05-20T07:00:00","guid":{"rendered":"https:\/\/ifamnews.com\/?p=194198"},"modified":"2023-05-19T13:10:09","modified_gmt":"2023-05-19T17:10:09","slug":"droga-leggera-non-esiste","status":"publish","type":"post","link":"https:\/\/ifamnews.com\/it\/droga-leggera-non-esiste","title":{"rendered":"Droga leggera? Non esiste"},"content":{"rendered":"\n<p>La droga leggera? Mai esistita, ora si dimostra pure che il \u2018fumo\u2019 provoca gravissime forme di schizofrenia. Inutile dire che non c\u2019era bisogno della scienza per provarlo, \u00e8 sufficiente guardarsi intorno nella vita di tutti i giorni o ascoltare \u2018sragionamenti\u2019 sui mass media o nelle trasmissioni televisive. Era invece necessario che questo studio venisse pubblicato e, ora che anche il <a href=\"https:\/\/www.nytimes.com\/2023\/05\/17\/opinion\/marijuana-legalization-disaster.html\" target=\"_blank\" rel=\"noreferrer noopener\">New York Times<\/a> ne commenta la gravit\u00e0 e denuncia l\u2019errore grave nell\u2019aver appoggiato la legalizzazione della cannabis, \u00e8 giusto chiedersi perch\u00e9 tanto silenzio sulla dimostrazione che \u2018pi\u00f9 la marijuana viene consumata, pi\u00f9 si si rovina irrimediabilmente la vita\u2019. Man mano che un numero sempre maggiore di Stati negli Usa e nel mondo legalizza la marijuana, che la cultura popolare la considera innocua, diventa sempre pi\u00f9 evidente che il suo uso invece comporta <a href=\"https:\/\/www.forbes.com\/sites\/dariosabaghi\/2023\/05\/09\/young-males-with-cannabis-use-disorder-more-likely-to-develop-schizophrenia-study-finds\/\" target=\"_blank\" rel=\"noreferrer noopener\">gravi rischi<\/a>. I legislatori dovrebbero smettere di depenalizzare l&#8217;uso ricreativo della marijuana e consentirlo solo se prescritto, attraverso protocolli rigorosi, da medici autorizzati e anche in questo caso, visti i danni irrimediabili che comporta, il suo uso dovrebbe essere l&#8217;ultima risorsa.<\/p>\n\n\n\n<p>L&#8217;ultimo preoccupante studio, pubblicato all&#8217;<a href=\"https:\/\/www.nih.gov\/news-events\/news-releases\/young-men-highest-risk-schizophrenia-linked-cannabis-use-disorder\" target=\"_blank\" rel=\"noreferrer noopener\">inizio di maggio<\/a>, \u00e8 stato condotto da ricercatori del National Institutes of Health degli Stati Uniti e del National Institute on Drug Abuse and Mental Health Services della Regione Capitale della Danimarca. Il risultato pi\u00f9 convincente \u00e8 che &#8220;ben il 30% dei casi di schizofrenia tra gli uomini di et\u00e0 compresa tra 21 e 30 anni avrebbe potuto essere evitato evitando il disturbo da uso di cannabis&#8221;.\u00a0 La schizofrenia, definita dal National Institutes of Mental Health, \u00e8 &#8220;un disturbo mentale caratterizzato da alterazioni dei processi di pensiero, delle percezioni, della reattivit\u00e0 emotiva e delle interazioni sociali&#8230;&#8221;. La schizofrenia \u00e8 tipicamente persistente e pu\u00f2 essere grave e invalidante&#8221;.\u00a0<\/p>\n\n\n\n<p>La schizofrenia pu\u00f2 essere scatenata da un forte consumo di erba, quando altrimenti non si svilupperebbe affatto. &#8220;L&#8217;intreccio tra disturbi da uso di sostanze e malattie mentali \u00e8 un problema di salute pubblica di primaria importanza, che richiede un&#8217;azione urgente e un sostegno per le persone che ne hanno bisogno&#8221;, ha dichiarato il direttore del NIDA e coautrice dello studio Nora Volkow. L&#8217;esistenza di un legame tra l&#8217;uso di marijuana e la schizofrenia \u00e8 nota da decenni, ma il nuovo studio non solo ribadisce il legame, ma mostra anche la crescente gravit\u00e0 del problema, soprattutto tra i giovani uomini. Lo <a href=\"https:\/\/www.cambridge.org\/core\/journals\/psychological-medicine\/article\/association-between-cannabis-use-disorder-and-schizophrenia-stronger-in-young-males-than-in-females\/E1F8F0E09C6541CB8529A326C3641A68\" target=\"_blank\" rel=\"noreferrer noopener\">studio attribuisce<\/a> la &#8220;crescente prevalenza&#8221; del problema alla &#8220;maggiore potenza della cannabis&#8221; tipicamente usata oggi rispetto alla tipica marijuana da strada di mezzo secolo fa.\u00a0 In particolare, ha detto Carsten Hjorth\u00f8j, autore principale dello studio, &#8220;l&#8217;aumento della legalizzazione della cannabis negli ultimi decenni l&#8217;ha resa una delle sostanze psicoattive pi\u00f9 usate al mondo, diminuendo al contempo la percezione del suo danno da parte del pubblico. Questo studio si aggiunge alla nostra crescente consapevolezza che il consumo di cannabis non \u00e8 innocuo&#8221;.<\/p>\n\n\n\n<p>La schizofrenia \u00e8 ben lungi dall&#8217;essere l&#8217;unico pericolo di quello che la cultura popolare considera un divertimento innocuo. La <a href=\"https:\/\/www.thelancet.com\/journals\/lanpsy\/article\/PIIS2215-0366(23)00143-8\/fulltext\" target=\"_blank\" rel=\"noreferrer noopener\">cannabis<\/a> \u00e8 stata anche definitivamente associata a &#8220;depressione, ansia e suicidalit\u00e0&#8221; tra gli adolescenti. La sua crescente accettazione da parte del pubblico ha coinciso anche con un raddoppio degli incidenti automobilistici mortali tra il 2000 e il 2018. I casi di avvelenamento da marijuana in et\u00e0 pediatrica sono aumentati di molto. Il documento esamina i dati sull&#8217;uso di oppioidi e marijuana e giunge a due risultati chiave: il primo \u00e8 che &#8220;la marijuana medica, in particolare quando \u00e8 disponibile attraverso i dispensari al dettaglio, \u00e8 associata a una maggiore mortalit\u00e0 da oppioidi&#8221;. La seconda constatazione \u00e8 che i dati &#8220;per la marijuana ricreativa, sebbene meno affidabili, suggeriscono che le vendite al dettaglio attraverso i dispensari sono associate a tassi di mortalit\u00e0 pi\u00f9 elevati rispetto all&#8217;ipotesi controfattuale di assenza di cannabis legale&#8221;. Le Nazioni Unite, nell\u2019ultimo report annuale <a href=\"https:\/\/unis.unvienna.org\/unis\/pressrels\/2023\/unisnar1469.html\" target=\"_blank\" rel=\"noreferrer noopener\">International Narcotics Control Board<\/a>, aveva gi\u00e0 espreso le sue preoccupazioni sulla legalizzazione ad uso ricreativo della cannabis. Tanto per essere molto chiari, negli Stati che l&#8217;hanno legalizzata, la criminalit\u00e0, compresa quella delle organizzazioni criminali armate, \u00e8 aumentata e non diminuita.<\/p>\n\n\n\n<p><\/p>\n","protected":false},"excerpt":{"rendered":"<p>Chi liberalizza cannabis commette colpevole attentato a salute dei cittadini<\/p>\n","protected":false},"author":54,"featured_media":11267,"comment_status":"open","ping_status":"open","sticky":false,"template":"","format":"standard","meta":{"give_campaign_id":0,"om_disable_all_campaigns":false,"_monsterinsights_skip_tracking":false,"_monsterinsights_sitenote_active":false,"_monsterinsights_sitenote_note":"","_monsterinsights_sitenote_category":0,"mc4wp_mailchimp_campaign":[],"jnews-multi-image_gallery":[],"jnews_single_post":{"subtitle":"Chi liberalizza cannabis commette colpevole attentato a salute dei cittadini","format":"standard","video":"","gallery":"","source_name":"","source_url":"","via_name":"","via_url":"","override_template":"0","override":[{"template":"2","single_blog_custom":"","parallax":"1","fullscreen":"1","layout":"right-sidebar-narrow","sidebar":"default-sidebar","second_sidebar":"default-sidebar","sticky_sidebar":"1","share_position":"float","share_float_style":"share-normal","show_share_counter":"1","show_view_counter":"1","show_featured":"1","show_post_meta":"1","show_post_author":"1","show_post_author_image":"1","show_post_date":"1","post_date_format":"default","post_date_format_custom":"Y\/m\/d","show_post_category":"1","show_post_reading_time":"1","post_reading_time_wpm":"300","show_zoom_button":"0","zoom_button_out_step":"2","zoom_button_in_step":"3","show_post_tag":"1","show_prev_next_post":"0","show_popup_post":"0","number_popup_post":"1","show_author_box":"1","show_post_related":"0","show_inline_post_related":"0"}],"override_image_size":"0","image_override":[{"single_post_thumbnail_size":"crop-715","single_post_gallery_size":"crop-715"}],"trending_post":"0","trending_post_position":"meta","trending_post_label":"Trending","sponsored_post":"0","sponsored_post_label":"Sponsored by","sponsored_post_name":"","sponsored_post_url":"","sponsored_post_logo_enable":"0","sponsored_post_logo":"","sponsored_post_desc":"","disable_ad":"0"},"jnews_primary_category":{"id":"817"},"jnews_social_meta":{"fb_title":"","fb_description":"","fb_image":"","twitter_title":"","twitter_description":"","twitter_image":""},"jnews_override_counter":{"override_view_counter":"0","view_counter_number":"0","override_share_counter":"0","share_counter_number":"0","override_like_counter":"0","like_counter_number":"0","override_dislike_counter":"0","dislike_counter_number":"0"},"footnotes":""},"categories":[951,817],"tags":[12897,707,1679,26152],"class_list":["post-194198","post","type-post","status-publish","format-standard","has-post-thumbnail","hentry","category-foreground-it","category-vita","tag-cannabis","tag-droga","tag-marijuana-2","tag-schizofrenia-2"],"yoast_head":"<!-- This site is optimized with the Yoast SEO Premium plugin v25.9 (Yoast SEO v27.3) - https:\/\/yoast.com\/product\/yoast-seo-premium-wordpress\/ -->\n<title>Droga leggera? Non esiste - IFN<\/title>\n<meta name=\"description\" content=\"Chi liberalizza cannabis commette colpevole attentato a salute dei cittadini\" \/>\n<meta name=\"robots\" content=\"index, follow, max-snippet:-1, max-image-preview:large, max-video-preview:-1\" \/>\n<link rel=\"canonical\" href=\"https:\/\/ifamnews.com\/it\/droga-leggera-non-esiste\" \/>\n<meta property=\"og:locale\" content=\"it_IT\" \/>\n<meta property=\"og:type\" content=\"article\" \/>\n<meta property=\"og:title\" content=\"Droga leggera? Non esiste\" \/>\n<meta property=\"og:description\" content=\"Chi liberalizza cannabis commette colpevole attentato a salute dei cittadini\" \/>\n<meta property=\"og:url\" content=\"https:\/\/ifamnews.com\/it\/droga-leggera-non-esiste\" \/>\n<meta property=\"og:site_name\" content=\"IFN\" \/>\n<meta property=\"article:publisher\" content=\"https:\/\/www.facebook.com\/iFamNews\" \/>\n<meta property=\"article:author\" content=\"https:\/\/facebook.com\/lvolonte1\" \/>\n<meta property=\"article:published_time\" content=\"2023-05-20T07:00:00+00:00\" \/>\n<meta property=\"og:image\" content=\"https:\/\/ifamnews.com\/wp-content\/uploads\/2020\/03\/1280px-Cannabis_01_bgiu.jpg\" \/>\n\t<meta property=\"og:image:width\" content=\"1280\" \/>\n\t<meta property=\"og:image:height\" content=\"960\" \/>\n\t<meta property=\"og:image:type\" content=\"image\/jpeg\" \/>\n<meta name=\"author\" content=\"Luca Volont\u00e8\" \/>\n<meta name=\"twitter:card\" content=\"summary_large_image\" \/>\n<meta name=\"twitter:creator\" content=\"@https:\/\/twitter.com\/l_volonte\" \/>\n<meta name=\"twitter:site\" content=\"@iFamNewsEN\" \/>\n<meta name=\"twitter:label1\" content=\"Scritto da\" \/>\n\t<meta name=\"twitter:data1\" content=\"Luca Volont\u00e8\" \/>\n\t<meta name=\"twitter:label2\" content=\"Tempo di lettura stimato\" \/>\n\t<meta name=\"twitter:data2\" content=\"4 minuti\" \/>\n<!-- \/ Yoast SEO Premium plugin. -->","yoast_head_json":{"title":"Droga leggera? Non esiste - IFN","description":"Chi liberalizza cannabis commette colpevole attentato a salute dei cittadini","robots":{"index":"index","follow":"follow","max-snippet":"max-snippet:-1","max-image-preview":"max-image-preview:large","max-video-preview":"max-video-preview:-1"},"canonical":"https:\/\/ifamnews.com\/it\/droga-leggera-non-esiste","og_locale":"it_IT","og_type":"article","og_title":"Droga leggera? Non esiste","og_description":"Chi liberalizza cannabis commette colpevole attentato a salute dei cittadini","og_url":"https:\/\/ifamnews.com\/it\/droga-leggera-non-esiste","og_site_name":"IFN","article_publisher":"https:\/\/www.facebook.com\/iFamNews","article_author":"https:\/\/facebook.com\/lvolonte1","article_published_time":"2023-05-20T07:00:00+00:00","og_image":[{"width":1280,"height":960,"url":"https:\/\/ifamnews.com\/wp-content\/uploads\/2020\/03\/1280px-Cannabis_01_bgiu.jpg","type":"image\/jpeg"}],"author":"Luca Volont\u00e8","twitter_card":"summary_large_image","twitter_creator":"@https:\/\/twitter.com\/l_volonte","twitter_site":"@iFamNewsEN","twitter_misc":{"Scritto da":"Luca Volont\u00e8","Tempo di lettura stimato":"4 minuti"},"schema":{"@context":"https:\/\/schema.org","@graph":[{"@type":"NewsArticle","@id":"https:\/\/ifamnews.com\/it\/droga-leggera-non-esiste#article","isPartOf":{"@id":"https:\/\/ifamnews.com\/it\/droga-leggera-non-esiste"},"author":{"name":"Luca Volont\u00e8","@id":"https:\/\/ifamnews.com\/en\/#\/schema\/person\/bed5b7c6161f317421caa94dc3be6a53"},"headline":"Droga leggera? Non esiste","datePublished":"2023-05-20T07:00:00+00:00","mainEntityOfPage":{"@id":"https:\/\/ifamnews.com\/it\/droga-leggera-non-esiste"},"wordCount":664,"commentCount":0,"publisher":{"@id":"https:\/\/ifamnews.com\/en\/#organization"},"image":{"@id":"https:\/\/ifamnews.com\/it\/droga-leggera-non-esiste#primaryimage"},"thumbnailUrl":"https:\/\/ifamnews.com\/wp-content\/uploads\/2020\/03\/1280px-Cannabis_01_bgiu.jpg","keywords":["cannabis","Droga","marijuana","schizofrenia"],"articleSection":["In evidenza","Vita"],"inLanguage":"it-IT","potentialAction":[{"@type":"CommentAction","name":"Comment","target":["https:\/\/ifamnews.com\/it\/droga-leggera-non-esiste#respond"]}]},{"@type":"WebPage","@id":"https:\/\/ifamnews.com\/it\/droga-leggera-non-esiste","url":"https:\/\/ifamnews.com\/it\/droga-leggera-non-esiste","name":"Droga leggera? Non esiste - IFN","isPartOf":{"@id":"https:\/\/ifamnews.com\/en\/#website"},"primaryImageOfPage":{"@id":"https:\/\/ifamnews.com\/it\/droga-leggera-non-esiste#primaryimage"},"image":{"@id":"https:\/\/ifamnews.com\/it\/droga-leggera-non-esiste#primaryimage"},"thumbnailUrl":"https:\/\/ifamnews.com\/wp-content\/uploads\/2020\/03\/1280px-Cannabis_01_bgiu.jpg","datePublished":"2023-05-20T07:00:00+00:00","description":"Chi liberalizza cannabis commette colpevole attentato a salute dei cittadini","breadcrumb":{"@id":"https:\/\/ifamnews.com\/it\/droga-leggera-non-esiste#breadcrumb"},"inLanguage":"it-IT","potentialAction":[{"@type":"ReadAction","target":["https:\/\/ifamnews.com\/it\/droga-leggera-non-esiste"]}]},{"@type":"ImageObject","inLanguage":"it-IT","@id":"https:\/\/ifamnews.com\/it\/droga-leggera-non-esiste#primaryimage","url":"https:\/\/ifamnews.com\/wp-content\/uploads\/2020\/03\/1280px-Cannabis_01_bgiu.jpg","contentUrl":"https:\/\/ifamnews.com\/wp-content\/uploads\/2020\/03\/1280px-Cannabis_01_bgiu.jpg","width":1280,"height":960,"caption":"Image from Google Images"},{"@type":"BreadcrumbList","@id":"https:\/\/ifamnews.com\/it\/droga-leggera-non-esiste#breadcrumb","itemListElement":[{"@type":"ListItem","position":1,"name":"Home","item":"https:\/\/ifamnews.com\/de"},{"@type":"ListItem","position":2,"name":"Life","item":"https:\/\/ifamnews.com\/en\/category\/life"},{"@type":"ListItem","position":3,"name":"Droga leggera? Non esiste"}]},{"@type":"WebSite","@id":"https:\/\/ifamnews.com\/en\/#website","url":"https:\/\/ifamnews.com\/en\/","name":"IFN","description":"International Family News Network","publisher":{"@id":"https:\/\/ifamnews.com\/en\/#organization"},"potentialAction":[{"@type":"SearchAction","target":{"@type":"EntryPoint","urlTemplate":"https:\/\/ifamnews.com\/en\/?s={search_term_string}"},"query-input":{"@type":"PropertyValueSpecification","valueRequired":true,"valueName":"search_term_string"}}],"inLanguage":"it-IT"},{"@type":"Organization","@id":"https:\/\/ifamnews.com\/en\/#organization","name":"iFamNews","url":"https:\/\/ifamnews.com\/en\/","logo":{"@type":"ImageObject","inLanguage":"it-IT","@id":"https:\/\/ifamnews.com\/en\/#\/schema\/logo\/image\/","url":"https:\/\/ifamnews.com\/wp-content\/uploads\/2020\/01\/Share-logo.png","contentUrl":"https:\/\/ifamnews.com\/wp-content\/uploads\/2020\/01\/Share-logo.png","width":200,"height":200,"caption":"iFamNews"},"image":{"@id":"https:\/\/ifamnews.com\/en\/#\/schema\/logo\/image\/"},"sameAs":["https:\/\/www.facebook.com\/iFamNews","https:\/\/x.com\/iFamNewsEN"]},{"@type":"Person","@id":"https:\/\/ifamnews.com\/en\/#\/schema\/person\/bed5b7c6161f317421caa94dc3be6a53","name":"Luca Volont\u00e8","image":{"@type":"ImageObject","inLanguage":"it-IT","@id":"https:\/\/secure.gravatar.com\/avatar\/354ed6bca06f9968278e6eb25fa8a123306c69f5c50f711836cf12e6c8ecbbf6?s=96&d=mm&r=g","url":"https:\/\/secure.gravatar.com\/avatar\/354ed6bca06f9968278e6eb25fa8a123306c69f5c50f711836cf12e6c8ecbbf6?s=96&d=mm&r=g","contentUrl":"https:\/\/secure.gravatar.com\/avatar\/354ed6bca06f9968278e6eb25fa8a123306c69f5c50f711836cf12e6c8ecbbf6?s=96&d=mm&r=g","caption":"Luca Volont\u00e8"},"description":"Luca Volont\u00e8 was an Italian parliamentarian from 1996 to 2013, and served as president of the PPE-CD at the Assembly of the Council of Europe. Publicly engaged for decades in the promotion of life, family and religious and educational freedom, Luca\u00a0 has served as a board member for various international organizations promoting Christian values and human rights, including his current role as a board member of the International Organization for the Family. He has authored books and essays for the Novae Terrae series by the publisher Rubbettino; he has been a correspondent for several Italian newspapers, and currently collaborates with La nuova Bussola Quotidiana, an online newspaper. He is a also a great bicycle enthusiast.","sameAs":["https:\/\/facebook.com\/lvolonte1","https:\/\/x.com\/https:\/\/twitter.com\/l_volonte"],"url":"https:\/\/ifamnews.com\/it\/author\/lvolonte"}]}},"amp_enabled":true,"_links":{"self":[{"href":"https:\/\/ifamnews.com\/it\/wp-json\/wp\/v2\/posts\/194198","targetHints":{"allow":["GET"]}}],"collection":[{"href":"https:\/\/ifamnews.com\/it\/wp-json\/wp\/v2\/posts"}],"about":[{"href":"https:\/\/ifamnews.com\/it\/wp-json\/wp\/v2\/types\/post"}],"author":[{"embeddable":true,"href":"https:\/\/ifamnews.com\/it\/wp-json\/wp\/v2\/users\/54"}],"replies":[{"embeddable":true,"href":"https:\/\/ifamnews.com\/it\/wp-json\/wp\/v2\/comments?post=194198"}],"version-history":[{"count":1,"href":"https:\/\/ifamnews.com\/it\/wp-json\/wp\/v2\/posts\/194198\/revisions"}],"predecessor-version":[{"id":194199,"href":"https:\/\/ifamnews.com\/it\/wp-json\/wp\/v2\/posts\/194198\/revisions\/194199"}],"wp:featuredmedia":[{"embeddable":true,"href":"https:\/\/ifamnews.com\/it\/wp-json\/wp\/v2\/media\/11267"}],"wp:attachment":[{"href":"https:\/\/ifamnews.com\/it\/wp-json\/wp\/v2\/media?parent=194198"}],"wp:term":[{"taxonomy":"category","embeddable":true,"href":"https:\/\/ifamnews.com\/it\/wp-json\/wp\/v2\/categories?post=194198"},{"taxonomy":"post_tag","embeddable":true,"href":"https:\/\/ifamnews.com\/it\/wp-json\/wp\/v2\/tags?post=194198"}],"curies":[{"name":"wp","href":"https:\/\/api.w.org\/{rel}","templated":true}]}}