{"id":194093,"date":"2023-05-20T06:00:00","date_gmt":"2023-05-20T10:00:00","guid":{"rendered":"https:\/\/ifamnews.com\/?p=194093"},"modified":"2023-05-19T13:14:32","modified_gmt":"2023-05-19T17:14:32","slug":"gli-attivisti-trans-chiedono-che-la-festa-della-mamma-diventi-la-festa-dei-genitori","status":"publish","type":"post","link":"https:\/\/ifamnews.com\/it\/gli-attivisti-trans-chiedono-che-la-festa-della-mamma-diventi-la-festa-dei-genitori","title":{"rendered":"Gli attivisti trans chiedono che la festa della mamma diventi la festa dei genitori"},"content":{"rendered":"\n<p>In occasione della recente festa della mamma, i sostenitori dei diritti LGBTQ+ hanno abbracciato a gran voce narrazioni pi\u00f9 inclusive, utilizzando le piattaforme dei social media per condividere contenuti che affermano la nozione di padre che incarna anche il ruolo di madre. Questa \u00e8 una nuova forma di diffusione della loro ideologia. Non ci dovrebbero essere padri e madri, uomini e donne, ma solo&#8230; Beh, qualsiasi cosa si senta in questo momento.<\/p>\n\n\n\n<p>Una di queste narrazioni \u00e8 stata evidenziata in un video diffuso dal popolare account Libs of TikTok. Il video presenta una &#8220;donna trans&#8221; che riflette sulle celebrazioni annuali della festa della mamma e del pap\u00e0. Con una &#8220;identit\u00e0&#8221; che non \u00e8 n\u00e9 maschile n\u00e9 femminile, ha interrogato le norme sociali legate a queste festivit\u00e0. &#8220;Come donna trans, quale dei due festeggio? Non mi sento un padre. Domani \u00e8 la festa della mamma, mi sento una mamma, ma chi mi festeggia?&#8221;, ha sollevato questa domanda. S\u00ec, lui. Lui non \u00e8 una lei, a prescindere da come &#8220;si sente&#8221; al riguardo.<\/p>\n\n\n\n<p>Il suo dilemma si \u00e8 esteso ad altri come lui, chiedendo: &#8220;C&#8217;\u00e8 qualcun altro l\u00e0 fuori che non sa in quale categoria rientrare? Sei una mamma o un pap\u00e0? Dov&#8217;\u00e8 la Giornata dei genitori? Perch\u00e9 non possiamo semplicemente avere una Giornata dei genitori?&#8221;. Ha proposto una celebrazione pi\u00f9 &#8220;inclusiva&#8221; che onora tutti i genitori, piuttosto che rafforzare il binomio madre o padre. Possiamo essere d&#8217;accordo con una parte di questa proposta. Dovrebbe esserci una Giornata dei genitori, che celebri il ruolo insostituibile che madri e padri hanno per il benessere dei loro figli. Ma non a costo di eliminare le due giornate che celebrano specificamente &#8211; e separatamente! &#8211; madri e padri.<\/p>\n\n\n\n<p>Un altro video distribuito da Alpha Fox ha dato voce a un sentimento simile, questa volta come parte di una conversazione tra una &#8220;donna trans&#8221; e &#8220;sua&#8221; figlia. La ragazzina ha affermato i confini sfumati dei ruoli genitoriali, affermando: &#8220;Tu sei la mia mamma&#8221;.  <\/p>\n\n\n\n<p>Il punto di vista dell&#8217;estrema sinistra sulla festa della mamma ha visto un&#8217;attenzione pi\u00f9 significativa negli ultimi anni. L&#8217;anno scorso, ad esempio, come riportato da <a href=\"https:\/\/www.breitbart.com\/entertainment\/2022\/05\/12\/calvin-klein-features-pregnant-transgender-man-as-underwear-model-in-mothers-day-campaign\/\" target=\"_blank\" rel=\"noreferrer noopener\">Breitbart News<\/a>, Calvin Klein ha realizzato una campagna per la festa della mamma che mostrava un &#8220;uomo trans&#8221; incinto. Il marchio di moda ha voluto sottolineare la &#8220;realt\u00e0 delle nuove famiglie&#8221; come omaggio alla Festa della Mamma.<\/p>\n\n\n\n<p>La campagna ha messo in evidenza Roberto Bete, una star brasiliana dei reality che ha effettuato la transizione da femmina a maschio e che era incinta durante il servizio fotografico. La serie di immagini ritrae Bete, a torso nudo, che rivela il suo pancione e le cicatrici dell&#8217;intervento di chirurgia superiore, insieme alla sua compagna, Erika Fernandes, una tatuatrice.<\/p>\n\n\n\n<p>Per quanto tempo dovremo subire questa follia? La verit\u00e0 \u00e8 una sola. La madre \u00e8 femmina, il padre \u00e8 maschio.  <\/p>\n","protected":false},"excerpt":{"rendered":"<p>Questa \u00e8 una nuova forma di diffusione della loro ideologia. Non ci dovrebbero essere padri e madri, uomini e donne, ma solo&#8230; Beh, qualsiasi cosa si senta in questo momento.<\/p>\n","protected":false},"author":593,"featured_media":194083,"comment_status":"open","ping_status":"open","sticky":false,"template":"","format":"standard","meta":{"give_campaign_id":0,"om_disable_all_campaigns":false,"_monsterinsights_skip_tracking":false,"_monsterinsights_sitenote_active":false,"_monsterinsights_sitenote_note":"","_monsterinsights_sitenote_category":0,"mc4wp_mailchimp_campaign":[],"jnews-multi-image_gallery":[],"jnews_single_post":{"subtitle":"Questa \u00e8 una nuova forma di diffusione della loro ideologia. Non ci dovrebbero essere padri e madri, uomini e donne, ma solo... Beh, qualsiasi cosa si senta in questo momento.","format":"standard","video":"","gallery":"","source_name":"","source_url":"","via_name":"","via_url":"","override_template":"0","override":[{"template":"2","single_blog_custom":"","parallax":"1","fullscreen":"1","layout":"right-sidebar-narrow","sidebar":"default-sidebar","second_sidebar":"default-sidebar","sticky_sidebar":"1","share_position":"float","share_float_style":"share-normal","show_share_counter":"1","show_view_counter":"1","show_featured":"1","show_post_meta":"1","show_post_author":"1","show_post_author_image":"1","show_post_date":"1","post_date_format":"default","post_date_format_custom":"Y\/m\/d","show_post_category":"1","show_post_reading_time":"1","post_reading_time_wpm":"300","show_zoom_button":"0","zoom_button_out_step":"2","zoom_button_in_step":"3","show_post_tag":"1","show_prev_next_post":"0","show_popup_post":"0","number_popup_post":"1","show_author_box":"1","show_post_related":"0","show_inline_post_related":"0"}],"override_image_size":"0","image_override":[{"single_post_thumbnail_size":"crop-715","single_post_gallery_size":"crop-715"}],"trending_post":"0","trending_post_position":"meta","trending_post_label":"Trending","sponsored_post":"0","sponsored_post_label":"Sponsored by","sponsored_post_name":"","sponsored_post_url":"","sponsored_post_logo_enable":"0","sponsored_post_logo":"","sponsored_post_desc":"","disable_ad":"0"},"jnews_primary_category":{"id":"781"},"jnews_social_meta":{"fb_title":"","fb_description":"","fb_image":"","twitter_title":"","twitter_description":"","twitter_image":""},"jnews_override_counter":{"override_view_counter":"0","view_counter_number":"0","override_share_counter":"0","share_counter_number":"0","override_like_counter":"0","like_counter_number":"0","override_dislike_counter":"0","dislike_counter_number":"0"},"footnotes":""},"categories":[781,951],"tags":[26119,26118,26121,15740,15044,26120,21384,14267],"class_list":["post-194093","post","type-post","status-publish","format-standard","has-post-thumbnail","hentry","category-famiglia","category-foreground-it","tag-festa-del-papa","tag-festa-della-mamma-it","tag-guerra-alle-donne","tag-ideologia-transgender","tag-lgbt-ideology-it","tag-propaganda-antifamiliare","tag-soppressione-delle-donne","tag-wokeism-it"],"yoast_head":"<!-- This site is optimized with the Yoast SEO Premium plugin v25.9 (Yoast SEO v27.3) - https:\/\/yoast.com\/product\/yoast-seo-premium-wordpress\/ -->\n<title>Gli attivisti trans chiedono che la festa della mamma diventi la festa dei genitori - IFN<\/title>\n<meta name=\"description\" content=\"Questa \u00e8 una nuova forma di diffusione della loro ideologia. Non ci dovrebbero essere padri e madri, uomini e donne, ma solo... Beh, qualsiasi cosa si senta in questo momento.\" \/>\n<meta name=\"robots\" content=\"index, follow, max-snippet:-1, max-image-preview:large, max-video-preview:-1\" \/>\n<link rel=\"canonical\" href=\"https:\/\/ifamnews.com\/it\/gli-attivisti-trans-chiedono-che-la-festa-della-mamma-diventi-la-festa-dei-genitori\" \/>\n<meta property=\"og:locale\" content=\"it_IT\" \/>\n<meta property=\"og:type\" content=\"article\" \/>\n<meta property=\"og:title\" content=\"Gli attivisti trans chiedono che la festa della mamma diventi la festa dei genitori\" \/>\n<meta property=\"og:description\" content=\"Questa \u00e8 una nuova forma di diffusione della loro ideologia. Non ci dovrebbero essere padri e madri, uomini e donne, ma solo... Beh, qualsiasi cosa si senta in questo momento.\" \/>\n<meta property=\"og:url\" content=\"https:\/\/ifamnews.com\/it\/gli-attivisti-trans-chiedono-che-la-festa-della-mamma-diventi-la-festa-dei-genitori\" \/>\n<meta property=\"og:site_name\" content=\"IFN\" \/>\n<meta property=\"article:publisher\" content=\"https:\/\/www.facebook.com\/iFamNews\" \/>\n<meta property=\"article:author\" content=\"https:\/\/www.facebook.com\/iFamNews\/\" \/>\n<meta property=\"article:published_time\" content=\"2023-05-20T10:00:00+00:00\" \/>\n<meta property=\"og:image\" content=\"https:\/\/ifamnews.com\/wp-content\/uploads\/2023\/05\/calvinkleinmothers-640x480-resized.jpg\" \/>\n\t<meta property=\"og:image:width\" content=\"1200\" \/>\n\t<meta property=\"og:image:height\" content=\"675\" \/>\n\t<meta property=\"og:image:type\" content=\"image\/jpeg\" \/>\n<meta name=\"author\" content=\"IFN English\" \/>\n<meta name=\"twitter:card\" content=\"summary_large_image\" \/>\n<meta name=\"twitter:creator\" content=\"@https:\/\/twitter.com\/iFamNewsEN\" \/>\n<meta name=\"twitter:site\" content=\"@iFamNewsEN\" \/>\n<meta name=\"twitter:label1\" content=\"Scritto da\" \/>\n\t<meta name=\"twitter:data1\" content=\"iFamNews\" \/>\n\t<meta name=\"twitter:label2\" content=\"Tempo di lettura stimato\" \/>\n\t<meta name=\"twitter:data2\" content=\"3 minuti\" \/>\n<!-- \/ Yoast SEO Premium plugin. -->","yoast_head_json":{"title":"Gli attivisti trans chiedono che la festa della mamma diventi la festa dei genitori - IFN","description":"Questa \u00e8 una nuova forma di diffusione della loro ideologia. Non ci dovrebbero essere padri e madri, uomini e donne, ma solo... Beh, qualsiasi cosa si senta in questo momento.","robots":{"index":"index","follow":"follow","max-snippet":"max-snippet:-1","max-image-preview":"max-image-preview:large","max-video-preview":"max-video-preview:-1"},"canonical":"https:\/\/ifamnews.com\/it\/gli-attivisti-trans-chiedono-che-la-festa-della-mamma-diventi-la-festa-dei-genitori","og_locale":"it_IT","og_type":"article","og_title":"Gli attivisti trans chiedono che la festa della mamma diventi la festa dei genitori","og_description":"Questa \u00e8 una nuova forma di diffusione della loro ideologia. Non ci dovrebbero essere padri e madri, uomini e donne, ma solo... Beh, qualsiasi cosa si senta in questo momento.","og_url":"https:\/\/ifamnews.com\/it\/gli-attivisti-trans-chiedono-che-la-festa-della-mamma-diventi-la-festa-dei-genitori","og_site_name":"IFN","article_publisher":"https:\/\/www.facebook.com\/iFamNews","article_author":"https:\/\/www.facebook.com\/iFamNews\/","article_published_time":"2023-05-20T10:00:00+00:00","og_image":[{"width":1200,"height":675,"url":"https:\/\/ifamnews.com\/wp-content\/uploads\/2023\/05\/calvinkleinmothers-640x480-resized.jpg","type":"image\/jpeg"}],"author":"IFN English","twitter_card":"summary_large_image","twitter_creator":"@https:\/\/twitter.com\/iFamNewsEN","twitter_site":"@iFamNewsEN","twitter_misc":{"Scritto da":"iFamNews","Tempo di lettura stimato":"3 minuti"},"schema":{"@context":"https:\/\/schema.org","@graph":[{"@type":"NewsArticle","@id":"https:\/\/ifamnews.com\/it\/gli-attivisti-trans-chiedono-che-la-festa-della-mamma-diventi-la-festa-dei-genitori#article","isPartOf":{"@id":"https:\/\/ifamnews.com\/it\/gli-attivisti-trans-chiedono-che-la-festa-della-mamma-diventi-la-festa-dei-genitori"},"author":{"name":"IFN English","@id":"https:\/\/ifamnews.com\/en\/#\/schema\/person\/633bdb7ac2496c9b9304ce62d071cdfa"},"headline":"Gli attivisti trans chiedono che la festa della mamma diventi la festa dei genitori","datePublished":"2023-05-20T10:00:00+00:00","mainEntityOfPage":{"@id":"https:\/\/ifamnews.com\/it\/gli-attivisti-trans-chiedono-che-la-festa-della-mamma-diventi-la-festa-dei-genitori"},"wordCount":478,"commentCount":0,"publisher":{"@id":"https:\/\/ifamnews.com\/en\/#organization"},"image":{"@id":"https:\/\/ifamnews.com\/it\/gli-attivisti-trans-chiedono-che-la-festa-della-mamma-diventi-la-festa-dei-genitori#primaryimage"},"thumbnailUrl":"https:\/\/ifamnews.com\/wp-content\/uploads\/2023\/05\/calvinkleinmothers-640x480-resized.jpg","keywords":["Festa del pap\u00e0","festa della mamma","guerra alle donne","ideologia transgender","LGBT ideology","propaganda antifamiliare","soppressione delle donne","wokeism"],"articleSection":["Famiglia","In evidenza"],"inLanguage":"it-IT","potentialAction":[{"@type":"CommentAction","name":"Comment","target":["https:\/\/ifamnews.com\/it\/gli-attivisti-trans-chiedono-che-la-festa-della-mamma-diventi-la-festa-dei-genitori#respond"]}]},{"@type":"WebPage","@id":"https:\/\/ifamnews.com\/it\/gli-attivisti-trans-chiedono-che-la-festa-della-mamma-diventi-la-festa-dei-genitori","url":"https:\/\/ifamnews.com\/it\/gli-attivisti-trans-chiedono-che-la-festa-della-mamma-diventi-la-festa-dei-genitori","name":"Gli attivisti trans chiedono che la festa della mamma diventi la festa dei genitori - IFN","isPartOf":{"@id":"https:\/\/ifamnews.com\/en\/#website"},"primaryImageOfPage":{"@id":"https:\/\/ifamnews.com\/it\/gli-attivisti-trans-chiedono-che-la-festa-della-mamma-diventi-la-festa-dei-genitori#primaryimage"},"image":{"@id":"https:\/\/ifamnews.com\/it\/gli-attivisti-trans-chiedono-che-la-festa-della-mamma-diventi-la-festa-dei-genitori#primaryimage"},"thumbnailUrl":"https:\/\/ifamnews.com\/wp-content\/uploads\/2023\/05\/calvinkleinmothers-640x480-resized.jpg","datePublished":"2023-05-20T10:00:00+00:00","description":"Questa \u00e8 una nuova forma di diffusione della loro ideologia. Non ci dovrebbero essere padri e madri, uomini e donne, ma solo... Beh, qualsiasi cosa si senta in questo momento.","breadcrumb":{"@id":"https:\/\/ifamnews.com\/it\/gli-attivisti-trans-chiedono-che-la-festa-della-mamma-diventi-la-festa-dei-genitori#breadcrumb"},"inLanguage":"it-IT","potentialAction":[{"@type":"ReadAction","target":["https:\/\/ifamnews.com\/it\/gli-attivisti-trans-chiedono-che-la-festa-della-mamma-diventi-la-festa-dei-genitori"]}]},{"@type":"ImageObject","inLanguage":"it-IT","@id":"https:\/\/ifamnews.com\/it\/gli-attivisti-trans-chiedono-che-la-festa-della-mamma-diventi-la-festa-dei-genitori#primaryimage","url":"https:\/\/ifamnews.com\/wp-content\/uploads\/2023\/05\/calvinkleinmothers-640x480-resized.jpg","contentUrl":"https:\/\/ifamnews.com\/wp-content\/uploads\/2023\/05\/calvinkleinmothers-640x480-resized.jpg","width":1200,"height":675,"caption":"Foto: Instagram\/calvinklein"},{"@type":"BreadcrumbList","@id":"https:\/\/ifamnews.com\/it\/gli-attivisti-trans-chiedono-che-la-festa-della-mamma-diventi-la-festa-dei-genitori#breadcrumb","itemListElement":[{"@type":"ListItem","position":1,"name":"Home","item":"https:\/\/ifamnews.com\/de"},{"@type":"ListItem","position":2,"name":"Familia","item":"https:\/\/ifamnews.com\/es\/categoria\/familia"},{"@type":"ListItem","position":3,"name":"Gli attivisti trans chiedono che la festa della mamma diventi la festa dei genitori"}]},{"@type":"WebSite","@id":"https:\/\/ifamnews.com\/en\/#website","url":"https:\/\/ifamnews.com\/en\/","name":"IFN","description":"International Family News Network","publisher":{"@id":"https:\/\/ifamnews.com\/en\/#organization"},"potentialAction":[{"@type":"SearchAction","target":{"@type":"EntryPoint","urlTemplate":"https:\/\/ifamnews.com\/en\/?s={search_term_string}"},"query-input":{"@type":"PropertyValueSpecification","valueRequired":true,"valueName":"search_term_string"}}],"inLanguage":"it-IT"},{"@type":"Organization","@id":"https:\/\/ifamnews.com\/en\/#organization","name":"iFamNews","url":"https:\/\/ifamnews.com\/en\/","logo":{"@type":"ImageObject","inLanguage":"it-IT","@id":"https:\/\/ifamnews.com\/en\/#\/schema\/logo\/image\/","url":"https:\/\/ifamnews.com\/wp-content\/uploads\/2020\/01\/Share-logo.png","contentUrl":"https:\/\/ifamnews.com\/wp-content\/uploads\/2020\/01\/Share-logo.png","width":200,"height":200,"caption":"iFamNews"},"image":{"@id":"https:\/\/ifamnews.com\/en\/#\/schema\/logo\/image\/"},"sameAs":["https:\/\/www.facebook.com\/iFamNews","https:\/\/x.com\/iFamNewsEN"]},{"@type":"Person","@id":"https:\/\/ifamnews.com\/en\/#\/schema\/person\/633bdb7ac2496c9b9304ce62d071cdfa","name":"IFN English","image":{"@type":"ImageObject","inLanguage":"it-IT","@id":"https:\/\/secure.gravatar.com\/avatar\/6f16ce95b558ae6f6eb9ae2f68122482a2c61696af2a8fc343c2e10f981a959d?s=96&d=mm&r=g","url":"https:\/\/secure.gravatar.com\/avatar\/6f16ce95b558ae6f6eb9ae2f68122482a2c61696af2a8fc343c2e10f981a959d?s=96&d=mm&r=g","contentUrl":"https:\/\/secure.gravatar.com\/avatar\/6f16ce95b558ae6f6eb9ae2f68122482a2c61696af2a8fc343c2e10f981a959d?s=96&d=mm&r=g","caption":"IFN English"},"description":"Articles published by the English iFamNews editorial team.","sameAs":["https:\/\/ifamnews.com\/en","https:\/\/www.facebook.com\/iFamNews\/","https:\/\/x.com\/https:\/\/twitter.com\/iFamNewsEN","https:\/\/www.youtube.com\/channel\/UCMVyIt4z9BANW3d09kwfUpw"],"url":"https:\/\/ifamnews.com\/it\/author\/ifamnews-staff"}]}},"amp_enabled":true,"_links":{"self":[{"href":"https:\/\/ifamnews.com\/it\/wp-json\/wp\/v2\/posts\/194093","targetHints":{"allow":["GET"]}}],"collection":[{"href":"https:\/\/ifamnews.com\/it\/wp-json\/wp\/v2\/posts"}],"about":[{"href":"https:\/\/ifamnews.com\/it\/wp-json\/wp\/v2\/types\/post"}],"author":[{"embeddable":true,"href":"https:\/\/ifamnews.com\/it\/wp-json\/wp\/v2\/users\/593"}],"replies":[{"embeddable":true,"href":"https:\/\/ifamnews.com\/it\/wp-json\/wp\/v2\/comments?post=194093"}],"version-history":[{"count":2,"href":"https:\/\/ifamnews.com\/it\/wp-json\/wp\/v2\/posts\/194093\/revisions"}],"predecessor-version":[{"id":194145,"href":"https:\/\/ifamnews.com\/it\/wp-json\/wp\/v2\/posts\/194093\/revisions\/194145"}],"wp:featuredmedia":[{"embeddable":true,"href":"https:\/\/ifamnews.com\/it\/wp-json\/wp\/v2\/media\/194083"}],"wp:attachment":[{"href":"https:\/\/ifamnews.com\/it\/wp-json\/wp\/v2\/media?parent=194093"}],"wp:term":[{"taxonomy":"category","embeddable":true,"href":"https:\/\/ifamnews.com\/it\/wp-json\/wp\/v2\/categories?post=194093"},{"taxonomy":"post_tag","embeddable":true,"href":"https:\/\/ifamnews.com\/it\/wp-json\/wp\/v2\/tags?post=194093"}],"curies":[{"name":"wp","href":"https:\/\/api.w.org\/{rel}","templated":true}]}}