{"id":19184,"date":"2020-06-16T02:39:00","date_gmt":"2020-06-16T07:39:00","guid":{"rendered":"https:\/\/ifamnews.com\/?p=19184"},"modified":"2020-06-18T12:35:39","modified_gmt":"2020-06-18T17:35:39","slug":"scuole-paritarie-liberta-subito","status":"publish","type":"post","link":"https:\/\/ifamnews.com\/it\/scuole-paritarie-liberta-subito","title":{"rendered":"Scuole paritarie, libert\u00e0 subito"},"content":{"rendered":"<p class=\"last-updated\">Last updated on Giugno 18th, 2020 at 12:35 pm<\/p>\n<p>La battaglia per salvare le scuole paritarie \u00e8 una battaglia per la libert\u00e0 e per il pluralismo che coinvolge in prima persona 12mila istituti, 160mila fra docenti e altri lavoratori, oltre 1 milione di studenti. Ma che in realt\u00e0 riguarda tutti, perch\u00e9 qui si gioca l\u2019idea di Stato che uscir\u00e0 dalla crisi del CoViD-19. \u00c8 questo il manifesto uscito dal <em>webinar<\/em> intitolato <em>Pi\u00f9 parit\u00e0 per le paritarie, pi\u00f9 libert\u00e0 per tutti<\/em>, che si \u00e8 svolto per via virtuale luned\u00ec 15 giugno su invito di <a href=\"https:\/\/facebook.com\/ricostruireITA\/\" target=\"_blank\" rel=\"noopener noreferrer\">Ricostruire<\/a> e del <a href=\"https:\/\/forumfamiglie.org\/\" target=\"_blank\" rel=\"noopener noreferrer\">Forum delle Associazioni familiari<\/a>. Un <em>web pressing<\/em> prima del voto alla Camera sul DL Rilancio che ha coinvolto oltre 50 associazioni <em>non profit<\/em> a diverso titolo legate al mondo delle paritarie e che ha visto collegate solo su Zoom oltre mille persone. Si accende cos\u00ec una mobilitazione che culminer\u00e0 gioved\u00ec 18 davanti a Montecitorio, con un <em>flashmob<\/em> per dare voce alle famiglie. <\/p>\n\n\n\n<h3 class=\"wp-block-heading\"><strong>La politica si prende l\u2019impegno<\/strong><\/h3>\n\n\n\n<p>Inedita la trasversalit\u00e0 registrata tra gli esponenti delle diverse forze politiche intervenute. Per Giancarlo Giorgetti, Lega, la situazione attuale delle paritarie \u00ab\u00e8 una grave discriminazione per studenti, docenti e famiglie\u00bb, una situazione che va sanata, perch\u00e9, ha aggiunto Maria Elena Boschi di Italia Viva, \u00abgli insegnanti come i medici salvano le vite\u00bb. Tiziana Drago, Movimento 5 Stelle, ha ricordato il proprio emendamento atto a \u00abgarantire il credito d\u2019imposta alle scuole paritarie, consentendo alle scuole una compensazione simile a quella pensata per il bonus energia\u00bb. Occorre ampliare le risorse destinate alle scuole paritarie secondo Mariastella Gelmini, Forza Italia (FI): \u00ab\u00c8 una battaglia per la libert\u00e0 e per il pluralismo, occorre sedersi attorno a un tavolo con tutti i capigruppo per liberare il tema scuole paritarie dalle dinamiche di scontro tra maggioranza e opposizione\u00bb. Anche Piero Fassino, Partito Democratico, ha promesso impegno: \u00abSono stato nove anni allievo dei Gesuiti, se ho potuto fare tante cose nella mia vita, lo devo alla loro formazione. Noi ci batteremo affinch\u00e9 nel decreto Rilancio ci siano le risorse adeguate per garantire l\u2019avvio del nuovo anno scolastico\u00bb.<\/p>\n\n\n\n<p>La chiusura del 30% delle scuole paritarie sarebbe \u00abuna perdita irreversibile\u00bb anche per Stefano Fassina, Liberi e Uguali, mentre il viceministro all\u2019Istruzione, Anna Ascani, ha ricordato che \u00abse venissero meno le scuole paritarie 0-6 anni verrebbe negato il diritto all&#8217;istruzione a centinaia di bambini in tutta Italia, e sarebbe impossibile pensare di garantire il rispetto delle distanze e delle norme anti-CoViD se gli studenti delle scuole paritarie si riversassero nelle statali\u00bb. <\/p>\n\n\n\n<h3 class=\"wp-block-heading\"><strong>Le associazioni chiedono azioni concrete <\/strong><\/h3>\n\n\n\n<p>A fronte di questa compattezza del mondo politico, anche le richieste delle associazioni si fanno incalzanti: \u00ab\u00c8 arrivato il momento di risolvere una volta per tutte\u00bb, ha affermato Gigi De Palo, presidente del <a href=\"https:\/\/forumfamiglie.org\/chi-siamo\/\" target=\"_blank\" rel=\"noopener noreferrer\">Forum delle associazioni famigliari<\/a>, \u00abla disparit\u00e0 che esiste tra scuola statale e scuola paritaria. Lo Stato deve riscoprire il principio di sussidiariet\u00e0, secondo il quale al primo posto vengono le persone e le famiglie. E lo Stato ha il compito di aiutarle quando i loro diritti fondamentali, quali la libert\u00e0, vengono minacciati\u00bb. Le paritarie infatti non chiedono soldi per s\u00e9, ha ricordato la giurista suor Anna Monia Alfieri: \u00abLa scuola paritaria svolge un servizio pubblico, senza il quale saremmo in una situazione di regime. Le famiglie devono poter scegliere\u00bb. <\/p>\n\n\n\n<p>E sono proprio le famiglie, ha aggiunto Massimo Gandolfini portavoce del <a href=\"https:\/\/difendiamoinostrifigli.it\/\" target=\"_blank\" rel=\"noopener noreferrer\">Family Day<\/a>, ad avere pagato il prezzo pi\u00f9 alto della crisi, \u00abfacendo da vero ammortizzatore sociale, prendendosi cura dei bambini e dei pi\u00f9 fragili. L\u2019emergenza scuola paritaria \u00e8 una questione di giustizia sociale\u00bb. Dopo la Camera, il DL Rilancio arriver\u00e0 al Senato, \u00abe qui ci impegneremo a riprendere tutte le istanze fatte presenti oggi\u00bb, ha detto Paola Binetti (FI). \u00abIl paziente \u00e8 libero di scegliere se farsi curare in una struttura pubblica o in una privata, \u00e8 giusto che anche le famiglie possano scegliere dove mandare i propri figli per la loro formazione. Questo pu\u00f2 essere l\u2019anno della svolta, nel quale il personale docente delle scuole paritarie finalmente sar\u00e0 pagato come quello delle altre scuole, ovviamente con gli stessi titoli e abilitazioni\u00bb. <\/p>\n\n\n\n<p>La strada per il DL Rilancio \u00e8 ancora lunga: \u00abMa oggi abbiamo avuto prova che la realt\u00e0 \u00e8 trasversale\u00bb, commenta a \u201ciFamNews\u201d Domenico Menorello, coordinatore dell\u2019<a href=\"https:\/\/osserveralex.it\/\" target=\"_blank\" rel=\"noopener noreferrer\">Osservatorio parlamentare Vera lex<\/a>. \u00abSe la situazione non dovesse cambiare, il 30% delle scuole paritarie chiuder\u00e0, e questo lo Stato non pu\u00f2 permetterlo. E non pu\u00f2 permetterselo. Abbiamo toccato con mano gli ideali belli incarnati nelle centinaia di persone collegate con noi, nei docenti che hanno una passione infinita per i propri studenti e nei genitori che chiedono solo di poter scegliere. Le scuole libere sono una bellissima realt\u00e0 che oggi ha bisogno di tutti noi. Continueremo a vegliare perch\u00e9 neanche una sia costretta a chiudere\u00bb. <\/p>\n\n\n\n<p>Appuntamento quindi a gioved\u00ec 18 giugno alle 14.30 al <em>flashmob<\/em> davanti a Montecitorio per dar voce alle famiglie e alle scuole paritarie. <\/p>\n","protected":false},"excerpt":{"rendered":"<p>Il webinar \u00abPi\u00f9 parit\u00e0 per le paritarie, pi\u00f9 libert\u00e0 per tutti\u00bb. L\u2019impegno dei politici<\/p>\n","protected":false},"author":13,"featured_media":19185,"comment_status":"open","ping_status":"open","sticky":false,"template":"","format":"standard","meta":{"give_campaign_id":0,"om_disable_all_campaigns":false,"_monsterinsights_skip_tracking":false,"_monsterinsights_sitenote_active":false,"_monsterinsights_sitenote_note":"","_monsterinsights_sitenote_category":0,"mc4wp_mailchimp_campaign":[],"jnews-multi-image_gallery":[],"jnews_single_post":{"subtitle":"Oltre 1000 persone collegate al webinar \u00abPi\u00f9 parit\u00e0 per le paritarie, pi\u00f9 libert\u00e0 per tutti\u00bb. L\u2019impegno dei politici presenti: \u00abLe scuole paritarie sono un presidio di libert\u00e0 da tutelare\u00bb. Il 18 giugno flashmob a Montecitorio","format":"standard","video":"","gallery":"","source_name":"","source_url":"","via_name":"","via_url":"","override":[{"single_blog_custom":"","sidebar":"","second_sidebar":"","share_position":"","share_float_style":"","post_date_format":"","post_date_format_custom":"","post_reading_time_wpm":"","zoom_button_out_step":"1","zoom_button_in_step":"1","number_popup_post":"1"}],"image_override":[{"single_post_thumbnail_size":"","single_post_gallery_size":""}],"trending_post_position":"","trending_post_label":""},"jnews_primary_category":{"id":"780"},"jnews_social_meta":{"fb_title":"","fb_description":"","fb_image":"","twitter_title":"","twitter_description":"","twitter_image":""},"jnews_override_counter":{"view_counter_number":"0","share_counter_number":"0","like_counter_number":"0","dislike_counter_number":"0"},"footnotes":""},"categories":[780],"tags":[742,4263],"class_list":["post-19184","post","type-post","status-publish","format-standard","has-post-thumbnail","hentry","category-politica-it","tag-istruzione","tag-ricostruire"],"yoast_head":"<!-- This site is optimized with the Yoast SEO Premium plugin v25.9 (Yoast SEO v27.3) - https:\/\/yoast.com\/product\/yoast-seo-premium-wordpress\/ -->\n<title>Scuole paritarie, libert\u00e0 subito - IFN<\/title>\n<meta name=\"description\" content=\"Oltre 1000 persone al webinar \u201cPi\u00f9 parit\u00e0 per le paritarie, pi\u00f9 libert\u00e0 per tutti\u201d. L\u2019impegno dei politici per garantirne la libert\u00e0\" \/>\n<meta name=\"robots\" content=\"index, follow, max-snippet:-1, max-image-preview:large, max-video-preview:-1\" \/>\n<link rel=\"canonical\" href=\"https:\/\/ifamnews.com\/it\/scuole-paritarie-liberta-subito\" \/>\n<meta property=\"og:locale\" content=\"it_IT\" \/>\n<meta property=\"og:type\" content=\"article\" \/>\n<meta property=\"og:title\" content=\"Scuole paritarie, libert\u00e0 subito\" \/>\n<meta property=\"og:description\" content=\"Oltre 1000 persone al webinar \u201cPi\u00f9 parit\u00e0 per le paritarie, pi\u00f9 libert\u00e0 per tutti\u201d. L\u2019impegno dei politici per garantirne la libert\u00e0\" \/>\n<meta property=\"og:url\" content=\"https:\/\/ifamnews.com\/it\/scuole-paritarie-liberta-subito\" \/>\n<meta property=\"og:site_name\" content=\"IFN\" \/>\n<meta property=\"article:publisher\" content=\"https:\/\/www.facebook.com\/iFamNews\" \/>\n<meta property=\"article:author\" content=\"https:\/\/it-it.facebook.com\/IlparcodiGiacomo\/\" \/>\n<meta property=\"article:published_time\" content=\"2020-06-16T07:39:00+00:00\" \/>\n<meta property=\"article:modified_time\" content=\"2020-06-18T17:35:39+00:00\" \/>\n<meta property=\"og:image\" content=\"https:\/\/ifamnews.com\/wp-content\/uploads\/2020\/06\/Scuola-bambino-pastelli.-Image-by-Aline-Ponce-from-Pixabay.jpg\" \/>\n\t<meta property=\"og:image:width\" content=\"1920\" \/>\n\t<meta property=\"og:image:height\" content=\"1270\" \/>\n\t<meta property=\"og:image:type\" content=\"image\/jpeg\" \/>\n<meta name=\"author\" content=\"Giacomo Bertoni\" \/>\n<meta name=\"twitter:card\" content=\"summary_large_image\" \/>\n<meta name=\"twitter:creator\" content=\"@https:\/\/twitter.com\/ParcodiGiacomo\" \/>\n<meta name=\"twitter:site\" content=\"@iFamNewsEN\" \/>\n<meta name=\"twitter:label1\" content=\"Scritto da\" \/>\n\t<meta name=\"twitter:data1\" content=\"Giacomo Bertoni\" \/>\n\t<meta name=\"twitter:label2\" content=\"Tempo di lettura stimato\" \/>\n\t<meta name=\"twitter:data2\" content=\"4 minuti\" \/>\n<!-- \/ Yoast SEO Premium plugin. -->","yoast_head_json":{"title":"Scuole paritarie, libert\u00e0 subito - IFN","description":"Oltre 1000 persone al webinar \u201cPi\u00f9 parit\u00e0 per le paritarie, pi\u00f9 libert\u00e0 per tutti\u201d. L\u2019impegno dei politici per garantirne la libert\u00e0","robots":{"index":"index","follow":"follow","max-snippet":"max-snippet:-1","max-image-preview":"max-image-preview:large","max-video-preview":"max-video-preview:-1"},"canonical":"https:\/\/ifamnews.com\/it\/scuole-paritarie-liberta-subito","og_locale":"it_IT","og_type":"article","og_title":"Scuole paritarie, libert\u00e0 subito","og_description":"Oltre 1000 persone al webinar \u201cPi\u00f9 parit\u00e0 per le paritarie, pi\u00f9 libert\u00e0 per tutti\u201d. L\u2019impegno dei politici per garantirne la libert\u00e0","og_url":"https:\/\/ifamnews.com\/it\/scuole-paritarie-liberta-subito","og_site_name":"IFN","article_publisher":"https:\/\/www.facebook.com\/iFamNews","article_author":"https:\/\/it-it.facebook.com\/IlparcodiGiacomo\/","article_published_time":"2020-06-16T07:39:00+00:00","article_modified_time":"2020-06-18T17:35:39+00:00","og_image":[{"width":1920,"height":1270,"url":"https:\/\/ifamnews.com\/wp-content\/uploads\/2020\/06\/Scuola-bambino-pastelli.-Image-by-Aline-Ponce-from-Pixabay.jpg","type":"image\/jpeg"}],"author":"Giacomo Bertoni","twitter_card":"summary_large_image","twitter_creator":"@https:\/\/twitter.com\/ParcodiGiacomo","twitter_site":"@iFamNewsEN","twitter_misc":{"Scritto da":"Giacomo Bertoni","Tempo di lettura stimato":"4 minuti"},"schema":{"@context":"https:\/\/schema.org","@graph":[{"@type":"NewsArticle","@id":"https:\/\/ifamnews.com\/it\/scuole-paritarie-liberta-subito#article","isPartOf":{"@id":"https:\/\/ifamnews.com\/it\/scuole-paritarie-liberta-subito"},"author":{"name":"Giacomo Bertoni","@id":"https:\/\/ifamnews.com\/en\/#\/schema\/person\/5a21aea3de40946073f9cdf6051e2f6e"},"headline":"Scuole paritarie, libert\u00e0 subito","datePublished":"2020-06-16T07:39:00+00:00","dateModified":"2020-06-18T17:35:39+00:00","mainEntityOfPage":{"@id":"https:\/\/ifamnews.com\/it\/scuole-paritarie-liberta-subito"},"wordCount":791,"commentCount":0,"publisher":{"@id":"https:\/\/ifamnews.com\/en\/#organization"},"image":{"@id":"https:\/\/ifamnews.com\/it\/scuole-paritarie-liberta-subito#primaryimage"},"thumbnailUrl":"https:\/\/ifamnews.com\/wp-content\/uploads\/2020\/06\/Scuola-bambino-pastelli.-Image-by-Aline-Ponce-from-Pixabay.jpg","keywords":["istruzione","Ricostruire"],"articleSection":["Politica"],"inLanguage":"it-IT","potentialAction":[{"@type":"CommentAction","name":"Comment","target":["https:\/\/ifamnews.com\/it\/scuole-paritarie-liberta-subito#respond"]}]},{"@type":"WebPage","@id":"https:\/\/ifamnews.com\/it\/scuole-paritarie-liberta-subito","url":"https:\/\/ifamnews.com\/it\/scuole-paritarie-liberta-subito","name":"Scuole paritarie, libert\u00e0 subito - IFN","isPartOf":{"@id":"https:\/\/ifamnews.com\/en\/#website"},"primaryImageOfPage":{"@id":"https:\/\/ifamnews.com\/it\/scuole-paritarie-liberta-subito#primaryimage"},"image":{"@id":"https:\/\/ifamnews.com\/it\/scuole-paritarie-liberta-subito#primaryimage"},"thumbnailUrl":"https:\/\/ifamnews.com\/wp-content\/uploads\/2020\/06\/Scuola-bambino-pastelli.-Image-by-Aline-Ponce-from-Pixabay.jpg","datePublished":"2020-06-16T07:39:00+00:00","dateModified":"2020-06-18T17:35:39+00:00","description":"Oltre 1000 persone al webinar \u201cPi\u00f9 parit\u00e0 per le paritarie, pi\u00f9 libert\u00e0 per tutti\u201d. L\u2019impegno dei politici per garantirne la libert\u00e0","breadcrumb":{"@id":"https:\/\/ifamnews.com\/it\/scuole-paritarie-liberta-subito#breadcrumb"},"inLanguage":"it-IT","potentialAction":[{"@type":"ReadAction","target":["https:\/\/ifamnews.com\/it\/scuole-paritarie-liberta-subito"]}]},{"@type":"ImageObject","inLanguage":"it-IT","@id":"https:\/\/ifamnews.com\/it\/scuole-paritarie-liberta-subito#primaryimage","url":"https:\/\/ifamnews.com\/wp-content\/uploads\/2020\/06\/Scuola-bambino-pastelli.-Image-by-Aline-Ponce-from-Pixabay.jpg","contentUrl":"https:\/\/ifamnews.com\/wp-content\/uploads\/2020\/06\/Scuola-bambino-pastelli.-Image-by-Aline-Ponce-from-Pixabay.jpg","width":1920,"height":1270,"caption":"Image by Aline Ponce from Pixabay"},{"@type":"BreadcrumbList","@id":"https:\/\/ifamnews.com\/it\/scuole-paritarie-liberta-subito#breadcrumb","itemListElement":[{"@type":"ListItem","position":1,"name":"Home","item":"https:\/\/ifamnews.com\/de"},{"@type":"ListItem","position":2,"name":"Politics","item":"https:\/\/ifamnews.com\/en\/category\/politics"},{"@type":"ListItem","position":3,"name":"Scuole paritarie, libert\u00e0 subito"}]},{"@type":"WebSite","@id":"https:\/\/ifamnews.com\/en\/#website","url":"https:\/\/ifamnews.com\/en\/","name":"IFN","description":"International Family News Network","publisher":{"@id":"https:\/\/ifamnews.com\/en\/#organization"},"potentialAction":[{"@type":"SearchAction","target":{"@type":"EntryPoint","urlTemplate":"https:\/\/ifamnews.com\/en\/?s={search_term_string}"},"query-input":{"@type":"PropertyValueSpecification","valueRequired":true,"valueName":"search_term_string"}}],"inLanguage":"it-IT"},{"@type":"Organization","@id":"https:\/\/ifamnews.com\/en\/#organization","name":"iFamNews","url":"https:\/\/ifamnews.com\/en\/","logo":{"@type":"ImageObject","inLanguage":"it-IT","@id":"https:\/\/ifamnews.com\/en\/#\/schema\/logo\/image\/","url":"https:\/\/ifamnews.com\/wp-content\/uploads\/2020\/01\/Share-logo.png","contentUrl":"https:\/\/ifamnews.com\/wp-content\/uploads\/2020\/01\/Share-logo.png","width":200,"height":200,"caption":"iFamNews"},"image":{"@id":"https:\/\/ifamnews.com\/en\/#\/schema\/logo\/image\/"},"sameAs":["https:\/\/www.facebook.com\/iFamNews","https:\/\/x.com\/iFamNewsEN"]},{"@type":"Person","@id":"https:\/\/ifamnews.com\/en\/#\/schema\/person\/5a21aea3de40946073f9cdf6051e2f6e","name":"Giacomo Bertoni","image":{"@type":"ImageObject","inLanguage":"it-IT","@id":"https:\/\/secure.gravatar.com\/avatar\/8249f6c99b4757c6a2e9c32b70074900a0e16f1b8f4086921238d140a909149b?s=96&d=mm&r=g","url":"https:\/\/secure.gravatar.com\/avatar\/8249f6c99b4757c6a2e9c32b70074900a0e16f1b8f4086921238d140a909149b?s=96&d=mm&r=g","contentUrl":"https:\/\/secure.gravatar.com\/avatar\/8249f6c99b4757c6a2e9c32b70074900a0e16f1b8f4086921238d140a909149b?s=96&d=mm&r=g","caption":"Giacomo Bertoni"},"description":"Giacomo Bertoni, journalist and writer. Formerly at the daily newspaper la Provincia Pavese, he has worked with Ossigeno per l'informazione, il Ticino, and since 2016 has collaborated with Radio Mater. In 2009 he published his first children's book, Toppy, a gnat with a big heart (EdiGio'), which was followed by Gino e la Vecchia Consigliera (2011) and Un ponte tra le Valli (2014). In 2014 he graduated in Philosophy from the University of Pavia. Since 2011 he has edited his personal blog Il parco di Giacomo.","sameAs":["https:\/\/parcodigiacomo.blogspot.com\/","https:\/\/it-it.facebook.com\/IlparcodiGiacomo\/","https:\/\/x.com\/https:\/\/twitter.com\/ParcodiGiacomo"],"url":"https:\/\/ifamnews.com\/it\/author\/gbertoni"}]}},"amp_enabled":true,"_links":{"self":[{"href":"https:\/\/ifamnews.com\/it\/wp-json\/wp\/v2\/posts\/19184","targetHints":{"allow":["GET"]}}],"collection":[{"href":"https:\/\/ifamnews.com\/it\/wp-json\/wp\/v2\/posts"}],"about":[{"href":"https:\/\/ifamnews.com\/it\/wp-json\/wp\/v2\/types\/post"}],"author":[{"embeddable":true,"href":"https:\/\/ifamnews.com\/it\/wp-json\/wp\/v2\/users\/13"}],"replies":[{"embeddable":true,"href":"https:\/\/ifamnews.com\/it\/wp-json\/wp\/v2\/comments?post=19184"}],"version-history":[{"count":5,"href":"https:\/\/ifamnews.com\/it\/wp-json\/wp\/v2\/posts\/19184\/revisions"}],"predecessor-version":[{"id":19467,"href":"https:\/\/ifamnews.com\/it\/wp-json\/wp\/v2\/posts\/19184\/revisions\/19467"}],"wp:featuredmedia":[{"embeddable":true,"href":"https:\/\/ifamnews.com\/it\/wp-json\/wp\/v2\/media\/19185"}],"wp:attachment":[{"href":"https:\/\/ifamnews.com\/it\/wp-json\/wp\/v2\/media?parent=19184"}],"wp:term":[{"taxonomy":"category","embeddable":true,"href":"https:\/\/ifamnews.com\/it\/wp-json\/wp\/v2\/categories?post=19184"},{"taxonomy":"post_tag","embeddable":true,"href":"https:\/\/ifamnews.com\/it\/wp-json\/wp\/v2\/tags?post=19184"}],"curies":[{"name":"wp","href":"https:\/\/api.w.org\/{rel}","templated":true}]}}