{"id":191074,"date":"2023-04-25T09:00:00","date_gmt":"2023-04-25T13:00:00","guid":{"rendered":"https:\/\/ifamnews.com\/?p=191074"},"modified":"2023-04-25T09:05:59","modified_gmt":"2023-04-25T13:05:59","slug":"la-banalizzazione-dell-aborto-porta-a-un-aumento-del-numero-delle-vittime-e-a-una-diminuzione-della-disponibilit-ad-aiutarle","status":"publish","type":"post","link":"https:\/\/ifamnews.com\/it\/la-banalizzazione-dell-aborto-porta-a-un-aumento-del-numero-delle-vittime-e-a-una-diminuzione-della-disponibilit-ad-aiutarle","title":{"rendered":"La banalizzazione dell&#8217;aborto porta a un aumento del numero delle vittime e a una diminuzione della disponibilit\u00e0 ad aiutarle"},"content":{"rendered":"\n<p>Il Bundesverband Lebensrecht ha commentato le statistiche sugli aborti del 2022 in Germania.<\/p>\n\n\n\n<p>Le nuove statistiche sull&#8217;aborto mostrano che le previsioni si sono purtroppo avverate: Ogni promozione, banalizzazione e ulteriore legalizzazione dell&#8217;aborto porta a un ulteriore aumento del numero di vittime tra i bambini e le donne e a una diminuzione della disponibilit\u00e0 ad aiutare nei conflitti di gravidanza.<\/p>\n\n\n\n<p>Rispetto al 2012, il numero di aborti tra le donne di et\u00e0 compresa tra i 30 e i 40 anni \u00e8 particolarmente aumentato. C&#8217;\u00e8 stato un aumento estremo del tasso di abortivit\u00e0 che, con 62 aborti ogni 10.000 donne in et\u00e0 fertile, non \u00e8 mai stato cos\u00ec alto e nell&#8217;ultimo anno \u00e8 aumentato, in alcuni casi drasticamente, in tutte le fasce di et\u00e0. Anche gli aborti tardivi per motivi medici sono in costante aumento. Complessivamente, \u00e8 stato registrato il numero pi\u00f9 alto di bambini abortiti dal 2012. Questo non include i possibili aborti precoci dovuti all&#8217;effetto della cosiddetta pillola del giorno dopo. Manca anche, come ogni anno, il numero di aborti che non vengono registrati statisticamente perch\u00e9 non vengono segnalati.<\/p>\n\n\n\n<p>Oltre all&#8217;influenza della fine delle chiusure e di altre restrizioni all&#8217;uscita, ci sono altre ragioni pi\u00f9 profonde per questo sviluppo preoccupante, poich\u00e9 i numeri sono aumentati rispetto al 2019: Come previsto, il permesso del 2022 di pubblicizzare apertamente l&#8217;aborto ha aumentato l&#8217;accettazione nella societ\u00e0. A ci\u00f2 si aggiunge la paura del futuro dovuta a guerre e crisi, problemi finanziari e altri motivi personali, soprattutto in relazione alla maturit\u00e0 della vita e alle difficolt\u00e0 psicologiche. Il motivo pi\u00f9 comune dell&#8217;aborto, tuttavia, \u00e8 l&#8217;instabilit\u00e0 delle relazioni, unita alla pressione esercitata sulla donna incinta da pi\u00f9 parti, soprattutto dal padre del bambino. Offrire a queste donne un aborto non risolve alcun problema, ma le lascia in una relazione non paritaria che non \u00e8 migliorata dall&#8217;uccisione prenatale del bambino che condividono.<\/p>\n\n\n\n<p>I numeri elevati smentiscono anche le affermazioni della lobby abortista secondo cui ci sarebbe una carenza di strutture per l&#8217;aborto. Al contrario, il numero di uffici di denuncia \u00e8 aumentato nel corso del 2022, soprattutto nella Renania Settentrionale-Vestfalia, dove sono presenti numerose strutture per l&#8217;aborto, oltre alla roccaforte dell&#8217;aborto, Berlino.<\/p>\n\n\n\n<p><strong>Questo sviluppo, ostile alle donne e ai bambini, \u00e8 un segnale allarmante, ma i politici lo tacciono o addirittura lo incoraggiano.<\/strong><\/p>\n\n\n\n<p><strong>L&#8217;ulteriore legalizzazione dell&#8217;aborto, la disumanizzazione arbitraria dei bambini, l&#8217;ignoranza dei problemi reali delle donne incinte non possono essere la risposta.<\/strong><\/p>\n\n\n\n<p><strong>Le prossime date del BvL:<\/strong><\/p>\n\n\n\n<p><strong>Simposio\/Festival Academy per la Settimana per la Vita il 22 aprile 2023 a Osnabr\u00fcck<\/strong><\/p>\n\n\n\n<p><strong>Simposio sulla Marcia per la Vita il 15 settembre 2023 a Berlino<\/strong><\/p>\n\n\n\n<p><strong>Marcia per la vita a BERLINO e COLOGNE il 16 settembre 2023<\/strong><\/p>\n","protected":false},"excerpt":{"rendered":"<p>Come previsto, il permesso di pubblicizzare apertamente l&#8217;aborto nel 2022 ha aumentato l&#8217;accettazione nella societ\u00e0.  <\/p>\n","protected":false},"author":623,"featured_media":186996,"comment_status":"open","ping_status":"open","sticky":false,"template":"","format":"standard","meta":{"give_campaign_id":0,"om_disable_all_campaigns":false,"_monsterinsights_skip_tracking":false,"_monsterinsights_sitenote_active":false,"_monsterinsights_sitenote_note":"","_monsterinsights_sitenote_category":0,"mc4wp_mailchimp_campaign":[],"jnews-multi-image_gallery":[],"jnews_single_post":{"subtitle":"Come previsto, il permesso di pubblicizzare apertamente l'aborto nel 2022 ha aumentato l'accettazione nella societ\u00e0.  ","format":"standard","video":"","gallery":"","source_name":"","source_url":"","via_name":"","via_url":"","override_template":"0","override":[{"template":"2","single_blog_custom":"","parallax":"1","fullscreen":"1","layout":"right-sidebar-narrow","sidebar":"default-sidebar","second_sidebar":"default-sidebar","sticky_sidebar":"1","share_position":"float","share_float_style":"share-normal","show_share_counter":"1","show_view_counter":"1","show_featured":"1","show_post_meta":"1","show_post_author":"1","show_post_author_image":"1","show_post_date":"1","post_date_format":"default","post_date_format_custom":"Y\/m\/d","show_post_category":"1","show_post_reading_time":"1","post_reading_time_wpm":"300","show_zoom_button":"0","zoom_button_out_step":"2","zoom_button_in_step":"3","show_post_tag":"1","show_prev_next_post":"0","show_popup_post":"0","number_popup_post":"1","show_author_box":"1","show_post_related":"0","show_inline_post_related":"0"}],"override_image_size":"0","image_override":[{"single_post_thumbnail_size":"crop-715","single_post_gallery_size":"crop-715"}],"trending_post":"0","trending_post_position":"meta","trending_post_label":"Trending","sponsored_post":"0","sponsored_post_label":"Sponsored by","sponsored_post_name":"","sponsored_post_url":"","sponsored_post_logo_enable":"0","sponsored_post_logo":"","sponsored_post_desc":"","disable_ad":"0"},"jnews_primary_category":{"id":"817"},"jnews_social_meta":{"fb_title":"","fb_description":"","fb_image":"","twitter_title":"","twitter_description":"","twitter_image":""},"jnews_override_counter":{"override_view_counter":"0","view_counter_number":"0","override_share_counter":"0","share_counter_number":"0","override_like_counter":"0","like_counter_number":"0","override_dislike_counter":"0","dislike_counter_number":"0"},"footnotes":""},"categories":[951,817],"tags":[6602,7976,25436],"class_list":["post-191074","post","type-post","status-publish","format-standard","has-post-thumbnail","hentry","category-foreground-it","category-vita","tag-bvl","tag-protection-of-life","tag-statistiche-sullaborto"],"yoast_head":"<!-- This site is optimized with the Yoast SEO Premium plugin v25.9 (Yoast SEO v27.3) - https:\/\/yoast.com\/product\/yoast-seo-premium-wordpress\/ -->\n<title>La banalizzazione dell&#039;aborto porta a un aumento del numero delle vittime e a una diminuzione della disponibilit\u00e0 ad aiutarle - IFN<\/title>\n<meta name=\"description\" content=\"Come previsto, il permesso di pubblicizzare apertamente l&#039;aborto nel 2022 ha aumentato l&#039;accettazione nella societ\u00e0.\" \/>\n<meta name=\"robots\" content=\"index, follow, max-snippet:-1, max-image-preview:large, max-video-preview:-1\" \/>\n<link rel=\"canonical\" href=\"https:\/\/ifamnews.com\/it\/la-banalizzazione-dell-aborto-porta-a-un-aumento-del-numero-delle-vittime-e-a-una-diminuzione-della-disponibilit-ad-aiutarle\" \/>\n<meta property=\"og:locale\" content=\"it_IT\" \/>\n<meta property=\"og:type\" content=\"article\" \/>\n<meta property=\"og:title\" content=\"La banalizzazione dell&#039;aborto porta a un aumento del numero delle vittime e a una diminuzione della disponibilit\u00e0 ad aiutarle\" \/>\n<meta property=\"og:description\" content=\"Come previsto, il permesso di pubblicizzare apertamente l&#039;aborto nel 2022 ha aumentato l&#039;accettazione nella societ\u00e0.\" \/>\n<meta property=\"og:url\" content=\"https:\/\/ifamnews.com\/it\/la-banalizzazione-dell-aborto-porta-a-un-aumento-del-numero-delle-vittime-e-a-una-diminuzione-della-disponibilit-ad-aiutarle\" \/>\n<meta property=\"og:site_name\" content=\"IFN\" \/>\n<meta property=\"article:publisher\" content=\"https:\/\/www.facebook.com\/iFamNews\" \/>\n<meta property=\"article:author\" content=\"https:\/\/www.facebook.com\/iFamNews\/\" \/>\n<meta property=\"article:published_time\" content=\"2023-04-25T13:00:00+00:00\" \/>\n<meta property=\"article:modified_time\" content=\"2023-04-25T13:05:59+00:00\" \/>\n<meta property=\"og:image\" content=\"https:\/\/ifamnews.com\/wp-content\/uploads\/2023\/03\/pxfuel.com_-scaled.jpg\" \/>\n\t<meta property=\"og:image:width\" content=\"2560\" \/>\n\t<meta property=\"og:image:height\" content=\"2278\" \/>\n\t<meta property=\"og:image:type\" content=\"image\/jpeg\" \/>\n<meta name=\"author\" content=\"iFamNews Germany\" \/>\n<meta name=\"twitter:card\" content=\"summary_large_image\" \/>\n<meta name=\"twitter:creator\" content=\"@https:\/\/twitter.com\/iFamNewsDE\" \/>\n<meta name=\"twitter:site\" content=\"@iFamNewsEN\" \/>\n<meta name=\"twitter:label1\" content=\"Scritto da\" \/>\n\t<meta name=\"twitter:data1\" content=\"iFamNews Germania\" \/>\n\t<meta name=\"twitter:label2\" content=\"Tempo di lettura stimato\" \/>\n\t<meta name=\"twitter:data2\" content=\"3 minuti\" \/>\n<!-- \/ Yoast SEO Premium plugin. -->","yoast_head_json":{"title":"La banalizzazione dell'aborto porta a un aumento del numero delle vittime e a una diminuzione della disponibilit\u00e0 ad aiutarle - IFN","description":"Come previsto, il permesso di pubblicizzare apertamente l'aborto nel 2022 ha aumentato l'accettazione nella societ\u00e0.","robots":{"index":"index","follow":"follow","max-snippet":"max-snippet:-1","max-image-preview":"max-image-preview:large","max-video-preview":"max-video-preview:-1"},"canonical":"https:\/\/ifamnews.com\/it\/la-banalizzazione-dell-aborto-porta-a-un-aumento-del-numero-delle-vittime-e-a-una-diminuzione-della-disponibilit-ad-aiutarle","og_locale":"it_IT","og_type":"article","og_title":"La banalizzazione dell'aborto porta a un aumento del numero delle vittime e a una diminuzione della disponibilit\u00e0 ad aiutarle","og_description":"Come previsto, il permesso di pubblicizzare apertamente l'aborto nel 2022 ha aumentato l'accettazione nella societ\u00e0.","og_url":"https:\/\/ifamnews.com\/it\/la-banalizzazione-dell-aborto-porta-a-un-aumento-del-numero-delle-vittime-e-a-una-diminuzione-della-disponibilit-ad-aiutarle","og_site_name":"IFN","article_publisher":"https:\/\/www.facebook.com\/iFamNews","article_author":"https:\/\/www.facebook.com\/iFamNews\/","article_published_time":"2023-04-25T13:00:00+00:00","article_modified_time":"2023-04-25T13:05:59+00:00","og_image":[{"width":2560,"height":2278,"url":"https:\/\/ifamnews.com\/wp-content\/uploads\/2023\/03\/pxfuel.com_-scaled.jpg","type":"image\/jpeg"}],"author":"iFamNews Germany","twitter_card":"summary_large_image","twitter_creator":"@https:\/\/twitter.com\/iFamNewsDE","twitter_site":"@iFamNewsEN","twitter_misc":{"Scritto da":"iFamNews Germania","Tempo di lettura stimato":"3 minuti"},"schema":{"@context":"https:\/\/schema.org","@graph":[{"@type":"NewsArticle","@id":"https:\/\/ifamnews.com\/it\/la-banalizzazione-dell-aborto-porta-a-un-aumento-del-numero-delle-vittime-e-a-una-diminuzione-della-disponibilit-ad-aiutarle#article","isPartOf":{"@id":"https:\/\/ifamnews.com\/it\/la-banalizzazione-dell-aborto-porta-a-un-aumento-del-numero-delle-vittime-e-a-una-diminuzione-della-disponibilit-ad-aiutarle"},"author":{"name":"iFamNews Germany","@id":"https:\/\/ifamnews.com\/en\/#\/schema\/person\/82ec6d77f1c630266e2c3a9e8643b439"},"headline":"La banalizzazione dell&#8217;aborto porta a un aumento del numero delle vittime e a una diminuzione della disponibilit\u00e0 ad aiutarle","datePublished":"2023-04-25T13:00:00+00:00","dateModified":"2023-04-25T13:05:59+00:00","mainEntityOfPage":{"@id":"https:\/\/ifamnews.com\/it\/la-banalizzazione-dell-aborto-porta-a-un-aumento-del-numero-delle-vittime-e-a-una-diminuzione-della-disponibilit-ad-aiutarle"},"wordCount":455,"commentCount":0,"publisher":{"@id":"https:\/\/ifamnews.com\/en\/#organization"},"image":{"@id":"https:\/\/ifamnews.com\/it\/la-banalizzazione-dell-aborto-porta-a-un-aumento-del-numero-delle-vittime-e-a-una-diminuzione-della-disponibilit-ad-aiutarle#primaryimage"},"thumbnailUrl":"https:\/\/ifamnews.com\/wp-content\/uploads\/2023\/03\/pxfuel.com_-scaled.jpg","keywords":["BVL","protection of life","Statistiche sull'aborto"],"articleSection":["In evidenza","Vita"],"inLanguage":"it-IT","potentialAction":[{"@type":"CommentAction","name":"Comment","target":["https:\/\/ifamnews.com\/it\/la-banalizzazione-dell-aborto-porta-a-un-aumento-del-numero-delle-vittime-e-a-una-diminuzione-della-disponibilit-ad-aiutarle#respond"]}]},{"@type":"WebPage","@id":"https:\/\/ifamnews.com\/it\/la-banalizzazione-dell-aborto-porta-a-un-aumento-del-numero-delle-vittime-e-a-una-diminuzione-della-disponibilit-ad-aiutarle","url":"https:\/\/ifamnews.com\/it\/la-banalizzazione-dell-aborto-porta-a-un-aumento-del-numero-delle-vittime-e-a-una-diminuzione-della-disponibilit-ad-aiutarle","name":"La banalizzazione dell'aborto porta a un aumento del numero delle vittime e a una diminuzione della disponibilit\u00e0 ad aiutarle - IFN","isPartOf":{"@id":"https:\/\/ifamnews.com\/en\/#website"},"primaryImageOfPage":{"@id":"https:\/\/ifamnews.com\/it\/la-banalizzazione-dell-aborto-porta-a-un-aumento-del-numero-delle-vittime-e-a-una-diminuzione-della-disponibilit-ad-aiutarle#primaryimage"},"image":{"@id":"https:\/\/ifamnews.com\/it\/la-banalizzazione-dell-aborto-porta-a-un-aumento-del-numero-delle-vittime-e-a-una-diminuzione-della-disponibilit-ad-aiutarle#primaryimage"},"thumbnailUrl":"https:\/\/ifamnews.com\/wp-content\/uploads\/2023\/03\/pxfuel.com_-scaled.jpg","datePublished":"2023-04-25T13:00:00+00:00","dateModified":"2023-04-25T13:05:59+00:00","description":"Come previsto, il permesso di pubblicizzare apertamente l'aborto nel 2022 ha aumentato l'accettazione nella societ\u00e0.","breadcrumb":{"@id":"https:\/\/ifamnews.com\/it\/la-banalizzazione-dell-aborto-porta-a-un-aumento-del-numero-delle-vittime-e-a-una-diminuzione-della-disponibilit-ad-aiutarle#breadcrumb"},"inLanguage":"it-IT","potentialAction":[{"@type":"ReadAction","target":["https:\/\/ifamnews.com\/it\/la-banalizzazione-dell-aborto-porta-a-un-aumento-del-numero-delle-vittime-e-a-una-diminuzione-della-disponibilit-ad-aiutarle"]}]},{"@type":"ImageObject","inLanguage":"it-IT","@id":"https:\/\/ifamnews.com\/it\/la-banalizzazione-dell-aborto-porta-a-un-aumento-del-numero-delle-vittime-e-a-una-diminuzione-della-disponibilit-ad-aiutarle#primaryimage","url":"https:\/\/ifamnews.com\/wp-content\/uploads\/2023\/03\/pxfuel.com_-scaled.jpg","contentUrl":"https:\/\/ifamnews.com\/wp-content\/uploads\/2023\/03\/pxfuel.com_-scaled.jpg","width":2560,"height":2278,"caption":"Immagine: pxfuel"},{"@type":"BreadcrumbList","@id":"https:\/\/ifamnews.com\/it\/la-banalizzazione-dell-aborto-porta-a-un-aumento-del-numero-delle-vittime-e-a-una-diminuzione-della-disponibilit-ad-aiutarle#breadcrumb","itemListElement":[{"@type":"ListItem","position":1,"name":"Home","item":"https:\/\/ifamnews.com\/de"},{"@type":"ListItem","position":2,"name":"In evidenza","item":"https:\/\/ifamnews.com\/it\/categoria\/foreground-it"},{"@type":"ListItem","position":3,"name":"La banalizzazione dell&#8217;aborto porta a un aumento del numero delle vittime e a una diminuzione della disponibilit\u00e0 ad aiutarle"}]},{"@type":"WebSite","@id":"https:\/\/ifamnews.com\/en\/#website","url":"https:\/\/ifamnews.com\/en\/","name":"IFN","description":"International Family News Network","publisher":{"@id":"https:\/\/ifamnews.com\/en\/#organization"},"potentialAction":[{"@type":"SearchAction","target":{"@type":"EntryPoint","urlTemplate":"https:\/\/ifamnews.com\/en\/?s={search_term_string}"},"query-input":{"@type":"PropertyValueSpecification","valueRequired":true,"valueName":"search_term_string"}}],"inLanguage":"it-IT"},{"@type":"Organization","@id":"https:\/\/ifamnews.com\/en\/#organization","name":"iFamNews","url":"https:\/\/ifamnews.com\/en\/","logo":{"@type":"ImageObject","inLanguage":"it-IT","@id":"https:\/\/ifamnews.com\/en\/#\/schema\/logo\/image\/","url":"https:\/\/ifamnews.com\/wp-content\/uploads\/2020\/01\/Share-logo.png","contentUrl":"https:\/\/ifamnews.com\/wp-content\/uploads\/2020\/01\/Share-logo.png","width":200,"height":200,"caption":"iFamNews"},"image":{"@id":"https:\/\/ifamnews.com\/en\/#\/schema\/logo\/image\/"},"sameAs":["https:\/\/www.facebook.com\/iFamNews","https:\/\/x.com\/iFamNewsEN"]},{"@type":"Person","@id":"https:\/\/ifamnews.com\/en\/#\/schema\/person\/82ec6d77f1c630266e2c3a9e8643b439","name":"iFamNews Germany","image":{"@type":"ImageObject","inLanguage":"it-IT","@id":"https:\/\/secure.gravatar.com\/avatar\/c51b977100a05a1448d61b80953be1e3192e0be236d631062ca6a59c6f9a879b?s=96&d=mm&r=g","url":"https:\/\/secure.gravatar.com\/avatar\/c51b977100a05a1448d61b80953be1e3192e0be236d631062ca6a59c6f9a879b?s=96&d=mm&r=g","contentUrl":"https:\/\/secure.gravatar.com\/avatar\/c51b977100a05a1448d61b80953be1e3192e0be236d631062ca6a59c6f9a879b?s=96&d=mm&r=g","caption":"iFamNews Germany"},"description":"Articles published by the German iFamNews editorial team.","sameAs":["https:\/\/ifamnews.com\/de","https:\/\/www.facebook.com\/iFamNews\/","https:\/\/x.com\/https:\/\/twitter.com\/iFamNewsDE","https:\/\/www.youtube.com\/channel\/UCMVyIt4z9BANW3d09kwfUpw"],"url":"https:\/\/ifamnews.com\/it\/author\/redaktion"}]}},"amp_enabled":true,"_links":{"self":[{"href":"https:\/\/ifamnews.com\/it\/wp-json\/wp\/v2\/posts\/191074","targetHints":{"allow":["GET"]}}],"collection":[{"href":"https:\/\/ifamnews.com\/it\/wp-json\/wp\/v2\/posts"}],"about":[{"href":"https:\/\/ifamnews.com\/it\/wp-json\/wp\/v2\/types\/post"}],"author":[{"embeddable":true,"href":"https:\/\/ifamnews.com\/it\/wp-json\/wp\/v2\/users\/623"}],"replies":[{"embeddable":true,"href":"https:\/\/ifamnews.com\/it\/wp-json\/wp\/v2\/comments?post=191074"}],"version-history":[{"count":2,"href":"https:\/\/ifamnews.com\/it\/wp-json\/wp\/v2\/posts\/191074\/revisions"}],"predecessor-version":[{"id":191341,"href":"https:\/\/ifamnews.com\/it\/wp-json\/wp\/v2\/posts\/191074\/revisions\/191341"}],"wp:featuredmedia":[{"embeddable":true,"href":"https:\/\/ifamnews.com\/it\/wp-json\/wp\/v2\/media\/186996"}],"wp:attachment":[{"href":"https:\/\/ifamnews.com\/it\/wp-json\/wp\/v2\/media?parent=191074"}],"wp:term":[{"taxonomy":"category","embeddable":true,"href":"https:\/\/ifamnews.com\/it\/wp-json\/wp\/v2\/categories?post=191074"},{"taxonomy":"post_tag","embeddable":true,"href":"https:\/\/ifamnews.com\/it\/wp-json\/wp\/v2\/tags?post=191074"}],"curies":[{"name":"wp","href":"https:\/\/api.w.org\/{rel}","templated":true}]}}