{"id":19025,"date":"2020-06-15T00:00:00","date_gmt":"2020-06-15T05:00:00","guid":{"rendered":"https:\/\/ifamnews.com\/?p=19025"},"modified":"2020-07-30T04:04:25","modified_gmt":"2020-07-30T09:04:25","slug":"scuole-paritarie-e-la-settimana-decisiva","status":"publish","type":"post","link":"https:\/\/ifamnews.com\/it\/scuole-paritarie-e-la-settimana-decisiva","title":{"rendered":"Scuole paritarie: \u00e8 la settimana decisiva"},"content":{"rendered":"<p class=\"last-updated\">Last updated on Luglio 30th, 2020 at 04:04 am<\/p>\n<p>Quindici giorni entro i quali la politica avrebbe dovuto trovare i fondi necessari, altrimenti molte scuole paritarie sarebbero state costrette a chiudere. Era il 21 maggio quando, <a href=\"https:\/\/ifamnews.com\/it\/il-governo-conte-abbandonera-300mila-studenti\/\" target=\"_blank\" rel=\"noopener noreferrer\">intervistata da \u201ciFamNews\u201d<\/a>, suor Anna Monia Alfieri, <em>pasionaria<\/em> dell\u2019<a href=\"https:\/\/usminazionale.net\/\" target=\"_blank\" rel=\"noopener noreferrer\">Unione Superiori Maggiori d\u2019Italia (USMI)<\/a>, lanciava l\u2019allarme. Il limite indicato dalla religiosa \u00e8 stato oggi oltrepassato. E, guarda caso, gi\u00e0 alcune scuole paritarie, da Nord a Sud, <a href=\"https:\/\/avvenire.it\/attualita\/pagine\/mai-pi-a-scuola-paritarie-gi-chiuse-causa-pandemia\" target=\"_blank\" rel=\"noopener noreferrer\">stanno per chiudere i battenti<\/a>.<\/p>\n\n\n\n<p>Ma non tutto \u00e8 perduto. C\u2019\u00e8 ancora un margine per salvare il salvabile. Questa settimana inizia in commissione Bilancio della Camera il dibattito sugli emendamenti al <a href=\"https:\/\/static.gedidigital.it\/repubblica\/pdf\/2020\/politica\/decreto-rilancio.pdf\" target=\"_blank\" rel=\"noopener noreferrer\">\u00abDl Rilancio\u00bb<\/a>. Diversi riguardano proprio le paritarie. Finora sono stati stanziati in tutto 150 milioni. Cifra che i rappresentanti delle paritarie ritengono esigua, invocando venga messo sul tavolo almeno il doppio.<\/p>\n\n\n\n<figure class=\"wp-block-pullquote alignleft\"><blockquote><p><strong><a href=\"https:\/\/ifamnews.com\/it\/piu-parita-per-le-paritarie-piu-liberta-per-tutti-segui-il-webinar-ora\/\">VUOI LE PARITARIE VUOTE?<\/a><\/strong><br><strong><a href=\"https:\/\/ifamnews.com\/it\/piu-parita-per-le-paritarie-piu-liberta-per-tutti-segui-il-webinar-ora\/\">NO, PI\u00d9 LIBERT\u00c0<\/a><\/strong><br><strong><a href=\"https:\/\/ifamnews.com\/it\/piu-parita-per-le-paritarie-piu-liberta-per-tutti-segui-il-webinar-ora\/\">PER TUTTI!<\/a><\/strong><br><strong><a href=\"https:\/\/ifamnews.com\/it\/piu-parita-per-le-paritarie-piu-liberta-per-tutti-segui-il-webinar-ora\/\">SEGUI IL WEBINAR ORA!<\/a><\/strong><br><strong><a href=\"https:\/\/ifamnews.com\/it\/piu-parita-per-le-paritarie-piu-liberta-per-tutti-segui-il-webinar-ora\/\">CLICCA QUI ORA!<\/a><\/strong><\/p><\/blockquote><\/figure>\n\n\n\n<h3 class=\"wp-block-heading\"><strong>La presa di coscienza<\/strong><\/h3>\n\n\n\n<p>In commissione c\u2019\u00e8 chi lavora alacremente per raggiungere questo obiettivo, consapevole del fatto che abbandonare i 300 mila studenti delle paritarie che sarebbero chiuse comporterebbe per lo Stato una sconfitta nonch\u00e9 un aggravio economico. \u00c8 un punto, questo, che sottolinea Massimo Garavaglia, della Lega. \u00c8 per\u00f2 fiducioso e indica un punto di svolta <a href=\"https:\/\/youtube.com\/watch?v=pAv9-sLTFiQ\" target=\"_blank\" rel=\"noopener noreferrer\">nell\u2019audizione in commissione a suor Anna Monia Alfieri<\/a>. \u00abIl suo intervento \u00e8 stato esaustivo ed \u00e8 servito a convincere dell\u2019importanza del tema anche gli altri gruppi parlamentari\u00bb, afferma a \u201ciFamNews\u201d. Quando parla degli altri gruppi parlamentari, l\u2019esponente del Carroccio non si riferisce al Movimento 5 Stelle, la cui maggioranza degli esponenti <a href=\"https:\/\/temi.repubblica.it\/micromega-online\/il-no-tassativo-del-m5s-ad-altri-oneri-a-vantaggio-delle-scuole-private\/\" target=\"_blank\" rel=\"noopener noreferrer\">sembra ancora refrattaria a stanziamenti ulteriori<\/a>. \u00abIl tasso di partecipazione del Movimento 5 Stelle ai dibattiti in commissione \u00e8 molto basso anche quando si parla di altre questioni\u00bb, osserva Garavaglia. Il quale aggiunge pragmaticamente: \u00abL\u2019importante \u00e8 che tutti gli altri siano d\u2019accordo, se tutti votano i nostri emendamenti tranne i 5Stelle, si raggiunge comunque la maggioranza\u00bb.<\/p>\n\n\n\n<h3 class=\"wp-block-heading\"><strong>L\u2019Intergruppo per la Sussidiariet\u00e0<\/strong><\/h3>\n\n\n\n<p>La trasversalit\u00e0 sul tema delle paritarie \u00e8 dimostrata anche dall\u2019emendamento dell\u2019Intergruppo parlamentare per la Sussidiariet\u00e0, primo firmatario il suo presidente Maurizio Lupi, di Noi con l\u2019Italia. \u00abIl nostro emendamento\u00bb, spiega a \u201ciFamNews\u201d, \u00absi propone di incrementare le risorse al fine di raggiungere la cifra necessaria di 300 milioni, almeno per quest\u2019anno\u00bb. Lupi dice inoltre che esistono altri emendamenti che propongono aiuti diversificati, per esempio \u00abla detraibilit\u00e0 per le famiglie nella dichiarazione dei redditi delle spese per la scuola paritaria dei figli\u00bb. Lupi intravede disponibilit\u00e0 da parte del ministero dell\u2019Istruzione.<\/p>\n\n\n\n<h3 class=\"wp-block-heading\"><strong>Sostegno anche da Sinistra<\/strong><\/h3>\n\n\n\n<p>La conferma che l\u2019intento di salvare le paritarie sia trasversale la d\u00e0 a \u201ciFamNews\u201d Beatrice Lorenzin, oggi nel Partito Democratico. \u00abCi stiamo tutti impegnando in questo senso, c\u2019\u00e8 grande consapevolezza del tema. Il problema \u00e8 soltanto quello di trovare le risorse\u00bb, afferma. Anche in questo caso, tuttavia, \u00e8 necessario fare dei distinguo. Quando si chiede all\u2019ex ministro della Salute se si sta impegnando anche il Movimento 5 Stelle, risponde laconica e sorridente: \u00abIo mi riferisco al Pd!\u00bb. Mano tesa verso le paritarie \u00e8 quella di Liberi e Uguali (LeU), il cui esponente Stefano Fassina dice ad \u201ciFamNews\u201d: \u00abDobbiamo trovare una convergenza, perch\u00e9 le scuole paritarie offrono un servizio pubblico e sono di sostegno alle famiglie\u00bb. L\u2019economista profonde franchezza: \u00abAbbiamo per\u00f2 dei vincoli molto stretti, soltanto 800 milioni da spendere per tutti gli emendamenti, dal sostegno alle imprese alle casse integrazioni. Dunque non credo riusciremo a risolvere tutti i problemi delle paritarie, ma almeno quelli pi\u00f9 urgenti\u00bb. Fassina garantisce inoltre che la sua posizione \u00e8 condivisa da larga parte di LeU. \u00abNon c\u2019\u00e8 preclusione\u00bb, dice.<\/p>\n\n\n\n<h3 class=\"wp-block-heading\"><strong>Equiparare le paritarie alle statali<\/strong><\/h3>\n\n\n\n<p>Chi sulla questione striglia il governo \u00e8 il vicepresidente della Camera, Fabio Rampelli, il quale reagisce con profondo rammarico all\u2019annunciata chiusura di alcuni istituti scolastici. Il mancato intervento del governo, afferma, \u00ab\u00e8 probabile sia legato al pregiudizio ideologico dei 5Stelle, il cui ministro Azzolina nelle scorse settimane si \u00e8 lasciato andare a inaccettabili commenti contro questo segmento insostituibile del sistema italiano dell\u2019istruzione\u00bb. Infine il suo appello: \u00abSe il presidente Conte vuole sostenere le scuole paritarie metta fondi sufficienti, proroghi la cassa integrazione, avvii il processo di equiparazione con le pubbliche statali dal quale scaturisca una competizione sana a vantaggio della qualit\u00e0 dell\u2019offerta formativa\u00bb.<\/p>\n","protected":false},"excerpt":{"rendered":"<p>Inizia la discussione degli emendamenti per salvarle. Forum di \u201ciFamNews\u201d tra gli esponenti della commissione Bilancio della Camera<\/p>\n","protected":false},"author":15,"featured_media":19027,"comment_status":"open","ping_status":"open","sticky":false,"template":"","format":"standard","meta":{"give_campaign_id":0,"om_disable_all_campaigns":false,"_monsterinsights_skip_tracking":false,"_monsterinsights_sitenote_active":false,"_monsterinsights_sitenote_note":"","_monsterinsights_sitenote_category":0,"mc4wp_mailchimp_campaign":[],"jnews-multi-image_gallery":[],"jnews_single_post":{"subtitle":"Inizia la discussione degli emendamenti per salvarle. Forum di \u201ciFamNews\u201d tra gli esponenti della commissione Bilancio della Camera","format":"standard","video":"","gallery":"","source_name":"","source_url":"","via_name":"","via_url":"","override":[{"single_blog_custom":"","sidebar":"","second_sidebar":"","share_position":"","share_float_style":"","post_date_format":"","post_date_format_custom":"","post_reading_time_wpm":"","zoom_button_out_step":"1","zoom_button_in_step":"1","number_popup_post":"1"}],"image_override":[{"single_post_thumbnail_size":"","single_post_gallery_size":""}],"trending_post_position":"","trending_post_label":""},"jnews_primary_category":{"id":"780"},"jnews_social_meta":{"fb_title":"","fb_description":"","fb_image":"","twitter_title":"","twitter_description":"","twitter_image":""},"jnews_override_counter":{"view_counter_number":"0","share_counter_number":"0","like_counter_number":"0","dislike_counter_number":"0"},"footnotes":""},"categories":[780],"tags":[3629,742,741],"class_list":["post-19025","post","type-post","status-publish","format-standard","has-post-thumbnail","hentry","category-politica-it","tag-decreto-rilancio","tag-istruzione","tag-scuola"],"yoast_head":"<!-- This site is optimized with the Yoast SEO Premium plugin v25.9 (Yoast SEO v27.3) - https:\/\/yoast.com\/product\/yoast-seo-premium-wordpress\/ -->\n<title>Scuole paritarie: \u00e8 la settimana decisiva - IFN<\/title>\n<meta name=\"description\" content=\"Inizia la discussione degli emendamenti per salvare le scuole paritarie. Forum di \u201ciFamNews\u201d tra gli esponenti della commissione Bilancio della Camera\" \/>\n<meta name=\"robots\" content=\"index, follow, max-snippet:-1, max-image-preview:large, max-video-preview:-1\" \/>\n<link rel=\"canonical\" href=\"https:\/\/ifamnews.com\/it\/scuole-paritarie-e-la-settimana-decisiva\" \/>\n<meta property=\"og:locale\" content=\"it_IT\" \/>\n<meta property=\"og:type\" content=\"article\" \/>\n<meta property=\"og:title\" content=\"Scuole paritarie: \u00e8 la settimana decisiva\" \/>\n<meta property=\"og:description\" content=\"Inizia la discussione degli emendamenti per salvare le scuole paritarie. Forum di \u201ciFamNews\u201d tra gli esponenti della commissione Bilancio della Camera\" \/>\n<meta property=\"og:url\" content=\"https:\/\/ifamnews.com\/it\/scuole-paritarie-e-la-settimana-decisiva\" \/>\n<meta property=\"og:site_name\" content=\"IFN\" \/>\n<meta property=\"article:publisher\" content=\"https:\/\/www.facebook.com\/iFamNews\" \/>\n<meta property=\"article:published_time\" content=\"2020-06-15T05:00:00+00:00\" \/>\n<meta property=\"article:modified_time\" content=\"2020-07-30T09:04:25+00:00\" \/>\n<meta property=\"og:image\" content=\"https:\/\/ifamnews.com\/wp-content\/uploads\/2020\/06\/From-Pixnio-2.jpeg\" \/>\n\t<meta property=\"og:image:width\" content=\"1200\" \/>\n\t<meta property=\"og:image:height\" content=\"675\" \/>\n\t<meta property=\"og:image:type\" content=\"image\/jpeg\" \/>\n<meta name=\"author\" content=\"Federico Cenci\" \/>\n<meta name=\"twitter:card\" content=\"summary_large_image\" \/>\n<meta name=\"twitter:creator\" content=\"@https:\/\/twitter.com\/fedecenci\" \/>\n<meta name=\"twitter:site\" content=\"@iFamNewsEN\" \/>\n<meta name=\"twitter:label1\" content=\"Scritto da\" \/>\n\t<meta name=\"twitter:data1\" content=\"Federico Cenci\" \/>\n\t<meta name=\"twitter:label2\" content=\"Tempo di lettura stimato\" \/>\n\t<meta name=\"twitter:data2\" content=\"3 minuti\" \/>\n<!-- \/ Yoast SEO Premium plugin. -->","yoast_head_json":{"title":"Scuole paritarie: \u00e8 la settimana decisiva - IFN","description":"Inizia la discussione degli emendamenti per salvare le scuole paritarie. Forum di \u201ciFamNews\u201d tra gli esponenti della commissione Bilancio della Camera","robots":{"index":"index","follow":"follow","max-snippet":"max-snippet:-1","max-image-preview":"max-image-preview:large","max-video-preview":"max-video-preview:-1"},"canonical":"https:\/\/ifamnews.com\/it\/scuole-paritarie-e-la-settimana-decisiva","og_locale":"it_IT","og_type":"article","og_title":"Scuole paritarie: \u00e8 la settimana decisiva","og_description":"Inizia la discussione degli emendamenti per salvare le scuole paritarie. Forum di \u201ciFamNews\u201d tra gli esponenti della commissione Bilancio della Camera","og_url":"https:\/\/ifamnews.com\/it\/scuole-paritarie-e-la-settimana-decisiva","og_site_name":"IFN","article_publisher":"https:\/\/www.facebook.com\/iFamNews","article_published_time":"2020-06-15T05:00:00+00:00","article_modified_time":"2020-07-30T09:04:25+00:00","og_image":[{"width":1200,"height":675,"url":"https:\/\/ifamnews.com\/wp-content\/uploads\/2020\/06\/From-Pixnio-2.jpeg","type":"image\/jpeg"}],"author":"Federico Cenci","twitter_card":"summary_large_image","twitter_creator":"@https:\/\/twitter.com\/fedecenci","twitter_site":"@iFamNewsEN","twitter_misc":{"Scritto da":"Federico Cenci","Tempo di lettura stimato":"3 minuti"},"schema":{"@context":"https:\/\/schema.org","@graph":[{"@type":"NewsArticle","@id":"https:\/\/ifamnews.com\/it\/scuole-paritarie-e-la-settimana-decisiva#article","isPartOf":{"@id":"https:\/\/ifamnews.com\/it\/scuole-paritarie-e-la-settimana-decisiva"},"author":{"name":"Federico Cenci","@id":"https:\/\/ifamnews.com\/en\/#\/schema\/person\/555378c4ec9e01d40ab9f2b5cee0c318"},"headline":"Scuole paritarie: \u00e8 la settimana decisiva","datePublished":"2020-06-15T05:00:00+00:00","dateModified":"2020-07-30T09:04:25+00:00","mainEntityOfPage":{"@id":"https:\/\/ifamnews.com\/it\/scuole-paritarie-e-la-settimana-decisiva"},"wordCount":684,"commentCount":0,"publisher":{"@id":"https:\/\/ifamnews.com\/en\/#organization"},"image":{"@id":"https:\/\/ifamnews.com\/it\/scuole-paritarie-e-la-settimana-decisiva#primaryimage"},"thumbnailUrl":"https:\/\/ifamnews.com\/wp-content\/uploads\/2020\/06\/From-Pixnio-2.jpeg","keywords":["decreto rilancio","istruzione","Scuola"],"articleSection":["Politica"],"inLanguage":"it-IT","potentialAction":[{"@type":"CommentAction","name":"Comment","target":["https:\/\/ifamnews.com\/it\/scuole-paritarie-e-la-settimana-decisiva#respond"]}]},{"@type":"WebPage","@id":"https:\/\/ifamnews.com\/it\/scuole-paritarie-e-la-settimana-decisiva","url":"https:\/\/ifamnews.com\/it\/scuole-paritarie-e-la-settimana-decisiva","name":"Scuole paritarie: \u00e8 la settimana decisiva - IFN","isPartOf":{"@id":"https:\/\/ifamnews.com\/en\/#website"},"primaryImageOfPage":{"@id":"https:\/\/ifamnews.com\/it\/scuole-paritarie-e-la-settimana-decisiva#primaryimage"},"image":{"@id":"https:\/\/ifamnews.com\/it\/scuole-paritarie-e-la-settimana-decisiva#primaryimage"},"thumbnailUrl":"https:\/\/ifamnews.com\/wp-content\/uploads\/2020\/06\/From-Pixnio-2.jpeg","datePublished":"2020-06-15T05:00:00+00:00","dateModified":"2020-07-30T09:04:25+00:00","description":"Inizia la discussione degli emendamenti per salvare le scuole paritarie. Forum di \u201ciFamNews\u201d tra gli esponenti della commissione Bilancio della Camera","breadcrumb":{"@id":"https:\/\/ifamnews.com\/it\/scuole-paritarie-e-la-settimana-decisiva#breadcrumb"},"inLanguage":"it-IT","potentialAction":[{"@type":"ReadAction","target":["https:\/\/ifamnews.com\/it\/scuole-paritarie-e-la-settimana-decisiva"]}]},{"@type":"ImageObject","inLanguage":"it-IT","@id":"https:\/\/ifamnews.com\/it\/scuole-paritarie-e-la-settimana-decisiva#primaryimage","url":"https:\/\/ifamnews.com\/wp-content\/uploads\/2020\/06\/From-Pixnio-2.jpeg","contentUrl":"https:\/\/ifamnews.com\/wp-content\/uploads\/2020\/06\/From-Pixnio-2.jpeg","width":1200,"height":675,"caption":"Image from Pixnio"},{"@type":"BreadcrumbList","@id":"https:\/\/ifamnews.com\/it\/scuole-paritarie-e-la-settimana-decisiva#breadcrumb","itemListElement":[{"@type":"ListItem","position":1,"name":"Home","item":"https:\/\/ifamnews.com\/de"},{"@type":"ListItem","position":2,"name":"Politics","item":"https:\/\/ifamnews.com\/en\/category\/politics"},{"@type":"ListItem","position":3,"name":"Scuole paritarie: \u00e8 la settimana decisiva"}]},{"@type":"WebSite","@id":"https:\/\/ifamnews.com\/en\/#website","url":"https:\/\/ifamnews.com\/en\/","name":"IFN","description":"International Family News Network","publisher":{"@id":"https:\/\/ifamnews.com\/en\/#organization"},"potentialAction":[{"@type":"SearchAction","target":{"@type":"EntryPoint","urlTemplate":"https:\/\/ifamnews.com\/en\/?s={search_term_string}"},"query-input":{"@type":"PropertyValueSpecification","valueRequired":true,"valueName":"search_term_string"}}],"inLanguage":"it-IT"},{"@type":"Organization","@id":"https:\/\/ifamnews.com\/en\/#organization","name":"iFamNews","url":"https:\/\/ifamnews.com\/en\/","logo":{"@type":"ImageObject","inLanguage":"it-IT","@id":"https:\/\/ifamnews.com\/en\/#\/schema\/logo\/image\/","url":"https:\/\/ifamnews.com\/wp-content\/uploads\/2020\/01\/Share-logo.png","contentUrl":"https:\/\/ifamnews.com\/wp-content\/uploads\/2020\/01\/Share-logo.png","width":200,"height":200,"caption":"iFamNews"},"image":{"@id":"https:\/\/ifamnews.com\/en\/#\/schema\/logo\/image\/"},"sameAs":["https:\/\/www.facebook.com\/iFamNews","https:\/\/x.com\/iFamNewsEN"]},{"@type":"Person","@id":"https:\/\/ifamnews.com\/en\/#\/schema\/person\/555378c4ec9e01d40ab9f2b5cee0c318","name":"Federico Cenci","image":{"@type":"ImageObject","inLanguage":"it-IT","@id":"https:\/\/secure.gravatar.com\/avatar\/535f77b8447d05f39d4ca941654f7a7b7d712f3d72f0b4b185747785f5a8e745?s=96&d=mm&r=g","url":"https:\/\/secure.gravatar.com\/avatar\/535f77b8447d05f39d4ca941654f7a7b7d712f3d72f0b4b185747785f5a8e745?s=96&d=mm&r=g","contentUrl":"https:\/\/secure.gravatar.com\/avatar\/535f77b8447d05f39d4ca941654f7a7b7d712f3d72f0b4b185747785f5a8e745?s=96&d=mm&r=g","caption":"Federico Cenci"},"description":"Federico Cenci worked from 2013 to 2017 at the Catholic Zenit press agency dealing with social and religious issues, bioethics, family policies, as well as domestic and international politics. He then continued his business with In Terris, and currently with various newspapers and periodicals. In 2020 he wrote the novel \"East Berlin 2.0 - Notes between dystopia and reality\"","sameAs":["https:\/\/x.com\/https:\/\/twitter.com\/fedecenci"],"url":"https:\/\/ifamnews.com\/it\/author\/fcenci"}]}},"amp_enabled":true,"_links":{"self":[{"href":"https:\/\/ifamnews.com\/it\/wp-json\/wp\/v2\/posts\/19025","targetHints":{"allow":["GET"]}}],"collection":[{"href":"https:\/\/ifamnews.com\/it\/wp-json\/wp\/v2\/posts"}],"about":[{"href":"https:\/\/ifamnews.com\/it\/wp-json\/wp\/v2\/types\/post"}],"author":[{"embeddable":true,"href":"https:\/\/ifamnews.com\/it\/wp-json\/wp\/v2\/users\/15"}],"replies":[{"embeddable":true,"href":"https:\/\/ifamnews.com\/it\/wp-json\/wp\/v2\/comments?post=19025"}],"version-history":[{"count":5,"href":"https:\/\/ifamnews.com\/it\/wp-json\/wp\/v2\/posts\/19025\/revisions"}],"predecessor-version":[{"id":19145,"href":"https:\/\/ifamnews.com\/it\/wp-json\/wp\/v2\/posts\/19025\/revisions\/19145"}],"wp:featuredmedia":[{"embeddable":true,"href":"https:\/\/ifamnews.com\/it\/wp-json\/wp\/v2\/media\/19027"}],"wp:attachment":[{"href":"https:\/\/ifamnews.com\/it\/wp-json\/wp\/v2\/media?parent=19025"}],"wp:term":[{"taxonomy":"category","embeddable":true,"href":"https:\/\/ifamnews.com\/it\/wp-json\/wp\/v2\/categories?post=19025"},{"taxonomy":"post_tag","embeddable":true,"href":"https:\/\/ifamnews.com\/it\/wp-json\/wp\/v2\/tags?post=19025"}],"curies":[{"name":"wp","href":"https:\/\/api.w.org\/{rel}","templated":true}]}}