{"id":189437,"date":"2023-04-05T03:06:00","date_gmt":"2023-04-05T07:06:00","guid":{"rendered":"https:\/\/ifamnews.com\/?p=189437"},"modified":"2023-04-04T15:32:56","modified_gmt":"2023-04-04T19:32:56","slug":"convenzione-dei-cittadini-francesi-sordi-a-chiesa-e-medici-sostengono-legalizzazione-eutanasia-come-vuole-macron","status":"publish","type":"post","link":"https:\/\/ifamnews.com\/it\/convenzione-dei-cittadini-francesi-sordi-a-chiesa-e-medici-sostengono-legalizzazione-eutanasia-come-vuole-macron","title":{"rendered":"Convenzione dei cittadini francesi, sordi a Chiesa e medici, sostengono legalizzazione eutanasia come vuole Macron"},"content":{"rendered":"\n<p>I membri della \u2018Convenzione dei cittadini\u2019, scelti e convocati per discutere sulla introduzione o meno della eutanasia in Francia, hanno presentato luned\u00ec 3 aprile all&#8217;Eliseo, su invito del Presidente francese Emmanuel Macron, le loro conclusioni sul fine vita dopo sei mesi di discussioni. I 184 membri della Convenzione dei cittadini sulla morte assistita <a href=\"https:\/\/www.lemonde.fr\/en\/france\/article\/2023\/04\/02\/french-citizens-convention-supports-active-assistance-in-dying-using-different-models_6021469_7.html\" target=\"_blank\" rel=\"noreferrer noopener\">domenica 2 aprile<\/a> hanno pubblicato un documento di oltre 150 pagine e 146 proposte. \u00c8 stato adottato dopo una votazione al 92% (162 voti favorevoli su 176 votanti) nell&#8217;aula del Palais d&#8217;I\u00e9na, al termine dell&#8217;ultima sessione di lavoro presso la sede del Consiglio economico, sociale e ambientale (CESE). Il rapporto intende presentare &#8220;un ampio spettro di opinioni&#8221; e non pretende di fornire una visione univoca.<\/p>\n\n\n\n<p>Macron aveva deciso nel <a href=\"https:\/\/www.dignityindying.org.uk\/news\/french-president-emmanuel-macron-announces-plans-for-french-assisted-dying-law-as-scotland-proposal-progresses\/\" target=\"_blank\" rel=\"noreferrer noopener\">settembre 2022<\/a> di creare una convenzione di cittadini, composta da 184 membri selezionati a caso, per rispondere alla domanda: &#8220;Il quadro di sostegno alla fine della vita \u00e8 adeguato alle diverse situazioni riscontrate o devono essere introdotte eventuali modifiche?&#8221;. I 184 membri hanno lavorato sul tema da ottobre e hanno ascoltato molti esperti in materia, come medici, filosofi, assistenti e rappresentanti religiosi. I dibattiti si sono conclusi domenica ed \u00e8 stata pubblicata una relazione.\u00a0 Circa il 97% dei cittadini ha risposto che l&#8217;attuale &#8220;quadro di sostegno&#8221; dovrebbe &#8220;evolvere&#8221; in Francia. Il primo motivo \u00e8 &#8220;la disparit\u00e0 di accesso al supporto di fine vita&#8221; e il secondo \u00e8 &#8220;la mancanza di risposte soddisfacenti nel quadro attuale per alcune situazioni di fine vita&#8221;.<\/p>\n\n\n\n<p>In Francia, la <a href=\"https:\/\/www.ncbi.nlm.nih.gov\/pmc\/articles\/PMC5118829\/\" target=\"_blank\" rel=\"noreferrer noopener\">legge Claeys-Leonetti<\/a> del 2016 autorizza la &#8220;sedazione prolungata e continua&#8221; per i pazienti con una condizione di pericolo di vita a breve termine. Ma non autorizza l&#8217;assistenza attiva nel morire, come l&#8217;eutanasia o il suicidio assistito, come pu\u00f2 avvenire in Belgio o in Svizzera. Circa il 76% dei membri della Convenzione \u00e8 favorevole all&#8217;accesso al suicidio assistito e all&#8217;eutanasia &#8220;a determinate condizioni e al termine di un percorso segnato&#8221;. L&#8217;assistenza attiva nel morire dovrebbe essere una possibilit\u00e0 riservata ai malati terminali e a coloro che soffrono di dolori intrattabili, si legge nel rapporto. La convenzione dei cittadini francesi sostiene l&#8217;assistenza attiva nel morire utilizzando diversi modelli.<\/p>\n\n\n\n<p>Purtroppo i cittadini che facevano parte della Convenzione non hanno voluto ascoltare l\u2019appello dei <a href=\"https:\/\/eglise.catholique.fr\/sengager-dans-la-societe\/eglise-et-bioethique\/science-et-ethique\/fin-de-vie-2\/539614-laide-active-a-vivre-un-engagement-de-fraternite\/\" target=\"_blank\" rel=\"noreferrer noopener\">Vescovi cattolici<\/a> riuniti a Lourdes che, nei giorni scorsi avevano invitato i francesi ad impegnarsi per l\u2019assistenza ai malati rispettare il valore della vita e della \u00a0fraternit\u00e0. I cittadini della Convenzione non hanno nemmeno ascoltato l\u2019appello e la dichiarazione dell\u2019<a href=\"https:\/\/www.lefigaro.fr\/actualite-france\/fin-de-vie-l-ordre-des-medecins-defavorable-a-la-participation-des-medecins-a-l-euthanasie-20230401\" target=\"_blank\" rel=\"noreferrer noopener\">Ordine nazionale dei Medici<\/a> francesi che proprio domenica 2 aprile avevano pubblicato il loro documento, approvato all\u2019unanimit\u00e0 e dopo 9 mesi di consultazione tra tutti gli associati, nel quale si oppongono alla partecipazione dei medici nell\u2019aiuto\u00a0\u00a0 o nel provocare la morte dei pazienti. In un comunicato stampa, il Consiglio si \u00e8 detto &#8220;sfavorevole&#8221; alla partecipazione dei medici a &#8220;un processo che porterebbe all&#8217;eutanasia&#8221;.\u00a0 Il Consiglio ritiene che un medico non possa causare la morte somministrando un prodotto letale. Nel preambolo afferma inoltre di essere &#8220;sfavorevole a qualsiasi possibilit\u00e0 di istituire una procedura di assistenza attiva nel morire per i minori e le persone incapaci di esprimere la propria volont\u00e0&#8221;.<\/p>\n\n\n\n<p>Ed il <a href=\"https:\/\/www.francetvinfo.fr\/societe\/euthanasie\/direct-fin-de-vie-emmanuel-macron-recoit-les-membres-de-la-convention-citoyenne-pour-presenter-l-acte-2-du-debat_5748092.html\" target=\"_blank\" rel=\"noreferrer noopener\">Presidente Macron<\/a> nel suo discorso, luned\u00ec mattina incontrando i \u2018convenzionisti\u2019, \u00a0non ha fatto altro che ringraziare, come se la ragione e la verit\u00e0 etica dipendano dalle maggioranze sporadiche, tuttavia ha anche ricordato che il Parlamento non pu\u00f2 esser sostituito dalla \u2018convenzione\u2019 anche se, grazie alla decisione favorevole emersa dalla Convenzione,\u00a0 i cittadini che hanno partecipato ai lavori hanno \u201cportato a maturazione questa innovazione democratica della convenzione dei cittadini&#8221;.<\/p>\n","protected":false},"excerpt":{"rendered":"<p>I membri della \u2018Convenzione dei cittadini\u2019, scelti e convocati per discutere sulla introduzione o meno della eutanasia in Francia, hanno presentato luned\u00ec 3 aprile all&#8217;Eliseo, su invito del Presidente francese Emmanuel Macron, le loro conclusioni sul fine vita dopo sei mesi di discussioni. I 184 membri della Convenzione dei cittadini sulla morte assistita domenica 2 [&hellip;]<\/p>\n","protected":false},"author":54,"featured_media":189439,"comment_status":"open","ping_status":"open","sticky":false,"template":"","format":"standard","meta":{"give_campaign_id":0,"om_disable_all_campaigns":false,"_monsterinsights_skip_tracking":false,"_monsterinsights_sitenote_active":false,"_monsterinsights_sitenote_note":"","_monsterinsights_sitenote_category":0,"mc4wp_mailchimp_campaign":[],"jnews-multi-image_gallery":[],"jnews_single_post":{"subtitle":"Circa il 97% dei cittadini ha risposto che l'attuale \"quadro di sostegno\" dovrebbe \"evolvere\" in Francia.","format":"standard","video":"","gallery":"","source_name":"","source_url":"","via_name":"","via_url":"","override_template":"0","override":[{"template":"2","single_blog_custom":"","parallax":"1","fullscreen":"1","layout":"right-sidebar-narrow","sidebar":"default-sidebar","second_sidebar":"default-sidebar","sticky_sidebar":"1","share_position":"float","share_float_style":"share-normal","show_share_counter":"1","show_view_counter":"1","show_featured":"1","show_post_meta":"1","show_post_author":"1","show_post_author_image":"1","show_post_date":"1","post_date_format":"default","post_date_format_custom":"Y\/m\/d","show_post_category":"1","show_post_reading_time":"1","post_reading_time_wpm":"300","show_zoom_button":"0","zoom_button_out_step":"2","zoom_button_in_step":"3","show_post_tag":"1","show_prev_next_post":"0","show_popup_post":"0","number_popup_post":"1","show_author_box":"1","show_post_related":"0","show_inline_post_related":"0"}],"override_image_size":"0","image_override":[{"single_post_thumbnail_size":"crop-715","single_post_gallery_size":"crop-715"}],"trending_post":"0","trending_post_position":"meta","trending_post_label":"Trending","sponsored_post":"0","sponsored_post_label":"Sponsored by","sponsored_post_name":"","sponsored_post_url":"","sponsored_post_logo_enable":"0","sponsored_post_logo":"","sponsored_post_desc":"","disable_ad":"0"},"jnews_primary_category":{"id":""},"jnews_social_meta":{"fb_title":"","fb_description":"","fb_image":"","twitter_title":"","twitter_description":"","twitter_image":""},"jnews_override_counter":{"override_view_counter":"0","view_counter_number":"0","override_share_counter":"0","share_counter_number":"0","override_like_counter":"0","like_counter_number":"0","override_dislike_counter":"0","dislike_counter_number":"0"},"footnotes":""},"categories":[951,780],"tags":[25076,1367,743,1956,25074],"class_list":["post-189437","post","type-post","status-publish","format-standard","has-post-thumbnail","hentry","category-foreground-it","category-politica-it","tag-convenzione-dei-cittadini","tag-emmanuel-macron","tag-eutanasia","tag-francia","tag-legge-claeys-leonetti"],"yoast_head":"<!-- This site is optimized with the Yoast SEO Premium plugin v25.9 (Yoast SEO v27.3) - https:\/\/yoast.com\/product\/yoast-seo-premium-wordpress\/ -->\n<title>Convenzione dei cittadini francesi, sordi a Chiesa e medici, sostengono legalizzazione eutanasia come vuole Macron - IFN<\/title>\n<meta name=\"description\" content=\"Circa il 97% dei cittadini ha risposto che l&#039;attuale &quot;quadro di sostegno&quot; dovrebbe &quot;evolvere&quot; in Francia.\" \/>\n<meta name=\"robots\" content=\"index, follow, max-snippet:-1, max-image-preview:large, max-video-preview:-1\" \/>\n<link rel=\"canonical\" href=\"https:\/\/ifamnews.com\/it\/convenzione-dei-cittadini-francesi-sordi-a-chiesa-e-medici-sostengono-legalizzazione-eutanasia-come-vuole-macron\" \/>\n<meta property=\"og:locale\" content=\"it_IT\" \/>\n<meta property=\"og:type\" content=\"article\" \/>\n<meta property=\"og:title\" content=\"Convenzione dei cittadini francesi, sordi a Chiesa e medici, sostengono legalizzazione eutanasia come vuole Macron\" \/>\n<meta property=\"og:description\" content=\"Circa il 97% dei cittadini ha risposto che l&#039;attuale &quot;quadro di sostegno&quot; dovrebbe &quot;evolvere&quot; in Francia.\" \/>\n<meta property=\"og:url\" content=\"https:\/\/ifamnews.com\/it\/convenzione-dei-cittadini-francesi-sordi-a-chiesa-e-medici-sostengono-legalizzazione-eutanasia-come-vuole-macron\" \/>\n<meta property=\"og:site_name\" content=\"IFN\" \/>\n<meta property=\"article:publisher\" content=\"https:\/\/www.facebook.com\/iFamNews\" \/>\n<meta property=\"article:author\" content=\"https:\/\/facebook.com\/lvolonte1\" \/>\n<meta property=\"article:published_time\" content=\"2023-04-05T07:06:00+00:00\" \/>\n<meta property=\"og:image\" content=\"https:\/\/ifamnews.com\/wp-content\/uploads\/2023\/04\/Citizens-Convention-on-the-End-of-Life-Paris.png\" \/>\n\t<meta property=\"og:image:width\" content=\"1203\" \/>\n\t<meta property=\"og:image:height\" content=\"510\" \/>\n\t<meta property=\"og:image:type\" content=\"image\/png\" \/>\n<meta name=\"author\" content=\"Luca Volont\u00e8\" \/>\n<meta name=\"twitter:card\" content=\"summary_large_image\" \/>\n<meta name=\"twitter:creator\" content=\"@https:\/\/twitter.com\/l_volonte\" \/>\n<meta name=\"twitter:site\" content=\"@iFamNewsEN\" \/>\n<meta name=\"twitter:label1\" content=\"Scritto da\" \/>\n\t<meta name=\"twitter:data1\" content=\"Luca Volont\u00e8\" \/>\n\t<meta name=\"twitter:label2\" content=\"Tempo di lettura stimato\" \/>\n\t<meta name=\"twitter:data2\" content=\"4 minuti\" \/>\n<!-- \/ Yoast SEO Premium plugin. -->","yoast_head_json":{"title":"Convenzione dei cittadini francesi, sordi a Chiesa e medici, sostengono legalizzazione eutanasia come vuole Macron - IFN","description":"Circa il 97% dei cittadini ha risposto che l'attuale \"quadro di sostegno\" dovrebbe \"evolvere\" in Francia.","robots":{"index":"index","follow":"follow","max-snippet":"max-snippet:-1","max-image-preview":"max-image-preview:large","max-video-preview":"max-video-preview:-1"},"canonical":"https:\/\/ifamnews.com\/it\/convenzione-dei-cittadini-francesi-sordi-a-chiesa-e-medici-sostengono-legalizzazione-eutanasia-come-vuole-macron","og_locale":"it_IT","og_type":"article","og_title":"Convenzione dei cittadini francesi, sordi a Chiesa e medici, sostengono legalizzazione eutanasia come vuole Macron","og_description":"Circa il 97% dei cittadini ha risposto che l'attuale \"quadro di sostegno\" dovrebbe \"evolvere\" in Francia.","og_url":"https:\/\/ifamnews.com\/it\/convenzione-dei-cittadini-francesi-sordi-a-chiesa-e-medici-sostengono-legalizzazione-eutanasia-come-vuole-macron","og_site_name":"IFN","article_publisher":"https:\/\/www.facebook.com\/iFamNews","article_author":"https:\/\/facebook.com\/lvolonte1","article_published_time":"2023-04-05T07:06:00+00:00","og_image":[{"width":1203,"height":510,"url":"https:\/\/ifamnews.com\/wp-content\/uploads\/2023\/04\/Citizens-Convention-on-the-End-of-Life-Paris.png","type":"image\/png"}],"author":"Luca Volont\u00e8","twitter_card":"summary_large_image","twitter_creator":"@https:\/\/twitter.com\/l_volonte","twitter_site":"@iFamNewsEN","twitter_misc":{"Scritto da":"Luca Volont\u00e8","Tempo di lettura stimato":"4 minuti"},"schema":{"@context":"https:\/\/schema.org","@graph":[{"@type":"NewsArticle","@id":"https:\/\/ifamnews.com\/it\/convenzione-dei-cittadini-francesi-sordi-a-chiesa-e-medici-sostengono-legalizzazione-eutanasia-come-vuole-macron#article","isPartOf":{"@id":"https:\/\/ifamnews.com\/it\/convenzione-dei-cittadini-francesi-sordi-a-chiesa-e-medici-sostengono-legalizzazione-eutanasia-come-vuole-macron"},"author":{"name":"Luca Volont\u00e8","@id":"https:\/\/ifamnews.com\/en\/#\/schema\/person\/bed5b7c6161f317421caa94dc3be6a53"},"headline":"Convenzione dei cittadini francesi, sordi a Chiesa e medici, sostengono legalizzazione eutanasia come vuole Macron","datePublished":"2023-04-05T07:06:00+00:00","mainEntityOfPage":{"@id":"https:\/\/ifamnews.com\/it\/convenzione-dei-cittadini-francesi-sordi-a-chiesa-e-medici-sostengono-legalizzazione-eutanasia-come-vuole-macron"},"wordCount":595,"commentCount":0,"publisher":{"@id":"https:\/\/ifamnews.com\/en\/#organization"},"image":{"@id":"https:\/\/ifamnews.com\/it\/convenzione-dei-cittadini-francesi-sordi-a-chiesa-e-medici-sostengono-legalizzazione-eutanasia-come-vuole-macron#primaryimage"},"thumbnailUrl":"https:\/\/ifamnews.com\/wp-content\/uploads\/2023\/04\/Citizens-Convention-on-the-End-of-Life-Paris.png","keywords":["Convenzione dei cittadini","Emmanuel Macron","Eutanasia","Francia","legge Claeys-Leonetti"],"articleSection":["In evidenza","Politica"],"inLanguage":"it-IT","potentialAction":[{"@type":"CommentAction","name":"Comment","target":["https:\/\/ifamnews.com\/it\/convenzione-dei-cittadini-francesi-sordi-a-chiesa-e-medici-sostengono-legalizzazione-eutanasia-come-vuole-macron#respond"]}]},{"@type":"WebPage","@id":"https:\/\/ifamnews.com\/it\/convenzione-dei-cittadini-francesi-sordi-a-chiesa-e-medici-sostengono-legalizzazione-eutanasia-come-vuole-macron","url":"https:\/\/ifamnews.com\/it\/convenzione-dei-cittadini-francesi-sordi-a-chiesa-e-medici-sostengono-legalizzazione-eutanasia-come-vuole-macron","name":"Convenzione dei cittadini francesi, sordi a Chiesa e medici, sostengono legalizzazione eutanasia come vuole Macron - IFN","isPartOf":{"@id":"https:\/\/ifamnews.com\/en\/#website"},"primaryImageOfPage":{"@id":"https:\/\/ifamnews.com\/it\/convenzione-dei-cittadini-francesi-sordi-a-chiesa-e-medici-sostengono-legalizzazione-eutanasia-come-vuole-macron#primaryimage"},"image":{"@id":"https:\/\/ifamnews.com\/it\/convenzione-dei-cittadini-francesi-sordi-a-chiesa-e-medici-sostengono-legalizzazione-eutanasia-come-vuole-macron#primaryimage"},"thumbnailUrl":"https:\/\/ifamnews.com\/wp-content\/uploads\/2023\/04\/Citizens-Convention-on-the-End-of-Life-Paris.png","datePublished":"2023-04-05T07:06:00+00:00","description":"Circa il 97% dei cittadini ha risposto che l'attuale \"quadro di sostegno\" dovrebbe \"evolvere\" in Francia.","breadcrumb":{"@id":"https:\/\/ifamnews.com\/it\/convenzione-dei-cittadini-francesi-sordi-a-chiesa-e-medici-sostengono-legalizzazione-eutanasia-come-vuole-macron#breadcrumb"},"inLanguage":"it-IT","potentialAction":[{"@type":"ReadAction","target":["https:\/\/ifamnews.com\/it\/convenzione-dei-cittadini-francesi-sordi-a-chiesa-e-medici-sostengono-legalizzazione-eutanasia-come-vuole-macron"]}]},{"@type":"ImageObject","inLanguage":"it-IT","@id":"https:\/\/ifamnews.com\/it\/convenzione-dei-cittadini-francesi-sordi-a-chiesa-e-medici-sostengono-legalizzazione-eutanasia-come-vuole-macron#primaryimage","url":"https:\/\/ifamnews.com\/wp-content\/uploads\/2023\/04\/Citizens-Convention-on-the-End-of-Life-Paris.png","contentUrl":"https:\/\/ifamnews.com\/wp-content\/uploads\/2023\/04\/Citizens-Convention-on-the-End-of-Life-Paris.png","width":1203,"height":510,"caption":"YouTube Screenshot"},{"@type":"BreadcrumbList","@id":"https:\/\/ifamnews.com\/it\/convenzione-dei-cittadini-francesi-sordi-a-chiesa-e-medici-sostengono-legalizzazione-eutanasia-come-vuole-macron#breadcrumb","itemListElement":[{"@type":"ListItem","position":1,"name":"Home","item":"https:\/\/ifamnews.com\/de"},{"@type":"ListItem","position":2,"name":"Politics","item":"https:\/\/ifamnews.com\/en\/category\/politics"},{"@type":"ListItem","position":3,"name":"Convenzione dei cittadini francesi, sordi a Chiesa e medici, sostengono legalizzazione eutanasia come vuole Macron"}]},{"@type":"WebSite","@id":"https:\/\/ifamnews.com\/en\/#website","url":"https:\/\/ifamnews.com\/en\/","name":"IFN","description":"International Family News Network","publisher":{"@id":"https:\/\/ifamnews.com\/en\/#organization"},"potentialAction":[{"@type":"SearchAction","target":{"@type":"EntryPoint","urlTemplate":"https:\/\/ifamnews.com\/en\/?s={search_term_string}"},"query-input":{"@type":"PropertyValueSpecification","valueRequired":true,"valueName":"search_term_string"}}],"inLanguage":"it-IT"},{"@type":"Organization","@id":"https:\/\/ifamnews.com\/en\/#organization","name":"iFamNews","url":"https:\/\/ifamnews.com\/en\/","logo":{"@type":"ImageObject","inLanguage":"it-IT","@id":"https:\/\/ifamnews.com\/en\/#\/schema\/logo\/image\/","url":"https:\/\/ifamnews.com\/wp-content\/uploads\/2020\/01\/Share-logo.png","contentUrl":"https:\/\/ifamnews.com\/wp-content\/uploads\/2020\/01\/Share-logo.png","width":200,"height":200,"caption":"iFamNews"},"image":{"@id":"https:\/\/ifamnews.com\/en\/#\/schema\/logo\/image\/"},"sameAs":["https:\/\/www.facebook.com\/iFamNews","https:\/\/x.com\/iFamNewsEN"]},{"@type":"Person","@id":"https:\/\/ifamnews.com\/en\/#\/schema\/person\/bed5b7c6161f317421caa94dc3be6a53","name":"Luca Volont\u00e8","image":{"@type":"ImageObject","inLanguage":"it-IT","@id":"https:\/\/secure.gravatar.com\/avatar\/354ed6bca06f9968278e6eb25fa8a123306c69f5c50f711836cf12e6c8ecbbf6?s=96&d=mm&r=g","url":"https:\/\/secure.gravatar.com\/avatar\/354ed6bca06f9968278e6eb25fa8a123306c69f5c50f711836cf12e6c8ecbbf6?s=96&d=mm&r=g","contentUrl":"https:\/\/secure.gravatar.com\/avatar\/354ed6bca06f9968278e6eb25fa8a123306c69f5c50f711836cf12e6c8ecbbf6?s=96&d=mm&r=g","caption":"Luca Volont\u00e8"},"description":"Luca Volont\u00e8 was an Italian parliamentarian from 1996 to 2013, and served as president of the PPE-CD at the Assembly of the Council of Europe. Publicly engaged for decades in the promotion of life, family and religious and educational freedom, Luca\u00a0 has served as a board member for various international organizations promoting Christian values and human rights, including his current role as a board member of the International Organization for the Family. He has authored books and essays for the Novae Terrae series by the publisher Rubbettino; he has been a correspondent for several Italian newspapers, and currently collaborates with La nuova Bussola Quotidiana, an online newspaper. He is a also a great bicycle enthusiast.","sameAs":["https:\/\/facebook.com\/lvolonte1","https:\/\/x.com\/https:\/\/twitter.com\/l_volonte"],"url":"https:\/\/ifamnews.com\/it\/author\/lvolonte"}]}},"amp_enabled":true,"_links":{"self":[{"href":"https:\/\/ifamnews.com\/it\/wp-json\/wp\/v2\/posts\/189437","targetHints":{"allow":["GET"]}}],"collection":[{"href":"https:\/\/ifamnews.com\/it\/wp-json\/wp\/v2\/posts"}],"about":[{"href":"https:\/\/ifamnews.com\/it\/wp-json\/wp\/v2\/types\/post"}],"author":[{"embeddable":true,"href":"https:\/\/ifamnews.com\/it\/wp-json\/wp\/v2\/users\/54"}],"replies":[{"embeddable":true,"href":"https:\/\/ifamnews.com\/it\/wp-json\/wp\/v2\/comments?post=189437"}],"version-history":[{"count":1,"href":"https:\/\/ifamnews.com\/it\/wp-json\/wp\/v2\/posts\/189437\/revisions"}],"predecessor-version":[{"id":189449,"href":"https:\/\/ifamnews.com\/it\/wp-json\/wp\/v2\/posts\/189437\/revisions\/189449"}],"wp:featuredmedia":[{"embeddable":true,"href":"https:\/\/ifamnews.com\/it\/wp-json\/wp\/v2\/media\/189439"}],"wp:attachment":[{"href":"https:\/\/ifamnews.com\/it\/wp-json\/wp\/v2\/media?parent=189437"}],"wp:term":[{"taxonomy":"category","embeddable":true,"href":"https:\/\/ifamnews.com\/it\/wp-json\/wp\/v2\/categories?post=189437"},{"taxonomy":"post_tag","embeddable":true,"href":"https:\/\/ifamnews.com\/it\/wp-json\/wp\/v2\/tags?post=189437"}],"curies":[{"name":"wp","href":"https:\/\/api.w.org\/{rel}","templated":true}]}}