{"id":186298,"date":"2023-03-13T03:00:00","date_gmt":"2023-03-13T07:00:00","guid":{"rendered":"https:\/\/ifamnews.com\/?p=186298"},"modified":"2023-03-09T15:01:51","modified_gmt":"2023-03-09T20:01:51","slug":"il-dipartimento-di-in-giustizia-usa-chiaramente-incapace-o-complice-degli-attacchi-abortisti-ai-pro-life","status":"publish","type":"post","link":"https:\/\/ifamnews.com\/it\/il-dipartimento-di-in-giustizia-usa-chiaramente-incapace-o-complice-degli-attacchi-abortisti-ai-pro-life","title":{"rendered":"Il Dipartimento di (in)Giustizia USA chiaramente incapace o complice degli attacchi abortisti ai pro life"},"content":{"rendered":"\n<p>Mercoled\u00ec 1 marzo il procuratore generale degli Stati Uniti, Merrick Garland, imbarazzatissimo, \u00e8 stato <a href=\"https:\/\/www.youtube.com\/watch?v=0YAL4kluCHw\" target=\"_blank\" rel=\"noreferrer noopener\">interrogato<\/a> , tra i fuochi dei repubblicani e i silenzi dei democratici, alla Commissione Giustizia del Senato. I senatori repubblicani hanno <a href=\"https:\/\/www.catholicnewsagency.com\/news\/253775\/merrick-garland-grilled-on-anti-catholic-pro-abortion-bias-during-senate-hearing\" target=\"_blank\" rel=\"noreferrer noopener\">incalzato<\/a> Garland con una raffica di domande puntuali, relative ai pregiudizi anticattolici e antivita all\u2019interno del Dipartimento di Giustizia (DOJ) e dell\u2019FBI, alla mancanza di indagini e di arresti nei confronti delle decine di attentatori che dallo scorso anno vandalizzano, incendiano, distruggono centri pro life, chiese e addirittura minacciano la vita dei giudici della Corte Suprema. Le <a href=\"https:\/\/www.catholicnewsagency.com\/news\/253775\/merrick-garland-grilled-on-anti-catholic-pro-abortion-bias-during-senate-hearing\" target=\"_blank\" rel=\"noreferrer noopener\">domande<\/a> provenienti dai senatori Lee, Kennedy, <a href=\"https:\/\/www.washingtonexaminer.com\/news\/senate\/ted-cruz-clashes-with-merrick-garland-over-doj-response-supreme-court\" target=\"_blank\" rel=\"noreferrer noopener\">Cruz<\/a>, Hawley,<a href=\"https:\/\/www.breitbart.com\/politics\/2023\/03\/01\/watch-tom-cotton-grills-ag-garland-should-americans-in-crime-ridden-cities-seek-asylum-in-central-america\/\" target=\"_blank\" rel=\"noreferrer noopener\"> Cotton<\/a> e Blackburn hanno riguardato la mancata applicazione delle leggi federali nei confronti dei manifestanti che protestavano illegittimamente (dopo il trafugamento della bozza della sentenza Dobbs) nei pressi delle abitazioni dei giudici della Corte Suprema, nonch\u00e9 la mancanza di indagini e arresti nei confronti delle organizzazioni terroriste Ruth Sent Us e Jane&#8217;s Revenge. C\u2019\u00e8 chi ha argomentato che il Dipartimento di Giustizia non sia \u201cd\u2019accordo con la decisione Dobbs ed \u00e8 stato pienamente felice di rifiutarsi di far rispettare la legge e di permettere minacce di violenza\u201d. Garland ha\u00a0<a href=\"https:\/\/www.lifenews.com\/2023\/03\/01\/merrick-garland-says-doj-not-prosecuting-attacks-on-pro-life-groups-because-they-happen-at-night\/\" target=\"_blank\" rel=\"noreferrer noopener\">pi\u00f9 volte ripetuto<\/a>\u00a0che i pro vita che protestano fuori dalle cliniche sono ben identificabili perch\u00e9 lo fanno pacificamente e alla luce del giorno, mentre gli autori dei numerosissimi atti vandalici ai danni di chiese e centri pro life hanno agito prevalentemente di notte, sottraendosi cos\u00ec ai tentativi di identificazione e di arresto. Le brave persone non compiono malefatte di sera e perci\u00f2 sono pi\u00f9 facilmente punibili, pi\u00f9 difficile invece \u00e8 colpire i malfattori che agiscono con il favore delle tenebre.<\/p>\n\n\n\n<p>Il senatore <a href=\"https:\/\/www.foxnews.com\/video\/6321524714112\" target=\"_blank\" rel=\"noreferrer noopener\">Hawley<\/a>, in particolare, ha provato come il Dipartimento di Giustizia agisca discriminando gli attivisti pro vita che vengono arrestati fuori dalle cliniche abortiste o nelle loro abitazioni, mentre gli attivisti pro aborto sono rimasti impuniti dopo aver incendiato i centri di gravidanza o minacciato leader pro life e giudici.\u00a0 Nessuna scusa da Garland, sebbene tutti i senatori repubblicani abbiano fornito dettagliate evidenze dei fatti sconvolgenti che hanno colpito i pro life e i credenti americani negli ultimi dieci mesi e altrettante chiare prove della complicit\u00e0 del Dipartimento di Giustizia e della connivenza dell\u2019Fbi. Ma non c\u2019\u00e8 stata solo l\u2019incapacit\u00e0 di Garland nel fornire risposte convincenti: anche i senatori del Partito Democratico, incapaci di difendere l\u2019operato del procuratore generale degli USA, hanno destato sconcerto. Dopo <a href=\"https:\/\/www.lifenews.com\/2023\/03\/03\/after-250-pro-abortion-attacks-on-pregnancy-centers-and-churches-only-two-people-have-been-arrested\/\" target=\"_blank\" rel=\"noreferrer noopener\">250 attacchi<\/a> pro-aborto a centri per la gravidanza e chiese, solo due persone sono state arrestate, questi sono i fatti che lasciano interdetti i cittadini di tutti i paesi occidentali e vedono il Partito Democratico, insieme alla Amministrazione Biden, complici di violenze ed intimidazioni inaccettabili per una qualunque democrazia.<\/p>\n","protected":false},"excerpt":{"rendered":"<p> Dopo 250 attacchi pro-aborto a centri per la gravidanza e chiese, solo due persone sono state arrestate<\/p>\n","protected":false},"author":54,"featured_media":186310,"comment_status":"open","ping_status":"open","sticky":false,"template":"","format":"standard","meta":{"give_campaign_id":0,"om_disable_all_campaigns":false,"_monsterinsights_skip_tracking":false,"_monsterinsights_sitenote_active":false,"_monsterinsights_sitenote_note":"","_monsterinsights_sitenote_category":0,"mc4wp_mailchimp_campaign":[],"jnews-multi-image_gallery":[],"jnews_single_post":{"subtitle":" Dopo 250 attacchi pro-aborto a centri per la gravidanza e chiese, solo due persone sono state arrestate","format":"standard","video":"","gallery":"","source_name":"","source_url":"","via_name":"","via_url":"","override_template":"0","override":[{"template":"2","single_blog_custom":"","parallax":"1","fullscreen":"1","layout":"right-sidebar-narrow","sidebar":"default-sidebar","second_sidebar":"default-sidebar","sticky_sidebar":"1","share_position":"float","share_float_style":"share-normal","show_share_counter":"1","show_view_counter":"1","show_featured":"1","show_post_meta":"1","show_post_author":"1","show_post_author_image":"1","show_post_date":"1","post_date_format":"default","post_date_format_custom":"Y\/m\/d","show_post_category":"1","show_post_reading_time":"1","post_reading_time_wpm":"300","show_zoom_button":"0","zoom_button_out_step":"2","zoom_button_in_step":"3","show_post_tag":"1","show_prev_next_post":"0","show_popup_post":"0","number_popup_post":"1","show_author_box":"1","show_post_related":"0","show_inline_post_related":"0"}],"override_image_size":"0","image_override":[{"single_post_thumbnail_size":"crop-715","single_post_gallery_size":"crop-715"}],"trending_post":"0","trending_post_position":"meta","trending_post_label":"Trending","sponsored_post":"0","sponsored_post_label":"Sponsored by","sponsored_post_name":"","sponsored_post_url":"","sponsored_post_logo_enable":"0","sponsored_post_logo":"","sponsored_post_desc":"","disable_ad":"0"},"jnews_primary_category":{"id":"780"},"jnews_social_meta":{"fb_title":"","fb_description":"","fb_image":"","twitter_title":"","twitter_description":"","twitter_image":""},"jnews_override_counter":{"override_view_counter":"0","view_counter_number":"0","override_share_counter":"0","share_counter_number":"0","override_like_counter":"0","like_counter_number":"0","override_dislike_counter":"0","dislike_counter_number":"0"},"footnotes":""},"categories":[951,780],"tags":[24329,24384,1896,24385],"class_list":["post-186298","post","type-post","status-publish","format-standard","has-post-thumbnail","hentry","category-foreground-it","category-politica-it","tag-gli-stati-uniti","tag-il-dipartimento-di-giustizia","tag-pro-life-it","tag-pro-aborto"],"yoast_head":"<!-- This site is optimized with the Yoast SEO Premium plugin v25.9 (Yoast SEO v27.3) - https:\/\/yoast.com\/product\/yoast-seo-premium-wordpress\/ -->\n<title>Il Dipartimento di (in)Giustizia USA chiaramente incapace o complice degli attacchi abortisti ai pro life - IFN<\/title>\n<meta name=\"description\" content=\"Dopo 250 attacchi pro-aborto a centri per la gravidanza e chiese, solo due persone sono state arrestate\" \/>\n<meta name=\"robots\" content=\"index, follow, max-snippet:-1, max-image-preview:large, max-video-preview:-1\" \/>\n<link rel=\"canonical\" href=\"https:\/\/ifamnews.com\/it\/il-dipartimento-di-in-giustizia-usa-chiaramente-incapace-o-complice-degli-attacchi-abortisti-ai-pro-life\" \/>\n<meta property=\"og:locale\" content=\"it_IT\" \/>\n<meta property=\"og:type\" content=\"article\" \/>\n<meta property=\"og:title\" content=\"Il Dipartimento di (in)Giustizia USA chiaramente incapace o complice degli attacchi abortisti ai pro life\" \/>\n<meta property=\"og:description\" content=\"Dopo 250 attacchi pro-aborto a centri per la gravidanza e chiese, solo due persone sono state arrestate\" \/>\n<meta property=\"og:url\" content=\"https:\/\/ifamnews.com\/it\/il-dipartimento-di-in-giustizia-usa-chiaramente-incapace-o-complice-degli-attacchi-abortisti-ai-pro-life\" \/>\n<meta property=\"og:site_name\" content=\"IFN\" \/>\n<meta property=\"article:publisher\" content=\"https:\/\/www.facebook.com\/iFamNews\" \/>\n<meta property=\"article:author\" content=\"https:\/\/facebook.com\/lvolonte1\" \/>\n<meta property=\"article:published_time\" content=\"2023-03-13T07:00:00+00:00\" \/>\n<meta property=\"og:image\" content=\"https:\/\/ifamnews.com\/wp-content\/uploads\/2023\/03\/department-of-justice-usa.png\" \/>\n\t<meta property=\"og:image:width\" content=\"1200\" \/>\n\t<meta property=\"og:image:height\" content=\"675\" \/>\n\t<meta property=\"og:image:type\" content=\"image\/png\" \/>\n<meta name=\"author\" content=\"Luca Volont\u00e8\" \/>\n<meta name=\"twitter:card\" content=\"summary_large_image\" \/>\n<meta name=\"twitter:creator\" content=\"@https:\/\/twitter.com\/l_volonte\" \/>\n<meta name=\"twitter:site\" content=\"@iFamNewsEN\" \/>\n<meta name=\"twitter:label1\" content=\"Scritto da\" \/>\n\t<meta name=\"twitter:data1\" content=\"Luca Volont\u00e8\" \/>\n\t<meta name=\"twitter:label2\" content=\"Tempo di lettura stimato\" \/>\n\t<meta name=\"twitter:data2\" content=\"3 minuti\" \/>\n<!-- \/ Yoast SEO Premium plugin. -->","yoast_head_json":{"title":"Il Dipartimento di (in)Giustizia USA chiaramente incapace o complice degli attacchi abortisti ai pro life - IFN","description":"Dopo 250 attacchi pro-aborto a centri per la gravidanza e chiese, solo due persone sono state arrestate","robots":{"index":"index","follow":"follow","max-snippet":"max-snippet:-1","max-image-preview":"max-image-preview:large","max-video-preview":"max-video-preview:-1"},"canonical":"https:\/\/ifamnews.com\/it\/il-dipartimento-di-in-giustizia-usa-chiaramente-incapace-o-complice-degli-attacchi-abortisti-ai-pro-life","og_locale":"it_IT","og_type":"article","og_title":"Il Dipartimento di (in)Giustizia USA chiaramente incapace o complice degli attacchi abortisti ai pro life","og_description":"Dopo 250 attacchi pro-aborto a centri per la gravidanza e chiese, solo due persone sono state arrestate","og_url":"https:\/\/ifamnews.com\/it\/il-dipartimento-di-in-giustizia-usa-chiaramente-incapace-o-complice-degli-attacchi-abortisti-ai-pro-life","og_site_name":"IFN","article_publisher":"https:\/\/www.facebook.com\/iFamNews","article_author":"https:\/\/facebook.com\/lvolonte1","article_published_time":"2023-03-13T07:00:00+00:00","og_image":[{"width":1200,"height":675,"url":"https:\/\/ifamnews.com\/wp-content\/uploads\/2023\/03\/department-of-justice-usa.png","type":"image\/png"}],"author":"Luca Volont\u00e8","twitter_card":"summary_large_image","twitter_creator":"@https:\/\/twitter.com\/l_volonte","twitter_site":"@iFamNewsEN","twitter_misc":{"Scritto da":"Luca Volont\u00e8","Tempo di lettura stimato":"3 minuti"},"schema":{"@context":"https:\/\/schema.org","@graph":[{"@type":"NewsArticle","@id":"https:\/\/ifamnews.com\/it\/il-dipartimento-di-in-giustizia-usa-chiaramente-incapace-o-complice-degli-attacchi-abortisti-ai-pro-life#article","isPartOf":{"@id":"https:\/\/ifamnews.com\/it\/il-dipartimento-di-in-giustizia-usa-chiaramente-incapace-o-complice-degli-attacchi-abortisti-ai-pro-life"},"author":{"name":"Luca Volont\u00e8","@id":"https:\/\/ifamnews.com\/en\/#\/schema\/person\/bed5b7c6161f317421caa94dc3be6a53"},"headline":"Il Dipartimento di (in)Giustizia USA chiaramente incapace o complice degli attacchi abortisti ai pro life","datePublished":"2023-03-13T07:00:00+00:00","mainEntityOfPage":{"@id":"https:\/\/ifamnews.com\/it\/il-dipartimento-di-in-giustizia-usa-chiaramente-incapace-o-complice-degli-attacchi-abortisti-ai-pro-life"},"wordCount":462,"commentCount":0,"publisher":{"@id":"https:\/\/ifamnews.com\/en\/#organization"},"image":{"@id":"https:\/\/ifamnews.com\/it\/il-dipartimento-di-in-giustizia-usa-chiaramente-incapace-o-complice-degli-attacchi-abortisti-ai-pro-life#primaryimage"},"thumbnailUrl":"https:\/\/ifamnews.com\/wp-content\/uploads\/2023\/03\/department-of-justice-usa.png","keywords":["gli Stati Uniti","il Dipartimento di Giustizia","Pro Life","pro-aborto"],"articleSection":["In evidenza","Politica"],"inLanguage":"it-IT","potentialAction":[{"@type":"CommentAction","name":"Comment","target":["https:\/\/ifamnews.com\/it\/il-dipartimento-di-in-giustizia-usa-chiaramente-incapace-o-complice-degli-attacchi-abortisti-ai-pro-life#respond"]}]},{"@type":"WebPage","@id":"https:\/\/ifamnews.com\/it\/il-dipartimento-di-in-giustizia-usa-chiaramente-incapace-o-complice-degli-attacchi-abortisti-ai-pro-life","url":"https:\/\/ifamnews.com\/it\/il-dipartimento-di-in-giustizia-usa-chiaramente-incapace-o-complice-degli-attacchi-abortisti-ai-pro-life","name":"Il Dipartimento di (in)Giustizia USA chiaramente incapace o complice degli attacchi abortisti ai pro life - IFN","isPartOf":{"@id":"https:\/\/ifamnews.com\/en\/#website"},"primaryImageOfPage":{"@id":"https:\/\/ifamnews.com\/it\/il-dipartimento-di-in-giustizia-usa-chiaramente-incapace-o-complice-degli-attacchi-abortisti-ai-pro-life#primaryimage"},"image":{"@id":"https:\/\/ifamnews.com\/it\/il-dipartimento-di-in-giustizia-usa-chiaramente-incapace-o-complice-degli-attacchi-abortisti-ai-pro-life#primaryimage"},"thumbnailUrl":"https:\/\/ifamnews.com\/wp-content\/uploads\/2023\/03\/department-of-justice-usa.png","datePublished":"2023-03-13T07:00:00+00:00","description":"Dopo 250 attacchi pro-aborto a centri per la gravidanza e chiese, solo due persone sono state arrestate","breadcrumb":{"@id":"https:\/\/ifamnews.com\/it\/il-dipartimento-di-in-giustizia-usa-chiaramente-incapace-o-complice-degli-attacchi-abortisti-ai-pro-life#breadcrumb"},"inLanguage":"it-IT","potentialAction":[{"@type":"ReadAction","target":["https:\/\/ifamnews.com\/it\/il-dipartimento-di-in-giustizia-usa-chiaramente-incapace-o-complice-degli-attacchi-abortisti-ai-pro-life"]}]},{"@type":"ImageObject","inLanguage":"it-IT","@id":"https:\/\/ifamnews.com\/it\/il-dipartimento-di-in-giustizia-usa-chiaramente-incapace-o-complice-degli-attacchi-abortisti-ai-pro-life#primaryimage","url":"https:\/\/ifamnews.com\/wp-content\/uploads\/2023\/03\/department-of-justice-usa.png","contentUrl":"https:\/\/ifamnews.com\/wp-content\/uploads\/2023\/03\/department-of-justice-usa.png","width":1200,"height":675,"caption":"fonte: wikipedia"},{"@type":"BreadcrumbList","@id":"https:\/\/ifamnews.com\/it\/il-dipartimento-di-in-giustizia-usa-chiaramente-incapace-o-complice-degli-attacchi-abortisti-ai-pro-life#breadcrumb","itemListElement":[{"@type":"ListItem","position":1,"name":"Home","item":"https:\/\/ifamnews.com\/de"},{"@type":"ListItem","position":2,"name":"Politics","item":"https:\/\/ifamnews.com\/en\/category\/politics"},{"@type":"ListItem","position":3,"name":"Il Dipartimento di (in)Giustizia USA chiaramente incapace o complice degli attacchi abortisti ai pro life"}]},{"@type":"WebSite","@id":"https:\/\/ifamnews.com\/en\/#website","url":"https:\/\/ifamnews.com\/en\/","name":"IFN","description":"International Family News Network","publisher":{"@id":"https:\/\/ifamnews.com\/en\/#organization"},"potentialAction":[{"@type":"SearchAction","target":{"@type":"EntryPoint","urlTemplate":"https:\/\/ifamnews.com\/en\/?s={search_term_string}"},"query-input":{"@type":"PropertyValueSpecification","valueRequired":true,"valueName":"search_term_string"}}],"inLanguage":"it-IT"},{"@type":"Organization","@id":"https:\/\/ifamnews.com\/en\/#organization","name":"iFamNews","url":"https:\/\/ifamnews.com\/en\/","logo":{"@type":"ImageObject","inLanguage":"it-IT","@id":"https:\/\/ifamnews.com\/en\/#\/schema\/logo\/image\/","url":"https:\/\/ifamnews.com\/wp-content\/uploads\/2020\/01\/Share-logo.png","contentUrl":"https:\/\/ifamnews.com\/wp-content\/uploads\/2020\/01\/Share-logo.png","width":200,"height":200,"caption":"iFamNews"},"image":{"@id":"https:\/\/ifamnews.com\/en\/#\/schema\/logo\/image\/"},"sameAs":["https:\/\/www.facebook.com\/iFamNews","https:\/\/x.com\/iFamNewsEN"]},{"@type":"Person","@id":"https:\/\/ifamnews.com\/en\/#\/schema\/person\/bed5b7c6161f317421caa94dc3be6a53","name":"Luca Volont\u00e8","image":{"@type":"ImageObject","inLanguage":"it-IT","@id":"https:\/\/secure.gravatar.com\/avatar\/354ed6bca06f9968278e6eb25fa8a123306c69f5c50f711836cf12e6c8ecbbf6?s=96&d=mm&r=g","url":"https:\/\/secure.gravatar.com\/avatar\/354ed6bca06f9968278e6eb25fa8a123306c69f5c50f711836cf12e6c8ecbbf6?s=96&d=mm&r=g","contentUrl":"https:\/\/secure.gravatar.com\/avatar\/354ed6bca06f9968278e6eb25fa8a123306c69f5c50f711836cf12e6c8ecbbf6?s=96&d=mm&r=g","caption":"Luca Volont\u00e8"},"description":"Luca Volont\u00e8 was an Italian parliamentarian from 1996 to 2013, and served as president of the PPE-CD at the Assembly of the Council of Europe. Publicly engaged for decades in the promotion of life, family and religious and educational freedom, Luca\u00a0 has served as a board member for various international organizations promoting Christian values and human rights, including his current role as a board member of the International Organization for the Family. He has authored books and essays for the Novae Terrae series by the publisher Rubbettino; he has been a correspondent for several Italian newspapers, and currently collaborates with La nuova Bussola Quotidiana, an online newspaper. He is a also a great bicycle enthusiast.","sameAs":["https:\/\/facebook.com\/lvolonte1","https:\/\/x.com\/https:\/\/twitter.com\/l_volonte"],"url":"https:\/\/ifamnews.com\/it\/author\/lvolonte"}]}},"amp_enabled":true,"_links":{"self":[{"href":"https:\/\/ifamnews.com\/it\/wp-json\/wp\/v2\/posts\/186298","targetHints":{"allow":["GET"]}}],"collection":[{"href":"https:\/\/ifamnews.com\/it\/wp-json\/wp\/v2\/posts"}],"about":[{"href":"https:\/\/ifamnews.com\/it\/wp-json\/wp\/v2\/types\/post"}],"author":[{"embeddable":true,"href":"https:\/\/ifamnews.com\/it\/wp-json\/wp\/v2\/users\/54"}],"replies":[{"embeddable":true,"href":"https:\/\/ifamnews.com\/it\/wp-json\/wp\/v2\/comments?post=186298"}],"version-history":[{"count":1,"href":"https:\/\/ifamnews.com\/it\/wp-json\/wp\/v2\/posts\/186298\/revisions"}],"predecessor-version":[{"id":186319,"href":"https:\/\/ifamnews.com\/it\/wp-json\/wp\/v2\/posts\/186298\/revisions\/186319"}],"wp:featuredmedia":[{"embeddable":true,"href":"https:\/\/ifamnews.com\/it\/wp-json\/wp\/v2\/media\/186310"}],"wp:attachment":[{"href":"https:\/\/ifamnews.com\/it\/wp-json\/wp\/v2\/media?parent=186298"}],"wp:term":[{"taxonomy":"category","embeddable":true,"href":"https:\/\/ifamnews.com\/it\/wp-json\/wp\/v2\/categories?post=186298"},{"taxonomy":"post_tag","embeddable":true,"href":"https:\/\/ifamnews.com\/it\/wp-json\/wp\/v2\/tags?post=186298"}],"curies":[{"name":"wp","href":"https:\/\/api.w.org\/{rel}","templated":true}]}}