{"id":184306,"date":"2023-02-24T05:32:00","date_gmt":"2023-02-24T10:32:00","guid":{"rendered":"https:\/\/ifamnews.com\/?p=184306"},"modified":"2023-02-24T05:32:03","modified_gmt":"2023-02-24T10:32:03","slug":"aperto-il-concorso-per-una-mostra-a-tema-pro-vita-in-serbia","status":"publish","type":"post","link":"https:\/\/ifamnews.com\/it\/aperto-il-concorso-per-una-mostra-a-tema-pro-vita-in-serbia","title":{"rendered":"Aperto il concorso per una mostra a tema pro-vita in Serbia"},"content":{"rendered":"\n<p>Dall&#8217;11 al 14 maggio si terr\u00e0 a Belgrado un importante evento pro-vita: il Pro-Life Worldwide Summit. Secondo il  <a href=\"https:\/\/prolifeworldwide.net\/\" target=\"_blank\" rel=\"noreferrer noopener\">Sito web del Summit<\/a>: &#8220;In questi tempi drammatici pensiamo che sia utile e importante avere un congresso globale e conoscerci meglio, per scambiare le nostre esperienze, imparare nuovi metodi di azione e acquisire nuova forza e motivazione per nuove lotte e vittorie per i bambini non nati&#8221;.<\/p>\n\n\n\n<p>Uno dei modi per pubblicizzare l&#8217;evento e sottolineare l&#8217;importanza della posizione pro-life, che \u00e8 la pietra angolare della cultura della vita e si pone in netto contrasto con l&#8217;onnipresente cultura della morte, sar\u00e0 la mostra che mira a riunire artisti di varie categorie, grafici e produttori video.<\/p>\n\n\n\n<p>Il bando di concorso \u00e8 riportato di seguito.<\/p>\n\n\n\n<figure class=\"wp-block-video aligncenter\"><video controls src=\"https:\/\/prolifeworldwide.net\/wp-content\/uploads\/2023\/01\/Promotional-video-Blue.mp4\"><\/video><figcaption><strong>Concorso per la partecipazione alla mostra internazionale<br>&#8220;Il fiume dell&#8217;umanit\u00e0 si rinnova e si purifica nei bambini&#8221;.<\/strong><\/figcaption><\/figure>\n\n\n\n<p class=\"has-text-align-center\"><\/p>\n\n\n\n<p>Vi invitiamo a partecipare alla mostra &#8220;Il fiume dell&#8217;umanit\u00e0 si rinnova e si purifica nei bambini&#8221; che si terr\u00e0 nell&#8217;ambito del Vertice internazionale pro-vita a Belgrado dall&#8217;11 al 14 maggio 2023.<\/p>\n\n\n\n<p>Il concetto della mostra si basa sulle parole del vincitore del premio Nobel , lo scrittore serbo Ivo Andri\u0107: &#8220;Il fiume dell&#8217;umanit\u00e0 si rinnova e si purifica nei bambini&#8221;. Non esiste una persona che non sia stata un bambino. Tuttavia, la societ\u00e0 moderna, cercando di produrre il maggior numero possibile di diritti legali per proteggere le persone, ha privato di tale protezione la fonte stessa dell&#8217;umanit\u00e0, i nostri bambini, soprattutto quelli non ancora nati. Se siete ispirati dal tema della famiglia tradizionale, della maternit\u00e0 e della paternit\u00e0, nonch\u00e9 dal miracolo della nascita della vita, visibile nei bambini, inviateci le vostre opere in modo da poter illustrare insieme la gioia della vita al Vertice di Belgrado nel maggio 2023.<\/p>\n\n\n\n<p>Categorie di partecipazione:<br>Pittura<br>Disegno<br>Tecniche di stampa a mano<br>Arte della chiesa<br>Animazione<br>Film<br>Fotografia<br>Arte digitale<\/p>\n\n\n\n<p>Regole per la presentazione delle opere:<\/p>\n\n\n\n<ol class=\"wp-block-list\" type=\"1\"><li>Le foto devono essere inviate in formato JPG, con una risoluzione di 300 dpi, all&#8217;indirizzo e-mail<a href=\"https:\/\/prolifeworldwide.net\/conference-pro-life\/competition-for-participation-in-the-international-exhibitionthe-river-of-humanity-is-renewed-and-purified-in-children\/prolife.ehxibition@gmail.com\" target=\"_blank\" rel=\"noreferrer noopener\"> prolife.ehxibition@gmail.com<\/a>.<\/li><li>Le foto devono essere nominate come segue: nome_cognome_tecnica_dimensioni_anno di creazione (es. John Thomas_pastello_50x45_2022)<\/li><li>Le opere devono essere fotografate frontalmente e ritagliate correttamente, in modo che non ci sia uno sfondo in eccesso, cio\u00e8 in modo che sia a fuoco solo l&#8217;opera del creatore.<\/li><li>I partecipanti devono compilare il modulo di iscrizione con tutti i dati necessari e inviarlo insieme alle foto via e-mail a <a href=\"mailto:prolife.ehxibition@gmail.com\" target=\"_blank\" rel=\"noreferrer noopener\">prolife.ehxibition@gmail.com.<\/a> \u00c8 possibile scaricare il modulo di candidatura <a href=\"https:\/\/drive.google.com\/uc?export=download&amp;id=1rU82wm2v7hAyqoxsk8uk-CmlRrHiBYl3\" target=\"_blank\" rel=\"noreferrer noopener\">QUI<\/a>.<br>Si prega di salvare le modifiche in PDF e di inviarle in tale formato insieme alle fotografie delle opere per la mostra.<\/li><li>Animazione e film: si accettano cortometraggi per la valutazione.<br>Se avete dei lungometraggi, scriveteci via e-mail, perch\u00e9 siamo interessati a tutte le creazioni che hanno come tema la famiglia tradizionale e la vita di un bambino, tuttavia non entrano nella procedura di concorso.<\/li><\/ol>\n\n\n\n<p><strong>Scadenza per la presentazione delle domande<\/strong><br>Il concorso \u00e8 aperto dal 15 gennaio al 30 aprile 2023.<br>Le opere presentate dopo tale data non faranno parte della giuria e non saranno quindi accettate per l&#8217;esposizione.<\/p>\n\n\n\n<p>Nota: partecipando alla mostra, gli artisti acconsentono alla pubblicazione e alla riproduzione delle loro opere ai fini della promozione della mostra e del Summit (compresi i social network). Questo consenso non ha limiti geografici o temporali.<\/p>\n\n\n\n<p>Obblighi dell&#8217;organizzatore:<\/p>\n\n\n\n<ol class=\"wp-block-list\" type=\"1\"><li>I partecipanti alla mostra saranno informati tempestivamente dei risultati del concorso via e-mail.<\/li><li>Tutti i partecipanti riceveranno un catalogo della mostra in formato elettronico e un certificato di partecipazione.<\/li><li>Le opere selezionate riceveranno un certificato di premiazione.<\/li><li>Le opere che faranno parte della mostra saranno pubblicate sul sito web del Summit, con tutte le informazioni sull&#8217;artista e i suoi contatti. Le opere premiate saranno esposte come stampe digitali nei locali del Summit.<\/li><\/ol>\n\n\n\n<p>Autore della mostra: Artista M.A. Milica Mi\u0161i\u0107<br>Se avete dei dubbi, scrivete a <a href=\"mailto:prolife.ehxibition@gmail.com\" target=\"_blank\" rel=\"noreferrer noopener\">prolife.ehxibition@gmail.com<\/a>.<br>Per maggiori informazioni sul Summit, visitare il sito web <a href=\"https:\/\/prolifeworldwide.net\/\" target=\"_blank\" rel=\"noreferrer noopener\">https:\/\/prolifeworldwide.net\/<\/a>.<\/p>\n","protected":false},"excerpt":{"rendered":"<p>Il concetto della mostra si basa sulle parole del premio Nobel serbo, lo scrittore Ivo Andri\u0107: &#8220;Il fiume dell&#8217;umanit\u00e0 si rinnova e si purifica nei bambini&#8221;.  <\/p>\n","protected":false},"author":147,"featured_media":184205,"comment_status":"open","ping_status":"open","sticky":false,"template":"","format":"standard","meta":{"give_campaign_id":0,"om_disable_all_campaigns":false,"_monsterinsights_skip_tracking":false,"_monsterinsights_sitenote_active":false,"_monsterinsights_sitenote_note":"","_monsterinsights_sitenote_category":0,"mc4wp_mailchimp_campaign":[],"jnews-multi-image_gallery":[],"jnews_single_post":{"subtitle":"Il concetto della mostra si basa sulle parole del premio Nobel serbo, lo scrittore Ivo Andri\u0107: \"Il fiume dell'umanit\u00e0 si rinnova e si purifica nei bambini\".  ","format":"standard","video":"","gallery":"","source_name":"","source_url":"","via_name":"","via_url":"","override_template":"0","override":[{"template":"2","single_blog_custom":"","parallax":"1","fullscreen":"1","layout":"right-sidebar-narrow","sidebar":"default-sidebar","second_sidebar":"default-sidebar","sticky_sidebar":"1","share_position":"float","share_float_style":"share-normal","show_share_counter":"1","show_view_counter":"1","show_featured":"1","show_post_meta":"1","show_post_author":"1","show_post_author_image":"1","show_post_date":"1","post_date_format":"default","post_date_format_custom":"Y\/m\/d","show_post_category":"1","show_post_reading_time":"1","post_reading_time_wpm":"300","show_zoom_button":"0","zoom_button_out_step":"2","zoom_button_in_step":"3","show_post_tag":"1","show_prev_next_post":"0","show_popup_post":"0","number_popup_post":"1","show_author_box":"1","show_post_related":"0","show_inline_post_related":"0"}],"override_image_size":"0","image_override":[{"single_post_thumbnail_size":"crop-715","single_post_gallery_size":"crop-715"}],"trending_post":"0","trending_post_position":"meta","trending_post_label":"Trending","sponsored_post":"0","sponsored_post_label":"Sponsored by","sponsored_post_name":"","sponsored_post_url":"","sponsored_post_logo_enable":"0","sponsored_post_logo":"","sponsored_post_desc":"","disable_ad":"0"},"jnews_primary_category":{"id":"764"},"jnews_social_meta":{"fb_title":"","fb_description":"","fb_image":"","twitter_title":"","twitter_description":"","twitter_image":""},"jnews_override_counter":{"override_view_counter":"0","view_counter_number":"0","override_share_counter":"0","share_counter_number":"0","override_like_counter":"0","like_counter_number":"0","override_dislike_counter":"0","dislike_counter_number":"0"},"footnotes":""},"categories":[764,951],"tags":[23886,18718,23929,21228,2581,23928],"class_list":["post-184306","post","type-post","status-publish","format-standard","has-post-thumbnail","hentry","category-cultura","category-foreground-it","tag-aborto-it-5","tag-diritto-alla-vita-it","tag-mostra","tag-pro-vita","tag-serbia-2","tag-vertice-mondiale-pro-vita"],"yoast_head":"<!-- This site is optimized with the Yoast SEO Premium plugin v25.9 (Yoast SEO v27.3) - https:\/\/yoast.com\/product\/yoast-seo-premium-wordpress\/ -->\n<title>Aperto il concorso per una mostra a tema pro-vita in Serbia - IFN<\/title>\n<meta name=\"description\" content=\"Il concetto della mostra si basa sulle parole del premio Nobel serbo, lo scrittore Ivo Andri\u0107: &quot;Il fiume dell&#039;umanit\u00e0 si rinnova e si purifica nei bambini&quot;.\" \/>\n<meta name=\"robots\" content=\"index, follow, max-snippet:-1, max-image-preview:large, max-video-preview:-1\" \/>\n<link rel=\"canonical\" href=\"https:\/\/ifamnews.com\/it\/aperto-il-concorso-per-una-mostra-a-tema-pro-vita-in-serbia\" \/>\n<meta property=\"og:locale\" content=\"it_IT\" \/>\n<meta property=\"og:type\" content=\"article\" \/>\n<meta property=\"og:title\" content=\"Aperto il concorso per una mostra a tema pro-vita in Serbia\" \/>\n<meta property=\"og:description\" content=\"Il concetto della mostra si basa sulle parole del premio Nobel serbo, lo scrittore Ivo Andri\u0107: &quot;Il fiume dell&#039;umanit\u00e0 si rinnova e si purifica nei bambini&quot;.\" \/>\n<meta property=\"og:url\" content=\"https:\/\/ifamnews.com\/it\/aperto-il-concorso-per-una-mostra-a-tema-pro-vita-in-serbia\" \/>\n<meta property=\"og:site_name\" content=\"IFN\" \/>\n<meta property=\"article:publisher\" content=\"https:\/\/www.facebook.com\/iFamNews\" \/>\n<meta property=\"article:author\" content=\"https:\/\/www.facebook.com\/iFamNews\/\" \/>\n<meta property=\"article:published_time\" content=\"2023-02-24T10:32:00+00:00\" \/>\n<meta property=\"article:modified_time\" content=\"2023-02-24T10:32:03+00:00\" \/>\n<meta property=\"og:image\" content=\"https:\/\/ifamnews.com\/wp-content\/uploads\/2023\/02\/Pro-life-Summit-Belgrade.png\" \/>\n\t<meta property=\"og:image:width\" content=\"1200\" \/>\n\t<meta property=\"og:image:height\" content=\"675\" \/>\n\t<meta property=\"og:image:type\" content=\"image\/png\" \/>\n<meta name=\"author\" content=\"iFamNews Serbia\" \/>\n<meta name=\"twitter:card\" content=\"summary_large_image\" \/>\n<meta name=\"twitter:creator\" content=\"@https:\/\/twitter.com\/ifamnewsrs\/\" \/>\n<meta name=\"twitter:site\" content=\"@iFamNewsEN\" \/>\n<meta name=\"twitter:label1\" content=\"Scritto da\" \/>\n\t<meta name=\"twitter:data1\" content=\"iFamNews Serbia\" \/>\n\t<meta name=\"twitter:label2\" content=\"Tempo di lettura stimato\" \/>\n\t<meta name=\"twitter:data2\" content=\"4 minuti\" \/>\n<!-- \/ Yoast SEO Premium plugin. -->","yoast_head_json":{"title":"Aperto il concorso per una mostra a tema pro-vita in Serbia - IFN","description":"Il concetto della mostra si basa sulle parole del premio Nobel serbo, lo scrittore Ivo Andri\u0107: \"Il fiume dell'umanit\u00e0 si rinnova e si purifica nei bambini\".","robots":{"index":"index","follow":"follow","max-snippet":"max-snippet:-1","max-image-preview":"max-image-preview:large","max-video-preview":"max-video-preview:-1"},"canonical":"https:\/\/ifamnews.com\/it\/aperto-il-concorso-per-una-mostra-a-tema-pro-vita-in-serbia","og_locale":"it_IT","og_type":"article","og_title":"Aperto il concorso per una mostra a tema pro-vita in Serbia","og_description":"Il concetto della mostra si basa sulle parole del premio Nobel serbo, lo scrittore Ivo Andri\u0107: \"Il fiume dell'umanit\u00e0 si rinnova e si purifica nei bambini\".","og_url":"https:\/\/ifamnews.com\/it\/aperto-il-concorso-per-una-mostra-a-tema-pro-vita-in-serbia","og_site_name":"IFN","article_publisher":"https:\/\/www.facebook.com\/iFamNews","article_author":"https:\/\/www.facebook.com\/iFamNews\/","article_published_time":"2023-02-24T10:32:00+00:00","article_modified_time":"2023-02-24T10:32:03+00:00","og_image":[{"width":1200,"height":675,"url":"https:\/\/ifamnews.com\/wp-content\/uploads\/2023\/02\/Pro-life-Summit-Belgrade.png","type":"image\/png"}],"author":"iFamNews Serbia","twitter_card":"summary_large_image","twitter_creator":"@https:\/\/twitter.com\/ifamnewsrs\/","twitter_site":"@iFamNewsEN","twitter_misc":{"Scritto da":"iFamNews Serbia","Tempo di lettura stimato":"4 minuti"},"schema":{"@context":"https:\/\/schema.org","@graph":[{"@type":"NewsArticle","@id":"https:\/\/ifamnews.com\/it\/aperto-il-concorso-per-una-mostra-a-tema-pro-vita-in-serbia#article","isPartOf":{"@id":"https:\/\/ifamnews.com\/it\/aperto-il-concorso-per-una-mostra-a-tema-pro-vita-in-serbia"},"author":{"name":"iFamNews Serbia","@id":"https:\/\/ifamnews.com\/en\/#\/schema\/person\/38b9f44fbc0a98257b4be4a648a4c6c7"},"headline":"Aperto il concorso per una mostra a tema pro-vita in Serbia","datePublished":"2023-02-24T10:32:00+00:00","dateModified":"2023-02-24T10:32:03+00:00","mainEntityOfPage":{"@id":"https:\/\/ifamnews.com\/it\/aperto-il-concorso-per-una-mostra-a-tema-pro-vita-in-serbia"},"wordCount":657,"commentCount":0,"publisher":{"@id":"https:\/\/ifamnews.com\/en\/#organization"},"image":{"@id":"https:\/\/ifamnews.com\/it\/aperto-il-concorso-per-una-mostra-a-tema-pro-vita-in-serbia#primaryimage"},"thumbnailUrl":"https:\/\/ifamnews.com\/wp-content\/uploads\/2023\/02\/Pro-life-Summit-Belgrade.png","keywords":["aborto","diritto alla vita","mostra","Pro-vita","Serbia","Vertice mondiale pro-vita"],"articleSection":["Cultura","In evidenza"],"inLanguage":"it-IT","potentialAction":[{"@type":"CommentAction","name":"Comment","target":["https:\/\/ifamnews.com\/it\/aperto-il-concorso-per-una-mostra-a-tema-pro-vita-in-serbia#respond"]}]},{"@type":"WebPage","@id":"https:\/\/ifamnews.com\/it\/aperto-il-concorso-per-una-mostra-a-tema-pro-vita-in-serbia","url":"https:\/\/ifamnews.com\/it\/aperto-il-concorso-per-una-mostra-a-tema-pro-vita-in-serbia","name":"Aperto il concorso per una mostra a tema pro-vita in Serbia - IFN","isPartOf":{"@id":"https:\/\/ifamnews.com\/en\/#website"},"primaryImageOfPage":{"@id":"https:\/\/ifamnews.com\/it\/aperto-il-concorso-per-una-mostra-a-tema-pro-vita-in-serbia#primaryimage"},"image":{"@id":"https:\/\/ifamnews.com\/it\/aperto-il-concorso-per-una-mostra-a-tema-pro-vita-in-serbia#primaryimage"},"thumbnailUrl":"https:\/\/ifamnews.com\/wp-content\/uploads\/2023\/02\/Pro-life-Summit-Belgrade.png","datePublished":"2023-02-24T10:32:00+00:00","dateModified":"2023-02-24T10:32:03+00:00","description":"Il concetto della mostra si basa sulle parole del premio Nobel serbo, lo scrittore Ivo Andri\u0107: \"Il fiume dell'umanit\u00e0 si rinnova e si purifica nei bambini\".","breadcrumb":{"@id":"https:\/\/ifamnews.com\/it\/aperto-il-concorso-per-una-mostra-a-tema-pro-vita-in-serbia#breadcrumb"},"inLanguage":"it-IT","potentialAction":[{"@type":"ReadAction","target":["https:\/\/ifamnews.com\/it\/aperto-il-concorso-per-una-mostra-a-tema-pro-vita-in-serbia"]}]},{"@type":"ImageObject","inLanguage":"it-IT","@id":"https:\/\/ifamnews.com\/it\/aperto-il-concorso-per-una-mostra-a-tema-pro-vita-in-serbia#primaryimage","url":"https:\/\/ifamnews.com\/wp-content\/uploads\/2023\/02\/Pro-life-Summit-Belgrade.png","contentUrl":"https:\/\/ifamnews.com\/wp-content\/uploads\/2023\/02\/Pro-life-Summit-Belgrade.png","width":1200,"height":675},{"@type":"BreadcrumbList","@id":"https:\/\/ifamnews.com\/it\/aperto-il-concorso-per-una-mostra-a-tema-pro-vita-in-serbia#breadcrumb","itemListElement":[{"@type":"ListItem","position":1,"name":"Home","item":"https:\/\/ifamnews.com\/de"},{"@type":"ListItem","position":2,"name":"In evidenza","item":"https:\/\/ifamnews.com\/it\/categoria\/foreground-it"},{"@type":"ListItem","position":3,"name":"Aperto il concorso per una mostra a tema pro-vita in Serbia"}]},{"@type":"WebSite","@id":"https:\/\/ifamnews.com\/en\/#website","url":"https:\/\/ifamnews.com\/en\/","name":"IFN","description":"International Family News Network","publisher":{"@id":"https:\/\/ifamnews.com\/en\/#organization"},"potentialAction":[{"@type":"SearchAction","target":{"@type":"EntryPoint","urlTemplate":"https:\/\/ifamnews.com\/en\/?s={search_term_string}"},"query-input":{"@type":"PropertyValueSpecification","valueRequired":true,"valueName":"search_term_string"}}],"inLanguage":"it-IT"},{"@type":"Organization","@id":"https:\/\/ifamnews.com\/en\/#organization","name":"iFamNews","url":"https:\/\/ifamnews.com\/en\/","logo":{"@type":"ImageObject","inLanguage":"it-IT","@id":"https:\/\/ifamnews.com\/en\/#\/schema\/logo\/image\/","url":"https:\/\/ifamnews.com\/wp-content\/uploads\/2020\/01\/Share-logo.png","contentUrl":"https:\/\/ifamnews.com\/wp-content\/uploads\/2020\/01\/Share-logo.png","width":200,"height":200,"caption":"iFamNews"},"image":{"@id":"https:\/\/ifamnews.com\/en\/#\/schema\/logo\/image\/"},"sameAs":["https:\/\/www.facebook.com\/iFamNews","https:\/\/x.com\/iFamNewsEN"]},{"@type":"Person","@id":"https:\/\/ifamnews.com\/en\/#\/schema\/person\/38b9f44fbc0a98257b4be4a648a4c6c7","name":"iFamNews Serbia","image":{"@type":"ImageObject","inLanguage":"it-IT","@id":"https:\/\/secure.gravatar.com\/avatar\/99ffa49a21d431d6aeee0715754531add434e23f2be9343a3a657079223070ee?s=96&d=mm&r=g","url":"https:\/\/secure.gravatar.com\/avatar\/99ffa49a21d431d6aeee0715754531add434e23f2be9343a3a657079223070ee?s=96&d=mm&r=g","contentUrl":"https:\/\/secure.gravatar.com\/avatar\/99ffa49a21d431d6aeee0715754531add434e23f2be9343a3a657079223070ee?s=96&d=mm&r=g","caption":"iFamNews Serbia"},"description":"Articles published by the Serbian iFamNews editorial team.","sameAs":["https:\/\/ifamnews.com\/sr","https:\/\/www.facebook.com\/iFamNews\/","https:\/\/x.com\/https:\/\/twitter.com\/ifamnewsrs\/","https:\/\/www.youtube.com\/channel\/UCsaU2Y6NFHzMOlJNpDK62dw"],"url":"https:\/\/ifamnews.com\/it\/author\/redakcija"}]}},"amp_enabled":true,"_links":{"self":[{"href":"https:\/\/ifamnews.com\/it\/wp-json\/wp\/v2\/posts\/184306","targetHints":{"allow":["GET"]}}],"collection":[{"href":"https:\/\/ifamnews.com\/it\/wp-json\/wp\/v2\/posts"}],"about":[{"href":"https:\/\/ifamnews.com\/it\/wp-json\/wp\/v2\/types\/post"}],"author":[{"embeddable":true,"href":"https:\/\/ifamnews.com\/it\/wp-json\/wp\/v2\/users\/147"}],"replies":[{"embeddable":true,"href":"https:\/\/ifamnews.com\/it\/wp-json\/wp\/v2\/comments?post=184306"}],"version-history":[{"count":2,"href":"https:\/\/ifamnews.com\/it\/wp-json\/wp\/v2\/posts\/184306\/revisions"}],"predecessor-version":[{"id":184433,"href":"https:\/\/ifamnews.com\/it\/wp-json\/wp\/v2\/posts\/184306\/revisions\/184433"}],"wp:featuredmedia":[{"embeddable":true,"href":"https:\/\/ifamnews.com\/it\/wp-json\/wp\/v2\/media\/184205"}],"wp:attachment":[{"href":"https:\/\/ifamnews.com\/it\/wp-json\/wp\/v2\/media?parent=184306"}],"wp:term":[{"taxonomy":"category","embeddable":true,"href":"https:\/\/ifamnews.com\/it\/wp-json\/wp\/v2\/categories?post=184306"},{"taxonomy":"post_tag","embeddable":true,"href":"https:\/\/ifamnews.com\/it\/wp-json\/wp\/v2\/tags?post=184306"}],"curies":[{"name":"wp","href":"https:\/\/api.w.org\/{rel}","templated":true}]}}