{"id":181978,"date":"2023-02-13T06:07:00","date_gmt":"2023-02-13T11:07:00","guid":{"rendered":"https:\/\/ifamnews.com\/?p=181978"},"modified":"2023-02-12T18:10:24","modified_gmt":"2023-02-12T23:10:24","slug":"il-nostro-pane-quotidiano","status":"publish","type":"post","link":"https:\/\/ifamnews.com\/it\/il-nostro-pane-quotidiano","title":{"rendered":"IL NOSTRO PANE QUOTIDIANO"},"content":{"rendered":"\n<p>Branko \u0106opi\u0107 nel suo racconto &#8220;Il mulino al ruscello&#8221; racconta come suo nonno Rade, quando mor\u00ec sua moglie, confessava al mulino dove macinava il grano: &#8220;Il mulino, per esempio, per mio nonno \u00e8 sempre stato come un piccolo santuario verso cui a volte bisogna camminare per ricevere dalle sue mani generose la farina per \u00abil nostro pane quotidiano\u00bb. Quel bonario vecchio dai capelli grigi &#8211; un mago che vive in un salice sull&#8217;acqua, sempre sveglio &#8211; \u00e8 sempre pronto ad ascoltare il guaio di tutti. Puoi confidarti con lui apertamente e senza esitazione, come se fosse il tuo parente pi\u00f9 stretto. Quando \u00e8 morta la nonna Milica, il vecchio depresso  per lungo tempo si trovava diversi lavori, tutti lontano da casa, lontano dagli occhi della gente. Nascondeva, infatti, la sua tristezza, senza contare che \u00e8 un po&#8217; vergognoso che un uomo serio soffra per sua moglie. Almeno c&#8217;\u00e8 una scelta di cavolo, te lo offrono da ogni parte. Fu durante quei giorni invernali che mio nonno era pi\u00f9 solo nel nostro vicino mulino. Si siede cos\u00ec su un duro campo soleggiato di fronte al mulino imbiancato, sospira, e il sospiro non si sente, allo stesso tempo si confonde con il ronzio operoso e allegro del mulino e della ruota giocosa. Bene, caro mio, le cose stanno cos\u00ec. Mia defunta moglie, per essere onesti, era la persona di vari tipi, lo so molto bene. E voleva darsi al bere, Dio benedica la sua anima, una volta  quasi incendi\u00f2 la casa. Beh, mi dispiace ancora, lo dico solo a te. Mi dispiace molto. E ancora un sospiro che nemmeno il nonno stesso lo sente o  ne era a conoscenza. Tutto era assorbito e portato via da un ululato instancabile. Il mulinetto lo conforta nel modo migliore: toglie la voce alla tristezza, la fa tacere e l&#8217;assorda. &#8211; Ascoltami, vecchio, ti dir\u00f2&#8230; E cos\u00ec giorno dopo giorno: le lamentele del nonno  si fanno sempre pi\u00f9 brevi e sommesse, finch\u00e9 alla fine si riducono a borbottii e cenni del capo. Il vecchio riceve consolazione e fa pace con la vita, con la tristezza, con la sua solitudine.&#8221; <\/p>\n\n\n\n<p>Cos\u00ec scriveva Branko \u0106opi\u0107 di suo nonno e del suo rispetto per il mulino come un tempio, a cui puoi confessare dei tuoi tormenti, perch\u00e9 macina il grano in farina per il pane quotidiano. <\/p>\n\n\n\n<p>E me ne ricordo di mio nonno, Radomir Lu\u010di\u0107 di Kulinovac vicino a \u010ca\u010dak, quante volte stava dicendo che moriremo di fame perch\u00e9 in citt\u00e0 il pane viene gettato nella spazzatura. I nonni non ci lasciavano calpestare le briciole di pane sul pavimento di legno. <\/p>\n\n\n\n<p>E mio padre mangiava pane d&#8217;avena, fatto con la farina non raffinata, insieme con  l&#8217;ortica non salata. Quando qualcuno ti compra una focaccia (che si capitava raramente, molto raramente), tieni un pezzo di pane con entrambe le mani, quindi pensi che ci sia pane in una mano e formaggio nell&#8217;altra. <\/p>\n\n\n\n<p>Abbiamo dimenticato tutto questo. <\/p>\n\n\n\n<p>E non dovevamo dimenticarlo, perch\u00e9 chiss\u00e0 che tempo verr\u00e0, e chiss\u00e0 se ci sar\u00e0 la fame come una volta. <\/p>\n\n\n\n<p>Quindi veneriamo il pane. Quel rispetto ci riporter\u00e0 tra la gente. <\/p>\n\n\n\n<p>Fonte: Pravda<\/p>\n","protected":false},"excerpt":{"rendered":"<p>E me ne ricordo di mio nonno, Radomir Lu\u010di\u0107 di Kulinovac vicino a \u010ca\u010dak, quante volte stava dicendo che moriremo di fame perch\u00e9 in citt\u00e0 il pane viene gettato nella spazzatura. I nonni non ci lasciavano calpestare le briciole di pane sul pavimento di legno<\/p>\n","protected":false},"author":128,"featured_media":181965,"comment_status":"open","ping_status":"open","sticky":false,"template":"","format":"standard","meta":{"give_campaign_id":0,"om_disable_all_campaigns":false,"_monsterinsights_skip_tracking":false,"_monsterinsights_sitenote_active":false,"_monsterinsights_sitenote_note":"","_monsterinsights_sitenote_category":0,"mc4wp_mailchimp_campaign":[],"jnews-multi-image_gallery":[],"jnews_single_post":{"subtitle":"E me ne ricordo di mio nonno, Radomir Lu\u010di\u0107 di Kulinovac vicino a \u010ca\u010dak, quante volte stava dicendo che moriremo di fame perch\u00e9 in citt\u00e0 il pane viene gettato nella spazzatura. I nonni non ci lasciavano calpestare le briciole di pane sul pavimento di legno","format":"standard","video":"","gallery":"","source_name":"","source_url":"","via_name":"","via_url":"","override_template":"0","override":[{"template":"2","single_blog_custom":"","parallax":"1","fullscreen":"1","layout":"right-sidebar-narrow","sidebar":"default-sidebar","second_sidebar":"default-sidebar","sticky_sidebar":"1","share_position":"float","share_float_style":"share-normal","show_share_counter":"1","show_view_counter":"1","show_featured":"1","show_post_meta":"1","show_post_author":"1","show_post_author_image":"1","show_post_date":"1","post_date_format":"default","post_date_format_custom":"Y\/m\/d","show_post_category":"1","show_post_reading_time":"1","post_reading_time_wpm":"300","show_zoom_button":"0","zoom_button_out_step":"2","zoom_button_in_step":"3","show_post_tag":"1","show_prev_next_post":"0","show_popup_post":"0","number_popup_post":"1","show_author_box":"1","show_post_related":"0","show_inline_post_related":"0"}],"override_image_size":"0","image_override":[{"single_post_thumbnail_size":"crop-715","single_post_gallery_size":"crop-715"}],"trending_post":"0","trending_post_position":"meta","trending_post_label":"Trending","sponsored_post":"0","sponsored_post_label":"Sponsored by","sponsored_post_name":"","sponsored_post_url":"","sponsored_post_logo_enable":"0","sponsored_post_logo":"","sponsored_post_desc":"","disable_ad":"0"},"jnews_primary_category":{"id":"764"},"jnews_social_meta":{"fb_title":"","fb_description":"","fb_image":"","twitter_title":"","twitter_description":"","twitter_image":""},"jnews_override_counter":{"override_view_counter":"0","view_counter_number":"0","override_share_counter":"0","share_counter_number":"0","override_like_counter":"0","like_counter_number":"0","override_dislike_counter":"0","dislike_counter_number":"0"},"footnotes":""},"categories":[764,951],"tags":[6695,23431,23432],"class_list":["post-181978","post","type-post","status-publish","format-standard","has-post-thumbnail","hentry","category-cultura","category-foreground-it","tag-family-it","tag-matrimonio-it-2","tag-pane"],"yoast_head":"<!-- This site is optimized with the Yoast SEO Premium plugin v25.9 (Yoast SEO v27.3) - https:\/\/yoast.com\/product\/yoast-seo-premium-wordpress\/ -->\n<title>IL NOSTRO PANE QUOTIDIANO - IFN<\/title>\n<meta name=\"description\" content=\"E me ne ricordo di mio nonno, Radomir Lu\u010di\u0107 di Kulinovac vicino a \u010ca\u010dak, quante volte stava dicendo che moriremo di fame perch\u00e9 in citt\u00e0 il pane viene gettato nella spazzatura. I nonni non ci lasciavano calpestare le briciole di pane sul pavimento di legno\" \/>\n<meta name=\"robots\" content=\"index, follow, max-snippet:-1, max-image-preview:large, max-video-preview:-1\" \/>\n<link rel=\"canonical\" href=\"https:\/\/ifamnews.com\/it\/il-nostro-pane-quotidiano\" \/>\n<meta property=\"og:locale\" content=\"it_IT\" \/>\n<meta property=\"og:type\" content=\"article\" \/>\n<meta property=\"og:title\" content=\"IL NOSTRO PANE QUOTIDIANO\" \/>\n<meta property=\"og:description\" content=\"E me ne ricordo di mio nonno, Radomir Lu\u010di\u0107 di Kulinovac vicino a \u010ca\u010dak, quante volte stava dicendo che moriremo di fame perch\u00e9 in citt\u00e0 il pane viene gettato nella spazzatura. I nonni non ci lasciavano calpestare le briciole di pane sul pavimento di legno\" \/>\n<meta property=\"og:url\" content=\"https:\/\/ifamnews.com\/it\/il-nostro-pane-quotidiano\" \/>\n<meta property=\"og:site_name\" content=\"IFN\" \/>\n<meta property=\"article:publisher\" content=\"https:\/\/www.facebook.com\/iFamNews\" \/>\n<meta property=\"article:published_time\" content=\"2023-02-13T11:07:00+00:00\" \/>\n<meta property=\"og:image\" content=\"https:\/\/ifamnews.com\/wp-content\/uploads\/2023\/02\/vodenicni-kamen.jpg\" \/>\n\t<meta property=\"og:image:width\" content=\"1200\" \/>\n\t<meta property=\"og:image:height\" content=\"675\" \/>\n\t<meta property=\"og:image:type\" content=\"image\/jpeg\" \/>\n<meta name=\"author\" content=\"Vladimir Dimitrijevi\u0107\" \/>\n<meta name=\"twitter:card\" content=\"summary_large_image\" \/>\n<meta name=\"twitter:creator\" content=\"@iFamNewsEN\" \/>\n<meta name=\"twitter:site\" content=\"@iFamNewsEN\" \/>\n<meta name=\"twitter:label1\" content=\"Scritto da\" \/>\n\t<meta name=\"twitter:data1\" content=\"Vladimir Dimitrijevi\u0107\" \/>\n\t<meta name=\"twitter:label2\" content=\"Tempo di lettura stimato\" \/>\n\t<meta name=\"twitter:data2\" content=\"3 minuti\" \/>\n<!-- \/ Yoast SEO Premium plugin. -->","yoast_head_json":{"title":"IL NOSTRO PANE QUOTIDIANO - IFN","description":"E me ne ricordo di mio nonno, Radomir Lu\u010di\u0107 di Kulinovac vicino a \u010ca\u010dak, quante volte stava dicendo che moriremo di fame perch\u00e9 in citt\u00e0 il pane viene gettato nella spazzatura. I nonni non ci lasciavano calpestare le briciole di pane sul pavimento di legno","robots":{"index":"index","follow":"follow","max-snippet":"max-snippet:-1","max-image-preview":"max-image-preview:large","max-video-preview":"max-video-preview:-1"},"canonical":"https:\/\/ifamnews.com\/it\/il-nostro-pane-quotidiano","og_locale":"it_IT","og_type":"article","og_title":"IL NOSTRO PANE QUOTIDIANO","og_description":"E me ne ricordo di mio nonno, Radomir Lu\u010di\u0107 di Kulinovac vicino a \u010ca\u010dak, quante volte stava dicendo che moriremo di fame perch\u00e9 in citt\u00e0 il pane viene gettato nella spazzatura. I nonni non ci lasciavano calpestare le briciole di pane sul pavimento di legno","og_url":"https:\/\/ifamnews.com\/it\/il-nostro-pane-quotidiano","og_site_name":"IFN","article_publisher":"https:\/\/www.facebook.com\/iFamNews","article_published_time":"2023-02-13T11:07:00+00:00","og_image":[{"width":1200,"height":675,"url":"https:\/\/ifamnews.com\/wp-content\/uploads\/2023\/02\/vodenicni-kamen.jpg","type":"image\/jpeg"}],"author":"Vladimir Dimitrijevi\u0107","twitter_card":"summary_large_image","twitter_creator":"@iFamNewsEN","twitter_site":"@iFamNewsEN","twitter_misc":{"Scritto da":"Vladimir Dimitrijevi\u0107","Tempo di lettura stimato":"3 minuti"},"schema":{"@context":"https:\/\/schema.org","@graph":[{"@type":"NewsArticle","@id":"https:\/\/ifamnews.com\/it\/il-nostro-pane-quotidiano#article","isPartOf":{"@id":"https:\/\/ifamnews.com\/it\/il-nostro-pane-quotidiano"},"author":{"name":"Vladimir Dimitrijevi\u0107","@id":"https:\/\/ifamnews.com\/en\/#\/schema\/person\/ded5833dc581d629d508ddab585b44bb"},"headline":"IL NOSTRO PANE QUOTIDIANO","datePublished":"2023-02-13T11:07:00+00:00","mainEntityOfPage":{"@id":"https:\/\/ifamnews.com\/it\/il-nostro-pane-quotidiano"},"wordCount":525,"commentCount":0,"publisher":{"@id":"https:\/\/ifamnews.com\/en\/#organization"},"image":{"@id":"https:\/\/ifamnews.com\/it\/il-nostro-pane-quotidiano#primaryimage"},"thumbnailUrl":"https:\/\/ifamnews.com\/wp-content\/uploads\/2023\/02\/vodenicni-kamen.jpg","keywords":["family","matrimonio","pane"],"articleSection":["Cultura","In evidenza"],"inLanguage":"it-IT","potentialAction":[{"@type":"CommentAction","name":"Comment","target":["https:\/\/ifamnews.com\/it\/il-nostro-pane-quotidiano#respond"]}]},{"@type":"WebPage","@id":"https:\/\/ifamnews.com\/it\/il-nostro-pane-quotidiano","url":"https:\/\/ifamnews.com\/it\/il-nostro-pane-quotidiano","name":"IL NOSTRO PANE QUOTIDIANO - IFN","isPartOf":{"@id":"https:\/\/ifamnews.com\/en\/#website"},"primaryImageOfPage":{"@id":"https:\/\/ifamnews.com\/it\/il-nostro-pane-quotidiano#primaryimage"},"image":{"@id":"https:\/\/ifamnews.com\/it\/il-nostro-pane-quotidiano#primaryimage"},"thumbnailUrl":"https:\/\/ifamnews.com\/wp-content\/uploads\/2023\/02\/vodenicni-kamen.jpg","datePublished":"2023-02-13T11:07:00+00:00","description":"E me ne ricordo di mio nonno, Radomir Lu\u010di\u0107 di Kulinovac vicino a \u010ca\u010dak, quante volte stava dicendo che moriremo di fame perch\u00e9 in citt\u00e0 il pane viene gettato nella spazzatura. I nonni non ci lasciavano calpestare le briciole di pane sul pavimento di legno","breadcrumb":{"@id":"https:\/\/ifamnews.com\/it\/il-nostro-pane-quotidiano#breadcrumb"},"inLanguage":"it-IT","potentialAction":[{"@type":"ReadAction","target":["https:\/\/ifamnews.com\/it\/il-nostro-pane-quotidiano"]}]},{"@type":"ImageObject","inLanguage":"it-IT","@id":"https:\/\/ifamnews.com\/it\/il-nostro-pane-quotidiano#primaryimage","url":"https:\/\/ifamnews.com\/wp-content\/uploads\/2023\/02\/vodenicni-kamen.jpg","contentUrl":"https:\/\/ifamnews.com\/wp-content\/uploads\/2023\/02\/vodenicni-kamen.jpg","width":1200,"height":675,"caption":"Mulino ad acqua. fonte: https:\/\/selo.rs\/o\/vodenica-kod-uce"},{"@type":"BreadcrumbList","@id":"https:\/\/ifamnews.com\/it\/il-nostro-pane-quotidiano#breadcrumb","itemListElement":[{"@type":"ListItem","position":1,"name":"Home","item":"https:\/\/ifamnews.com\/de"},{"@type":"ListItem","position":2,"name":"\u041a\u0443\u043b\u0442\u0443\u0440\u0430","item":"https:\/\/ifamnews.com\/sr\/kategorija\/kultura-sr"},{"@type":"ListItem","position":3,"name":"IL NOSTRO PANE QUOTIDIANO"}]},{"@type":"WebSite","@id":"https:\/\/ifamnews.com\/en\/#website","url":"https:\/\/ifamnews.com\/en\/","name":"IFN","description":"International Family News Network","publisher":{"@id":"https:\/\/ifamnews.com\/en\/#organization"},"potentialAction":[{"@type":"SearchAction","target":{"@type":"EntryPoint","urlTemplate":"https:\/\/ifamnews.com\/en\/?s={search_term_string}"},"query-input":{"@type":"PropertyValueSpecification","valueRequired":true,"valueName":"search_term_string"}}],"inLanguage":"it-IT"},{"@type":"Organization","@id":"https:\/\/ifamnews.com\/en\/#organization","name":"iFamNews","url":"https:\/\/ifamnews.com\/en\/","logo":{"@type":"ImageObject","inLanguage":"it-IT","@id":"https:\/\/ifamnews.com\/en\/#\/schema\/logo\/image\/","url":"https:\/\/ifamnews.com\/wp-content\/uploads\/2020\/01\/Share-logo.png","contentUrl":"https:\/\/ifamnews.com\/wp-content\/uploads\/2020\/01\/Share-logo.png","width":200,"height":200,"caption":"iFamNews"},"image":{"@id":"https:\/\/ifamnews.com\/en\/#\/schema\/logo\/image\/"},"sameAs":["https:\/\/www.facebook.com\/iFamNews","https:\/\/x.com\/iFamNewsEN"]},{"@type":"Person","@id":"https:\/\/ifamnews.com\/en\/#\/schema\/person\/ded5833dc581d629d508ddab585b44bb","name":"Vladimir Dimitrijevi\u0107","image":{"@type":"ImageObject","inLanguage":"it-IT","@id":"https:\/\/secure.gravatar.com\/avatar\/996f852edaa63b2780277a6299276d6a6eaf33aa804a5a9e5255b4ebce714529?s=96&d=mm&r=g","url":"https:\/\/secure.gravatar.com\/avatar\/996f852edaa63b2780277a6299276d6a6eaf33aa804a5a9e5255b4ebce714529?s=96&d=mm&r=g","contentUrl":"https:\/\/secure.gravatar.com\/avatar\/996f852edaa63b2780277a6299276d6a6eaf33aa804a5a9e5255b4ebce714529?s=96&d=mm&r=g","caption":"Vladimir Dimitrijevi\u0107"},"description":"PhD Vladimir Dimitrijevi\u0107 was born in 1969 in \u010ca\u010dak, Serbia, where he finished elementary school and the Grammar School. He graduated from the Department of Serbian Language and Literature, and World Literature at the Belgrade University\u2019s Faculty of Philology. He obtained his PhD in 2016, having defended a doctoral thesis titled \u201cVladimir Vuji\u0107 as an author, criticist and polemicist in the context of literary processes between the two world wars.\u201d Since 1991, he has been actively involved in the Orthodox Christian Missionary School (at the Church of St. Alexander Nevsky) and the Faith Charity Stewardship of the Archbishopric of Belgrade and Karlovci, as an organizer of lectures and the missionary work. He teaches Serbian language and literature at the Grammar School in his hometown \u010ca\u010dak. He has held more than a hundred lectures about destructive religious sects. He is an author and editor of a number of books and editions, including: \u201cOrthodox Christianity and Sects 1\u20137\u201d, \u201cHarry Potter and the Hunt for Children\u2019s Souls\u201d, \u201cDeliver Us from Evil \u2013 Orthodox Christianity and Witchcraft\u201d, \u201cPrison Guards of Souls\u201d, \u201cIf There Is No God, Then Everything Is Allowed\u201d, \u201cThe Greatest Serb After St Sava \u2013 A Book About Bishop Nikolai\u201d, \u201cHow Great God Is In His Saints\u201d, \u201cOrthodox Christianity and Challenges of the 21stCentury.\u201d He has been a member of the Association of Serbian Writers since 2002.","sameAs":["https:\/\/vladimirdimitrijevic.com\/sr-rs\/"],"url":"https:\/\/ifamnews.com\/it\/author\/vladimir-dimitrijevic"}]}},"amp_enabled":true,"_links":{"self":[{"href":"https:\/\/ifamnews.com\/it\/wp-json\/wp\/v2\/posts\/181978","targetHints":{"allow":["GET"]}}],"collection":[{"href":"https:\/\/ifamnews.com\/it\/wp-json\/wp\/v2\/posts"}],"about":[{"href":"https:\/\/ifamnews.com\/it\/wp-json\/wp\/v2\/types\/post"}],"author":[{"embeddable":true,"href":"https:\/\/ifamnews.com\/it\/wp-json\/wp\/v2\/users\/128"}],"replies":[{"embeddable":true,"href":"https:\/\/ifamnews.com\/it\/wp-json\/wp\/v2\/comments?post=181978"}],"version-history":[{"count":5,"href":"https:\/\/ifamnews.com\/it\/wp-json\/wp\/v2\/posts\/181978\/revisions"}],"predecessor-version":[{"id":182356,"href":"https:\/\/ifamnews.com\/it\/wp-json\/wp\/v2\/posts\/181978\/revisions\/182356"}],"wp:featuredmedia":[{"embeddable":true,"href":"https:\/\/ifamnews.com\/it\/wp-json\/wp\/v2\/media\/181965"}],"wp:attachment":[{"href":"https:\/\/ifamnews.com\/it\/wp-json\/wp\/v2\/media?parent=181978"}],"wp:term":[{"taxonomy":"category","embeddable":true,"href":"https:\/\/ifamnews.com\/it\/wp-json\/wp\/v2\/categories?post=181978"},{"taxonomy":"post_tag","embeddable":true,"href":"https:\/\/ifamnews.com\/it\/wp-json\/wp\/v2\/tags?post=181978"}],"curies":[{"name":"wp","href":"https:\/\/api.w.org\/{rel}","templated":true}]}}