{"id":17976,"date":"2020-06-01T00:00:00","date_gmt":"2020-06-01T05:00:00","guid":{"rendered":"https:\/\/ifamnews.com\/?p=17976"},"modified":"2020-06-16T03:32:40","modified_gmt":"2020-06-16T08:32:40","slug":"eutanasia-delle-paritarie-se-costretti-a-chiudere-faremo-un-gesto-eclatante","status":"publish","type":"post","link":"https:\/\/ifamnews.com\/it\/eutanasia-delle-paritarie-se-costretti-a-chiudere-faremo-un-gesto-eclatante","title":{"rendered":"Eutanasia delle paritarie. \u00abSe costretti a chiudere, faremo un gesto eclatante\u00bb"},"content":{"rendered":"<p class=\"last-updated\">Last updated on Giugno 16th, 2020 at 03:32 am<\/p>\n<p>\u00abUna eutanasia istituzionale\u00bb. Usa parole dirette come dardi padre Luigi Gaetani, presidente della <a href=\"https:\/\/cismnazionale.it\/\" target=\"_blank\" rel=\"noopener noreferrer\">CISM<\/a> (Conferenza italiana superiori maggiori), per descrivere il destino che rischia buona parte delle 12mila scuole paritarie italiane. Se il Parlamento non aumenter\u00e0 il fondo stanziato nei recenti decreti che finora ammonta a 150milioni, la sopravvivenza per loro diventer\u00e0 una chimera. La battaglia in favore delle paritarie <a href=\"https:\/\/ifamnews.com\/it\/il-governo-conte-abbandonera-300mila-studenti\/\" target=\"_blank\" rel=\"noopener noreferrer\">va avanti da tempo<\/a>, nei prossimi giorni conoscer\u00e0 un tornante decisivo con il dibattito in Parlamento degli emendamenti al <a href=\"https:\/\/static.gedidigital.it\/repubblica\/pdf\/2020\/politica\/decreto-rilancio.pdf\" target=\"_blank\" rel=\"noopener noreferrer\">\u00abdecreto Rilancio\u00bb<\/a>.<\/p>\n\n\n\n<p>Un fronte trasversale di deputati ha firmato un appello per chiedere che gli investimenti statali siano per tutto il sistema pubblico scolastico, quindi anche per le paritarie. Ma dall\u2019altra parte si registra il muro della maggioranza del Movimento 5 Stelle. Il capogruppo pentastellato in commissione Cultura alla Camera, Gianluca Vacca, ha detto, in un\u2019intervista al periodico <a href=\"https:\/\/temi.repubblica.it\/micromega-online\/il-no-tassativo-del-m5s-ad-altri-oneri-a-vantaggio-delle-scuole-private\/\" target=\"_blank\" rel=\"noopener noreferrer\"><em>Micromega<\/em><\/a>, che 150milioni sono sufficienti e che il suo partito \u00absi opporr\u00e0 a ogni proposta che vada nella direzione di un incremento del fondo\u00bb.<\/p>\n\n\n\n<h3 class=\"wp-block-heading\"><strong>L\u2019accusa ai 5Stelle<\/strong><\/h3>\n\n\n\n<p>\u00abAncora si cade nell\u2019equivoco di considerare le nostre scuole private e non pubbliche paritarie\u00bb, osserva padre Gaetani. \u00abIl capogruppo Vacca non ha le idee chiare al riguardo e fa una grande confusione\u00bb. Per il presidente della CISM, obbligare alla chiusura le scuole paritarie denota \u00abuna mancanza di realismo spaventosa\u00bb. Il religioso ricorda che il comparto delle paritarie \u00ab\u00e8 pari a cinque volte l\u2019Ilva\u00bb e che farlo morire significa \u00abminare l\u2019istruzione pubblica nel nostro Paese, perch\u00e9 lo Stato non sarebbe in grado di assorbire 900mila studenti, di supplire a 12mila edifici scolastici e di ammortizzare 180mila tra docenti e personale vario delle scuole paritarie\u00bb. Insomma, se non si raddoppia il fondo in favore delle paritarie, lo Stato dovr\u00e0 far fronte a <a href=\"https:\/\/brunoleonimedia.it\/public\/Focus\/IBL_Focus_329-Alfieri-Amenta.pdf\" target=\"_blank\" rel=\"noopener noreferrer\">una cifra calcolata sui 2,4 miliardi di euro<\/a>. Sarebbe \u00abun gesto irresponsabile\u00bb, sospira padre Gaetani.<\/p>\n\n\n\n<p>Oltre all\u2019aspetto economico, il religioso pone l\u2019accento sulla libert\u00e0 d\u2019educazione sancita dalla <em>Costituzione<\/em>. A tal proposito dice: \u00abIn Italia si riconoscono diritti a tutti, anche giustamente, ma non si riconosce il diritto delle famiglie a scegliere liberamente l\u2019istruzione per i propri figli. L\u2019Italia \u00e8 un Paese che si \u00e8 arricchito per la sua pluralit\u00e0, imporre un monolite culturale \u00e8 molto statalista e poco democratico\u00bb.<\/p>\n\n\n\n<h3 class=\"wp-block-heading\"><strong>Il gesto simbolico in Parlamento<\/strong><\/h3>\n\n\n\n<p>Il termine per presentare gli emendamenti al \u00abDl Rilancio\u00bb \u00e8 il 3 giugno. L\u2019auspicio \u00e8 che entro quella data si riesca a trovare un accordo. In particolare, padre Gaetani spera \u00abin un sussulto civico da parte di Partito Democratico e Italia Viva\u00bb. \u00c8 deluso, il presidente della CISM, dal fatto che in commissione Cultura i due partiti di centro-sinistra \u00ababbiano voltato le spalle alle scuole paritarie nonostante le parole promettenti\u00bb. Padre Gaetani ci tiene quindi ad annunciare un gesto simbolico se l\u2019agognato stanziamento non verr\u00e0 approvato: \u00abNoi degli istituti religiosi paritari ci recheremo in Parlamento e consegneremo le chiavi delle scuole. Se ci costringeranno a morire, lo faremo con dignit\u00e0\u00bb.<\/p>\n","protected":false},"excerpt":{"rendered":"<p>Padre Luigi Gaetani, presidente della CISM: \u00abIrresponsabile chi nel M5S fa muro. Lo Stato ci rimetterebbe\u00bb<\/p>\n","protected":false},"author":15,"featured_media":17861,"comment_status":"open","ping_status":"open","sticky":false,"template":"","format":"standard","meta":{"give_campaign_id":0,"om_disable_all_campaigns":false,"_monsterinsights_skip_tracking":false,"_monsterinsights_sitenote_active":false,"_monsterinsights_sitenote_note":"","_monsterinsights_sitenote_category":0,"mc4wp_mailchimp_campaign":[],"jnews-multi-image_gallery":[],"jnews_single_post":{"subtitle":"Padre Luigi Gaetani, presidente della CISM: \u00abIrresponsabile chi nel M5S fa muro. Lo Stato ci rimetterebbe\u00bb","format":"standard","video":"","gallery":"","source_name":"","source_url":"","via_name":"","via_url":"","override":[{"single_blog_custom":"","sidebar":"","second_sidebar":"","share_position":"","share_float_style":"","post_date_format":"","post_date_format_custom":"","post_reading_time_wpm":"","zoom_button_out_step":"1","zoom_button_in_step":"1","number_popup_post":"1"}],"image_override":[{"single_post_thumbnail_size":"","single_post_gallery_size":""}],"trending_post_position":"","trending_post_label":""},"jnews_primary_category":{"id":"780"},"jnews_social_meta":{"fb_title":"","fb_description":"","fb_image":"","twitter_title":"","twitter_description":"","twitter_image":""},"jnews_override_counter":{"view_counter_number":"0","share_counter_number":"0","like_counter_number":"0","dislike_counter_number":"0"},"footnotes":""},"categories":[780],"tags":[2493,3478,742,3870,1239,741],"class_list":["post-17976","post","type-post","status-publish","format-standard","has-post-thumbnail","hentry","category-politica-it","tag-decreto-governo","tag-dl-rilancio","tag-istruzione","tag-movimento-5-stelle","tag-parlamento","tag-scuola"],"yoast_head":"<!-- This site is optimized with the Yoast SEO Premium plugin v25.9 (Yoast SEO v27.3) - https:\/\/yoast.com\/product\/yoast-seo-premium-wordpress\/ -->\n<title>Eutanasia delle paritarie. \u00abSe costretti a chiudere, faremo un gesto eclatante\u00bb - IFN<\/title>\n<meta name=\"description\" content=\"Allarme scuole paritarie: se il M5s continua a fare muro, rischiano di chiudere. Annunciato un gesto eclatante della Cism\" \/>\n<meta name=\"robots\" content=\"index, follow, max-snippet:-1, max-image-preview:large, max-video-preview:-1\" \/>\n<link rel=\"canonical\" href=\"https:\/\/ifamnews.com\/it\/eutanasia-delle-paritarie-se-costretti-a-chiudere-faremo-un-gesto-eclatante\" \/>\n<meta property=\"og:locale\" content=\"it_IT\" \/>\n<meta property=\"og:type\" content=\"article\" \/>\n<meta property=\"og:title\" content=\"Eutanasia delle paritarie. \u00abSe costretti a chiudere, faremo un gesto eclatante\u00bb\" \/>\n<meta property=\"og:description\" content=\"Allarme scuole paritarie: se il M5s continua a fare muro, rischiano di chiudere. Annunciato un gesto eclatante della Cism\" \/>\n<meta property=\"og:url\" content=\"https:\/\/ifamnews.com\/it\/eutanasia-delle-paritarie-se-costretti-a-chiudere-faremo-un-gesto-eclatante\" \/>\n<meta property=\"og:site_name\" content=\"IFN\" \/>\n<meta property=\"article:publisher\" content=\"https:\/\/www.facebook.com\/iFamNews\" \/>\n<meta property=\"article:published_time\" content=\"2020-06-01T05:00:00+00:00\" \/>\n<meta property=\"article:modified_time\" content=\"2020-06-16T08:32:40+00:00\" \/>\n<meta property=\"og:image\" content=\"https:\/\/ifamnews.com\/wp-content\/uploads\/2020\/05\/From-PxHere.jpg\" \/>\n\t<meta property=\"og:image:width\" content=\"512\" \/>\n\t<meta property=\"og:image:height\" content=\"334\" \/>\n\t<meta property=\"og:image:type\" content=\"image\/jpeg\" \/>\n<meta name=\"author\" content=\"Federico Cenci\" \/>\n<meta name=\"twitter:card\" content=\"summary_large_image\" \/>\n<meta name=\"twitter:creator\" content=\"@https:\/\/twitter.com\/fedecenci\" \/>\n<meta name=\"twitter:site\" content=\"@iFamNewsEN\" \/>\n<meta name=\"twitter:label1\" content=\"Scritto da\" \/>\n\t<meta name=\"twitter:data1\" content=\"Federico Cenci\" \/>\n\t<meta name=\"twitter:label2\" content=\"Tempo di lettura stimato\" \/>\n\t<meta name=\"twitter:data2\" content=\"2 minuti\" \/>\n<!-- \/ Yoast SEO Premium plugin. -->","yoast_head_json":{"title":"Eutanasia delle paritarie. \u00abSe costretti a chiudere, faremo un gesto eclatante\u00bb - IFN","description":"Allarme scuole paritarie: se il M5s continua a fare muro, rischiano di chiudere. Annunciato un gesto eclatante della Cism","robots":{"index":"index","follow":"follow","max-snippet":"max-snippet:-1","max-image-preview":"max-image-preview:large","max-video-preview":"max-video-preview:-1"},"canonical":"https:\/\/ifamnews.com\/it\/eutanasia-delle-paritarie-se-costretti-a-chiudere-faremo-un-gesto-eclatante","og_locale":"it_IT","og_type":"article","og_title":"Eutanasia delle paritarie. \u00abSe costretti a chiudere, faremo un gesto eclatante\u00bb","og_description":"Allarme scuole paritarie: se il M5s continua a fare muro, rischiano di chiudere. Annunciato un gesto eclatante della Cism","og_url":"https:\/\/ifamnews.com\/it\/eutanasia-delle-paritarie-se-costretti-a-chiudere-faremo-un-gesto-eclatante","og_site_name":"IFN","article_publisher":"https:\/\/www.facebook.com\/iFamNews","article_published_time":"2020-06-01T05:00:00+00:00","article_modified_time":"2020-06-16T08:32:40+00:00","og_image":[{"width":512,"height":334,"url":"https:\/\/ifamnews.com\/wp-content\/uploads\/2020\/05\/From-PxHere.jpg","type":"image\/jpeg"}],"author":"Federico Cenci","twitter_card":"summary_large_image","twitter_creator":"@https:\/\/twitter.com\/fedecenci","twitter_site":"@iFamNewsEN","twitter_misc":{"Scritto da":"Federico Cenci","Tempo di lettura stimato":"2 minuti"},"schema":{"@context":"https:\/\/schema.org","@graph":[{"@type":"NewsArticle","@id":"https:\/\/ifamnews.com\/it\/eutanasia-delle-paritarie-se-costretti-a-chiudere-faremo-un-gesto-eclatante#article","isPartOf":{"@id":"https:\/\/ifamnews.com\/it\/eutanasia-delle-paritarie-se-costretti-a-chiudere-faremo-un-gesto-eclatante"},"author":{"name":"Federico Cenci","@id":"https:\/\/ifamnews.com\/en\/#\/schema\/person\/555378c4ec9e01d40ab9f2b5cee0c318"},"headline":"Eutanasia delle paritarie. \u00abSe costretti a chiudere, faremo un gesto eclatante\u00bb","datePublished":"2020-06-01T05:00:00+00:00","dateModified":"2020-06-16T08:32:40+00:00","mainEntityOfPage":{"@id":"https:\/\/ifamnews.com\/it\/eutanasia-delle-paritarie-se-costretti-a-chiudere-faremo-un-gesto-eclatante"},"wordCount":492,"commentCount":0,"publisher":{"@id":"https:\/\/ifamnews.com\/en\/#organization"},"image":{"@id":"https:\/\/ifamnews.com\/it\/eutanasia-delle-paritarie-se-costretti-a-chiudere-faremo-un-gesto-eclatante#primaryimage"},"thumbnailUrl":"https:\/\/ifamnews.com\/wp-content\/uploads\/2020\/05\/From-PxHere.jpg","keywords":["decreto governo","Dl Rilancio","istruzione","Movimento 5 Stelle","parlamento","Scuola"],"articleSection":["Politica"],"inLanguage":"it-IT","potentialAction":[{"@type":"CommentAction","name":"Comment","target":["https:\/\/ifamnews.com\/it\/eutanasia-delle-paritarie-se-costretti-a-chiudere-faremo-un-gesto-eclatante#respond"]}]},{"@type":"WebPage","@id":"https:\/\/ifamnews.com\/it\/eutanasia-delle-paritarie-se-costretti-a-chiudere-faremo-un-gesto-eclatante","url":"https:\/\/ifamnews.com\/it\/eutanasia-delle-paritarie-se-costretti-a-chiudere-faremo-un-gesto-eclatante","name":"Eutanasia delle paritarie. \u00abSe costretti a chiudere, faremo un gesto eclatante\u00bb - IFN","isPartOf":{"@id":"https:\/\/ifamnews.com\/en\/#website"},"primaryImageOfPage":{"@id":"https:\/\/ifamnews.com\/it\/eutanasia-delle-paritarie-se-costretti-a-chiudere-faremo-un-gesto-eclatante#primaryimage"},"image":{"@id":"https:\/\/ifamnews.com\/it\/eutanasia-delle-paritarie-se-costretti-a-chiudere-faremo-un-gesto-eclatante#primaryimage"},"thumbnailUrl":"https:\/\/ifamnews.com\/wp-content\/uploads\/2020\/05\/From-PxHere.jpg","datePublished":"2020-06-01T05:00:00+00:00","dateModified":"2020-06-16T08:32:40+00:00","description":"Allarme scuole paritarie: se il M5s continua a fare muro, rischiano di chiudere. Annunciato un gesto eclatante della Cism","breadcrumb":{"@id":"https:\/\/ifamnews.com\/it\/eutanasia-delle-paritarie-se-costretti-a-chiudere-faremo-un-gesto-eclatante#breadcrumb"},"inLanguage":"it-IT","potentialAction":[{"@type":"ReadAction","target":["https:\/\/ifamnews.com\/it\/eutanasia-delle-paritarie-se-costretti-a-chiudere-faremo-un-gesto-eclatante"]}]},{"@type":"ImageObject","inLanguage":"it-IT","@id":"https:\/\/ifamnews.com\/it\/eutanasia-delle-paritarie-se-costretti-a-chiudere-faremo-un-gesto-eclatante#primaryimage","url":"https:\/\/ifamnews.com\/wp-content\/uploads\/2020\/05\/From-PxHere.jpg","contentUrl":"https:\/\/ifamnews.com\/wp-content\/uploads\/2020\/05\/From-PxHere.jpg","width":512,"height":334,"caption":"Image From PxHere"},{"@type":"BreadcrumbList","@id":"https:\/\/ifamnews.com\/it\/eutanasia-delle-paritarie-se-costretti-a-chiudere-faremo-un-gesto-eclatante#breadcrumb","itemListElement":[{"@type":"ListItem","position":1,"name":"Home","item":"https:\/\/ifamnews.com\/de"},{"@type":"ListItem","position":2,"name":"Politics","item":"https:\/\/ifamnews.com\/en\/category\/politics"},{"@type":"ListItem","position":3,"name":"Eutanasia delle paritarie. \u00abSe costretti a chiudere, faremo un gesto eclatante\u00bb"}]},{"@type":"WebSite","@id":"https:\/\/ifamnews.com\/en\/#website","url":"https:\/\/ifamnews.com\/en\/","name":"IFN","description":"International Family News Network","publisher":{"@id":"https:\/\/ifamnews.com\/en\/#organization"},"potentialAction":[{"@type":"SearchAction","target":{"@type":"EntryPoint","urlTemplate":"https:\/\/ifamnews.com\/en\/?s={search_term_string}"},"query-input":{"@type":"PropertyValueSpecification","valueRequired":true,"valueName":"search_term_string"}}],"inLanguage":"it-IT"},{"@type":"Organization","@id":"https:\/\/ifamnews.com\/en\/#organization","name":"iFamNews","url":"https:\/\/ifamnews.com\/en\/","logo":{"@type":"ImageObject","inLanguage":"it-IT","@id":"https:\/\/ifamnews.com\/en\/#\/schema\/logo\/image\/","url":"https:\/\/ifamnews.com\/wp-content\/uploads\/2020\/01\/Share-logo.png","contentUrl":"https:\/\/ifamnews.com\/wp-content\/uploads\/2020\/01\/Share-logo.png","width":200,"height":200,"caption":"iFamNews"},"image":{"@id":"https:\/\/ifamnews.com\/en\/#\/schema\/logo\/image\/"},"sameAs":["https:\/\/www.facebook.com\/iFamNews","https:\/\/x.com\/iFamNewsEN"]},{"@type":"Person","@id":"https:\/\/ifamnews.com\/en\/#\/schema\/person\/555378c4ec9e01d40ab9f2b5cee0c318","name":"Federico Cenci","image":{"@type":"ImageObject","inLanguage":"it-IT","@id":"https:\/\/secure.gravatar.com\/avatar\/535f77b8447d05f39d4ca941654f7a7b7d712f3d72f0b4b185747785f5a8e745?s=96&d=mm&r=g","url":"https:\/\/secure.gravatar.com\/avatar\/535f77b8447d05f39d4ca941654f7a7b7d712f3d72f0b4b185747785f5a8e745?s=96&d=mm&r=g","contentUrl":"https:\/\/secure.gravatar.com\/avatar\/535f77b8447d05f39d4ca941654f7a7b7d712f3d72f0b4b185747785f5a8e745?s=96&d=mm&r=g","caption":"Federico Cenci"},"description":"Federico Cenci worked from 2013 to 2017 at the Catholic Zenit press agency dealing with social and religious issues, bioethics, family policies, as well as domestic and international politics. He then continued his business with In Terris, and currently with various newspapers and periodicals. In 2020 he wrote the novel \"East Berlin 2.0 - Notes between dystopia and reality\"","sameAs":["https:\/\/x.com\/https:\/\/twitter.com\/fedecenci"],"url":"https:\/\/ifamnews.com\/it\/author\/fcenci"}]}},"amp_enabled":true,"_links":{"self":[{"href":"https:\/\/ifamnews.com\/it\/wp-json\/wp\/v2\/posts\/17976","targetHints":{"allow":["GET"]}}],"collection":[{"href":"https:\/\/ifamnews.com\/it\/wp-json\/wp\/v2\/posts"}],"about":[{"href":"https:\/\/ifamnews.com\/it\/wp-json\/wp\/v2\/types\/post"}],"author":[{"embeddable":true,"href":"https:\/\/ifamnews.com\/it\/wp-json\/wp\/v2\/users\/15"}],"replies":[{"embeddable":true,"href":"https:\/\/ifamnews.com\/it\/wp-json\/wp\/v2\/comments?post=17976"}],"version-history":[{"count":3,"href":"https:\/\/ifamnews.com\/it\/wp-json\/wp\/v2\/posts\/17976\/revisions"}],"predecessor-version":[{"id":18047,"href":"https:\/\/ifamnews.com\/it\/wp-json\/wp\/v2\/posts\/17976\/revisions\/18047"}],"wp:featuredmedia":[{"embeddable":true,"href":"https:\/\/ifamnews.com\/it\/wp-json\/wp\/v2\/media\/17861"}],"wp:attachment":[{"href":"https:\/\/ifamnews.com\/it\/wp-json\/wp\/v2\/media?parent=17976"}],"wp:term":[{"taxonomy":"category","embeddable":true,"href":"https:\/\/ifamnews.com\/it\/wp-json\/wp\/v2\/categories?post=17976"},{"taxonomy":"post_tag","embeddable":true,"href":"https:\/\/ifamnews.com\/it\/wp-json\/wp\/v2\/tags?post=17976"}],"curies":[{"name":"wp","href":"https:\/\/api.w.org\/{rel}","templated":true}]}}