{"id":175965,"date":"2023-01-06T15:00:00","date_gmt":"2023-01-06T20:00:00","guid":{"rendered":"https:\/\/ifamnews.com\/?p=175965"},"modified":"2023-01-05T10:27:18","modified_gmt":"2023-01-05T15:27:18","slug":"cosa-c-dietro-la-meditazione-new-age","status":"publish","type":"post","link":"https:\/\/ifamnews.com\/it\/cosa-c-dietro-la-meditazione-new-age","title":{"rendered":"Cosa c&#8217;\u00e8 dietro la meditazione &#8220;New Age&#8221;?"},"content":{"rendered":"\n<p>Un tipo di meditazione con profonde radici buddiste, conosciuta con vari nomi come &#8220;mindfulness&#8221; o &#8220;consapevolezza&#8221;, \u00e8 diventata di moda negli ultimi anni. Ci sono molti cristiani che, ignari di ci\u00f2 che comporta questo tipo di meditazione, la praticano in modo simile alla preghiera cristiana. All&#8217;inizio il pericolo non viene percepito, ma col tempo pu\u00f2 avere conseguenze terribili nella nostra vita, e soprattutto per la fede di un cristiano.<\/p>\n\n\n\n<p>La prima cosa da distinguere \u00e8 che la preghiera e la meditazione non sono la stessa cosa.<\/p>\n\n\n\n<p>La meditazione \u00e8 un modo di pensare a qualcosa, a una situazione, a un evento o alla nostra vita in generale. \u00c8 un modo per trovare se stessi. Questo \u00e8 molto necessario al giorno d&#8217;oggi, quando siamo immersi in un ritmo accelerato e con un sacco di rumore intorno a noi che ci impedisce di pensare. Ma insieme alla meditazione non dobbiamo dimenticare la preghiera.<\/p>\n\n\n\n<p>La preghiera \u00e8 un incontro con l&#8217;Altro che non \u00e8 me, \u00e8 un uscire da me stesso per avere un rapporto diretto con Dio. I cristiani, sapendo che Dio \u00e8 il nostro Padre, si rivolgono a lui attraverso la preghiera, facendoci trascendere oltre questo mondo materiale. In questo modo, non solo possiamo sperimentare una grande calma e pace interiore, ma anche discernere la volont\u00e0 di Dio nella nostra vita.<\/p>\n\n\n\n<p>La meditazione della Parola di Dio \u00e8 un altro modo in cui i cristiani si arricchiscono e accrescono la propria fede.<\/p>\n\n\n\n<p>Tuttavia, la meditazione New Age non ha nulla a che fare con il nostro rapporto con Dio.<\/p>\n\n\n\n<p>Le diverse tecniche introducono al mondo del buddismo o dell&#8217;induismo che, lontano da quello che viene apparentemente mostrato con un monaco con la faccia di chi non ha mai rotto un piatto in vita sua, troviamo pratiche spirituali che possono introdurci al mondo dell&#8217;occultismo, dell&#8217;esoterismo e del satanismo. Le sue radici sono legate alle pratiche oscure della massoneria alla fine dell&#8217;Ottocento<a href=\"#_ftn1\" target=\"_blank\" rel=\"noreferrer noopener\">[1].<\/a><\/p>\n\n\n\n<p>Pu\u00f2 sembrare inverosimile, ma sempre pi\u00f9 testimonianze e studi dimostrano questa cruda realt\u00e0<a href=\"#_ftn2\" target=\"_blank\" rel=\"noreferrer noopener\">[2].<\/a> L&#8217;aumento dell&#8217;ansia e della depressione tra coloro che l&#8217;hanno praticata assiduamente ne \u00e8 la prova.<\/p>\n\n\n\n<p>Lo scopo della meditazione New Age \u00e8 quello di raggiungere il Nirvana, cio\u00e8 di lasciare andare il nostro io, il nostro essere, per fonderci con un altro essere dell&#8217;aldil\u00e0, una sorta di energia. Ci viene insegnato a disprezzare il nostro corpo, il che \u00e8 totalmente contrario alla nostra religione cristiana, perch\u00e9 noi siamo il tempio dello Spirito Santo.<\/p>\n\n\n\n<p>Questa meditazione ci allontana da Dio perch\u00e9 ci fa concentrare su noi stessi, in un individualismo egoista, alla ricerca di relax e benessere lontano dalla pace che lo Spirito Santo ci dona. Ma vi allontana anche dall&#8217;accettazione della sofferenza, cio\u00e8 dalla Croce. E un cristiano non pu\u00f2 esistere senza la croce, \u00e8 il nostro segno e ci\u00f2 che apre la porta alla vita eterna.<\/p>\n\n\n\n<p>Un buddista, invece, cercher\u00e0 sempre di sfuggire alla sofferenza cercando quella piacevole vita terrena, quindi ignora il peccato e, soprattutto, Ges\u00f9 Cristo come Figlio di Dio che ci salva e ci libera da quella schiavit\u00f9. Non siamo noi, con le nostre forze, a poter pulire il male. Non siamo noi a poter raggiungere il pieno relax. Da soli non possiamo, abbiamo bisogno di Dio, il nostro Padre, nella nostra vita, e la meditazione New Age ci impedisce di raggiungerlo.<\/p>\n\n\n\n<hr class=\"wp-block-separator has-alpha-channel-opacity\"\/>\n\n\n\n<p><a id=\"_ftn1\" href=\"#_ftnref1\">[1]<\/a> <a href=\"https:\/\/www.aciprensa.com\/sectas\/nuevaera.htm\" target=\"_blank\" rel=\"noreferrer noopener\">https:\/\/www.aciprensa.com\/sectas\/nuevaera.htm<\/a><\/p>\n\n\n\n<p><a id=\"_ftn2\" href=\"#_ftnref2\">[2]<\/a> <a href=\"https:\/\/www.religionenlibertad.com\/polemicas\/61626\/mindfulness-nueva-moda-meditacion-compatible-.html\" target=\"_blank\" rel=\"noreferrer noopener\">https:\/\/www.religionenlibertad.com\/polemicas\/61626\/mindfulness-nueva-moda-meditacion-compatible-.html<\/a><\/p>\n","protected":false},"excerpt":{"rendered":"<p>Le sue radici sono legate alle pratiche oscure della massoneria alla fine dell&#8217;Ottocento. Qui inciontramo pratiche spirituali che possono introdurci al mondo dell&#8217;occultismo, dell&#8217;esoterismo e del satanismo.<\/p>\n","protected":false},"author":567,"featured_media":175936,"comment_status":"open","ping_status":"open","sticky":false,"template":"","format":"standard","meta":{"give_campaign_id":0,"om_disable_all_campaigns":false,"_monsterinsights_skip_tracking":false,"_monsterinsights_sitenote_active":false,"_monsterinsights_sitenote_note":"","_monsterinsights_sitenote_category":0,"mc4wp_mailchimp_campaign":[],"jnews-multi-image_gallery":[],"jnews_single_post":{"subtitle":"Le sue radici sono legate alle pratiche oscure della massoneria alla fine dell'Ottocento. Qui inciontramo pratiche spirituali che possono introdurci al mondo dell'occultismo, dell'esoterismo e del satanismo.","format":"standard","video":"","gallery":"","source_name":"","source_url":"","via_name":"","via_url":"","override_template":"0","override":[{"template":"2","single_blog_custom":"","parallax":"1","fullscreen":"1","layout":"right-sidebar-narrow","sidebar":"default-sidebar","second_sidebar":"default-sidebar","sticky_sidebar":"1","share_position":"float","share_float_style":"share-normal","show_share_counter":"1","show_view_counter":"1","show_featured":"1","show_post_meta":"1","show_post_author":"1","show_post_author_image":"1","show_post_date":"1","post_date_format":"default","post_date_format_custom":"Y\/m\/d","show_post_category":"1","show_post_reading_time":"1","post_reading_time_wpm":"300","show_zoom_button":"0","zoom_button_out_step":"2","zoom_button_in_step":"3","show_post_tag":"1","show_prev_next_post":"0","show_popup_post":"0","number_popup_post":"1","show_author_box":"1","show_post_related":"0","show_inline_post_related":"0"}],"override_image_size":"0","image_override":[{"single_post_thumbnail_size":"crop-715","single_post_gallery_size":"crop-715"}],"trending_post":"0","trending_post_position":"meta","trending_post_label":"Trending","sponsored_post":"0","sponsored_post_label":"Sponsored by","sponsored_post_name":"","sponsored_post_url":"","sponsored_post_logo_enable":"0","sponsored_post_logo":"","sponsored_post_desc":"","disable_ad":"0"},"jnews_primary_category":{"id":"764"},"jnews_social_meta":{"fb_title":"","fb_description":"","fb_image":"","twitter_title":"","twitter_description":"","twitter_image":""},"jnews_override_counter":{"override_view_counter":"0","view_counter_number":"0","override_share_counter":"0","share_counter_number":"0","override_like_counter":"0","like_counter_number":"0","override_dislike_counter":"0","dislike_counter_number":"0"},"footnotes":""},"categories":[764,951],"tags":[22224,22226,22225,22223],"class_list":["post-175965","post","type-post","status-publish","format-standard","has-post-thumbnail","hentry","category-cultura","category-foreground-it","tag-il-buddismo","tag-induismo","tag-meditazione","tag-mindfulness-it"],"yoast_head":"<!-- This site is optimized with the Yoast SEO Premium plugin v25.9 (Yoast SEO v27.3) - https:\/\/yoast.com\/product\/yoast-seo-premium-wordpress\/ -->\n<title>Cosa c&#039;\u00e8 dietro la meditazione &quot;New Age&quot;? - IFN<\/title>\n<meta name=\"description\" content=\"Le sue radici sono legate alle pratiche oscure della massoneria alla fine dell&#039;Ottocento. Qui inciontramo pratiche spirituali che possono introdurci al mondo dell&#039;occultismo, dell&#039;esoterismo e del satanismo.\" \/>\n<meta name=\"robots\" content=\"index, follow, max-snippet:-1, max-image-preview:large, max-video-preview:-1\" \/>\n<link rel=\"canonical\" href=\"https:\/\/ifamnews.com\/it\/cosa-c-dietro-la-meditazione-new-age\" \/>\n<meta property=\"og:locale\" content=\"it_IT\" \/>\n<meta property=\"og:type\" content=\"article\" \/>\n<meta property=\"og:title\" content=\"Cosa c&#039;\u00e8 dietro la meditazione &quot;New Age&quot;?\" \/>\n<meta property=\"og:description\" content=\"Le sue radici sono legate alle pratiche oscure della massoneria alla fine dell&#039;Ottocento. Qui inciontramo pratiche spirituali che possono introdurci al mondo dell&#039;occultismo, dell&#039;esoterismo e del satanismo.\" \/>\n<meta property=\"og:url\" content=\"https:\/\/ifamnews.com\/it\/cosa-c-dietro-la-meditazione-new-age\" \/>\n<meta property=\"og:site_name\" content=\"IFN\" \/>\n<meta property=\"article:publisher\" content=\"https:\/\/www.facebook.com\/iFamNews\" \/>\n<meta property=\"article:author\" content=\"https:\/\/facebook.com\/buscandorespuestas2017\" \/>\n<meta property=\"article:published_time\" content=\"2023-01-06T20:00:00+00:00\" \/>\n<meta property=\"og:image\" content=\"https:\/\/ifamnews.com\/wp-content\/uploads\/2022\/12\/image-16.png\" \/>\n\t<meta property=\"og:image:width\" content=\"1011\" \/>\n\t<meta property=\"og:image:height\" content=\"674\" \/>\n\t<meta property=\"og:image:type\" content=\"image\/png\" \/>\n<meta name=\"author\" content=\"Beatriz Montes\" \/>\n<meta name=\"twitter:card\" content=\"summary_large_image\" \/>\n<meta name=\"twitter:creator\" content=\"@https:\/\/twitter.com\/ABeatrizMontesF\" \/>\n<meta name=\"twitter:site\" content=\"@iFamNewsEN\" \/>\n<meta name=\"twitter:label1\" content=\"Scritto da\" \/>\n\t<meta name=\"twitter:data1\" content=\"Beatriz Montes\" \/>\n\t<meta name=\"twitter:label2\" content=\"Tempo di lettura stimato\" \/>\n\t<meta name=\"twitter:data2\" content=\"3 minuti\" \/>\n<!-- \/ Yoast SEO Premium plugin. -->","yoast_head_json":{"title":"Cosa c'\u00e8 dietro la meditazione \"New Age\"? - IFN","description":"Le sue radici sono legate alle pratiche oscure della massoneria alla fine dell'Ottocento. Qui inciontramo pratiche spirituali che possono introdurci al mondo dell'occultismo, dell'esoterismo e del satanismo.","robots":{"index":"index","follow":"follow","max-snippet":"max-snippet:-1","max-image-preview":"max-image-preview:large","max-video-preview":"max-video-preview:-1"},"canonical":"https:\/\/ifamnews.com\/it\/cosa-c-dietro-la-meditazione-new-age","og_locale":"it_IT","og_type":"article","og_title":"Cosa c'\u00e8 dietro la meditazione \"New Age\"?","og_description":"Le sue radici sono legate alle pratiche oscure della massoneria alla fine dell'Ottocento. Qui inciontramo pratiche spirituali che possono introdurci al mondo dell'occultismo, dell'esoterismo e del satanismo.","og_url":"https:\/\/ifamnews.com\/it\/cosa-c-dietro-la-meditazione-new-age","og_site_name":"IFN","article_publisher":"https:\/\/www.facebook.com\/iFamNews","article_author":"https:\/\/facebook.com\/buscandorespuestas2017","article_published_time":"2023-01-06T20:00:00+00:00","og_image":[{"width":1011,"height":674,"url":"https:\/\/ifamnews.com\/wp-content\/uploads\/2022\/12\/image-16.png","type":"image\/png"}],"author":"Beatriz Montes","twitter_card":"summary_large_image","twitter_creator":"@https:\/\/twitter.com\/ABeatrizMontesF","twitter_site":"@iFamNewsEN","twitter_misc":{"Scritto da":"Beatriz Montes","Tempo di lettura stimato":"3 minuti"},"schema":{"@context":"https:\/\/schema.org","@graph":[{"@type":"NewsArticle","@id":"https:\/\/ifamnews.com\/it\/cosa-c-dietro-la-meditazione-new-age#article","isPartOf":{"@id":"https:\/\/ifamnews.com\/it\/cosa-c-dietro-la-meditazione-new-age"},"author":{"name":"Beatriz Montes","@id":"https:\/\/ifamnews.com\/en\/#\/schema\/person\/aed4de9ddd8d78c90a083d39f23f98b9"},"headline":"Cosa c&#8217;\u00e8 dietro la meditazione &#8220;New Age&#8221;?","datePublished":"2023-01-06T20:00:00+00:00","mainEntityOfPage":{"@id":"https:\/\/ifamnews.com\/it\/cosa-c-dietro-la-meditazione-new-age"},"wordCount":567,"commentCount":0,"publisher":{"@id":"https:\/\/ifamnews.com\/en\/#organization"},"image":{"@id":"https:\/\/ifamnews.com\/it\/cosa-c-dietro-la-meditazione-new-age#primaryimage"},"thumbnailUrl":"https:\/\/ifamnews.com\/wp-content\/uploads\/2022\/12\/image-16.png","keywords":["Il buddismo","Induismo","Meditazione","Mindfulness"],"articleSection":["Cultura","In evidenza"],"inLanguage":"it-IT","potentialAction":[{"@type":"CommentAction","name":"Comment","target":["https:\/\/ifamnews.com\/it\/cosa-c-dietro-la-meditazione-new-age#respond"]}]},{"@type":"WebPage","@id":"https:\/\/ifamnews.com\/it\/cosa-c-dietro-la-meditazione-new-age","url":"https:\/\/ifamnews.com\/it\/cosa-c-dietro-la-meditazione-new-age","name":"Cosa c'\u00e8 dietro la meditazione \"New Age\"? - IFN","isPartOf":{"@id":"https:\/\/ifamnews.com\/en\/#website"},"primaryImageOfPage":{"@id":"https:\/\/ifamnews.com\/it\/cosa-c-dietro-la-meditazione-new-age#primaryimage"},"image":{"@id":"https:\/\/ifamnews.com\/it\/cosa-c-dietro-la-meditazione-new-age#primaryimage"},"thumbnailUrl":"https:\/\/ifamnews.com\/wp-content\/uploads\/2022\/12\/image-16.png","datePublished":"2023-01-06T20:00:00+00:00","description":"Le sue radici sono legate alle pratiche oscure della massoneria alla fine dell'Ottocento. Qui inciontramo pratiche spirituali che possono introdurci al mondo dell'occultismo, dell'esoterismo e del satanismo.","breadcrumb":{"@id":"https:\/\/ifamnews.com\/it\/cosa-c-dietro-la-meditazione-new-age#breadcrumb"},"inLanguage":"it-IT","potentialAction":[{"@type":"ReadAction","target":["https:\/\/ifamnews.com\/it\/cosa-c-dietro-la-meditazione-new-age"]}]},{"@type":"ImageObject","inLanguage":"it-IT","@id":"https:\/\/ifamnews.com\/it\/cosa-c-dietro-la-meditazione-new-age#primaryimage","url":"https:\/\/ifamnews.com\/wp-content\/uploads\/2022\/12\/image-16.png","contentUrl":"https:\/\/ifamnews.com\/wp-content\/uploads\/2022\/12\/image-16.png","width":1011,"height":674},{"@type":"BreadcrumbList","@id":"https:\/\/ifamnews.com\/it\/cosa-c-dietro-la-meditazione-new-age#breadcrumb","itemListElement":[{"@type":"ListItem","position":1,"name":"Home","item":"https:\/\/ifamnews.com\/de"},{"@type":"ListItem","position":2,"name":"\u041a\u0443\u043b\u0442\u0443\u0440\u0430","item":"https:\/\/ifamnews.com\/sr\/kategorija\/kultura-sr"},{"@type":"ListItem","position":3,"name":"Cosa c&#8217;\u00e8 dietro la meditazione &#8220;New Age&#8221;?"}]},{"@type":"WebSite","@id":"https:\/\/ifamnews.com\/en\/#website","url":"https:\/\/ifamnews.com\/en\/","name":"IFN","description":"International Family News Network","publisher":{"@id":"https:\/\/ifamnews.com\/en\/#organization"},"potentialAction":[{"@type":"SearchAction","target":{"@type":"EntryPoint","urlTemplate":"https:\/\/ifamnews.com\/en\/?s={search_term_string}"},"query-input":{"@type":"PropertyValueSpecification","valueRequired":true,"valueName":"search_term_string"}}],"inLanguage":"it-IT"},{"@type":"Organization","@id":"https:\/\/ifamnews.com\/en\/#organization","name":"iFamNews","url":"https:\/\/ifamnews.com\/en\/","logo":{"@type":"ImageObject","inLanguage":"it-IT","@id":"https:\/\/ifamnews.com\/en\/#\/schema\/logo\/image\/","url":"https:\/\/ifamnews.com\/wp-content\/uploads\/2020\/01\/Share-logo.png","contentUrl":"https:\/\/ifamnews.com\/wp-content\/uploads\/2020\/01\/Share-logo.png","width":200,"height":200,"caption":"iFamNews"},"image":{"@id":"https:\/\/ifamnews.com\/en\/#\/schema\/logo\/image\/"},"sameAs":["https:\/\/www.facebook.com\/iFamNews","https:\/\/x.com\/iFamNewsEN"]},{"@type":"Person","@id":"https:\/\/ifamnews.com\/en\/#\/schema\/person\/aed4de9ddd8d78c90a083d39f23f98b9","name":"Beatriz Montes","image":{"@type":"ImageObject","inLanguage":"it-IT","@id":"https:\/\/secure.gravatar.com\/avatar\/5ef4f8cf0f3807ae571fc4b7c1e62cd02b7bdd9a1796ca51a0641acf56453b19?s=96&d=mm&r=g","url":"https:\/\/secure.gravatar.com\/avatar\/5ef4f8cf0f3807ae571fc4b7c1e62cd02b7bdd9a1796ca51a0641acf56453b19?s=96&d=mm&r=g","contentUrl":"https:\/\/secure.gravatar.com\/avatar\/5ef4f8cf0f3807ae571fc4b7c1e62cd02b7bdd9a1796ca51a0641acf56453b19?s=96&d=mm&r=g","caption":"Beatriz Montes"},"description":"Married with six children. Teacher of Catholic topic. Beatriz Montes is Master of Science for the family and she is graduated in Family studies. Author of the books \"Against the Gender Ideology: educating in Freedom from childhood\" and \"99 responses to the Gender Ideology\". Publisher and writer of articles on her blog https:\/\/buscandorespuestasemet.com\/. Beatriz is a member of several relevant institution as \"Enraizados\", \"Libertas\" and \"The Traditional Post\".","sameAs":["https:\/\/facebook.com\/buscandorespuestas2017","https:\/\/x.com\/https:\/\/twitter.com\/ABeatrizMontesF"],"url":"https:\/\/ifamnews.com\/it\/author\/beatriz-montes"}]}},"amp_enabled":true,"_links":{"self":[{"href":"https:\/\/ifamnews.com\/it\/wp-json\/wp\/v2\/posts\/175965","targetHints":{"allow":["GET"]}}],"collection":[{"href":"https:\/\/ifamnews.com\/it\/wp-json\/wp\/v2\/posts"}],"about":[{"href":"https:\/\/ifamnews.com\/it\/wp-json\/wp\/v2\/types\/post"}],"author":[{"embeddable":true,"href":"https:\/\/ifamnews.com\/it\/wp-json\/wp\/v2\/users\/567"}],"replies":[{"embeddable":true,"href":"https:\/\/ifamnews.com\/it\/wp-json\/wp\/v2\/comments?post=175965"}],"version-history":[{"count":5,"href":"https:\/\/ifamnews.com\/it\/wp-json\/wp\/v2\/posts\/175965\/revisions"}],"predecessor-version":[{"id":177641,"href":"https:\/\/ifamnews.com\/it\/wp-json\/wp\/v2\/posts\/175965\/revisions\/177641"}],"wp:featuredmedia":[{"embeddable":true,"href":"https:\/\/ifamnews.com\/it\/wp-json\/wp\/v2\/media\/175936"}],"wp:attachment":[{"href":"https:\/\/ifamnews.com\/it\/wp-json\/wp\/v2\/media?parent=175965"}],"wp:term":[{"taxonomy":"category","embeddable":true,"href":"https:\/\/ifamnews.com\/it\/wp-json\/wp\/v2\/categories?post=175965"},{"taxonomy":"post_tag","embeddable":true,"href":"https:\/\/ifamnews.com\/it\/wp-json\/wp\/v2\/tags?post=175965"}],"curies":[{"name":"wp","href":"https:\/\/api.w.org\/{rel}","templated":true}]}}