{"id":173331,"date":"2022-12-30T03:00:00","date_gmt":"2022-12-30T08:00:00","guid":{"rendered":"https:\/\/ifamnews.com\/?p=173331"},"modified":"2022-12-28T14:43:17","modified_gmt":"2022-12-28T19:43:17","slug":"corso-online-con-i-migliori-relatori-la-storia-della-spagna-da-una-prospettiva-cristiana","status":"publish","type":"post","link":"https:\/\/ifamnews.com\/it\/corso-online-con-i-migliori-relatori-la-storia-della-spagna-da-una-prospettiva-cristiana","title":{"rendered":"Corso ONLINE con i migliori relatori: la storia della Spagna da una prospettiva cristiana"},"content":{"rendered":"\n<p>Dopo il successo della prima edizione, torniamo per il 2023 con rinnovato entusiasmo per la chiamata<strong> <\/strong>all&#8217;azione di studenti e relatori.<\/p>\n\n\n\n<p>Per ogni posto assegnato, vi daremo un posto gratuito per invitare una persona di et\u00e0 inferiore ai 25 anni. Vi invitiamo a partecipare con i vostri figli, nipoti o pronipoti, in modo che possano conoscere la realt\u00e0 della nostra storia, che \u00e8 stata cos\u00ec falsificata prima e ora.<\/p>\n\n\n\n<p>Non si tratta di un corso per imparare i fatti e i dati storici (date, fatti, persone, luoghi, ecc.), ma di un corso per analizzare il significato della storia.  <\/p>\n\n\n\n<figure class=\"wp-block-gallery has-nested-images columns-default is-cropped wp-block-gallery-1 is-layout-flex wp-block-gallery-is-layout-flex\">\n<figure class=\"wp-block-image size-large\"><img decoding=\"async\" width=\"1010\" height=\"1024\" data-id=\"173301\" src=\"https:\/\/ifamnews.com\/wp-content\/uploads\/2022\/12\/WhatsApp-Image-2022-12-01-at-15.27.48-1010x1024.jpeg\" alt=\"\" class=\"wp-image-173301\" srcset=\"https:\/\/ifamnews.com\/wp-content\/uploads\/2022\/12\/WhatsApp-Image-2022-12-01-at-15.27.48-1010x1024.jpeg 1010w, https:\/\/ifamnews.com\/wp-content\/uploads\/2022\/12\/WhatsApp-Image-2022-12-01-at-15.27.48-768x779.jpeg 768w, https:\/\/ifamnews.com\/wp-content\/uploads\/2022\/12\/WhatsApp-Image-2022-12-01-at-15.27.48-1515x1536.jpeg 1515w, https:\/\/ifamnews.com\/wp-content\/uploads\/2022\/12\/WhatsApp-Image-2022-12-01-at-15.27.48-75x75.jpeg 75w, https:\/\/ifamnews.com\/wp-content\/uploads\/2022\/12\/WhatsApp-Image-2022-12-01-at-15.27.48-750x760.jpeg 750w, https:\/\/ifamnews.com\/wp-content\/uploads\/2022\/12\/WhatsApp-Image-2022-12-01-at-15.27.48-1140x1156.jpeg 1140w, https:\/\/ifamnews.com\/wp-content\/uploads\/2022\/12\/WhatsApp-Image-2022-12-01-at-15.27.48.jpeg 1578w\" sizes=\"(max-width: 1010px) 100vw, 1010px\" \/><\/figure>\n<\/figure>\n\n\n\n<p>In questo corso esamineremo gli eventi trascendentali della storia della Spagna, con l&#8217;obiettivo di intravedere la filosofia e la teologia che li sottendono.<\/p>\n\n\n\n<p>Chi<strong> <\/strong>desidera approfondire le idee presentate, senza richiedere una conoscenza approfondita della storia, \u00e8 &#8220;lo studente perfetto&#8221;. Tuttavia, \u00e8 ovvio che le conoscenze pregresse aiutano a comprendere le sfumature pi\u00f9 sottili dei fatti.<\/p>\n\n\n\n<p>Vivere il tempo della storia senza Cristo \u00e8 un fallimento e un&#8217;assurdit\u00e0, \u00e8 un distruggersi. D&#8217;altra parte, vivere accogliendo Cristo significa edificarsi, perfezionarsi per svolgere meglio la propria missione. In questo modo, si dissipa l&#8217;ombra di fatalismo che il male getta sulla storia.<\/p>\n\n\n\n<p>\u00c8 quindi importante e necessario conoscere e vivere la storia passata e presente radicata in Cristo.<\/p>\n\n\n\n<p>\u00c8 possibile consultare <a href=\"https:\/\/enraizados.org\/wp-content\/uploads\/2022\/12\/Curso-Historia-II-Guia-alumnos-rev-30nov.pdf\" target=\"_blank\" rel=\"noreferrer noopener\">   <u>qui <\/u> <\/a>il dossier completo del corso con tutte le informazioni.  <\/p>\n","protected":false},"excerpt":{"rendered":"<p>Per ogni posto assegnato, vi daremo un posto gratuito per invitare una persona di et\u00e0 inferiore ai 25 anni. Impegnatevi con i vostri figli, nipoti o pronipoti.<\/p>\n","protected":false},"author":625,"featured_media":173319,"comment_status":"open","ping_status":"open","sticky":false,"template":"","format":"standard","meta":{"give_campaign_id":0,"om_disable_all_campaigns":false,"_monsterinsights_skip_tracking":false,"_monsterinsights_sitenote_active":false,"_monsterinsights_sitenote_note":"","_monsterinsights_sitenote_category":0,"mc4wp_mailchimp_campaign":[],"jnews-multi-image_gallery":[],"jnews_single_post":{"subtitle":"Per ogni posto assegnato, vi daremo un posto gratuito per invitare una persona di et\u00e0 inferiore ai 25 anni. Impegnatevi con i vostri figli, nipoti o pronipoti.","format":"standard","video":"","gallery":"","source_name":"","source_url":"","via_name":"","via_url":"","override_template":"0","override":[{"template":"2","single_blog_custom":"","parallax":"1","fullscreen":"1","layout":"right-sidebar-narrow","sidebar":"default-sidebar","second_sidebar":"default-sidebar","sticky_sidebar":"1","share_position":"float","share_float_style":"share-normal","show_share_counter":"1","show_view_counter":"1","show_featured":"1","show_post_meta":"1","show_post_author":"1","show_post_author_image":"1","show_post_date":"1","post_date_format":"default","post_date_format_custom":"Y\/m\/d","show_post_category":"1","show_post_reading_time":"1","post_reading_time_wpm":"300","show_zoom_button":"0","zoom_button_out_step":"2","zoom_button_in_step":"3","show_post_tag":"1","show_prev_next_post":"0","show_popup_post":"0","number_popup_post":"1","show_author_box":"1","show_post_related":"0","show_inline_post_related":"0"}],"override_image_size":"0","image_override":[{"single_post_thumbnail_size":"crop-715","single_post_gallery_size":"crop-715"}],"trending_post":"0","trending_post_position":"meta","trending_post_label":"Trending","sponsored_post":"0","sponsored_post_label":"Sponsored by","sponsored_post_name":"","sponsored_post_url":"","sponsored_post_logo_enable":"0","sponsored_post_logo":"","sponsored_post_desc":"","disable_ad":"0"},"jnews_primary_category":{"id":"764"},"jnews_social_meta":{"fb_title":"","fb_description":"","fb_image":"","twitter_title":"","twitter_description":"","twitter_image":""},"jnews_override_counter":{"override_view_counter":"0","view_counter_number":"0","override_share_counter":"0","share_counter_number":"0","override_like_counter":"0","like_counter_number":"0","override_dislike_counter":"0","dislike_counter_number":"0"},"footnotes":""},"categories":[764,951],"tags":[21632,21631,21630,21633],"class_list":["post-173331","post","type-post","status-publish","format-standard","has-post-thumbnail","hentry","category-cultura","category-foreground-it","tag-corso-online","tag-cristianesimo-it","tag-spagna-it","tag-storia-it"],"yoast_head":"<!-- This site is optimized with the Yoast SEO Premium plugin v25.9 (Yoast SEO v27.3) - https:\/\/yoast.com\/product\/yoast-seo-premium-wordpress\/ -->\n<title>Corso ONLINE con i migliori relatori: la storia della Spagna da una prospettiva cristiana - IFN<\/title>\n<meta name=\"description\" content=\"Per ogni posto assegnato, vi daremo un posto gratuito per invitare una persona di et\u00e0 inferiore ai 25 anni. Impegnatevi con i vostri figli, nipoti o pronipoti.\" \/>\n<meta name=\"robots\" content=\"index, follow, max-snippet:-1, max-image-preview:large, max-video-preview:-1\" \/>\n<link rel=\"canonical\" href=\"https:\/\/ifamnews.com\/it\/corso-online-con-i-migliori-relatori-la-storia-della-spagna-da-una-prospettiva-cristiana\" \/>\n<meta property=\"og:locale\" content=\"it_IT\" \/>\n<meta property=\"og:type\" content=\"article\" \/>\n<meta property=\"og:title\" content=\"Corso ONLINE con i migliori relatori: la storia della Spagna da una prospettiva cristiana\" \/>\n<meta property=\"og:description\" content=\"Per ogni posto assegnato, vi daremo un posto gratuito per invitare una persona di et\u00e0 inferiore ai 25 anni. Impegnatevi con i vostri figli, nipoti o pronipoti.\" \/>\n<meta property=\"og:url\" content=\"https:\/\/ifamnews.com\/it\/corso-online-con-i-migliori-relatori-la-storia-della-spagna-da-una-prospettiva-cristiana\" \/>\n<meta property=\"og:site_name\" content=\"IFN\" \/>\n<meta property=\"article:publisher\" content=\"https:\/\/www.facebook.com\/iFamNews\" \/>\n<meta property=\"article:published_time\" content=\"2022-12-30T08:00:00+00:00\" \/>\n<meta property=\"og:image\" content=\"https:\/\/ifamnews.com\/wp-content\/uploads\/2022\/12\/La_Virgen_de_los_Reyes_Catolicos.png\" \/>\n\t<meta property=\"og:image:width\" content=\"1200\" \/>\n\t<meta property=\"og:image:height\" content=\"675\" \/>\n\t<meta property=\"og:image:type\" content=\"image\/png\" \/>\n<meta name=\"author\" content=\"Gonzalo Rizo\" \/>\n<meta name=\"twitter:card\" content=\"summary_large_image\" \/>\n<meta name=\"twitter:creator\" content=\"@iFamNewsEN\" \/>\n<meta name=\"twitter:site\" content=\"@iFamNewsEN\" \/>\n<meta name=\"twitter:label1\" content=\"Scritto da\" \/>\n\t<meta name=\"twitter:data1\" content=\"Gonzalo Rizo\" \/>\n\t<meta name=\"twitter:label2\" content=\"Tempo di lettura stimato\" \/>\n\t<meta name=\"twitter:data2\" content=\"2 minuti\" \/>\n<!-- \/ Yoast SEO Premium plugin. -->","yoast_head_json":{"title":"Corso ONLINE con i migliori relatori: la storia della Spagna da una prospettiva cristiana - IFN","description":"Per ogni posto assegnato, vi daremo un posto gratuito per invitare una persona di et\u00e0 inferiore ai 25 anni. Impegnatevi con i vostri figli, nipoti o pronipoti.","robots":{"index":"index","follow":"follow","max-snippet":"max-snippet:-1","max-image-preview":"max-image-preview:large","max-video-preview":"max-video-preview:-1"},"canonical":"https:\/\/ifamnews.com\/it\/corso-online-con-i-migliori-relatori-la-storia-della-spagna-da-una-prospettiva-cristiana","og_locale":"it_IT","og_type":"article","og_title":"Corso ONLINE con i migliori relatori: la storia della Spagna da una prospettiva cristiana","og_description":"Per ogni posto assegnato, vi daremo un posto gratuito per invitare una persona di et\u00e0 inferiore ai 25 anni. Impegnatevi con i vostri figli, nipoti o pronipoti.","og_url":"https:\/\/ifamnews.com\/it\/corso-online-con-i-migliori-relatori-la-storia-della-spagna-da-una-prospettiva-cristiana","og_site_name":"IFN","article_publisher":"https:\/\/www.facebook.com\/iFamNews","article_published_time":"2022-12-30T08:00:00+00:00","og_image":[{"width":1200,"height":675,"url":"https:\/\/ifamnews.com\/wp-content\/uploads\/2022\/12\/La_Virgen_de_los_Reyes_Catolicos.png","type":"image\/png"}],"author":"Gonzalo Rizo","twitter_card":"summary_large_image","twitter_creator":"@iFamNewsEN","twitter_site":"@iFamNewsEN","twitter_misc":{"Scritto da":"Gonzalo Rizo","Tempo di lettura stimato":"2 minuti"},"schema":{"@context":"https:\/\/schema.org","@graph":[{"@type":"NewsArticle","@id":"https:\/\/ifamnews.com\/it\/corso-online-con-i-migliori-relatori-la-storia-della-spagna-da-una-prospettiva-cristiana#article","isPartOf":{"@id":"https:\/\/ifamnews.com\/it\/corso-online-con-i-migliori-relatori-la-storia-della-spagna-da-una-prospettiva-cristiana"},"author":{"name":"Gonzalo Rizo","@id":"https:\/\/ifamnews.com\/en\/#\/schema\/person\/6a480ba50862e76d9d0240a1e188770a"},"headline":"Corso ONLINE con i migliori relatori: la storia della Spagna da una prospettiva cristiana","datePublished":"2022-12-30T08:00:00+00:00","mainEntityOfPage":{"@id":"https:\/\/ifamnews.com\/it\/corso-online-con-i-migliori-relatori-la-storia-della-spagna-da-una-prospettiva-cristiana"},"wordCount":236,"commentCount":0,"publisher":{"@id":"https:\/\/ifamnews.com\/en\/#organization"},"image":{"@id":"https:\/\/ifamnews.com\/it\/corso-online-con-i-migliori-relatori-la-storia-della-spagna-da-una-prospettiva-cristiana#primaryimage"},"thumbnailUrl":"https:\/\/ifamnews.com\/wp-content\/uploads\/2022\/12\/La_Virgen_de_los_Reyes_Catolicos.png","keywords":["corso online","Cristianesimo","Spagna","storia"],"articleSection":["Cultura","In evidenza"],"inLanguage":"it-IT","potentialAction":[{"@type":"CommentAction","name":"Comment","target":["https:\/\/ifamnews.com\/it\/corso-online-con-i-migliori-relatori-la-storia-della-spagna-da-una-prospettiva-cristiana#respond"]}]},{"@type":"WebPage","@id":"https:\/\/ifamnews.com\/it\/corso-online-con-i-migliori-relatori-la-storia-della-spagna-da-una-prospettiva-cristiana","url":"https:\/\/ifamnews.com\/it\/corso-online-con-i-migliori-relatori-la-storia-della-spagna-da-una-prospettiva-cristiana","name":"Corso ONLINE con i migliori relatori: la storia della Spagna da una prospettiva cristiana - IFN","isPartOf":{"@id":"https:\/\/ifamnews.com\/en\/#website"},"primaryImageOfPage":{"@id":"https:\/\/ifamnews.com\/it\/corso-online-con-i-migliori-relatori-la-storia-della-spagna-da-una-prospettiva-cristiana#primaryimage"},"image":{"@id":"https:\/\/ifamnews.com\/it\/corso-online-con-i-migliori-relatori-la-storia-della-spagna-da-una-prospettiva-cristiana#primaryimage"},"thumbnailUrl":"https:\/\/ifamnews.com\/wp-content\/uploads\/2022\/12\/La_Virgen_de_los_Reyes_Catolicos.png","datePublished":"2022-12-30T08:00:00+00:00","description":"Per ogni posto assegnato, vi daremo un posto gratuito per invitare una persona di et\u00e0 inferiore ai 25 anni. Impegnatevi con i vostri figli, nipoti o pronipoti.","breadcrumb":{"@id":"https:\/\/ifamnews.com\/it\/corso-online-con-i-migliori-relatori-la-storia-della-spagna-da-una-prospettiva-cristiana#breadcrumb"},"inLanguage":"it-IT","potentialAction":[{"@type":"ReadAction","target":["https:\/\/ifamnews.com\/it\/corso-online-con-i-migliori-relatori-la-storia-della-spagna-da-una-prospettiva-cristiana"]}]},{"@type":"ImageObject","inLanguage":"it-IT","@id":"https:\/\/ifamnews.com\/it\/corso-online-con-i-migliori-relatori-la-storia-della-spagna-da-una-prospettiva-cristiana#primaryimage","url":"https:\/\/ifamnews.com\/wp-content\/uploads\/2022\/12\/La_Virgen_de_los_Reyes_Catolicos.png","contentUrl":"https:\/\/ifamnews.com\/wp-content\/uploads\/2022\/12\/La_Virgen_de_los_Reyes_Catolicos.png","width":1200,"height":675},{"@type":"BreadcrumbList","@id":"https:\/\/ifamnews.com\/it\/corso-online-con-i-migliori-relatori-la-storia-della-spagna-da-una-prospettiva-cristiana#breadcrumb","itemListElement":[{"@type":"ListItem","position":1,"name":"Home","item":"https:\/\/ifamnews.com\/de"},{"@type":"ListItem","position":2,"name":"\u041a\u0443\u043b\u0442\u0443\u0440\u0430","item":"https:\/\/ifamnews.com\/sr\/kategorija\/kultura-sr"},{"@type":"ListItem","position":3,"name":"Corso ONLINE con i migliori relatori: la storia della Spagna da una prospettiva cristiana"}]},{"@type":"WebSite","@id":"https:\/\/ifamnews.com\/en\/#website","url":"https:\/\/ifamnews.com\/en\/","name":"IFN","description":"International Family News Network","publisher":{"@id":"https:\/\/ifamnews.com\/en\/#organization"},"potentialAction":[{"@type":"SearchAction","target":{"@type":"EntryPoint","urlTemplate":"https:\/\/ifamnews.com\/en\/?s={search_term_string}"},"query-input":{"@type":"PropertyValueSpecification","valueRequired":true,"valueName":"search_term_string"}}],"inLanguage":"it-IT"},{"@type":"Organization","@id":"https:\/\/ifamnews.com\/en\/#organization","name":"iFamNews","url":"https:\/\/ifamnews.com\/en\/","logo":{"@type":"ImageObject","inLanguage":"it-IT","@id":"https:\/\/ifamnews.com\/en\/#\/schema\/logo\/image\/","url":"https:\/\/ifamnews.com\/wp-content\/uploads\/2020\/01\/Share-logo.png","contentUrl":"https:\/\/ifamnews.com\/wp-content\/uploads\/2020\/01\/Share-logo.png","width":200,"height":200,"caption":"iFamNews"},"image":{"@id":"https:\/\/ifamnews.com\/en\/#\/schema\/logo\/image\/"},"sameAs":["https:\/\/www.facebook.com\/iFamNews","https:\/\/x.com\/iFamNewsEN"]},{"@type":"Person","@id":"https:\/\/ifamnews.com\/en\/#\/schema\/person\/6a480ba50862e76d9d0240a1e188770a","name":"Gonzalo Rizo","image":{"@type":"ImageObject","inLanguage":"it-IT","@id":"https:\/\/secure.gravatar.com\/avatar\/9ad1ace35e97f3344da19e7c85d2b3cdcc150f8b5a1223bef197b91481576cbe?s=96&d=mm&r=g","url":"https:\/\/secure.gravatar.com\/avatar\/9ad1ace35e97f3344da19e7c85d2b3cdcc150f8b5a1223bef197b91481576cbe?s=96&d=mm&r=g","contentUrl":"https:\/\/secure.gravatar.com\/avatar\/9ad1ace35e97f3344da19e7c85d2b3cdcc150f8b5a1223bef197b91481576cbe?s=96&d=mm&r=g","caption":"Gonzalo Rizo"},"description":"Gonzalo Rizo, is the father of an exceptional large family. He is an article writer and film critic. Manager of a multinational company.\u00a0","sameAs":["azulueta"],"url":"https:\/\/ifamnews.com\/it\/author\/gonzalo-rizo"}]}},"amp_enabled":true,"_links":{"self":[{"href":"https:\/\/ifamnews.com\/it\/wp-json\/wp\/v2\/posts\/173331","targetHints":{"allow":["GET"]}}],"collection":[{"href":"https:\/\/ifamnews.com\/it\/wp-json\/wp\/v2\/posts"}],"about":[{"href":"https:\/\/ifamnews.com\/it\/wp-json\/wp\/v2\/types\/post"}],"author":[{"embeddable":true,"href":"https:\/\/ifamnews.com\/it\/wp-json\/wp\/v2\/users\/625"}],"replies":[{"embeddable":true,"href":"https:\/\/ifamnews.com\/it\/wp-json\/wp\/v2\/comments?post=173331"}],"version-history":[{"count":5,"href":"https:\/\/ifamnews.com\/it\/wp-json\/wp\/v2\/posts\/173331\/revisions"}],"predecessor-version":[{"id":176855,"href":"https:\/\/ifamnews.com\/it\/wp-json\/wp\/v2\/posts\/173331\/revisions\/176855"}],"wp:featuredmedia":[{"embeddable":true,"href":"https:\/\/ifamnews.com\/it\/wp-json\/wp\/v2\/media\/173319"}],"wp:attachment":[{"href":"https:\/\/ifamnews.com\/it\/wp-json\/wp\/v2\/media?parent=173331"}],"wp:term":[{"taxonomy":"category","embeddable":true,"href":"https:\/\/ifamnews.com\/it\/wp-json\/wp\/v2\/categories?post=173331"},{"taxonomy":"post_tag","embeddable":true,"href":"https:\/\/ifamnews.com\/it\/wp-json\/wp\/v2\/tags?post=173331"}],"curies":[{"name":"wp","href":"https:\/\/api.w.org\/{rel}","templated":true}]}}