{"id":171328,"date":"2022-11-22T04:00:00","date_gmt":"2022-11-22T09:00:00","guid":{"rendered":"https:\/\/ifamnews.com\/?p=171328"},"modified":"2022-11-24T04:26:45","modified_gmt":"2022-11-24T09:26:45","slug":"ernia-ha-scritto-una-canzone-pro-life-anche-se-ernia-non-lo-sa","status":"publish","type":"post","link":"https:\/\/ifamnews.com\/it\/ernia-ha-scritto-una-canzone-pro-life-anche-se-ernia-non-lo-sa","title":{"rendered":"Ernia ha scritto una canzone pro-life (anche se Ernia non lo sa)"},"content":{"rendered":"<p class=\"last-updated\">Last updated on Novembre 24th, 2022 at 04:26 am<\/p>\n<p>\u00abProf, posso farle ascoltare una canzone?\u00bb. I miei studenti sanno che raramente riesco a dire di no: in ogni canzone che mi portano c\u2019\u00e8 sempre lo spunto per qualcosa di grande, un &#8220;gancio&#8221; che mi permette di collegare i contenuti del testo di storia della filosofia, in modo pi\u00f9 immediato, alla loro vita. \u00abQuesta parla di un argomento un po\u2019 controverso\u00bb. Ottimo! Mentre sulla<em> <\/em>LIM i ragazzi cercano la canzone, corro a scovarne il testo. Parte la musica: si tratta di <a savefrom_lm_index=\"0\" savefrom_lm=\"1\" href=\"https:\/\/www.youtube.com\/watch?v=m4jUNpQO5hU\" target=\"_blank\" rel=\"noreferrer noopener\"><em>Buona notte<\/em><\/a><span style=\"padding: 0; margin: 0; margin-left: 5px;\"><\/span>del <em>rapper<\/em> Ernia. Quasi non sento le prime note, sono troppo concentrata a leggere, poi in un istante tutto si trasfigura. Non sono pi\u00f9 alla cattedra, non sono pi\u00f9 in classe: le parole che leggo si fondono con quelle che ascolto, e con il turbinio di immagini che mi attraversano la mente.<\/p>\n\n\n\n<p>\u00abProf, le serve un fazzoletto?\u00bb. S\u00ec, sto piangendo. Davanti ai ragazzi. D\u2019altra parte, come si pu\u00f2 non piangere, ascoltando un ragazzo \u2013 immagino che tal Ernia sia parecchio pi\u00f9 giovane di me \u2013 un pap\u00e0, mentre canta la ninna nanna al suo bambino mai nato?<\/p>\n\n\n\n<blockquote class=\"wp-block-quote is-layout-flow wp-block-quote-is-layout-flow\"><p>\u00abCerte notti invento storie da dire<br>Per distrarla, perch\u00e9 mamma ha certi crolli d&#8217;umore<br>Se dovessi ritrovarmi a prendere una decisione<br>Lo terrei perch\u00e9 non vorrei rivederla soffrire<br>Ma quando dormo puoi parlarmi nei sogni<br>Chiedermi di noi se hai dei dubbi irrisolti<br>Ti dir\u00f2 di ci\u00f2 che \u00e8 stato e che sar\u00e0<br>Ora fai la buonanotte, dormi nei pensieri di pap\u00e0\u00bb.<\/p><\/blockquote>\n\n\n\n<p>E adesso qui, davanti alla classe, con gli occhi ancora umidi e quel po\u2019 di imbarazzo del trovarsi totalmente allo scoperto, penso ad Alessandro che ci ha fatto ascoltare questa canzone: perch\u00e9 me l\u2019ha proposta? Si sar\u00e0 immedesimato? Pensa che potr\u00e0 capitare anche a lui? Si chiede cosa significhi diventare padre, e se avr\u00e0 lui il coraggio che ad altri \u00e8 mancato?<\/p>\n\n\n\n<p>Mi ricompongo, perch\u00e9 \u00e8 giusto che l\u2019emozione, che non solo io ho provato, ci conduca sulla strada del giudizio. Non posso non pensare al tema che avevo appena finito di trattare in classe: <a href=\"https:\/\/romanaedisputationes.com\/\" target=\"_blank\" rel=\"noreferrer noopener\">cos\u2019\u00e8 la realt\u00e0?<\/a>. Non posso non partire da l\u00ec: ecco cos\u2019\u00e8 la realt\u00e0, un uomo (un ragazzo?) che raccontando uno degli eventi pi\u00f9 drammatici della vita di una coppia, chiama le cose con il loro nome, senza mentire, senza banalizzare, senza fingere. La canzone di Ernia, che lui lo faccia consapevolmente oppure no, racconta di un uomo e di una donna, di una mamma e di un pap\u00e0, che hanno scelto di non far venire al mondo il loro bambino, e lo fa con un durissimo realismo doloroso, di un dolore sordo, che esplode davanti alla confessione delle loro motivazioni.<\/p>\n\n\n\n<blockquote class=\"wp-block-quote is-layout-flow wp-block-quote-is-layout-flow\"><p>\u00abLa paura di sbagliare, sai paralizza la scelta<br>Perdonami davvero, ma se abbiamo preso questa<br>\u00c8 stato anche per non doverci ritrovare ostaggi della stessa\u00bb.<\/p><\/blockquote>\n\n\n\n<p>Spogliata da tutte le narrazioni ideologiche e falsamente melodrammatiche, la scelta di non accogliere il proprio bambino viene qui affrontata nella sua ragione pi\u00f9 cruda e pi\u00f9 profonda: la paura. La paura di sbagliare. La paura di non poter tornare indietro, perch\u00e9 quando nasce un figlio ci si dovr\u00e0 fare i conti per sempre. E anche la paura della vita, perch\u00e9<\/p>\n\n\n\n<blockquote class=\"wp-block-quote is-layout-flow wp-block-quote-is-layout-flow\"><p>\u00abla vita \u00e8 una condanna<br>O almeno cos\u00ec sembra se hai il vizio di raccontarla<br>Ti levano la gioia giusto fuori dalla pancia<br>Dopo corri tutta quanta una vita per riacciuffarla\u00bb.<\/p><\/blockquote>\n\n\n\n<p>Cos\u00ec Ernia parla della vita al suo bambino, che la vita non la vedr\u00e0 mai. Quel bambino che non \u00e8 tra le sue braccia, ma cui si trova a dire<\/p>\n\n\n\n<blockquote class=\"wp-block-quote is-layout-flow wp-block-quote-is-layout-flow\"><p>\u00abma quando cerchi me e cerco te<br>Tu lo sai, dove potrai trovarmi<br>Nei miei sogni, che poi<br>\u00c8 l\u00ec che vedo te e vedi me, come vuoi\u00bb.<\/p><\/blockquote>\n\n\n\n<p>Perch\u00e9 la realt\u00e0, Ernia ce lo testimonia, \u00e8 che quel bambino esiste, come \u00e8 esistito mentre era nel ventre di sua madre, permane nell\u2019essere anche se non \u00e8 venuto alla luce. E suo padre ne \u00e8 cos\u00ec certo, da invocare proprio lui, cos\u00ec minuscolo, innocente e impotente, nella dichiarazione della propria completa impotenza, di fronte allo strazio della madre:<\/p>\n\n\n\n<blockquote class=\"wp-block-quote is-layout-flow wp-block-quote-is-layout-flow\"><p>\u00abnon so esser cos\u00ec forte<br>Tu falle far la buonanotte\u00bb.<\/p><\/blockquote>\n\n\n\n<p>Le lacrime tornano a scorrere, pensando a quanto enorme sia la verit\u00e0 di queste parole: per questi genitori, per sempre ostaggio della scelta compiuta, l\u2019unica speranza di \u00abfare buonanotte\u00bb \u00e8 proprio nell\u2019essere di quel bambino, nel suo perdono. E sale la rabbia, pensando ad una cultura \u2013 la nostra \u2013 che <a href=\"https:\/\/ifamnews.com\/it\/un-vecchio-improbabile-film-smaschera-lattacco-globale-alla-famiglia\">nelle sue narrazioni<\/a> sottolinea sempre e soltanto il \u201cpeso\u201d della presenza, esaltando il valore di quella che \u00e8 e rester\u00e0 sempre, oltre ad un omicidio, una ineluttabile mancanza, quella del bambino rifiutato. Negando e rigettando, cos\u00ec, il <a href=\"https:\/\/ifamnews.com\/it\/i-danni-dell-aborto-sulle-donne\">dolore delle madri<\/a>. E dei padri.<\/p>\n\n\n\n<p>Guardo la classe. Anzi, guardo uno per uno i volti dei miei ragazzi, domandando che nessuno di loro debba mai affrontare un\u2019esperienza del genere: siamo capaci di dare loro la speranza di cui hanno bisogno? Mentre spiego loro la Seconda Rivoluzione industriale, mentre racconto di Fichte e Schopenhauer, si accorgono che la vita, per me, non \u00e8 \u00abuna condanna\u00bb? Che guardando loro, quasi come quando guardo ciascuno dei miei figli, intravvedo nei loro occhi quel dirompente desiderio di felicit\u00e0 e di vita, per cui posso solo implorare che trovino la loro strada per una risposta?<\/p>\n\n\n\n<p>Il nuovo album di Ernia si intitola <em>Io non ho paura<\/em>, eppure, tra una <a href=\"https:\/\/www.cliccandonews.it\/2022\/11\/18\/bella-fregatura-ernia-testo-singolo\/\" target=\"_blank\" rel=\"noreferrer noopener\"><em>Bella fregatura<\/em><\/a> e <a href=\"https:\/\/www.cliccandonews.it\/2022\/11\/18\/qualcosa-che-manca-ernia-rkomi-testo-singolo\/\" target=\"_blank\" rel=\"noreferrer noopener\"><em>Qualcosa che manca<\/em><\/a>, sembra proprio il contrario. La lezione finisce, ma non la sfida: argomento della lezione, <a href=\"https:\/\/ifamnews.com\/it\/un-nuovo-inizio-per-la-vita-e-la-famiglia\" target=\"_blank\" rel=\"noreferrer noopener\">la speranza<\/a>, perch\u00e9 nessun padre abbia pi\u00f9 paura e sappia sostenere ogni madre, nell\u2019accogliere il loro bambino, nella certezza che \u00ab<a href=\"https:\/\/ifamnews.com\/it\/nulla-puo-mai-impedire-di-dare-alla-luce-un-figlio\" target=\"_blank\" rel=\"noreferrer noopener\">nulla pu\u00f2 mai impedire di dare alla luce un figlio<\/a>\u00bb.<\/p>\n","protected":false},"excerpt":{"rendered":"<p>Il nuovo album del rapper italiano parla di aborto. Ma lo fa davvero, parlando di una tragedia che fa amare la vita<\/p>\n","protected":false},"author":11,"featured_media":171331,"comment_status":"open","ping_status":"open","sticky":false,"template":"","format":"standard","meta":{"give_campaign_id":0,"om_disable_all_campaigns":false,"_monsterinsights_skip_tracking":false,"_monsterinsights_sitenote_active":false,"_monsterinsights_sitenote_note":"","_monsterinsights_sitenote_category":0,"mc4wp_mailchimp_campaign":[],"jnews-multi-image_gallery":[],"jnews_single_post":{"subtitle":"Il nuovo album del rapper italiano parla di aborto. Ma lo fa davvero, parlando di una tragedia che fa amare la vita","format":"standard","video":"","gallery":"","source_name":"","source_url":"","via_name":"","via_url":"","override_template":"0","override":[{"template":"2","single_blog_custom":"","parallax":"1","fullscreen":"1","layout":"right-sidebar-narrow","sidebar":"default-sidebar","second_sidebar":"default-sidebar","sticky_sidebar":"1","share_position":"float","share_float_style":"share-normal","show_share_counter":"1","show_view_counter":"1","show_featured":"1","show_post_meta":"1","show_post_author":"1","show_post_author_image":"1","show_post_date":"1","post_date_format":"default","post_date_format_custom":"Y\/m\/d","show_post_category":"1","show_post_reading_time":"1","post_reading_time_wpm":"300","show_zoom_button":"0","zoom_button_out_step":"2","zoom_button_in_step":"3","show_post_tag":"1","show_prev_next_post":"0","show_popup_post":"0","number_popup_post":"1","show_author_box":"1","show_post_related":"0","show_inline_post_related":"0"}],"override_image_size":"0","image_override":[{"single_post_thumbnail_size":"crop-715","single_post_gallery_size":"crop-715"}],"trending_post":"0","trending_post_position":"meta","trending_post_label":"Trending","sponsored_post":"0","sponsored_post_label":"Sponsored by","sponsored_post_name":"","sponsored_post_url":"","sponsored_post_logo_enable":"0","sponsored_post_logo":"","sponsored_post_desc":"","disable_ad":"0"},"jnews_primary_category":{"id":"764"},"jnews_social_meta":{"fb_title":"","fb_description":"","fb_image":"","twitter_title":"","twitter_description":"","twitter_image":""},"jnews_override_counter":{"override_view_counter":"0","view_counter_number":"0","override_share_counter":"0","share_counter_number":"0","override_like_counter":"0","like_counter_number":"0","override_dislike_counter":"0","dislike_counter_number":"0"},"footnotes":""},"categories":[8488,764,781,951,782,817],"tags":[698,21104],"class_list":["post-171328","post","type-post","status-publish","format-standard","has-post-thumbnail","hentry","category-breaking-news","category-cultura","category-famiglia","category-foreground-it","category-spettacoli","category-vita","tag-aborto","tag-ernia"],"yoast_head":"<!-- This site is optimized with the Yoast SEO Premium plugin v25.9 (Yoast SEO v27.3) - https:\/\/yoast.com\/product\/yoast-seo-premium-wordpress\/ -->\n<title>Ernia ha scritto una canzone pro-life (anche se Ernia non lo sa) - \u00abiFamNews\u00bb<\/title>\n<meta name=\"description\" content=\"Il nuovo album del rapper italiano parla di aborto. Ma lo fa davvero, parlando di una tragedia che fa amare la vita\" \/>\n<meta name=\"robots\" content=\"index, follow, max-snippet:-1, max-image-preview:large, max-video-preview:-1\" \/>\n<link rel=\"canonical\" href=\"https:\/\/ifamnews.com\/it\/ernia-ha-scritto-una-canzone-pro-life-anche-se-ernia-non-lo-sa\" \/>\n<meta property=\"og:locale\" content=\"it_IT\" \/>\n<meta property=\"og:type\" content=\"article\" \/>\n<meta property=\"og:title\" content=\"Ernia ha scritto una canzone pro-life (anche se Ernia non lo sa)\" \/>\n<meta property=\"og:description\" content=\"Il nuovo album del rapper italiano parla di aborto. Ma lo fa davvero, parlando di una tragedia che fa amare la vita\" \/>\n<meta property=\"og:url\" content=\"https:\/\/ifamnews.com\/it\/ernia-ha-scritto-una-canzone-pro-life-anche-se-ernia-non-lo-sa\" \/>\n<meta property=\"og:site_name\" content=\"IFN\" \/>\n<meta property=\"article:publisher\" content=\"https:\/\/www.facebook.com\/iFamNews\" \/>\n<meta property=\"article:published_time\" content=\"2022-11-22T09:00:00+00:00\" \/>\n<meta property=\"article:modified_time\" content=\"2022-11-24T09:26:45+00:00\" \/>\n<meta property=\"og:image\" content=\"https:\/\/ifamnews.com\/wp-content\/uploads\/2022\/11\/Ernia.jpg\" \/>\n\t<meta property=\"og:image:width\" content=\"1707\" \/>\n\t<meta property=\"og:image:height\" content=\"960\" \/>\n\t<meta property=\"og:image:type\" content=\"image\/jpeg\" \/>\n<meta name=\"author\" content=\"Cristina Tamburini\" \/>\n<meta name=\"twitter:card\" content=\"summary_large_image\" \/>\n<meta name=\"twitter:creator\" content=\"@iFamNewsEN\" \/>\n<meta name=\"twitter:site\" content=\"@iFamNewsEN\" \/>\n<meta name=\"twitter:label1\" content=\"Scritto da\" \/>\n\t<meta name=\"twitter:data1\" content=\"Cristina Tamburini\" \/>\n\t<meta name=\"twitter:label2\" content=\"Tempo di lettura stimato\" \/>\n\t<meta name=\"twitter:data2\" content=\"5 minuti\" \/>\n<!-- \/ Yoast SEO Premium plugin. -->","yoast_head_json":{"title":"Ernia ha scritto una canzone pro-life (anche se Ernia non lo sa) - \u00abiFamNews\u00bb","description":"Il nuovo album del rapper italiano parla di aborto. Ma lo fa davvero, parlando di una tragedia che fa amare la vita","robots":{"index":"index","follow":"follow","max-snippet":"max-snippet:-1","max-image-preview":"max-image-preview:large","max-video-preview":"max-video-preview:-1"},"canonical":"https:\/\/ifamnews.com\/it\/ernia-ha-scritto-una-canzone-pro-life-anche-se-ernia-non-lo-sa","og_locale":"it_IT","og_type":"article","og_title":"Ernia ha scritto una canzone pro-life (anche se Ernia non lo sa)","og_description":"Il nuovo album del rapper italiano parla di aborto. Ma lo fa davvero, parlando di una tragedia che fa amare la vita","og_url":"https:\/\/ifamnews.com\/it\/ernia-ha-scritto-una-canzone-pro-life-anche-se-ernia-non-lo-sa","og_site_name":"IFN","article_publisher":"https:\/\/www.facebook.com\/iFamNews","article_published_time":"2022-11-22T09:00:00+00:00","article_modified_time":"2022-11-24T09:26:45+00:00","og_image":[{"width":1707,"height":960,"url":"https:\/\/ifamnews.com\/wp-content\/uploads\/2022\/11\/Ernia.jpg","type":"image\/jpeg"}],"author":"Cristina Tamburini","twitter_card":"summary_large_image","twitter_creator":"@iFamNewsEN","twitter_site":"@iFamNewsEN","twitter_misc":{"Scritto da":"Cristina Tamburini","Tempo di lettura stimato":"5 minuti"},"schema":{"@context":"https:\/\/schema.org","@graph":[{"@type":"NewsArticle","@id":"https:\/\/ifamnews.com\/it\/ernia-ha-scritto-una-canzone-pro-life-anche-se-ernia-non-lo-sa#article","isPartOf":{"@id":"https:\/\/ifamnews.com\/it\/ernia-ha-scritto-una-canzone-pro-life-anche-se-ernia-non-lo-sa"},"author":{"name":"Cristina Tamburini","@id":"https:\/\/ifamnews.com\/en\/#\/schema\/person\/43e7f156898341a8d33d23cccefde53a"},"headline":"Ernia ha scritto una canzone pro-life (anche se Ernia non lo sa)","datePublished":"2022-11-22T09:00:00+00:00","dateModified":"2022-11-24T09:26:45+00:00","mainEntityOfPage":{"@id":"https:\/\/ifamnews.com\/it\/ernia-ha-scritto-una-canzone-pro-life-anche-se-ernia-non-lo-sa"},"wordCount":924,"commentCount":0,"publisher":{"@id":"https:\/\/ifamnews.com\/en\/#organization"},"image":{"@id":"https:\/\/ifamnews.com\/it\/ernia-ha-scritto-una-canzone-pro-life-anche-se-ernia-non-lo-sa#primaryimage"},"thumbnailUrl":"https:\/\/ifamnews.com\/wp-content\/uploads\/2022\/11\/Ernia.jpg","keywords":["Aborto","Ernia"],"articleSection":["Breaking News","Cultura","Famiglia","In evidenza","Spettacoli","Vita"],"inLanguage":"it-IT","potentialAction":[{"@type":"CommentAction","name":"Comment","target":["https:\/\/ifamnews.com\/it\/ernia-ha-scritto-una-canzone-pro-life-anche-se-ernia-non-lo-sa#respond"]}]},{"@type":"WebPage","@id":"https:\/\/ifamnews.com\/it\/ernia-ha-scritto-una-canzone-pro-life-anche-se-ernia-non-lo-sa","url":"https:\/\/ifamnews.com\/it\/ernia-ha-scritto-una-canzone-pro-life-anche-se-ernia-non-lo-sa","name":"Ernia ha scritto una canzone pro-life (anche se Ernia non lo sa) - \u00abiFamNews\u00bb","isPartOf":{"@id":"https:\/\/ifamnews.com\/en\/#website"},"primaryImageOfPage":{"@id":"https:\/\/ifamnews.com\/it\/ernia-ha-scritto-una-canzone-pro-life-anche-se-ernia-non-lo-sa#primaryimage"},"image":{"@id":"https:\/\/ifamnews.com\/it\/ernia-ha-scritto-una-canzone-pro-life-anche-se-ernia-non-lo-sa#primaryimage"},"thumbnailUrl":"https:\/\/ifamnews.com\/wp-content\/uploads\/2022\/11\/Ernia.jpg","datePublished":"2022-11-22T09:00:00+00:00","dateModified":"2022-11-24T09:26:45+00:00","description":"Il nuovo album del rapper italiano parla di aborto. Ma lo fa davvero, parlando di una tragedia che fa amare la vita","breadcrumb":{"@id":"https:\/\/ifamnews.com\/it\/ernia-ha-scritto-una-canzone-pro-life-anche-se-ernia-non-lo-sa#breadcrumb"},"inLanguage":"it-IT","potentialAction":[{"@type":"ReadAction","target":["https:\/\/ifamnews.com\/it\/ernia-ha-scritto-una-canzone-pro-life-anche-se-ernia-non-lo-sa"]}]},{"@type":"ImageObject","inLanguage":"it-IT","@id":"https:\/\/ifamnews.com\/it\/ernia-ha-scritto-una-canzone-pro-life-anche-se-ernia-non-lo-sa#primaryimage","url":"https:\/\/ifamnews.com\/wp-content\/uploads\/2022\/11\/Ernia.jpg","contentUrl":"https:\/\/ifamnews.com\/wp-content\/uploads\/2022\/11\/Ernia.jpg","width":1707,"height":960},{"@type":"BreadcrumbList","@id":"https:\/\/ifamnews.com\/it\/ernia-ha-scritto-una-canzone-pro-life-anche-se-ernia-non-lo-sa#breadcrumb","itemListElement":[{"@type":"ListItem","position":1,"name":"Home","item":"https:\/\/ifamnews.com\/de"},{"@type":"ListItem","position":2,"name":"Cultura","item":"https:\/\/ifamnews.com\/it\/categoria\/cultura"},{"@type":"ListItem","position":3,"name":"Ernia ha scritto una canzone pro-life (anche se Ernia non lo sa)"}]},{"@type":"WebSite","@id":"https:\/\/ifamnews.com\/en\/#website","url":"https:\/\/ifamnews.com\/en\/","name":"IFN","description":"International Family News Network","publisher":{"@id":"https:\/\/ifamnews.com\/en\/#organization"},"potentialAction":[{"@type":"SearchAction","target":{"@type":"EntryPoint","urlTemplate":"https:\/\/ifamnews.com\/en\/?s={search_term_string}"},"query-input":{"@type":"PropertyValueSpecification","valueRequired":true,"valueName":"search_term_string"}}],"inLanguage":"it-IT"},{"@type":"Organization","@id":"https:\/\/ifamnews.com\/en\/#organization","name":"iFamNews","url":"https:\/\/ifamnews.com\/en\/","logo":{"@type":"ImageObject","inLanguage":"it-IT","@id":"https:\/\/ifamnews.com\/en\/#\/schema\/logo\/image\/","url":"https:\/\/ifamnews.com\/wp-content\/uploads\/2020\/01\/Share-logo.png","contentUrl":"https:\/\/ifamnews.com\/wp-content\/uploads\/2020\/01\/Share-logo.png","width":200,"height":200,"caption":"iFamNews"},"image":{"@id":"https:\/\/ifamnews.com\/en\/#\/schema\/logo\/image\/"},"sameAs":["https:\/\/www.facebook.com\/iFamNews","https:\/\/x.com\/iFamNewsEN"]},{"@type":"Person","@id":"https:\/\/ifamnews.com\/en\/#\/schema\/person\/43e7f156898341a8d33d23cccefde53a","name":"Cristina Tamburini","image":{"@type":"ImageObject","inLanguage":"it-IT","@id":"https:\/\/secure.gravatar.com\/avatar\/4165d8e302e80b4826915d6dc5ff4095e2cdb523a870c0cb303347ba24f5e3c2?s=96&d=mm&r=g","url":"https:\/\/secure.gravatar.com\/avatar\/4165d8e302e80b4826915d6dc5ff4095e2cdb523a870c0cb303347ba24f5e3c2?s=96&d=mm&r=g","contentUrl":"https:\/\/secure.gravatar.com\/avatar\/4165d8e302e80b4826915d6dc5ff4095e2cdb523a870c0cb303347ba24f5e3c2?s=96&d=mm&r=g","caption":"Cristina Tamburini"},"description":"Cristina Tamburini, graduated in Philosophy with a thesis in Philosophical Anthropology on contemporary utilitarianism, wife and mother of seven children, has never abandoned the study and the passion for philosophical anthropology, ethics and bioethics. She has translated into Italian several texts, including Action and Conduct: Thomas Aquinas and the Theory of Action by Stephen L. Brock and Intention by G. Elizabeth M. Anscombe, extending her interests to theology (especially to eschatology and the Social Doctrine of the Church). He edited the blog Yes, they are all mine! to tell and explore the maternage and everyday life in a large family.","sameAs":["https:\/\/sonotuttimiei.blogspot.com\/","https:\/\/instagram.com\/cristambu\/"],"url":"https:\/\/ifamnews.com\/it\/author\/ctamburini"}]}},"amp_enabled":true,"_links":{"self":[{"href":"https:\/\/ifamnews.com\/it\/wp-json\/wp\/v2\/posts\/171328","targetHints":{"allow":["GET"]}}],"collection":[{"href":"https:\/\/ifamnews.com\/it\/wp-json\/wp\/v2\/posts"}],"about":[{"href":"https:\/\/ifamnews.com\/it\/wp-json\/wp\/v2\/types\/post"}],"author":[{"embeddable":true,"href":"https:\/\/ifamnews.com\/it\/wp-json\/wp\/v2\/users\/11"}],"replies":[{"embeddable":true,"href":"https:\/\/ifamnews.com\/it\/wp-json\/wp\/v2\/comments?post=171328"}],"version-history":[{"count":2,"href":"https:\/\/ifamnews.com\/it\/wp-json\/wp\/v2\/posts\/171328\/revisions"}],"predecessor-version":[{"id":171343,"href":"https:\/\/ifamnews.com\/it\/wp-json\/wp\/v2\/posts\/171328\/revisions\/171343"}],"wp:featuredmedia":[{"embeddable":true,"href":"https:\/\/ifamnews.com\/it\/wp-json\/wp\/v2\/media\/171331"}],"wp:attachment":[{"href":"https:\/\/ifamnews.com\/it\/wp-json\/wp\/v2\/media?parent=171328"}],"wp:term":[{"taxonomy":"category","embeddable":true,"href":"https:\/\/ifamnews.com\/it\/wp-json\/wp\/v2\/categories?post=171328"},{"taxonomy":"post_tag","embeddable":true,"href":"https:\/\/ifamnews.com\/it\/wp-json\/wp\/v2\/tags?post=171328"}],"curies":[{"name":"wp","href":"https:\/\/api.w.org\/{rel}","templated":true}]}}