{"id":168318,"date":"2022-10-27T00:00:00","date_gmt":"2022-10-27T04:00:00","guid":{"rendered":"https:\/\/ifamnews.com\/?p=168318"},"modified":"2022-10-27T11:20:30","modified_gmt":"2022-10-27T15:20:30","slug":"iof-e-ifamnews-al-summit-internazionale-della-giovent-in-serbia","status":"publish","type":"post","link":"https:\/\/ifamnews.com\/it\/iof-e-ifamnews-al-summit-internazionale-della-giovent-in-serbia","title":{"rendered":"IOF e \u00abiFamNews\u00bb al Summit Internazionale della Giovent\u00f9 in Serbia"},"content":{"rendered":"\n<p>La fondazione \u00abTogether for Youth \u2013 Prof. Dr. Danica Gruji\u010di\u0107\u00bb organizza per la prima volta in Serbia <a href=\"https:\/\/openworldsummit.com\/\" target=\"_blank\" rel=\"noreferrer noopener\">il Summit Internazionale della Giovent\u00f9<\/a>, a Zlatibor, dal 27 al 30 ottobre. Si prevede la partecipazione di circa 2500-3mila giovani, provenienti sia dalla Serbia sia da Paesi esteri. Il convegno si svolge sotto il patrocinio della presidenza della repubblica serba, del governo, di diversi ministeri, nonch\u00e9 delle citt\u00e0 di Belgrado, Kragujevac, Kru\u0161evac e Zrenjanin.<\/p>\n\n\n\n<figure class=\"wp-block-image size-large\"><img decoding=\"async\" width=\"1024\" height=\"576\" src=\"https:\/\/ifamnews.com\/wp-content\/uploads\/2022\/10\/zlatibor-2-pixabay-zvonko58-1920-1024x576.jpg\" alt=\"\" class=\"wp-image-168268\" srcset=\"https:\/\/ifamnews.com\/wp-content\/uploads\/2022\/10\/zlatibor-2-pixabay-zvonko58-1920-1024x576.jpg 1024w, https:\/\/ifamnews.com\/wp-content\/uploads\/2022\/10\/zlatibor-2-pixabay-zvonko58-1920-768x432.jpg 768w, https:\/\/ifamnews.com\/wp-content\/uploads\/2022\/10\/zlatibor-2-pixabay-zvonko58-1920-1536x864.jpg 1536w, https:\/\/ifamnews.com\/wp-content\/uploads\/2022\/10\/zlatibor-2-pixabay-zvonko58-1920-750x422.jpg 750w, https:\/\/ifamnews.com\/wp-content\/uploads\/2022\/10\/zlatibor-2-pixabay-zvonko58-1920-1140x641.jpg 1140w, https:\/\/ifamnews.com\/wp-content\/uploads\/2022\/10\/zlatibor-2-pixabay-zvonko58-1920.jpg 1920w\" sizes=\"(max-width: 1024px) 100vw, 1024px\" \/><\/figure>\n\n\n\n<p>Il Summit Internazionale della Giovent\u00f9 punta infatti a essere da subito un evento estremamente prestigioso affinch\u00e9 i giovani che vi partecipano possano creare nuove opportunit\u00e0 di cooperazione tra i Paesi rappresentati e le organizzazioni presenti, ma soprattutto alcuni tra i migliori studenti universitari di Serbia e Montenegro, spesso organizzati nelle numerose sigle del mondo giovanili della regione. <\/p>\n\n\n\n<p>Le organizzazioni giovanili, del mondo imprenditoriale e delle istituzioni in programma vengono da Ungheria, Austria, Germania, Turchia, Russia, Cina, Italia, Spagna, Grecia, Francia, Bulgaria, Romania, Croazia, Brasile, oltre a diversi Paesi del continente africano.<\/p>\n\n\n\n<p>Fra i relatori sono previsti ministri, rappresentanti delle istituzioni, del settore privato e di quello pubblico, docenti universitari, rappresentanti delle ambasciate, del settore non governativo e del mondo delle fondazioni. Il concetto di <em>leadership<\/em>, il rapporto fra impresa e giovani, come gestire i talenti, la salute e i giovani, come motivare i giovani, la medicina, lo <em>sport<\/em>, la cultura, i <em>media<\/em>, la storia, la cultura nazionale serba nel contesto internazionale, le <em>start-up<\/em>: questi sono i temi in programma.<\/p>\n\n\n\n<p>Ma il vero tema centrale \u00e8 quest&#8217;anno la famiglia, di cui si discuter\u00e0 soprattutto in un <em>panel<\/em> particolare che vede, fra i relatori, <a href=\"https:\/\/ifamnews.com\/it\/author\/bbrown\" target=\"_blank\" rel=\"noreferrer noopener\">Brian Brown<\/a>, presidente dell&#8217;International Organization for the Family ed editore di <em>International Family News<\/em> (\u00abiFamNews\u00bb),<a href=\"https:\/\/ifamnews.com\/it\/author\/mrespinti\" target=\"_blank\" rel=\"noreferrer noopener\"> Marco Respinti<\/a>, direttore di \u00abiFamNews\u00bb, e<a href=\"https:\/\/ifamnews.com\/it\/author\/marija-stajic\" target=\"_blank\" rel=\"noreferrer noopener\"> Marija Staji\u0107<\/a>, co-responsabile di \u00abiFamNews\u00bb in Serbia.<\/p>\n\n\n\n<figure class=\"wp-block-image size-large\"><img decoding=\"async\" width=\"1024\" height=\"576\" src=\"https:\/\/ifamnews.com\/wp-content\/uploads\/2022\/10\/Brian-Marco-Marija-1-1024x576.png\" alt=\"\" class=\"wp-image-168300\" srcset=\"https:\/\/ifamnews.com\/wp-content\/uploads\/2022\/10\/Brian-Marco-Marija-1-1024x576.png 1024w, https:\/\/ifamnews.com\/wp-content\/uploads\/2022\/10\/Brian-Marco-Marija-1-768x432.png 768w, https:\/\/ifamnews.com\/wp-content\/uploads\/2022\/10\/Brian-Marco-Marija-1-750x422.png 750w, https:\/\/ifamnews.com\/wp-content\/uploads\/2022\/10\/Brian-Marco-Marija-1-1140x641.png 1140w, https:\/\/ifamnews.com\/wp-content\/uploads\/2022\/10\/Brian-Marco-Marija-1.png 1200w\" sizes=\"(max-width: 1024px) 100vw, 1024px\" \/><\/figure>\n\n\n\n<p>Brian Brown, noto protagonista della grande battaglia a difesa della famiglia naturale nel mondo, aprir\u00e0 pure i lavori generali, prendendo la parola durante la cerimonia di apertura del Summit. E gli inviati di \u00abiFamNews\u00bb a Zlatibor avranno cura di aggiornare i lettori costantemente. <\/p>\n","protected":false},"excerpt":{"rendered":"<p>Il primo Summit Internazionale della Giovent\u00f9 a Zlatibor riunir\u00e0 numerosi relatori e ospiti dalla Serbia e dall&#8217;estero<\/p>\n","protected":false},"author":147,"featured_media":168290,"comment_status":"open","ping_status":"open","sticky":false,"template":"","format":"standard","meta":{"give_campaign_id":0,"om_disable_all_campaigns":false,"_monsterinsights_skip_tracking":false,"_monsterinsights_sitenote_active":false,"_monsterinsights_sitenote_note":"","_monsterinsights_sitenote_category":0,"mc4wp_mailchimp_campaign":[],"jnews-multi-image_gallery":[],"jnews_single_post":{"subtitle":"Il primo Summit Internazionale della Giovent\u00f9, a Zlatibor, riunir\u00e0 numerosi relatori e ospiti dalla Serbia e dall'estero","format":"standard","video":"","gallery":"","source_name":"","source_url":"","via_name":"","via_url":"","override_template":"0","override":[{"template":"2","single_blog_custom":"","parallax":"1","fullscreen":"1","layout":"right-sidebar-narrow","sidebar":"default-sidebar","second_sidebar":"default-sidebar","sticky_sidebar":"1","share_position":"float","share_float_style":"share-normal","show_share_counter":"1","show_view_counter":"1","show_featured":"1","show_post_meta":"1","show_post_author":"1","show_post_author_image":"1","show_post_date":"1","post_date_format":"default","post_date_format_custom":"Y\/m\/d","show_post_category":"1","show_post_reading_time":"1","post_reading_time_wpm":"300","show_zoom_button":"0","zoom_button_out_step":"2","zoom_button_in_step":"3","show_post_tag":"1","show_prev_next_post":"0","show_popup_post":"0","number_popup_post":"1","show_author_box":"1","show_post_related":"0","show_inline_post_related":"0"}],"override_image_size":"0","image_override":[{"single_post_thumbnail_size":"crop-715","single_post_gallery_size":"crop-715"}],"trending_post":"0","trending_post_position":"meta","trending_post_label":"Trending","sponsored_post":"0","sponsored_post_label":"Sponsored by","sponsored_post_name":"","sponsored_post_url":"","sponsored_post_logo_enable":"0","sponsored_post_logo":"","sponsored_post_desc":"","disable_ad":"0"},"jnews_primary_category":{"id":"781"},"jnews_social_meta":{"fb_title":"","fb_description":"","fb_image":"","twitter_title":"","twitter_description":"","twitter_image":""},"jnews_override_counter":{"override_view_counter":"0","view_counter_number":"0","override_share_counter":"0","share_counter_number":"0","override_like_counter":"0","like_counter_number":"0","override_dislike_counter":"0","dislike_counter_number":"0"},"footnotes":""},"categories":[781,951],"tags":[806,1632,2581],"class_list":["post-168318","post","type-post","status-publish","format-standard","has-post-thumbnail","hentry","category-famiglia","category-foreground-it","tag-famiglia","tag-iof-2","tag-serbia-2"],"yoast_head":"<!-- This site is optimized with the Yoast SEO Premium plugin v25.9 (Yoast SEO v27.3) - https:\/\/yoast.com\/product\/yoast-seo-premium-wordpress\/ -->\n<title>IOF e \u00abiFamNews\u00bb al Summit Internazionale della Giovent\u00f9 in Serbia - \u00abiFamNews\u00bb<\/title>\n<meta name=\"description\" content=\"Il primo Summit Internazionale della Giovent\u00f9, a Zlatibor, riunir\u00e0 numerosi relatori e ospiti dalla Serbia e dall&#039;estero\" \/>\n<meta name=\"robots\" content=\"index, follow, max-snippet:-1, max-image-preview:large, max-video-preview:-1\" \/>\n<link rel=\"canonical\" href=\"https:\/\/ifamnews.com\/it\/iof-e-ifamnews-al-summit-internazionale-della-giovent-in-serbia\" \/>\n<meta property=\"og:locale\" content=\"it_IT\" \/>\n<meta property=\"og:type\" content=\"article\" \/>\n<meta property=\"og:title\" content=\"IOF e \u00abiFamNews\u00bb al Summit Internazionale della Giovent\u00f9 in Serbia\" \/>\n<meta property=\"og:description\" content=\"Il primo Summit Internazionale della Giovent\u00f9, a Zlatibor, riunir\u00e0 numerosi relatori e ospiti dalla Serbia e dall&#039;estero\" \/>\n<meta property=\"og:url\" content=\"https:\/\/ifamnews.com\/it\/iof-e-ifamnews-al-summit-internazionale-della-giovent-in-serbia\" \/>\n<meta property=\"og:site_name\" content=\"IFN\" \/>\n<meta property=\"article:publisher\" content=\"https:\/\/www.facebook.com\/iFamNews\" \/>\n<meta property=\"article:author\" content=\"https:\/\/www.facebook.com\/iFamNews\/\" \/>\n<meta property=\"article:published_time\" content=\"2022-10-27T04:00:00+00:00\" \/>\n<meta property=\"article:modified_time\" content=\"2022-10-27T15:20:30+00:00\" \/>\n<meta property=\"og:image\" content=\"https:\/\/ifamnews.com\/wp-content\/uploads\/2022\/10\/Samit-Mladih.png\" \/>\n\t<meta property=\"og:image:width\" content=\"1200\" \/>\n\t<meta property=\"og:image:height\" content=\"675\" \/>\n\t<meta property=\"og:image:type\" content=\"image\/png\" \/>\n<meta name=\"author\" content=\"iFamNews Serbia\" \/>\n<meta name=\"twitter:card\" content=\"summary_large_image\" \/>\n<meta name=\"twitter:creator\" content=\"@https:\/\/twitter.com\/ifamnewsrs\/\" \/>\n<meta name=\"twitter:site\" content=\"@iFamNewsEN\" \/>\n<meta name=\"twitter:label1\" content=\"Scritto da\" \/>\n\t<meta name=\"twitter:data1\" content=\"iFamNews Serbia\" \/>\n\t<meta name=\"twitter:label2\" content=\"Tempo di lettura stimato\" \/>\n\t<meta name=\"twitter:data2\" content=\"3 minuti\" \/>\n<!-- \/ Yoast SEO Premium plugin. -->","yoast_head_json":{"title":"IOF e \u00abiFamNews\u00bb al Summit Internazionale della Giovent\u00f9 in Serbia - \u00abiFamNews\u00bb","description":"Il primo Summit Internazionale della Giovent\u00f9, a Zlatibor, riunir\u00e0 numerosi relatori e ospiti dalla Serbia e dall'estero","robots":{"index":"index","follow":"follow","max-snippet":"max-snippet:-1","max-image-preview":"max-image-preview:large","max-video-preview":"max-video-preview:-1"},"canonical":"https:\/\/ifamnews.com\/it\/iof-e-ifamnews-al-summit-internazionale-della-giovent-in-serbia","og_locale":"it_IT","og_type":"article","og_title":"IOF e \u00abiFamNews\u00bb al Summit Internazionale della Giovent\u00f9 in Serbia","og_description":"Il primo Summit Internazionale della Giovent\u00f9, a Zlatibor, riunir\u00e0 numerosi relatori e ospiti dalla Serbia e dall'estero","og_url":"https:\/\/ifamnews.com\/it\/iof-e-ifamnews-al-summit-internazionale-della-giovent-in-serbia","og_site_name":"IFN","article_publisher":"https:\/\/www.facebook.com\/iFamNews","article_author":"https:\/\/www.facebook.com\/iFamNews\/","article_published_time":"2022-10-27T04:00:00+00:00","article_modified_time":"2022-10-27T15:20:30+00:00","og_image":[{"width":1200,"height":675,"url":"https:\/\/ifamnews.com\/wp-content\/uploads\/2022\/10\/Samit-Mladih.png","type":"image\/png"}],"author":"iFamNews Serbia","twitter_card":"summary_large_image","twitter_creator":"@https:\/\/twitter.com\/ifamnewsrs\/","twitter_site":"@iFamNewsEN","twitter_misc":{"Scritto da":"iFamNews Serbia","Tempo di lettura stimato":"3 minuti"},"schema":{"@context":"https:\/\/schema.org","@graph":[{"@type":"NewsArticle","@id":"https:\/\/ifamnews.com\/it\/iof-e-ifamnews-al-summit-internazionale-della-giovent-in-serbia#article","isPartOf":{"@id":"https:\/\/ifamnews.com\/it\/iof-e-ifamnews-al-summit-internazionale-della-giovent-in-serbia"},"author":{"name":"iFamNews Serbia","@id":"https:\/\/ifamnews.com\/en\/#\/schema\/person\/38b9f44fbc0a98257b4be4a648a4c6c7"},"headline":"IOF e \u00abiFamNews\u00bb al Summit Internazionale della Giovent\u00f9 in Serbia","datePublished":"2022-10-27T04:00:00+00:00","dateModified":"2022-10-27T15:20:30+00:00","mainEntityOfPage":{"@id":"https:\/\/ifamnews.com\/it\/iof-e-ifamnews-al-summit-internazionale-della-giovent-in-serbia"},"wordCount":345,"commentCount":0,"publisher":{"@id":"https:\/\/ifamnews.com\/en\/#organization"},"image":{"@id":"https:\/\/ifamnews.com\/it\/iof-e-ifamnews-al-summit-internazionale-della-giovent-in-serbia#primaryimage"},"thumbnailUrl":"https:\/\/ifamnews.com\/wp-content\/uploads\/2022\/10\/Samit-Mladih.png","keywords":["Famiglia","IOF","Serbia"],"articleSection":["Famiglia","In evidenza"],"inLanguage":"it-IT","potentialAction":[{"@type":"CommentAction","name":"Comment","target":["https:\/\/ifamnews.com\/it\/iof-e-ifamnews-al-summit-internazionale-della-giovent-in-serbia#respond"]}]},{"@type":"WebPage","@id":"https:\/\/ifamnews.com\/it\/iof-e-ifamnews-al-summit-internazionale-della-giovent-in-serbia","url":"https:\/\/ifamnews.com\/it\/iof-e-ifamnews-al-summit-internazionale-della-giovent-in-serbia","name":"IOF e \u00abiFamNews\u00bb al Summit Internazionale della Giovent\u00f9 in Serbia - \u00abiFamNews\u00bb","isPartOf":{"@id":"https:\/\/ifamnews.com\/en\/#website"},"primaryImageOfPage":{"@id":"https:\/\/ifamnews.com\/it\/iof-e-ifamnews-al-summit-internazionale-della-giovent-in-serbia#primaryimage"},"image":{"@id":"https:\/\/ifamnews.com\/it\/iof-e-ifamnews-al-summit-internazionale-della-giovent-in-serbia#primaryimage"},"thumbnailUrl":"https:\/\/ifamnews.com\/wp-content\/uploads\/2022\/10\/Samit-Mladih.png","datePublished":"2022-10-27T04:00:00+00:00","dateModified":"2022-10-27T15:20:30+00:00","description":"Il primo Summit Internazionale della Giovent\u00f9, a Zlatibor, riunir\u00e0 numerosi relatori e ospiti dalla Serbia e dall'estero","breadcrumb":{"@id":"https:\/\/ifamnews.com\/it\/iof-e-ifamnews-al-summit-internazionale-della-giovent-in-serbia#breadcrumb"},"inLanguage":"it-IT","potentialAction":[{"@type":"ReadAction","target":["https:\/\/ifamnews.com\/it\/iof-e-ifamnews-al-summit-internazionale-della-giovent-in-serbia"]}]},{"@type":"ImageObject","inLanguage":"it-IT","@id":"https:\/\/ifamnews.com\/it\/iof-e-ifamnews-al-summit-internazionale-della-giovent-in-serbia#primaryimage","url":"https:\/\/ifamnews.com\/wp-content\/uploads\/2022\/10\/Samit-Mladih.png","contentUrl":"https:\/\/ifamnews.com\/wp-content\/uploads\/2022\/10\/Samit-Mladih.png","width":1200,"height":675},{"@type":"BreadcrumbList","@id":"https:\/\/ifamnews.com\/it\/iof-e-ifamnews-al-summit-internazionale-della-giovent-in-serbia#breadcrumb","itemListElement":[{"@type":"ListItem","position":1,"name":"Home","item":"https:\/\/ifamnews.com\/de"},{"@type":"ListItem","position":2,"name":"Familie","item":"https:\/\/ifamnews.com\/de\/kategorie\/familie"},{"@type":"ListItem","position":3,"name":"IOF e \u00abiFamNews\u00bb al Summit Internazionale della Giovent\u00f9 in Serbia"}]},{"@type":"WebSite","@id":"https:\/\/ifamnews.com\/en\/#website","url":"https:\/\/ifamnews.com\/en\/","name":"IFN","description":"International Family News Network","publisher":{"@id":"https:\/\/ifamnews.com\/en\/#organization"},"potentialAction":[{"@type":"SearchAction","target":{"@type":"EntryPoint","urlTemplate":"https:\/\/ifamnews.com\/en\/?s={search_term_string}"},"query-input":{"@type":"PropertyValueSpecification","valueRequired":true,"valueName":"search_term_string"}}],"inLanguage":"it-IT"},{"@type":"Organization","@id":"https:\/\/ifamnews.com\/en\/#organization","name":"iFamNews","url":"https:\/\/ifamnews.com\/en\/","logo":{"@type":"ImageObject","inLanguage":"it-IT","@id":"https:\/\/ifamnews.com\/en\/#\/schema\/logo\/image\/","url":"https:\/\/ifamnews.com\/wp-content\/uploads\/2020\/01\/Share-logo.png","contentUrl":"https:\/\/ifamnews.com\/wp-content\/uploads\/2020\/01\/Share-logo.png","width":200,"height":200,"caption":"iFamNews"},"image":{"@id":"https:\/\/ifamnews.com\/en\/#\/schema\/logo\/image\/"},"sameAs":["https:\/\/www.facebook.com\/iFamNews","https:\/\/x.com\/iFamNewsEN"]},{"@type":"Person","@id":"https:\/\/ifamnews.com\/en\/#\/schema\/person\/38b9f44fbc0a98257b4be4a648a4c6c7","name":"iFamNews Serbia","image":{"@type":"ImageObject","inLanguage":"it-IT","@id":"https:\/\/secure.gravatar.com\/avatar\/99ffa49a21d431d6aeee0715754531add434e23f2be9343a3a657079223070ee?s=96&d=mm&r=g","url":"https:\/\/secure.gravatar.com\/avatar\/99ffa49a21d431d6aeee0715754531add434e23f2be9343a3a657079223070ee?s=96&d=mm&r=g","contentUrl":"https:\/\/secure.gravatar.com\/avatar\/99ffa49a21d431d6aeee0715754531add434e23f2be9343a3a657079223070ee?s=96&d=mm&r=g","caption":"iFamNews Serbia"},"description":"Articles published by the Serbian iFamNews editorial team.","sameAs":["https:\/\/ifamnews.com\/sr","https:\/\/www.facebook.com\/iFamNews\/","https:\/\/x.com\/https:\/\/twitter.com\/ifamnewsrs\/","https:\/\/www.youtube.com\/channel\/UCsaU2Y6NFHzMOlJNpDK62dw"],"url":"https:\/\/ifamnews.com\/it\/author\/redakcija"}]}},"amp_enabled":true,"_links":{"self":[{"href":"https:\/\/ifamnews.com\/it\/wp-json\/wp\/v2\/posts\/168318","targetHints":{"allow":["GET"]}}],"collection":[{"href":"https:\/\/ifamnews.com\/it\/wp-json\/wp\/v2\/posts"}],"about":[{"href":"https:\/\/ifamnews.com\/it\/wp-json\/wp\/v2\/types\/post"}],"author":[{"embeddable":true,"href":"https:\/\/ifamnews.com\/it\/wp-json\/wp\/v2\/users\/147"}],"replies":[{"embeddable":true,"href":"https:\/\/ifamnews.com\/it\/wp-json\/wp\/v2\/comments?post=168318"}],"version-history":[{"count":5,"href":"https:\/\/ifamnews.com\/it\/wp-json\/wp\/v2\/posts\/168318\/revisions"}],"predecessor-version":[{"id":168453,"href":"https:\/\/ifamnews.com\/it\/wp-json\/wp\/v2\/posts\/168318\/revisions\/168453"}],"wp:featuredmedia":[{"embeddable":true,"href":"https:\/\/ifamnews.com\/it\/wp-json\/wp\/v2\/media\/168290"}],"wp:attachment":[{"href":"https:\/\/ifamnews.com\/it\/wp-json\/wp\/v2\/media?parent=168318"}],"wp:term":[{"taxonomy":"category","embeddable":true,"href":"https:\/\/ifamnews.com\/it\/wp-json\/wp\/v2\/categories?post=168318"},{"taxonomy":"post_tag","embeddable":true,"href":"https:\/\/ifamnews.com\/it\/wp-json\/wp\/v2\/tags?post=168318"}],"curies":[{"name":"wp","href":"https:\/\/api.w.org\/{rel}","templated":true}]}}