{"id":159158,"date":"2022-09-03T09:00:00","date_gmt":"2022-09-03T13:00:00","guid":{"rendered":"https:\/\/ifamnews.com\/?p=159158"},"modified":"2022-09-03T08:15:28","modified_gmt":"2022-09-03T12:15:28","slug":"il-rapporto-bachelet-sulla-cina-totalitaria-un-boomerang","status":"publish","type":"post","link":"https:\/\/ifamnews.com\/it\/il-rapporto-bachelet-sulla-cina-totalitaria-un-boomerang","title":{"rendered":"Il Rapporto Bachelet sulla Cina totalitaria \u00e8 un boomerang?"},"content":{"rendered":"\n<p><em>Per gentile concessione, riproponiamo il commento del direttore di \u00abiFamNews\u00bb comparso sul quotidiano \u00abLibero\u00bb il 2 settembre 2022<\/em><\/p>\n\n\n\n<div style=\"height:25px\" aria-hidden=\"true\" class=\"wp-block-spacer\"><\/div>\n\n\n\n<p>In ritardo di quasi un anno, contro i pronostici e letteralmente qualche minuto prima dello scadere del proprio mandato, <a href=\"https:\/\/news.un.org\/en\/story\/2022\/08\/1125932\" target=\"_blank\" rel=\"noreferrer noopener\">l\u2019Alto commissario dell\u2019ONU per i diritti umani (UNHCHR), Michelle Bachelet, ha reso pubblico l\u2019agognato rapporto sullo Xinjiang<\/a>, decisivo per almeno due ragioni.<\/p>\n\n\n\n<p>La prima \u00e8 la condanna del regime cinese per le \u00abgravi violazioni dei diritti umani\u00bb nella regione che i suoi abitanti non <em>han<\/em> chiamano Turkestan Orientale, per lo pi\u00f9 uiguri (ma non solo), per lo pi\u00f9 musulmani (ma non solo), equiparati a \u00abcrimini contro l\u2019umanit\u00e0\u00bb. La seconda \u00e8 che scansa il termine \u00abgenocidio\u00bb, parola culturalmente pesante, ma anzitutto giuridicamente. Non \u00e8 \u201csolo\u201d un massacro. \u00c8 la progettazione e l\u2019attuazione della pulizia etnica. Per questo la definizione coniata nel 1943-1944 dal giurista polacco Raphael Lemkin per lo sterminio dei cristiani armeni perpetrato dai turchi (e degli ucraini per mano sovietica), quindi applicato alla Shoah, include oggi anche i \u00abgenocidi culturali\u00bb. Cio\u00e8 quelli meno visibili e pi\u00f9 lenti, ma non meno feroci, che colpiscono identit\u00e0 nazionali, fedi religiose, lingue parlate, trasmissione della cultura, persino i tassi di riproduzione dei gruppi umani. Come fa la Cina contro uiguri, tibetani, mongoli e altri. Se quindi il termine \u00abgenocidio\u00bb non va mai brandito come un\u2019arma impropria, ci vuole una commissione <em>ad hoc<\/em> per appurarlo.<\/p>\n\n\n\n<p>Con il silenzio, invece, il rapporto Bachelet ne scredita persino l\u2019idea. Nury Turkel, uiguro nato in un campo di detenzione cinese dello Xinjiang, definito da <em>Time<\/em> uno dei 100 uomini pi\u00f9 influenti del mondo, avvocato, presidente della US Commission on International Religious Freedom, \u00e8 sconfortato. \u00abQuello uiguro \u00e8 un genocidio\u00bb, dice a <em>Libero<\/em>. \u00abEvitare il termine giuridico favorisce la Cina\u00bb.<\/p>\n\n\n\n<p>La Cina potr\u00e0 infatti dire che, siccome l\u2019ONU non dice genocidio, il genocidio non c\u2019\u00e8, e che chi lo fa, \u00e8 contro l\u2019ONU. Quanto ai \u00abcrimini contro l\u2019umanit\u00e0\u00bb, sul sito dell\u2019UNHCHR che pubblica le 48 pagine della Bachelet ci sono anche le 131 della Cina. \u00c8 prassi per i Paesi attenzionati, ma quella cinese non \u00e8 la risposta al rapporto: \u00e8 il documento preparato prima per esorcizzarne la pubblicazione. Accusa l\u2019ONU di interferenza e distorsioni. Tanto la Bachelet non sar\u00e0 pi\u00f9 l\u00ec a risponderne, e magari il suo successore scorder\u00e0 il rapporto in un cassetto.<\/p>\n","protected":false},"excerpt":{"rendered":"<p>Scansando il termine \u00abgenocidio\u00bb, fornir\u00e0 al regime cinese l&#8217;assist per dire che nello Xinjiang non vi \u00e8 alcun genocidio<\/p>\n","protected":false},"author":7,"featured_media":159165,"comment_status":"open","ping_status":"open","sticky":false,"template":"","format":"standard","meta":{"give_campaign_id":0,"om_disable_all_campaigns":false,"_monsterinsights_skip_tracking":false,"_monsterinsights_sitenote_active":false,"_monsterinsights_sitenote_note":"","_monsterinsights_sitenote_category":0,"mc4wp_mailchimp_campaign":[],"jnews-multi-image_gallery":[],"jnews_single_post":{"subtitle":"Scansando il termine \u00abgenocidio\u00bb, fornir\u00e0 al regime cinese l'assist per dire che nello Xinjiang non vi \u00e8 alcun genocidio","format":"standard","video":"","gallery":"","source_name":"","source_url":"","via_name":"","via_url":"","override_template":"0","override":[{"template":"2","single_blog_custom":"","parallax":"1","fullscreen":"1","layout":"right-sidebar-narrow","sidebar":"default-sidebar","second_sidebar":"default-sidebar","sticky_sidebar":"1","share_position":"float","share_float_style":"share-normal","show_share_counter":"1","show_view_counter":"1","show_featured":"1","show_post_meta":"1","show_post_author":"1","show_post_author_image":"1","show_post_date":"1","post_date_format":"default","post_date_format_custom":"Y\/m\/d","show_post_category":"1","show_post_reading_time":"1","post_reading_time_wpm":"300","show_zoom_button":"0","zoom_button_out_step":"2","zoom_button_in_step":"3","show_post_tag":"1","show_prev_next_post":"0","show_popup_post":"0","number_popup_post":"1","show_author_box":"1","show_post_related":"0","show_inline_post_related":"0"}],"override_image_size":"0","image_override":[{"single_post_thumbnail_size":"crop-715","single_post_gallery_size":"crop-715"}],"trending_post":"0","trending_post_position":"meta","trending_post_label":"Trending","sponsored_post":"0","sponsored_post_label":"Sponsored by","sponsored_post_name":"","sponsored_post_url":"","sponsored_post_logo_enable":"0","sponsored_post_logo":"","sponsored_post_desc":"","disable_ad":"0"},"jnews_primary_category":{"id":"780"},"jnews_social_meta":{"fb_title":"","fb_description":"","fb_image":"","twitter_title":"","twitter_description":"","twitter_image":""},"jnews_override_counter":{"override_view_counter":"0","view_counter_number":"0","override_share_counter":"0","share_counter_number":"0","override_like_counter":"0","like_counter_number":"0","override_dislike_counter":"0","dislike_counter_number":"0"},"footnotes":""},"categories":[951,780],"tags":[938,6803,1962],"class_list":["post-159158","post","type-post","status-publish","format-standard","has-post-thumbnail","hentry","category-foreground-it","category-politica-it","tag-cina","tag-diritti-umani-it","tag-liberta-religiosa"],"yoast_head":"<!-- This site is optimized with the Yoast SEO Premium plugin v25.9 (Yoast SEO v27.3) - https:\/\/yoast.com\/product\/yoast-seo-premium-wordpress\/ -->\n<title>Il Rapporto Bachelet sulla Cina totalitaria \u00e8 un boomerang? - \u00abiFamNews\u00bb<\/title>\n<meta name=\"description\" content=\"Scansando il termine \u00abgenocidio\u00bb, fornir\u00e0 al regime cinese l&#039;assist per dire che nello Xinjiang non vi \u00e8 alcun genocidio\" \/>\n<meta name=\"robots\" content=\"index, follow, max-snippet:-1, max-image-preview:large, max-video-preview:-1\" \/>\n<link rel=\"canonical\" href=\"https:\/\/ifamnews.com\/it\/il-rapporto-bachelet-sulla-cina-totalitaria-un-boomerang\" \/>\n<meta property=\"og:locale\" content=\"it_IT\" \/>\n<meta property=\"og:type\" content=\"article\" \/>\n<meta property=\"og:title\" content=\"Il Rapporto Bachelet sulla Cina totalitaria \u00e8 un boomerang?\" \/>\n<meta property=\"og:description\" content=\"Scansando il termine \u00abgenocidio\u00bb, fornir\u00e0 al regime cinese l&#039;assist per dire che nello Xinjiang non vi \u00e8 alcun genocidio\" \/>\n<meta property=\"og:url\" content=\"https:\/\/ifamnews.com\/it\/il-rapporto-bachelet-sulla-cina-totalitaria-un-boomerang\" \/>\n<meta property=\"og:site_name\" content=\"IFN\" \/>\n<meta property=\"article:publisher\" content=\"https:\/\/www.facebook.com\/iFamNews\" \/>\n<meta property=\"article:author\" content=\"https:\/\/facebook.com\/MarcoRespinti\" \/>\n<meta property=\"article:published_time\" content=\"2022-09-03T13:00:00+00:00\" \/>\n<meta property=\"og:image\" content=\"https:\/\/ifamnews.com\/wp-content\/uploads\/2022\/09\/5d9c3be7a4107d44763b43f5-1.webp\" \/>\n\t<meta property=\"og:image:width\" content=\"1200\" \/>\n\t<meta property=\"og:image:height\" content=\"675\" \/>\n\t<meta property=\"og:image:type\" content=\"image\/webp\" \/>\n<meta name=\"author\" content=\"Marco Respinti\" \/>\n<meta name=\"twitter:card\" content=\"summary_large_image\" \/>\n<meta name=\"twitter:creator\" content=\"@https:\/\/twitter.com\/MarcoRespinti\" \/>\n<meta name=\"twitter:site\" content=\"@iFamNewsEN\" \/>\n<meta name=\"twitter:label1\" content=\"Scritto da\" \/>\n\t<meta name=\"twitter:data1\" content=\"Marco Respinti\" \/>\n\t<meta name=\"twitter:label2\" content=\"Tempo di lettura stimato\" \/>\n\t<meta name=\"twitter:data2\" content=\"3 minuti\" \/>\n<!-- \/ Yoast SEO Premium plugin. -->","yoast_head_json":{"title":"Il Rapporto Bachelet sulla Cina totalitaria \u00e8 un boomerang? - \u00abiFamNews\u00bb","description":"Scansando il termine \u00abgenocidio\u00bb, fornir\u00e0 al regime cinese l'assist per dire che nello Xinjiang non vi \u00e8 alcun genocidio","robots":{"index":"index","follow":"follow","max-snippet":"max-snippet:-1","max-image-preview":"max-image-preview:large","max-video-preview":"max-video-preview:-1"},"canonical":"https:\/\/ifamnews.com\/it\/il-rapporto-bachelet-sulla-cina-totalitaria-un-boomerang","og_locale":"it_IT","og_type":"article","og_title":"Il Rapporto Bachelet sulla Cina totalitaria \u00e8 un boomerang?","og_description":"Scansando il termine \u00abgenocidio\u00bb, fornir\u00e0 al regime cinese l'assist per dire che nello Xinjiang non vi \u00e8 alcun genocidio","og_url":"https:\/\/ifamnews.com\/it\/il-rapporto-bachelet-sulla-cina-totalitaria-un-boomerang","og_site_name":"IFN","article_publisher":"https:\/\/www.facebook.com\/iFamNews","article_author":"https:\/\/facebook.com\/MarcoRespinti","article_published_time":"2022-09-03T13:00:00+00:00","og_image":[{"width":1200,"height":675,"url":"https:\/\/ifamnews.com\/wp-content\/uploads\/2022\/09\/5d9c3be7a4107d44763b43f5-1.webp","type":"image\/webp"}],"author":"Marco Respinti","twitter_card":"summary_large_image","twitter_creator":"@https:\/\/twitter.com\/MarcoRespinti","twitter_site":"@iFamNewsEN","twitter_misc":{"Scritto da":"Marco Respinti","Tempo di lettura stimato":"3 minuti"},"schema":{"@context":"https:\/\/schema.org","@graph":[{"@type":"NewsArticle","@id":"https:\/\/ifamnews.com\/it\/il-rapporto-bachelet-sulla-cina-totalitaria-un-boomerang#article","isPartOf":{"@id":"https:\/\/ifamnews.com\/it\/il-rapporto-bachelet-sulla-cina-totalitaria-un-boomerang"},"author":{"name":"Marco Respinti","@id":"https:\/\/ifamnews.com\/en\/#\/schema\/person\/f0579ab02623e80d44006c1a5d949ea9"},"headline":"Il Rapporto Bachelet sulla Cina totalitaria \u00e8 un boomerang?","datePublished":"2022-09-03T13:00:00+00:00","mainEntityOfPage":{"@id":"https:\/\/ifamnews.com\/it\/il-rapporto-bachelet-sulla-cina-totalitaria-un-boomerang"},"wordCount":388,"commentCount":0,"publisher":{"@id":"https:\/\/ifamnews.com\/en\/#organization"},"image":{"@id":"https:\/\/ifamnews.com\/it\/il-rapporto-bachelet-sulla-cina-totalitaria-un-boomerang#primaryimage"},"thumbnailUrl":"https:\/\/ifamnews.com\/wp-content\/uploads\/2022\/09\/5d9c3be7a4107d44763b43f5-1.webp","keywords":["Cina","Diritti umani","Libert\u00e0 religiosa"],"articleSection":["In evidenza","Politica"],"inLanguage":"it-IT","potentialAction":[{"@type":"CommentAction","name":"Comment","target":["https:\/\/ifamnews.com\/it\/il-rapporto-bachelet-sulla-cina-totalitaria-un-boomerang#respond"]}]},{"@type":"WebPage","@id":"https:\/\/ifamnews.com\/it\/il-rapporto-bachelet-sulla-cina-totalitaria-un-boomerang","url":"https:\/\/ifamnews.com\/it\/il-rapporto-bachelet-sulla-cina-totalitaria-un-boomerang","name":"Il Rapporto Bachelet sulla Cina totalitaria \u00e8 un boomerang? - \u00abiFamNews\u00bb","isPartOf":{"@id":"https:\/\/ifamnews.com\/en\/#website"},"primaryImageOfPage":{"@id":"https:\/\/ifamnews.com\/it\/il-rapporto-bachelet-sulla-cina-totalitaria-un-boomerang#primaryimage"},"image":{"@id":"https:\/\/ifamnews.com\/it\/il-rapporto-bachelet-sulla-cina-totalitaria-un-boomerang#primaryimage"},"thumbnailUrl":"https:\/\/ifamnews.com\/wp-content\/uploads\/2022\/09\/5d9c3be7a4107d44763b43f5-1.webp","datePublished":"2022-09-03T13:00:00+00:00","description":"Scansando il termine \u00abgenocidio\u00bb, fornir\u00e0 al regime cinese l'assist per dire che nello Xinjiang non vi \u00e8 alcun genocidio","breadcrumb":{"@id":"https:\/\/ifamnews.com\/it\/il-rapporto-bachelet-sulla-cina-totalitaria-un-boomerang#breadcrumb"},"inLanguage":"it-IT","potentialAction":[{"@type":"ReadAction","target":["https:\/\/ifamnews.com\/it\/il-rapporto-bachelet-sulla-cina-totalitaria-un-boomerang"]}]},{"@type":"ImageObject","inLanguage":"it-IT","@id":"https:\/\/ifamnews.com\/it\/il-rapporto-bachelet-sulla-cina-totalitaria-un-boomerang#primaryimage","url":"https:\/\/ifamnews.com\/wp-content\/uploads\/2022\/09\/5d9c3be7a4107d44763b43f5-1.webp","contentUrl":"https:\/\/ifamnews.com\/wp-content\/uploads\/2022\/09\/5d9c3be7a4107d44763b43f5-1.webp","width":1200,"height":675,"caption":"Uiguri internati in un campo di \"rieducazione\" nello Xinjiang\/Turkestan Orientale"},{"@type":"BreadcrumbList","@id":"https:\/\/ifamnews.com\/it\/il-rapporto-bachelet-sulla-cina-totalitaria-un-boomerang#breadcrumb","itemListElement":[{"@type":"ListItem","position":1,"name":"Home","item":"https:\/\/ifamnews.com\/de"},{"@type":"ListItem","position":2,"name":"Politics","item":"https:\/\/ifamnews.com\/en\/category\/politics"},{"@type":"ListItem","position":3,"name":"Il Rapporto Bachelet sulla Cina totalitaria \u00e8 un boomerang?"}]},{"@type":"WebSite","@id":"https:\/\/ifamnews.com\/en\/#website","url":"https:\/\/ifamnews.com\/en\/","name":"IFN","description":"International Family News Network","publisher":{"@id":"https:\/\/ifamnews.com\/en\/#organization"},"potentialAction":[{"@type":"SearchAction","target":{"@type":"EntryPoint","urlTemplate":"https:\/\/ifamnews.com\/en\/?s={search_term_string}"},"query-input":{"@type":"PropertyValueSpecification","valueRequired":true,"valueName":"search_term_string"}}],"inLanguage":"it-IT"},{"@type":"Organization","@id":"https:\/\/ifamnews.com\/en\/#organization","name":"iFamNews","url":"https:\/\/ifamnews.com\/en\/","logo":{"@type":"ImageObject","inLanguage":"it-IT","@id":"https:\/\/ifamnews.com\/en\/#\/schema\/logo\/image\/","url":"https:\/\/ifamnews.com\/wp-content\/uploads\/2020\/01\/Share-logo.png","contentUrl":"https:\/\/ifamnews.com\/wp-content\/uploads\/2020\/01\/Share-logo.png","width":200,"height":200,"caption":"iFamNews"},"image":{"@id":"https:\/\/ifamnews.com\/en\/#\/schema\/logo\/image\/"},"sameAs":["https:\/\/www.facebook.com\/iFamNews","https:\/\/x.com\/iFamNewsEN"]},{"@type":"Person","@id":"https:\/\/ifamnews.com\/en\/#\/schema\/person\/f0579ab02623e80d44006c1a5d949ea9","name":"Marco Respinti","image":{"@type":"ImageObject","inLanguage":"it-IT","@id":"https:\/\/secure.gravatar.com\/avatar\/4ab04a5127131015e13010f222e38621144dc33a5df5d977b35ceeab15ee958f?s=96&d=mm&r=g","url":"https:\/\/secure.gravatar.com\/avatar\/4ab04a5127131015e13010f222e38621144dc33a5df5d977b35ceeab15ee958f?s=96&d=mm&r=g","contentUrl":"https:\/\/secure.gravatar.com\/avatar\/4ab04a5127131015e13010f222e38621144dc33a5df5d977b35ceeab15ee958f?s=96&d=mm&r=g","caption":"Marco Respinti"},"description":"Marco Respinti was the Editor-in-Chief of International Family News until the end of 2022. He is an Italian professional journalist, member of the International Federation of Journalists (IFJ), essayist, translator, and lecturer. He has contributed and contributes to several journals and magazines both in print and online, both in Italy and abroad. Author of books, he has translated and\/or edited works by, among others, Edmund Burke, Charles Dickens, T.S. Eliot, Russell Kirk, J.R.R. Tolkien, R\u00e9gine Pernoud and Gustave Thibon. A Senior fellow at the\u00a0Russell Kirk Center for Cultural Renewal (Mecosta, Michigan) he is also a founding member as well as Board member of the Center for European Renewal (The Hague, The Netherlands). A member of the Editorial Board of The European Conservative magazine, as well as a member of the Advisory Council of the European Federation for Freedom of Belief, he serves as Director-in-Charge of the academic publication The Journal of CESNUR and the online Bitter Winter: A Magazine on Religious Liberty and Human Rights.","sameAs":["https:\/\/facebook.com\/MarcoRespinti","https:\/\/it.linkedin.com\/in\/marcorespinti","https:\/\/pinterest.it\/MarcoRespinti\/_created\/","https:\/\/x.com\/https:\/\/twitter.com\/MarcoRespinti","https:\/\/youtube.com\/channel\/UC1FbsvyQNTQ-snpsmRC12Og?view_as=subscriber"],"url":"https:\/\/ifamnews.com\/it\/author\/mrespinti"}]}},"amp_enabled":true,"_links":{"self":[{"href":"https:\/\/ifamnews.com\/it\/wp-json\/wp\/v2\/posts\/159158","targetHints":{"allow":["GET"]}}],"collection":[{"href":"https:\/\/ifamnews.com\/it\/wp-json\/wp\/v2\/posts"}],"about":[{"href":"https:\/\/ifamnews.com\/it\/wp-json\/wp\/v2\/types\/post"}],"author":[{"embeddable":true,"href":"https:\/\/ifamnews.com\/it\/wp-json\/wp\/v2\/users\/7"}],"replies":[{"embeddable":true,"href":"https:\/\/ifamnews.com\/it\/wp-json\/wp\/v2\/comments?post=159158"}],"version-history":[{"count":5,"href":"https:\/\/ifamnews.com\/it\/wp-json\/wp\/v2\/posts\/159158\/revisions"}],"predecessor-version":[{"id":159176,"href":"https:\/\/ifamnews.com\/it\/wp-json\/wp\/v2\/posts\/159158\/revisions\/159176"}],"wp:featuredmedia":[{"embeddable":true,"href":"https:\/\/ifamnews.com\/it\/wp-json\/wp\/v2\/media\/159165"}],"wp:attachment":[{"href":"https:\/\/ifamnews.com\/it\/wp-json\/wp\/v2\/media?parent=159158"}],"wp:term":[{"taxonomy":"category","embeddable":true,"href":"https:\/\/ifamnews.com\/it\/wp-json\/wp\/v2\/categories?post=159158"},{"taxonomy":"post_tag","embeddable":true,"href":"https:\/\/ifamnews.com\/it\/wp-json\/wp\/v2\/tags?post=159158"}],"curies":[{"name":"wp","href":"https:\/\/api.w.org\/{rel}","templated":true}]}}