{"id":158759,"date":"2022-08-31T00:00:00","date_gmt":"2022-08-31T04:00:00","guid":{"rendered":"https:\/\/ifamnews.com\/?p=158759"},"modified":"2022-09-01T04:48:16","modified_gmt":"2022-09-01T08:48:16","slug":"fortunatamente-michelle-bachelet-se-ne-va","status":"publish","type":"post","link":"https:\/\/ifamnews.com\/it\/fortunatamente-michelle-bachelet-se-ne-va","title":{"rendered":"Fortunatamente Michelle Bachelet se ne va"},"content":{"rendered":"<p class=\"last-updated\">Last updated on Settembre 1st, 2022 at 04:48 am<\/p>\n<p>Oggi \u00e8 un bel giorno perch\u00e9 \u00e8 l\u2019ultimo del mandato di Michelle Bachelet come Alto commissario delle Nazioni Unite per i diritti umani (OHCHR). Alzi la mano chi si ricorda qualcosa di quanto fatto dalla Bachelet in quella posizione dal 1\u00b0 settembre 2018, quando ha assunto l\u2019incarico. Fra quanti l\u2019hanno alzata, la tengano su tutti coloro che si ricordano di qualcosa di buono fatto dalla Bachelet per i diritti umani. Il che \u00e8 un evidente paradosso.<\/p>\n\n\n\n<p>Certamente il difetto sta nel manico, perch\u00e9 l\u2019OHCHR \u00e8 una di quelle istituzioni che sulla carta dovrebbe muovere mari e monti su un tema fondamentale ma che in realt\u00e0 resta cronicamente al palo, timida, impacciata, restia, titubante, spaventata, a volte di fatto complice. Ma, <em>rebus sic stantibus<\/em>, qualcosina in pi\u00f9 gli Alti Commissari, pescando nella farina del proprio sacco, possono farla. Non la Bachelet, per\u00f2, che quindi uscir\u00e0 di scena senza luce. Non si ricandider\u00e0, infatti, per un secondo mandato, e questa \u00e8 l\u2019altra notizia positiva.<\/p>\n\n\n\n<p>Il coronamento del suo quadriennio meschinello \u00e8 la questione uigura. La Bachelet promette da quasi un anno un rapporto autorevole quanto lo \u00e8 lo scranno sul quale per quattro anni ha seduto e da quasi un anno trova le mille scuse per rimandare tutto. In realt\u00e0, come ha detto il 25 agosto, il regime neo-post-nazional comunista della Cina Popolare preme su di lei come non mai, scatenando pure i propri alleati sulla scena internazionale, affinch\u00e9 quel rapporto non veda mai la luce. Una delle scuse accampata dalla Bachelet \u00e8 stata la volont\u00e0 di verificare di persona: che di per s\u00e9 \u00e8 cosa ottima, ma che nel suo caso si \u00e8 trasformata (il viaggio \u00e8 stato compiuto a fine maggio, dopo mesi di rinvio ingiustificato del famoso rapporto) in un <em>assist<\/em> fantastico alla propaganda di Pechino.<\/p>\n\n\n\n<p>Perch\u00e9 infatti la Bachelet nutre e diffonde una concezione bacata dei diritti umani. Secondo la Bachelet, infatti, tra i diritti che attengono inequivocabilmente alla persona umana c\u2019\u00e8 l\u2019uccisione di un proprio simile. Di un proprio simile innocente. Di un proprio simile ancora nel grembo della propria mamma. E questo \u00e8 vergognoso. Non \u00e8 infatti vergognoso che l\u2019Alto commissario delle Nazioni Unite per i diritti umani, cio\u00e8 la massima autorit\u00e0 mondiale in materia, con mandato di tutti i Paesi del mondo, ritenga l\u2019aborto un diritto umano fondamentale?<\/p>\n\n\n\n<p>La decisione con in cui la <a href=\"https:\/\/ifamnews.com\/it\/thank-you-scotus\" target=\"_blank\" rel=\"noreferrer noopener\">Corte Suprema degli Stati Uniti d\u2019America ha mandato in soffitta la famigerata sentenza che nel 1973<\/a> rese l\u2019aborto non-illegale in tutto il paese, la Bachelet l\u2019ha definita spudoratamente <a href=\"https:\/\/www.ohchr.org\/en\/statements\/2022\/06\/bachelet-us-ruling-dobbs-v-jackson-womens-health-organizationla%20bachelet\" target=\"_blank\" rel=\"noreferrer noopener\">\u00abun grosso colpo ai diritti umani delle donne e all\u2019eguaglianza di genere\u00bb<\/a>. Ma evidentemente la Bachelet allo scranno pi\u00f9 elevato dei diritti umani nel mondo c\u2019\u00e8 arrivata proprio per quello.<\/p>\n\n\n\n<p>La Bachelet \u00e8 stata presidente del Cile per due mandati consecutivi, dal 2006 al 2010 e dal 2014 al 2018. Prima era stata ministro della Difesa, dal 2002 al 2004 e prima ancora ministro della Sanit\u00e0, dal 2000 al 2002. La Bachelet \u00e8 infatti \u00e8 un medico, laureatasi in Medicina e Chirurgia nel 1983 nell\u2019Universit\u00e0 del Cile di Santiago. Deve curare cio\u00e8 le persone, prendersi cura di loro. Invece da ministro cileno della Sanit\u00e0<strong> <\/strong>si \u00e8 data da fare per portare finalmente a termine un vecchio progetto di legge datato nientemeno che 1939. Un progetto di legge voluto dall\u2019allora presidente della repubblica \u201cmartire\u201d Salvador Allende (1908-1973), morto suicida l\u201911 settembre 1973.<\/p>\n\n\n\n<p>Quel progetto di legge prevede la sterilizzazione di tutti i cittadini cileni \u201cdevianti\u201d: \u00e8 la&nbsp;<a href=\"https:\/\/www.leychile.cl\/Navegar?idNorma=178647\" target=\"_blank\" rel=\"noreferrer noopener\">Resoluci\u00f3n Exenta n. 2326<\/a>&nbsp;del 30 novembre 2000. \u00c8 stata la Bachelet a introdurla nell\u2019ordinamento giuridico cileno d\u2019imperio, forte del fatto che quel tipo di proposta non richiede alcuna discussione parlamentare. Con quella legge in Cile \u00e8 stato quindi possibile sterilizzare qualunque persona sopra i 18 anni, uomo o donna che fosse, e pure senza il consenso dell\u2019eventuale coniuge. La legge della Bachelet contiene infatti precise \u00abdirettive per il servizio sanitario di sterilizzazione femminile e maschile\u00bb, e prevede interventi sia \u00absu richiesta della persona sollecitata\u00bb sia \u00absu prescrizione medica o su sollecito di terzi\u00bb. La legge della Bachelet \u00e8 stata poi emendata, attenuata. Ma non \u00e8 forse di una gravit\u00e0 inaudita che un personaggio cos\u00ec diventi il capo mondiale dei diritti umani?<\/p>\n\n\n\n<p>Ora, quando Allende pens\u00f2 a una legge cos\u00ec&nbsp;era, proprio come lo \u00e8 stata poi la sua discepola Bachelet, ministro della Salute. Allora il progetto naufrag\u00f2 per l\u2019opposizione del mondo medico, ma era profondamente indicativo del giro mentale sia di Allende sia dell\u2019intero socialismo cileno di cui l\u2019attuale Alto Commissario per i diritti umani dell\u2019ONU \u00e8 un esponente di spicco.<\/p>\n\n\n\n<p>Allende era infatti graniticamente convinto&nbsp;che gli esseri umani non siano tutti&nbsp;uguali, che esistano \u201crazze superiori\u201d e \u201crazze inferiori\u201d (fra queste ultime ovviamente gli ebrei), che alcune persone siano affette da tare criminali ereditarie da estirpare con la forza, che gli omosessuali e gli alcolizzati vadano curati chirurgicamente e semmai perseguitati, persino che ci siano malattie veneree da reprimere per legge. Allende era anch\u2019egli medico. Si era laureato nel 1933 in Medicina e Chirurgia nella medesima Universit\u00e0 del Cile di Santiago che poi diplomer\u00e0 la Bachelet. Lo fece con una tesi intitolata&nbsp;<a href=\"https:\/\/www.archivochile.com\/S_Allende_UP\/doc_de_sallende\/SAde0076.pdf\" target=\"_blank\" rel=\"noreferrer noopener\"><em>Higiene Mental y Delincuencia<\/em><\/a>. Lo studioso V\u00edctor Ernesto Far\u00edas, classe 1940, filosofo dell\u2019Universit\u00e0 Andr\u00e9s Bello di Santiago, gi\u00e0 allievo (e poi denunciatore per pensiero filonazista) del filosofo tedesco Martin Heidegger (1889-1976), ha tratto dalla vicenda un libro memorabile,&nbsp;<em>Salvador Allende. La fine di un mito. Il socialismo tra ossessione totalitaria e corruzione. Nuove rivelazioni&nbsp;<\/em>(trad. it. Medusa, Milano 2007), da cui emerge che, tra l\u2019altro, Allende ammirava il materialismo inquietante del vate della fisiognomica criminale Cesare Lombroso (1835-1909), il \u201cgenio\u201d dell\u2019endocrinologo razzista fascista Nicola Pende (1880-1970) e persino il Terzo Reich.<\/p>\n\n\n\n<p>Il progetto di legge sulla sterilizzazione cilena&nbsp;\u00e8, come detto, del 1939: lo stesso anno in cui la Germania approv\u00f2 una legge sostanzialmente identica. Del resto, dopo la Seconda guerra mondiale, il criminale nazista Walther Rauff (1906-1984) \u2013 tra l\u2019altro amico di quel gran muft\u00ec di Gerusalemme che a Berlino fu un campione di antisemitismo accarezzando l\u2019idea di sterminare tutti gli ebrei di Palestina \u2013 venne protetto da Allende, nel frattempo diventato presidente della repubblica, nel suo rifugio cileno, e questo, nel 1972, lasci\u00f2 sgomento il \u201ccacciatore di nazisti\u201d austriaco Simon Wiesenthal (1908-2005).<\/p>\n\n\n\n<p>Torniamo a oggi. L\u2019Italia ha premiato la Bachelet il 17 ottobre 2007 insignendola di una laurea\u00a0<em>honoris causa<\/em>\u00a0in Medicina e Chirurgia nell\u2019Universit\u00e0 degli Studi di Siena. Lo fece l\u2019allora ministro italiano dell\u2019Universit\u00e0 e della Ricerca, Fabio Mussi, gi\u00e0 dirigente del Partito Comunista Italiano, poi Capogruppo del Partito Democratico della Sinistra e dei Democratici di Sinistra, ministro con il <em>premier<\/em> Romano Prodi e oggi membro di Sinistra Italiana.<\/p>\n\n\n\n<p>S\u00ec, il prossimo capo dell&#8217;OHCHR potrebbe non essere meglio. Ma che possa essere peggio \u00e8 molto difficile.<\/p>\n","protected":false},"excerpt":{"rendered":"<p>Lascia l&#8217;OHCHR la cilena che si piega ai totalitarismi, considera l\u2019aborto un diritto e port\u00f2 a compimento il socialismo eugenetico di Salvador Allende<\/p>\n","protected":false},"author":7,"featured_media":158750,"comment_status":"open","ping_status":"open","sticky":false,"template":"","format":"standard","meta":{"give_campaign_id":0,"om_disable_all_campaigns":false,"_monsterinsights_skip_tracking":false,"_monsterinsights_sitenote_active":false,"_monsterinsights_sitenote_note":"","_monsterinsights_sitenote_category":0,"mc4wp_mailchimp_campaign":[],"jnews-multi-image_gallery":[],"jnews_single_post":{"subtitle":"Lascia l'OHCHR la cilena che si piega ai totalitarismi, considera l\u2019aborto un diritto e port\u00f2 a compimento il socialismo eugenetico di Salvador Allende","format":"standard","video":"","gallery":"","source_name":"","source_url":"","via_name":"","via_url":"","override_template":"0","override":[{"template":"2","single_blog_custom":"","parallax":"1","fullscreen":"1","layout":"right-sidebar-narrow","sidebar":"default-sidebar","second_sidebar":"default-sidebar","sticky_sidebar":"1","share_position":"float","share_float_style":"share-normal","show_share_counter":"1","show_view_counter":"1","show_featured":"1","show_post_meta":"1","show_post_author":"1","show_post_author_image":"1","show_post_date":"1","post_date_format":"default","post_date_format_custom":"Y\/m\/d","show_post_category":"1","show_post_reading_time":"1","post_reading_time_wpm":"300","show_zoom_button":"0","zoom_button_out_step":"2","zoom_button_in_step":"3","show_post_tag":"1","show_prev_next_post":"0","show_popup_post":"0","number_popup_post":"1","show_author_box":"1","show_post_related":"0","show_inline_post_related":"0"}],"override_image_size":"0","image_override":[{"single_post_thumbnail_size":"crop-715","single_post_gallery_size":"crop-715"}],"trending_post":"0","trending_post_position":"meta","trending_post_label":"Trending","sponsored_post":"0","sponsored_post_label":"Sponsored by","sponsored_post_name":"","sponsored_post_url":"","sponsored_post_logo_enable":"0","sponsored_post_logo":"","sponsored_post_desc":"","disable_ad":"0"},"jnews_primary_category":{"id":"764"},"jnews_social_meta":{"fb_title":"","fb_description":"","fb_image":"","twitter_title":"","twitter_description":"","twitter_image":""},"jnews_override_counter":{"override_view_counter":"0","view_counter_number":"0","override_share_counter":"0","share_counter_number":"0","override_like_counter":"0","like_counter_number":"0","override_dislike_counter":"0","dislike_counter_number":"0"},"footnotes":""},"categories":[764,778,951],"tags":[698,6803,4903,2099],"class_list":["post-158759","post","type-post","status-publish","format-standard","has-post-thumbnail","hentry","category-cultura","category-editoriali","category-foreground-it","tag-aborto","tag-diritti-umani-it","tag-eugenetica","tag-sterilizzazione-it"],"yoast_head":"<!-- This site is optimized with the Yoast SEO Premium plugin v25.9 (Yoast SEO v27.3) - https:\/\/yoast.com\/product\/yoast-seo-premium-wordpress\/ -->\n<title>Fortunatamente Michelle Bachelet se ne va - \u00abiFamNews\u00bb<\/title>\n<meta name=\"description\" content=\"Lascia l&#039;OHCHR la cilena prona ai totalitarismi che considera l\u2019aborto un diritto e port\u00f2 a compimento il socialismo eugenetico di Allende\" \/>\n<meta name=\"robots\" content=\"index, follow, max-snippet:-1, max-image-preview:large, max-video-preview:-1\" \/>\n<link rel=\"canonical\" href=\"https:\/\/ifamnews.com\/it\/fortunatamente-michelle-bachelet-se-ne-va\" \/>\n<meta property=\"og:locale\" content=\"it_IT\" \/>\n<meta property=\"og:type\" content=\"article\" \/>\n<meta property=\"og:title\" content=\"Fortunatamente Michelle Bachelet se ne va\" \/>\n<meta property=\"og:description\" content=\"Lascia l&#039;OHCHR la cilena prona ai totalitarismi che considera l\u2019aborto un diritto e port\u00f2 a compimento il socialismo eugenetico di Allende\" \/>\n<meta property=\"og:url\" content=\"https:\/\/ifamnews.com\/it\/fortunatamente-michelle-bachelet-se-ne-va\" \/>\n<meta property=\"og:site_name\" content=\"IFN\" \/>\n<meta property=\"article:publisher\" content=\"https:\/\/www.facebook.com\/iFamNews\" \/>\n<meta property=\"article:author\" content=\"https:\/\/facebook.com\/MarcoRespinti\" \/>\n<meta property=\"article:published_time\" content=\"2022-08-31T04:00:00+00:00\" \/>\n<meta property=\"article:modified_time\" content=\"2022-09-01T08:48:16+00:00\" \/>\n<meta property=\"og:image\" content=\"https:\/\/ifamnews.com\/wp-content\/uploads\/2022\/08\/Bachelet-Michelle-Flickr.jpg\" \/>\n\t<meta property=\"og:image:width\" content=\"1200\" \/>\n\t<meta property=\"og:image:height\" content=\"675\" \/>\n\t<meta property=\"og:image:type\" content=\"image\/jpeg\" \/>\n<meta name=\"author\" content=\"Marco Respinti\" \/>\n<meta name=\"twitter:card\" content=\"summary_large_image\" \/>\n<meta name=\"twitter:creator\" content=\"@https:\/\/twitter.com\/MarcoRespinti\" \/>\n<meta name=\"twitter:site\" content=\"@iFamNewsEN\" \/>\n<meta name=\"twitter:label1\" content=\"Scritto da\" \/>\n\t<meta name=\"twitter:data1\" content=\"Marco Respinti\" \/>\n\t<meta name=\"twitter:label2\" content=\"Tempo di lettura stimato\" \/>\n\t<meta name=\"twitter:data2\" content=\"6 minuti\" \/>\n<!-- \/ Yoast SEO Premium plugin. -->","yoast_head_json":{"title":"Fortunatamente Michelle Bachelet se ne va - \u00abiFamNews\u00bb","description":"Lascia l'OHCHR la cilena prona ai totalitarismi che considera l\u2019aborto un diritto e port\u00f2 a compimento il socialismo eugenetico di Allende","robots":{"index":"index","follow":"follow","max-snippet":"max-snippet:-1","max-image-preview":"max-image-preview:large","max-video-preview":"max-video-preview:-1"},"canonical":"https:\/\/ifamnews.com\/it\/fortunatamente-michelle-bachelet-se-ne-va","og_locale":"it_IT","og_type":"article","og_title":"Fortunatamente Michelle Bachelet se ne va","og_description":"Lascia l'OHCHR la cilena prona ai totalitarismi che considera l\u2019aborto un diritto e port\u00f2 a compimento il socialismo eugenetico di Allende","og_url":"https:\/\/ifamnews.com\/it\/fortunatamente-michelle-bachelet-se-ne-va","og_site_name":"IFN","article_publisher":"https:\/\/www.facebook.com\/iFamNews","article_author":"https:\/\/facebook.com\/MarcoRespinti","article_published_time":"2022-08-31T04:00:00+00:00","article_modified_time":"2022-09-01T08:48:16+00:00","og_image":[{"width":1200,"height":675,"url":"https:\/\/ifamnews.com\/wp-content\/uploads\/2022\/08\/Bachelet-Michelle-Flickr.jpg","type":"image\/jpeg"}],"author":"Marco Respinti","twitter_card":"summary_large_image","twitter_creator":"@https:\/\/twitter.com\/MarcoRespinti","twitter_site":"@iFamNewsEN","twitter_misc":{"Scritto da":"Marco Respinti","Tempo di lettura stimato":"6 minuti"},"schema":{"@context":"https:\/\/schema.org","@graph":[{"@type":"NewsArticle","@id":"https:\/\/ifamnews.com\/it\/fortunatamente-michelle-bachelet-se-ne-va#article","isPartOf":{"@id":"https:\/\/ifamnews.com\/it\/fortunatamente-michelle-bachelet-se-ne-va"},"author":{"name":"Marco Respinti","@id":"https:\/\/ifamnews.com\/en\/#\/schema\/person\/f0579ab02623e80d44006c1a5d949ea9"},"headline":"Fortunatamente Michelle Bachelet se ne va","datePublished":"2022-08-31T04:00:00+00:00","dateModified":"2022-09-01T08:48:16+00:00","mainEntityOfPage":{"@id":"https:\/\/ifamnews.com\/it\/fortunatamente-michelle-bachelet-se-ne-va"},"wordCount":1114,"commentCount":0,"publisher":{"@id":"https:\/\/ifamnews.com\/en\/#organization"},"image":{"@id":"https:\/\/ifamnews.com\/it\/fortunatamente-michelle-bachelet-se-ne-va#primaryimage"},"thumbnailUrl":"https:\/\/ifamnews.com\/wp-content\/uploads\/2022\/08\/Bachelet-Michelle-Flickr.jpg","keywords":["Aborto","Diritti umani","Eugenetica","sterilizzazione"],"articleSection":["Cultura","Editoriali","In evidenza"],"inLanguage":"it-IT","potentialAction":[{"@type":"CommentAction","name":"Comment","target":["https:\/\/ifamnews.com\/it\/fortunatamente-michelle-bachelet-se-ne-va#respond"]}]},{"@type":"WebPage","@id":"https:\/\/ifamnews.com\/it\/fortunatamente-michelle-bachelet-se-ne-va","url":"https:\/\/ifamnews.com\/it\/fortunatamente-michelle-bachelet-se-ne-va","name":"Fortunatamente Michelle Bachelet se ne va - \u00abiFamNews\u00bb","isPartOf":{"@id":"https:\/\/ifamnews.com\/en\/#website"},"primaryImageOfPage":{"@id":"https:\/\/ifamnews.com\/it\/fortunatamente-michelle-bachelet-se-ne-va#primaryimage"},"image":{"@id":"https:\/\/ifamnews.com\/it\/fortunatamente-michelle-bachelet-se-ne-va#primaryimage"},"thumbnailUrl":"https:\/\/ifamnews.com\/wp-content\/uploads\/2022\/08\/Bachelet-Michelle-Flickr.jpg","datePublished":"2022-08-31T04:00:00+00:00","dateModified":"2022-09-01T08:48:16+00:00","description":"Lascia l'OHCHR la cilena prona ai totalitarismi che considera l\u2019aborto un diritto e port\u00f2 a compimento il socialismo eugenetico di Allende","breadcrumb":{"@id":"https:\/\/ifamnews.com\/it\/fortunatamente-michelle-bachelet-se-ne-va#breadcrumb"},"inLanguage":"it-IT","potentialAction":[{"@type":"ReadAction","target":["https:\/\/ifamnews.com\/it\/fortunatamente-michelle-bachelet-se-ne-va"]}]},{"@type":"ImageObject","inLanguage":"it-IT","@id":"https:\/\/ifamnews.com\/it\/fortunatamente-michelle-bachelet-se-ne-va#primaryimage","url":"https:\/\/ifamnews.com\/wp-content\/uploads\/2022\/08\/Bachelet-Michelle-Flickr.jpg","contentUrl":"https:\/\/ifamnews.com\/wp-content\/uploads\/2022\/08\/Bachelet-Michelle-Flickr.jpg","width":1200,"height":675,"caption":"Image from Flickr"},{"@type":"BreadcrumbList","@id":"https:\/\/ifamnews.com\/it\/fortunatamente-michelle-bachelet-se-ne-va#breadcrumb","itemListElement":[{"@type":"ListItem","position":1,"name":"Home","item":"https:\/\/ifamnews.com\/de"},{"@type":"ListItem","position":2,"name":"Cultura","item":"https:\/\/ifamnews.com\/it\/categoria\/cultura"},{"@type":"ListItem","position":3,"name":"Fortunatamente Michelle Bachelet se ne va"}]},{"@type":"WebSite","@id":"https:\/\/ifamnews.com\/en\/#website","url":"https:\/\/ifamnews.com\/en\/","name":"IFN","description":"International Family News Network","publisher":{"@id":"https:\/\/ifamnews.com\/en\/#organization"},"potentialAction":[{"@type":"SearchAction","target":{"@type":"EntryPoint","urlTemplate":"https:\/\/ifamnews.com\/en\/?s={search_term_string}"},"query-input":{"@type":"PropertyValueSpecification","valueRequired":true,"valueName":"search_term_string"}}],"inLanguage":"it-IT"},{"@type":"Organization","@id":"https:\/\/ifamnews.com\/en\/#organization","name":"iFamNews","url":"https:\/\/ifamnews.com\/en\/","logo":{"@type":"ImageObject","inLanguage":"it-IT","@id":"https:\/\/ifamnews.com\/en\/#\/schema\/logo\/image\/","url":"https:\/\/ifamnews.com\/wp-content\/uploads\/2020\/01\/Share-logo.png","contentUrl":"https:\/\/ifamnews.com\/wp-content\/uploads\/2020\/01\/Share-logo.png","width":200,"height":200,"caption":"iFamNews"},"image":{"@id":"https:\/\/ifamnews.com\/en\/#\/schema\/logo\/image\/"},"sameAs":["https:\/\/www.facebook.com\/iFamNews","https:\/\/x.com\/iFamNewsEN"]},{"@type":"Person","@id":"https:\/\/ifamnews.com\/en\/#\/schema\/person\/f0579ab02623e80d44006c1a5d949ea9","name":"Marco Respinti","image":{"@type":"ImageObject","inLanguage":"it-IT","@id":"https:\/\/secure.gravatar.com\/avatar\/4ab04a5127131015e13010f222e38621144dc33a5df5d977b35ceeab15ee958f?s=96&d=mm&r=g","url":"https:\/\/secure.gravatar.com\/avatar\/4ab04a5127131015e13010f222e38621144dc33a5df5d977b35ceeab15ee958f?s=96&d=mm&r=g","contentUrl":"https:\/\/secure.gravatar.com\/avatar\/4ab04a5127131015e13010f222e38621144dc33a5df5d977b35ceeab15ee958f?s=96&d=mm&r=g","caption":"Marco Respinti"},"description":"Marco Respinti was the Editor-in-Chief of International Family News until the end of 2022. He is an Italian professional journalist, member of the International Federation of Journalists (IFJ), essayist, translator, and lecturer. He has contributed and contributes to several journals and magazines both in print and online, both in Italy and abroad. Author of books, he has translated and\/or edited works by, among others, Edmund Burke, Charles Dickens, T.S. Eliot, Russell Kirk, J.R.R. Tolkien, R\u00e9gine Pernoud and Gustave Thibon. A Senior fellow at the\u00a0Russell Kirk Center for Cultural Renewal (Mecosta, Michigan) he is also a founding member as well as Board member of the Center for European Renewal (The Hague, The Netherlands). A member of the Editorial Board of The European Conservative magazine, as well as a member of the Advisory Council of the European Federation for Freedom of Belief, he serves as Director-in-Charge of the academic publication The Journal of CESNUR and the online Bitter Winter: A Magazine on Religious Liberty and Human Rights.","sameAs":["https:\/\/facebook.com\/MarcoRespinti","https:\/\/it.linkedin.com\/in\/marcorespinti","https:\/\/pinterest.it\/MarcoRespinti\/_created\/","https:\/\/x.com\/https:\/\/twitter.com\/MarcoRespinti","https:\/\/youtube.com\/channel\/UC1FbsvyQNTQ-snpsmRC12Og?view_as=subscriber"],"url":"https:\/\/ifamnews.com\/it\/author\/mrespinti"}]}},"amp_enabled":true,"_links":{"self":[{"href":"https:\/\/ifamnews.com\/it\/wp-json\/wp\/v2\/posts\/158759","targetHints":{"allow":["GET"]}}],"collection":[{"href":"https:\/\/ifamnews.com\/it\/wp-json\/wp\/v2\/posts"}],"about":[{"href":"https:\/\/ifamnews.com\/it\/wp-json\/wp\/v2\/types\/post"}],"author":[{"embeddable":true,"href":"https:\/\/ifamnews.com\/it\/wp-json\/wp\/v2\/users\/7"}],"replies":[{"embeddable":true,"href":"https:\/\/ifamnews.com\/it\/wp-json\/wp\/v2\/comments?post=158759"}],"version-history":[{"count":5,"href":"https:\/\/ifamnews.com\/it\/wp-json\/wp\/v2\/posts\/158759\/revisions"}],"predecessor-version":[{"id":158949,"href":"https:\/\/ifamnews.com\/it\/wp-json\/wp\/v2\/posts\/158759\/revisions\/158949"}],"wp:featuredmedia":[{"embeddable":true,"href":"https:\/\/ifamnews.com\/it\/wp-json\/wp\/v2\/media\/158750"}],"wp:attachment":[{"href":"https:\/\/ifamnews.com\/it\/wp-json\/wp\/v2\/media?parent=158759"}],"wp:term":[{"taxonomy":"category","embeddable":true,"href":"https:\/\/ifamnews.com\/it\/wp-json\/wp\/v2\/categories?post=158759"},{"taxonomy":"post_tag","embeddable":true,"href":"https:\/\/ifamnews.com\/it\/wp-json\/wp\/v2\/tags?post=158759"}],"curies":[{"name":"wp","href":"https:\/\/api.w.org\/{rel}","templated":true}]}}