{"id":156703,"date":"2022-08-14T09:00:00","date_gmt":"2022-08-14T13:00:00","guid":{"rendered":"https:\/\/ifamnews.com\/?p=156703"},"modified":"2022-08-14T06:34:11","modified_gmt":"2022-08-14T10:34:11","slug":"per-una-giustizia-a-misura-di-minore","status":"publish","type":"post","link":"https:\/\/ifamnews.com\/it\/per-una-giustizia-a-misura-di-minore","title":{"rendered":"Per una giustizia a misura di minore"},"content":{"rendered":"\n<p><a href=\"https:\/\/l-jus.it\/wp-content\/uploads\/2022\/07\/L-JUS_1-2022.pdf\" target=\"_blank\" rel=\"noreferrer noopener\">Il fascicolo 1-2022 di <em>L-Jus<\/em><\/a>, periodico semestrale del <a href=\"https:\/\/www.centrostudilivatino.it\/\" target=\"_blank\" rel=\"noreferrer noopener\">Centro Studi Rosario Livatino<\/a>, di recente pubblicazione, contiene fra gli altri un intervento pregevole e chiarificatore dell\u2019avvocato Daniela Bianchini, dottore di ricerca e cultore della materia in Diritto di Famiglia e minorile nell\u2019Universit\u00e0 LUMSA di Roma. Il testo affronta \u00ab[\u2026] la questione dell\u2019alienazione parentale e della \u201cgiustizia a misura di minore\u201d, a margine di recenti pronunce di legittimit\u00e0 e delle Linee guida europee\u00bb.<\/p>\n\n\n\n<p>La cosiddetta sindrome da alienazione parentale (PAS) \u00e8 una teoria piuttosto discussa, in base alla quale in caso di separazione conflittuale fra coniugi uno dei genitori (definito alienante) allontanerebbe di proposito i figli minori dal secondo genitore (definito perci\u00f2 alienato).<\/p>\n\n\n\n<p><a href=\"https:\/\/ifamnews.com\/it\/madri-rescisse\" target=\"_blank\" rel=\"noreferrer noopener\">\u00abiFamNews\u00bb ne ha parlato in passato con Assuntina Morresi<\/a>, docente di Chimica Fisica nell\u2019Universit\u00e0 degli Studi di Perugia, editorialista, membro del Comitato nazionale di Bioetica, firmataria fra l\u2019altro di <a href=\"https:\/\/ifamnews.com\/it\/no-pasar-n\" target=\"_blank\" rel=\"noreferrer noopener\">un appello al ministro dell\u2019Interno Luciana Lamorgese per fermare i prelevamenti coatti<\/a> di minori protagonisti di alcuni gravi fatti di cronaca, che ne ha dato una descrizione esaustiva.<\/p>\n\n\n\n<p>Nel contesto della separazione, afferma la professoressa Morresi, talvolta \u00ab[\u2026] le madri vengono definite ostative, malevole, simbiotiche. Sono i termini utilizzati nel contesto della cosiddetta sindrome da madre malevola (MMS), analoga alla&nbsp;<a href=\"https:\/\/it.wikipedia.org\/wiki\/Sindrome_da_alienazione_genitoriale\" target=\"_blank\" rel=\"noreferrer noopener\">sindrome da alienazione parentale (PAS)<\/a>, secondo le ipotesi avanzate del medico statunitense Richard Gardner (1931-2003). In pratica si accusano le donne di allontanare i figli dal padre, denigrandolo, insinuando cattiverie, squalificandone la figura agli occhi del figlio. Ancora di pi\u00f9: si ritiene per assunto che i bambini rifiuterebbero il padre a causa del condizionamento negativo della madre nei loro confronti. &nbsp;I bambini, per questo, respingerebbero il pap\u00e0 ed eviterebbero di incontrarlo, men che meno di vivere con lui nei tempi stabiliti dai tribunali. La PAS, per\u00f2,&nbsp;<a href=\"https:\/\/www.ilcaso.it\/giurisprudenza\/archivio\/9073.pdf\" target=\"_blank\" rel=\"noreferrer noopener\">\u00e8 una ipotesi controversa<\/a>&nbsp;che non ha validit\u00e0 scientifica ed \u00e8 un costrutto meramente giudiziario, basato non su azioni o comportamenti oggettivi bens\u00ec sull\u2019ipotesi (di nuovo) di come il genitore, solitamente la donna, sia\u00bb.<\/p>\n\n\n\n<p>Ebbene, nel fascicolo di <em>L-Jus<\/em> l\u2019avvocato Bianchini, dopo aver a propria volta definito nel dettaglio cosa si intenda per PAS, ha rilevato come gi\u00e0 nel 2020 l\u2019Organizzazione Mondiale della Sanit\u00e0 (OMS) abbia escluso la possibilit\u00e0 di inserire tale teoria nell\u2019elenco delle patologie riconosciute, denominato <a href=\"https:\/\/www.who.int\/standards\/classifications\/classification-of-diseases\" target=\"_blank\" rel=\"noreferrer noopener\">Internation<em>al Classification of Diseases<\/em><\/a> (ICD 11).<\/p>\n\n\n\n<p>Finalmente Daniela Bianchini si \u00e8 occupata dell\u2019ordinanza 9691 della Corte di Cassazione, pubblicata il 24 marzo, che \u00ab[\u2026] ha infatti espressamente affermato che in materia di affidamento dei minori le pronunce dei giudici non possono basarsi su teorie prive di fondamento scientifico, facendo un esplicito riferimento alla PAS [\u2026] su cui peraltro la Corte era gi\u00e0 intervenuta pi\u00f9 volte, da ultimo con la nota ordinanza n. 13217 pubblicata il 17 maggio 2021, con cui \u2012 seguendo un ormai consolidato orientamento \u2012 aveva chiarito che i giudici sono tenuti ad accertare la veridicit\u00e0 dei comportamenti pregiudizievoli per i minori e non possono limitarsi al mero richiamo della consulenza tecnica\u00bb.<\/p>\n\n\n\n<p>La motivazione sulla quale si basa il pronunciamento della Corte \u00e8 l\u2019interesse precipuo dei figli in caso di separazione fra coniugi, poich\u00e9 \u00abla tutela del minore rappresenta l\u2019obiettivo principale da realizzare e pertanto l\u2019astratta presenza di un disagio non pu\u00f2 costituire di per s\u00e9, in modo automatico, la ragione di un provvedimento con cui si dispone l\u2019allontanamento del minore da uno o da entrambi i genitori\u00bb.<\/p>\n\n\n\n<p>L\u2019avvocato Bianchini esplora a tutto tondo la questione, prendendo in considerazione le reazioni alla sentenza sia di chi sostiene la validit\u00e0 della PAS, sia di chi la esclude. \u00abI contrari alla PAS\u00bb, afferma, \u00abhanno manifestato soddisfazione per questa ulteriore conferma, mentre i sostenitori della discussa teoria hanno manifestato il timore che in tal modo non vengano condannati i comportamenti ostruzionistici posti in essere da alcuni genitori ai danni dei propri figli, con riferimento alla violazione del diritto alla bigenitorialit\u00e0. Si tratta di preoccupazioni comprensibili, in quanto se \u00e8 vero che la PAS non esiste come patologia, \u00e8 per\u00f2 altrettanto vero che esistono genitori i quali \u2013 mossi dal rancore, dal dolore della separazione, dal sentimento di rivalsa, da fragilit\u00e0 personali ecc. \u2012 pi\u00f9 o meno consapevolmente attuano condotte lesive per la sana crescita dei figli, screditando ad esempio l\u2019altro genitore, oppure ostacolando le visite. Tuttavia l\u2019esclusione dell\u2019utilizzabilit\u00e0 della PAS come teoria va proprio nella direzione di tutelare i minori in maniera pi\u00f9 efficace\u00bb.<\/p>\n\n\n\n<p>\u00abRifiutare la PAS come teoria\u00bb, continua l\u2019avvocato, \u00abnon significa infatti rinunciare a condannare i comportamenti scorretti di taluni genitori, contrari all\u2019interesse dei figli: significa semmai sgomberare il campo da elementi privi di valore probatorio, per dare invece risalto ai fatti e alla loro corretta valutazione, secondo le regole del giusto processo. La madre o il padre che ostacola le visite dei figli con l\u2019altro genitore pone astrattamente in essere una condotta pregiudizievole per i minori, che per il loro sano ed equilibrato sviluppo psicofisico hanno il diritto di mantenere rapporti con entrambe le figure genitoriali, anche se non necessariamente con tempi paritetici15. Tuttavia, qualsiasi decisione in merito deve basarsi sull\u2019attenta valutazione del singolo caso concreto, tanto che la Cassazione ha pi\u00f9 volte precisato (e da ultimo nell\u2019ordinanza n. 9691\/2022) che nel superiore interesse del minore pu\u00f2 essere limitato anche il diritto alla bigenitorialit\u00e0\u00bb.<\/p>\n\n\n\n<p>Il contributo pubblicato dall\u2019avvocato Bianchini su <em>L-Jus<\/em>, come riassunto nell\u2019<em>abstract<\/em>, prosegue con \u00ab[\u2026] una riflessione pi\u00f9 ampia sulla giustizia a misura di bambino nei procedimenti civili in materia di famiglia, secondo le indicazioni date dal Consiglio d\u2019Europa (Linee Guida per una giustizia a misura di minore del 2010; Strategia per i diritti dei minori 2022-2027) e dalla Commissione europea (Strategia UE sui diritti dei minori 2021-2024). L\u2019adeguata formazione dei professionisti, il rispetto dell\u2019ascolto del minore, una ragionevole durata dei procedimenti, una comunicazione rispettosa, nonch\u00e9 una scrupolosa valutazione dei fatti e delle osservazioni dei consulenti tecnici da parte dei giudici sono fondamentali per garantire i diritti dei bambini e degli adolescenti coinvolti nei procedimenti giudiziari, secondo i principi della Convenzione ONU del 1989\u00bb.<\/p>\n\n\n\n<p>Il fascicolo 1 del 2022 di&nbsp;<em><a href=\"https:\/\/l-jus.it\/wp-content\/uploads\/2022\/07\/L-JUS_1-2022.pdf\">L-Jus&nbsp;<\/a><\/em><a href=\"https:\/\/l-jus.it\/wp-content\/uploads\/2022\/07\/L-JUS_1-2022.pdf\" target=\"_blank\" rel=\"noreferrer noopener\">\u00e8 scaricabile gratuitamente per tutti<\/a>&nbsp;sul sito <em>web<\/em> del Centro Studi Rosario Livatino.<\/p>\n","protected":false},"excerpt":{"rendered":"<p>L\u2019analisi dell\u2019avvocato romano Daniela Bianchini a proposito dell\u2019ordinanza 9691 della Corte di Cassazione a proposito di alienazione parentale<\/p>\n","protected":false},"author":14,"featured_media":156709,"comment_status":"open","ping_status":"open","sticky":false,"template":"","format":"standard","meta":{"give_campaign_id":0,"om_disable_all_campaigns":false,"_monsterinsights_skip_tracking":false,"_monsterinsights_sitenote_active":false,"_monsterinsights_sitenote_note":"","_monsterinsights_sitenote_category":0,"mc4wp_mailchimp_campaign":[],"jnews-multi-image_gallery":[],"jnews_single_post":{"subtitle":"L\u2019analisi dell\u2019avvocato romano Daniela Bianchini a proposito dell\u2019ordinanza 9691 della Corte di Cassazione a proposito di alienazione parentale","format":"standard","video":"","gallery":"","source_name":"","source_url":"","via_name":"","via_url":"","override_template":"0","override":[{"template":"2","single_blog_custom":"","parallax":"1","fullscreen":"1","layout":"right-sidebar-narrow","sidebar":"default-sidebar","second_sidebar":"default-sidebar","sticky_sidebar":"1","share_position":"float","share_float_style":"share-normal","show_share_counter":"1","show_view_counter":"1","show_featured":"1","show_post_meta":"1","show_post_author":"1","show_post_author_image":"1","show_post_date":"1","post_date_format":"default","post_date_format_custom":"Y\/m\/d","show_post_category":"1","show_post_reading_time":"1","post_reading_time_wpm":"300","show_zoom_button":"0","zoom_button_out_step":"2","zoom_button_in_step":"3","show_post_tag":"1","show_prev_next_post":"0","show_popup_post":"0","number_popup_post":"1","show_author_box":"1","show_post_related":"0","show_inline_post_related":"0"}],"override_image_size":"0","image_override":[{"single_post_thumbnail_size":"crop-715","single_post_gallery_size":"crop-715"}],"trending_post":"0","trending_post_position":"meta","trending_post_label":"Trending","sponsored_post":"0","sponsored_post_label":"Sponsored by","sponsored_post_name":"","sponsored_post_url":"","sponsored_post_logo_enable":"0","sponsored_post_logo":"","sponsored_post_desc":"","disable_ad":"0"},"jnews_primary_category":{"id":"764"},"jnews_social_meta":{"fb_title":"","fb_description":"","fb_image":"","twitter_title":"","twitter_description":"","twitter_image":""},"jnews_override_counter":{"override_view_counter":"0","view_counter_number":"0","override_share_counter":"0","share_counter_number":"0","override_like_counter":"0","like_counter_number":"0","override_dislike_counter":"0","dislike_counter_number":"0"},"footnotes":""},"categories":[764,781,951],"tags":[699],"class_list":["post-156703","post","type-post","status-publish","format-standard","has-post-thumbnail","hentry","category-cultura","category-famiglia","category-foreground-it","tag-divorzio"],"yoast_head":"<!-- This site is optimized with the Yoast SEO Premium plugin v25.9 (Yoast SEO v27.3) - https:\/\/yoast.com\/product\/yoast-seo-premium-wordpress\/ -->\n<title>Per una giustizia a misura di minore - \u00abiFamNews\u00bb<\/title>\n<meta name=\"description\" content=\"L\u2019analisi dell\u2019avvocato romano Daniela Bianchini sull\u2019ordinanza 9691 della Corte di Cassazione a proposito di alienazione parentale\" \/>\n<meta name=\"robots\" content=\"index, follow, max-snippet:-1, max-image-preview:large, max-video-preview:-1\" \/>\n<link rel=\"canonical\" href=\"https:\/\/ifamnews.com\/it\/per-una-giustizia-a-misura-di-minore\" \/>\n<meta property=\"og:locale\" content=\"it_IT\" \/>\n<meta property=\"og:type\" content=\"article\" \/>\n<meta property=\"og:title\" content=\"Per una giustizia a misura di minore\" \/>\n<meta property=\"og:description\" content=\"L\u2019analisi dell\u2019avvocato romano Daniela Bianchini sull\u2019ordinanza 9691 della Corte di Cassazione a proposito di alienazione parentale\" \/>\n<meta property=\"og:url\" content=\"https:\/\/ifamnews.com\/it\/per-una-giustizia-a-misura-di-minore\" \/>\n<meta property=\"og:site_name\" content=\"IFN\" \/>\n<meta property=\"article:publisher\" content=\"https:\/\/www.facebook.com\/iFamNews\" \/>\n<meta property=\"article:published_time\" content=\"2022-08-14T13:00:00+00:00\" \/>\n<meta property=\"og:image\" content=\"https:\/\/ifamnews.com\/wp-content\/uploads\/2022\/08\/child-ge1e9baea2_1280.jpg\" \/>\n\t<meta property=\"og:image:width\" content=\"1280\" \/>\n\t<meta property=\"og:image:height\" content=\"815\" \/>\n\t<meta property=\"og:image:type\" content=\"image\/jpeg\" \/>\n<meta name=\"author\" content=\"Barbara Santambrogio\" \/>\n<meta name=\"twitter:card\" content=\"summary_large_image\" \/>\n<meta name=\"twitter:creator\" content=\"@iFamNewsEN\" \/>\n<meta name=\"twitter:site\" content=\"@iFamNewsEN\" \/>\n<meta name=\"twitter:label1\" content=\"Scritto da\" \/>\n\t<meta name=\"twitter:data1\" content=\"Barbara Santambrogio\" \/>\n\t<meta name=\"twitter:label2\" content=\"Tempo di lettura stimato\" \/>\n\t<meta name=\"twitter:data2\" content=\"6 minuti\" \/>\n<!-- \/ Yoast SEO Premium plugin. -->","yoast_head_json":{"title":"Per una giustizia a misura di minore - \u00abiFamNews\u00bb","description":"L\u2019analisi dell\u2019avvocato romano Daniela Bianchini sull\u2019ordinanza 9691 della Corte di Cassazione a proposito di alienazione parentale","robots":{"index":"index","follow":"follow","max-snippet":"max-snippet:-1","max-image-preview":"max-image-preview:large","max-video-preview":"max-video-preview:-1"},"canonical":"https:\/\/ifamnews.com\/it\/per-una-giustizia-a-misura-di-minore","og_locale":"it_IT","og_type":"article","og_title":"Per una giustizia a misura di minore","og_description":"L\u2019analisi dell\u2019avvocato romano Daniela Bianchini sull\u2019ordinanza 9691 della Corte di Cassazione a proposito di alienazione parentale","og_url":"https:\/\/ifamnews.com\/it\/per-una-giustizia-a-misura-di-minore","og_site_name":"IFN","article_publisher":"https:\/\/www.facebook.com\/iFamNews","article_published_time":"2022-08-14T13:00:00+00:00","og_image":[{"width":1280,"height":815,"url":"https:\/\/ifamnews.com\/wp-content\/uploads\/2022\/08\/child-ge1e9baea2_1280.jpg","type":"image\/jpeg"}],"author":"Barbara Santambrogio","twitter_card":"summary_large_image","twitter_creator":"@iFamNewsEN","twitter_site":"@iFamNewsEN","twitter_misc":{"Scritto da":"Barbara Santambrogio","Tempo di lettura stimato":"6 minuti"},"schema":{"@context":"https:\/\/schema.org","@graph":[{"@type":"NewsArticle","@id":"https:\/\/ifamnews.com\/it\/per-una-giustizia-a-misura-di-minore#article","isPartOf":{"@id":"https:\/\/ifamnews.com\/it\/per-una-giustizia-a-misura-di-minore"},"author":{"name":"Barbara Santambrogio","@id":"https:\/\/ifamnews.com\/en\/#\/schema\/person\/17118599da2799311b3611609a244572"},"headline":"Per una giustizia a misura di minore","datePublished":"2022-08-14T13:00:00+00:00","mainEntityOfPage":{"@id":"https:\/\/ifamnews.com\/it\/per-una-giustizia-a-misura-di-minore"},"wordCount":1006,"commentCount":0,"publisher":{"@id":"https:\/\/ifamnews.com\/en\/#organization"},"image":{"@id":"https:\/\/ifamnews.com\/it\/per-una-giustizia-a-misura-di-minore#primaryimage"},"thumbnailUrl":"https:\/\/ifamnews.com\/wp-content\/uploads\/2022\/08\/child-ge1e9baea2_1280.jpg","keywords":["Divorzio"],"articleSection":["Cultura","Famiglia","In evidenza"],"inLanguage":"it-IT","potentialAction":[{"@type":"CommentAction","name":"Comment","target":["https:\/\/ifamnews.com\/it\/per-una-giustizia-a-misura-di-minore#respond"]}]},{"@type":"WebPage","@id":"https:\/\/ifamnews.com\/it\/per-una-giustizia-a-misura-di-minore","url":"https:\/\/ifamnews.com\/it\/per-una-giustizia-a-misura-di-minore","name":"Per una giustizia a misura di minore - \u00abiFamNews\u00bb","isPartOf":{"@id":"https:\/\/ifamnews.com\/en\/#website"},"primaryImageOfPage":{"@id":"https:\/\/ifamnews.com\/it\/per-una-giustizia-a-misura-di-minore#primaryimage"},"image":{"@id":"https:\/\/ifamnews.com\/it\/per-una-giustizia-a-misura-di-minore#primaryimage"},"thumbnailUrl":"https:\/\/ifamnews.com\/wp-content\/uploads\/2022\/08\/child-ge1e9baea2_1280.jpg","datePublished":"2022-08-14T13:00:00+00:00","description":"L\u2019analisi dell\u2019avvocato romano Daniela Bianchini sull\u2019ordinanza 9691 della Corte di Cassazione a proposito di alienazione parentale","breadcrumb":{"@id":"https:\/\/ifamnews.com\/it\/per-una-giustizia-a-misura-di-minore#breadcrumb"},"inLanguage":"it-IT","potentialAction":[{"@type":"ReadAction","target":["https:\/\/ifamnews.com\/it\/per-una-giustizia-a-misura-di-minore"]}]},{"@type":"ImageObject","inLanguage":"it-IT","@id":"https:\/\/ifamnews.com\/it\/per-una-giustizia-a-misura-di-minore#primaryimage","url":"https:\/\/ifamnews.com\/wp-content\/uploads\/2022\/08\/child-ge1e9baea2_1280.jpg","contentUrl":"https:\/\/ifamnews.com\/wp-content\/uploads\/2022\/08\/child-ge1e9baea2_1280.jpg","width":1280,"height":815,"caption":"Image from Pixabay"},{"@type":"BreadcrumbList","@id":"https:\/\/ifamnews.com\/it\/per-una-giustizia-a-misura-di-minore#breadcrumb","itemListElement":[{"@type":"ListItem","position":1,"name":"Home","item":"https:\/\/ifamnews.com\/de"},{"@type":"ListItem","position":2,"name":"Cultura","item":"https:\/\/ifamnews.com\/it\/categoria\/cultura"},{"@type":"ListItem","position":3,"name":"Per una giustizia a misura di minore"}]},{"@type":"WebSite","@id":"https:\/\/ifamnews.com\/en\/#website","url":"https:\/\/ifamnews.com\/en\/","name":"IFN","description":"International Family News Network","publisher":{"@id":"https:\/\/ifamnews.com\/en\/#organization"},"potentialAction":[{"@type":"SearchAction","target":{"@type":"EntryPoint","urlTemplate":"https:\/\/ifamnews.com\/en\/?s={search_term_string}"},"query-input":{"@type":"PropertyValueSpecification","valueRequired":true,"valueName":"search_term_string"}}],"inLanguage":"it-IT"},{"@type":"Organization","@id":"https:\/\/ifamnews.com\/en\/#organization","name":"iFamNews","url":"https:\/\/ifamnews.com\/en\/","logo":{"@type":"ImageObject","inLanguage":"it-IT","@id":"https:\/\/ifamnews.com\/en\/#\/schema\/logo\/image\/","url":"https:\/\/ifamnews.com\/wp-content\/uploads\/2020\/01\/Share-logo.png","contentUrl":"https:\/\/ifamnews.com\/wp-content\/uploads\/2020\/01\/Share-logo.png","width":200,"height":200,"caption":"iFamNews"},"image":{"@id":"https:\/\/ifamnews.com\/en\/#\/schema\/logo\/image\/"},"sameAs":["https:\/\/www.facebook.com\/iFamNews","https:\/\/x.com\/iFamNewsEN"]},{"@type":"Person","@id":"https:\/\/ifamnews.com\/en\/#\/schema\/person\/17118599da2799311b3611609a244572","name":"Barbara Santambrogio","image":{"@type":"ImageObject","inLanguage":"it-IT","@id":"https:\/\/secure.gravatar.com\/avatar\/e82fde821e1707b5acb9fe7ab0a5d6e32d42db6117e73021c2fc05cc90dad32f?s=96&d=mm&r=g","url":"https:\/\/secure.gravatar.com\/avatar\/e82fde821e1707b5acb9fe7ab0a5d6e32d42db6117e73021c2fc05cc90dad32f?s=96&d=mm&r=g","contentUrl":"https:\/\/secure.gravatar.com\/avatar\/e82fde821e1707b5acb9fe7ab0a5d6e32d42db6117e73021c2fc05cc90dad32f?s=96&d=mm&r=g","caption":"Barbara Santambrogio"},"description":"After an original and varied working path, in the field of advertising and publishing, but also in the world of wine, she finally came to deal with what she is most passionate about. Today she writes (for the web, but not only), deals with translations and teaches in elementary school. Biological and adoptive mother, she loves reading and running.","url":"https:\/\/ifamnews.com\/it\/author\/bsantambrogio"}]}},"amp_enabled":true,"_links":{"self":[{"href":"https:\/\/ifamnews.com\/it\/wp-json\/wp\/v2\/posts\/156703","targetHints":{"allow":["GET"]}}],"collection":[{"href":"https:\/\/ifamnews.com\/it\/wp-json\/wp\/v2\/posts"}],"about":[{"href":"https:\/\/ifamnews.com\/it\/wp-json\/wp\/v2\/types\/post"}],"author":[{"embeddable":true,"href":"https:\/\/ifamnews.com\/it\/wp-json\/wp\/v2\/users\/14"}],"replies":[{"embeddable":true,"href":"https:\/\/ifamnews.com\/it\/wp-json\/wp\/v2\/comments?post=156703"}],"version-history":[{"count":3,"href":"https:\/\/ifamnews.com\/it\/wp-json\/wp\/v2\/posts\/156703\/revisions"}],"predecessor-version":[{"id":156708,"href":"https:\/\/ifamnews.com\/it\/wp-json\/wp\/v2\/posts\/156703\/revisions\/156708"}],"wp:featuredmedia":[{"embeddable":true,"href":"https:\/\/ifamnews.com\/it\/wp-json\/wp\/v2\/media\/156709"}],"wp:attachment":[{"href":"https:\/\/ifamnews.com\/it\/wp-json\/wp\/v2\/media?parent=156703"}],"wp:term":[{"taxonomy":"category","embeddable":true,"href":"https:\/\/ifamnews.com\/it\/wp-json\/wp\/v2\/categories?post=156703"},{"taxonomy":"post_tag","embeddable":true,"href":"https:\/\/ifamnews.com\/it\/wp-json\/wp\/v2\/tags?post=156703"}],"curies":[{"name":"wp","href":"https:\/\/api.w.org\/{rel}","templated":true}]}}