{"id":155796,"date":"2022-08-05T00:00:00","date_gmt":"2022-08-05T04:00:00","guid":{"rendered":"https:\/\/ifamnews.com\/?p=155796"},"modified":"2022-08-04T06:21:00","modified_gmt":"2022-08-04T10:21:00","slug":"elena-ha-spalancato-il-baratro-del-suicidio-civile","status":"publish","type":"post","link":"https:\/\/ifamnews.com\/it\/elena-ha-spalancato-il-baratro-del-suicidio-civile","title":{"rendered":"Elena ha spalancato il baratro del \u201csuicidio civile\u201d"},"content":{"rendered":"\n<p>Fermiamoci un attimo a riflettere sulla <a href=\"https:\/\/ifamnews.com\/it\/elena-che-non-ha-scelto-di-vivere\" target=\"_blank\" rel=\"noreferrer noopener\">porta che involontariamente Elena ha aperto lasciando volontariamente la vita<\/a>. Prima per\u00f2 si dovr\u00e0 sgomberare il campo del lessico: lasciare volontariamente la vita \u00e8 suicidio, parola che evidentemente non piace ma che viene, per similitudine, da omicidio, ovvero <em>homo<\/em> + <em>cidium<\/em> (da <em>caedo<\/em>), cio\u00e8 \u00abfar cadere un essere umano\u00bb: significa quindi \u201cfar cadere se stessi da se stessi, noi stessi da noi stessi\u201d. Insomma, se commettiamo suicidio significa dire che ci \u201comicidiamo\u201d.<\/p>\n\n\n\n<p>Ora la 69enne Elena, pochissimi anni in pi\u00f9 di chi qui scrive, ritenendo insopportabile il vivere alle condizioni da lei gi\u00e0 sperimentate e dalla medicina rappresentate, ha deciso di \u201comicidiarsi\u201d e ha trovato il modo per farlo in modo tanto elegante quanto dispendioso. Nell\u2019Ottocento, e ancora prima, quando le condizioni di vita erano insopportabili (quelle ovviamente di salute, non certo quelle del cuore e degli affetti della narrativa), o si contava su un amico \u201cpietoso\u201d che ne procurava i mezzi, dalle armi ai veleni, oppure si provvedeva da s\u00e9.<\/p>\n\n\n\n<p>Passi enormi sono stati fatti nella conoscenza scientifica, ma ancora non si \u00e8 riusciti a togliere da s\u00e9, nel profondo del cervello che ci accompagna da tempi primordiali, l\u2019idea che l\u2019inutilit\u00e0 dell\u2019esistenza sia tutta nel non essere pi\u00f9 socialmente utili, quindi di essere fuori dal gruppo sociale. Restare soli con la propria sofferenza \u00e8 proprio degli eremiti, degli asceti e dei santi di ogni religione; per gli altri, la societ\u00e0 procura strumenti allo scopo, aggiornandoli.<\/p>\n\n\n\n<p>Oggi Elena, cos\u00ec normale e cos\u00ec semplice, ha aperto la strada al suicidio \u201ccivile\u201d, nuova categoria morale affacciatasi prepotentemente al balcone della nostra societ\u00e0.<\/p>\n\n\n\n<p>Non una scelta, dopo anni di sofferenza e di rancori verso una scienza che non sa trovare rimedio al dolore causato da malattie devastanti, bens\u00ec il non affrontare il percorso, il fermarsi a met\u00e0 per svoltare sul sentiero corto che porta alla soluzione che mette fine all\u2019esistenza che il soggetto stesso considera inutile portare avanti.<\/p>\n\n\n\n<p>Sta qui la crudezza e il realismo dell\u2019aggettivo \u201ccivile\u201d in questo ambito, perch\u00e9 il salto \u00e8 stato fatto. I mezzi ci sono e non sono brutali, e la volont\u00e0 soggettiva si sente cos\u00ec padrona della vita da superare il consenso sociale che, bene o male, aveva accompagnato i suicidi del passato o che, quanto meno, ne aveva trovato e sopportato una giustificazione.<\/p>\n\n\n\n<p>Qui non c\u2019\u00e8 da interrogarsi se l\u2019atto di Elena sia da giustificarsi o da sopportarsi, perch\u00e9 Elena non ha chiesto il consenso alla societ\u00e0. Elena ha semplicemente agito nella solitudine dell\u2019<em>homo unicum<\/em> che accompagna il secolo XXI. E ha spalancato il baratro. Perch\u00e9 adesso Elena avr\u00e0 tanti emulatori in tutti coloro che troveranno una regola sociale nell\u2019insopportabilit\u00e0 del vivere, la regola sociale non detta e non ancora scritta che dice \u00abSe ti \u00e8 insostenibile vivere, allora vattene! Pagati il biglietto di uscita e non ci seccare pi\u00f9\u00bb. Cos\u00ec facendo Elena ci ha resi non dissimili dagli Spartani che abbiamo imparato a esecrare perch\u00e9 eliminavano i nati malformi e i vecchi inutili.<\/p>\n\n\n\n<p>Saranno tanti gli emuli di Elena perch\u00e9 chi mai oser\u00e0 contrastare la scelta di \u201comicidiarsi\u201d se i mezzi, ormai, sono liberati dall\u2019aspetto turpe e censorio che finora li aveva accompagnati?, se la morte diventa per certi versi \u201cbella\u201d?, e se il morire stesso diventa \u201cbello\u201d non della bellezza della letteratura <em>noir<\/em> bens\u00ec di quel \u201cbello\u201d del comunicare un fatto senza viverlo?<\/p>\n\n\n\n<p>Elena affida se stessa a un videomessaggio che vedono tutti, perch\u00e9 cos\u00ec ha pensato e cos\u00ec ha voluto. Nascondendoci le emozioni vere e non viste, l\u2019<em>homo unicum <\/em>nega a se stesso il dolore e ne priva la conoscenza agli altri.<\/p>\n\n\n\n<p>Vedremo, temo, moltiplicarsi i videomessaggi dei prossimi \u201comicidianti\u201d, vivremo in diretta ci\u00f2 che non possiamo vivere con le emozioni personali, piangeremo forse come davanti a un <em>film<\/em> che ci commuove e avremo chiamato tutto questo \u201csuicidio civile\u201d.<\/p>\n","protected":false},"excerpt":{"rendered":"<p>Ora tutto cambia. Vedremo i videomessaggi dei prossimi \u201comicidianti\u201d e piangeremo di commozione davanti a quello che sar\u00e0 solo un film <\/p>\n","protected":false},"author":1033,"featured_media":155803,"comment_status":"open","ping_status":"open","sticky":false,"template":"","format":"standard","meta":{"give_campaign_id":0,"om_disable_all_campaigns":false,"_monsterinsights_skip_tracking":false,"_monsterinsights_sitenote_active":false,"_monsterinsights_sitenote_note":"","_monsterinsights_sitenote_category":0,"mc4wp_mailchimp_campaign":[],"jnews-multi-image_gallery":[],"jnews_single_post":{"subtitle":"Ora tutto cambia. Vedremo i videomessaggi dei prossimi \u201comicidianti\u201d e piangeremo di commozione davanti a quello che sar\u00e0 solo un film ","format":"standard","video":"","gallery":"","source_name":"","source_url":"","via_name":"","via_url":"","override":[{"template":"1","single_blog_custom":"","parallax":"1","fullscreen":"1","layout":"right-sidebar","sidebar":"default-sidebar","second_sidebar":"default-sidebar","sticky_sidebar":"1","share_position":"top","share_float_style":"share-monocrhome","show_share_counter":"1","show_view_counter":"1","show_featured":"1","show_post_meta":"1","show_post_author":"1","show_post_author_image":"1","show_post_date":"1","post_date_format":"default","post_date_format_custom":"Y\/m\/d","show_post_category":"1","post_reading_time_wpm":"300","zoom_button_out_step":"2","zoom_button_in_step":"3","show_post_tag":"1","show_prev_next_post":"1","show_popup_post":"1","number_popup_post":"1"}],"image_override":[{"single_post_thumbnail_size":"crop-500","single_post_gallery_size":"crop-500"}],"trending_post_position":"meta","trending_post_label":"Trending","sponsored_post_label":"Sponsored by","sponsored_post_name":"","sponsored_post_url":"","sponsored_post_logo":"","sponsored_post_desc":""},"jnews_primary_category":{"id":"764"},"jnews_social_meta":{"fb_title":"","fb_description":"","fb_image":"","twitter_title":"","twitter_description":"","twitter_image":""},"jnews_override_counter":{"view_counter_number":"0","share_counter_number":"0","like_counter_number":"0","dislike_counter_number":"0"},"footnotes":""},"categories":[764,951],"tags":[743,1928],"class_list":["post-155796","post","type-post","status-publish","format-standard","has-post-thumbnail","hentry","category-cultura","category-foreground-it","tag-eutanasia","tag-italia"],"yoast_head":"<!-- This site is optimized with the Yoast SEO Premium plugin v25.9 (Yoast SEO v27.3) - https:\/\/yoast.com\/product\/yoast-seo-premium-wordpress\/ -->\n<title>Elena ha spalancato il baratro del \u201csuicidio civile\u201d - \u00abiFamNews\u00bb<\/title>\n<meta name=\"description\" content=\"Ora tutto cambia. Vedremo i videomessaggi dei prossimi \u201comicidianti\u201d e piangeremo di commozione davanti a quello che sar\u00e0 solo un film\" \/>\n<meta name=\"robots\" content=\"index, follow, max-snippet:-1, max-image-preview:large, max-video-preview:-1\" \/>\n<link rel=\"canonical\" href=\"https:\/\/ifamnews.com\/it\/elena-ha-spalancato-il-baratro-del-suicidio-civile\" \/>\n<meta property=\"og:locale\" content=\"it_IT\" \/>\n<meta property=\"og:type\" content=\"article\" \/>\n<meta property=\"og:title\" content=\"Elena ha spalancato il baratro del \u201csuicidio civile\u201d\" \/>\n<meta property=\"og:description\" content=\"Ora tutto cambia. Vedremo i videomessaggi dei prossimi \u201comicidianti\u201d e piangeremo di commozione davanti a quello che sar\u00e0 solo un film\" \/>\n<meta property=\"og:url\" content=\"https:\/\/ifamnews.com\/it\/elena-ha-spalancato-il-baratro-del-suicidio-civile\" \/>\n<meta property=\"og:site_name\" content=\"IFN\" \/>\n<meta property=\"article:publisher\" content=\"https:\/\/www.facebook.com\/iFamNews\" \/>\n<meta property=\"article:published_time\" content=\"2022-08-05T04:00:00+00:00\" \/>\n<meta property=\"og:image\" content=\"https:\/\/ifamnews.com\/wp-content\/uploads\/2022\/08\/La-variante-Delta-del-coronavirus-1.webp\" \/>\n\t<meta property=\"og:image:width\" content=\"1200\" \/>\n\t<meta property=\"og:image:height\" content=\"675\" \/>\n\t<meta property=\"og:image:type\" content=\"image\/webp\" \/>\n<meta name=\"author\" content=\"Elisabetta Campus\" \/>\n<meta name=\"twitter:card\" content=\"summary_large_image\" \/>\n<meta name=\"twitter:creator\" content=\"@iFamNewsEN\" \/>\n<meta name=\"twitter:site\" content=\"@iFamNewsEN\" \/>\n<meta name=\"twitter:label1\" content=\"Scritto da\" \/>\n\t<meta name=\"twitter:data1\" content=\"Elisabetta Campus\" \/>\n\t<meta name=\"twitter:label2\" content=\"Tempo di lettura stimato\" \/>\n\t<meta name=\"twitter:data2\" content=\"3 minuti\" \/>\n<!-- \/ Yoast SEO Premium plugin. -->","yoast_head_json":{"title":"Elena ha spalancato il baratro del \u201csuicidio civile\u201d - \u00abiFamNews\u00bb","description":"Ora tutto cambia. Vedremo i videomessaggi dei prossimi \u201comicidianti\u201d e piangeremo di commozione davanti a quello che sar\u00e0 solo un film","robots":{"index":"index","follow":"follow","max-snippet":"max-snippet:-1","max-image-preview":"max-image-preview:large","max-video-preview":"max-video-preview:-1"},"canonical":"https:\/\/ifamnews.com\/it\/elena-ha-spalancato-il-baratro-del-suicidio-civile","og_locale":"it_IT","og_type":"article","og_title":"Elena ha spalancato il baratro del \u201csuicidio civile\u201d","og_description":"Ora tutto cambia. Vedremo i videomessaggi dei prossimi \u201comicidianti\u201d e piangeremo di commozione davanti a quello che sar\u00e0 solo un film","og_url":"https:\/\/ifamnews.com\/it\/elena-ha-spalancato-il-baratro-del-suicidio-civile","og_site_name":"IFN","article_publisher":"https:\/\/www.facebook.com\/iFamNews","article_published_time":"2022-08-05T04:00:00+00:00","og_image":[{"width":1200,"height":675,"url":"https:\/\/ifamnews.com\/wp-content\/uploads\/2022\/08\/La-variante-Delta-del-coronavirus-1.webp","type":"image\/webp"}],"author":"Elisabetta Campus","twitter_card":"summary_large_image","twitter_creator":"@iFamNewsEN","twitter_site":"@iFamNewsEN","twitter_misc":{"Scritto da":"Elisabetta Campus","Tempo di lettura stimato":"3 minuti"},"schema":{"@context":"https:\/\/schema.org","@graph":[{"@type":"NewsArticle","@id":"https:\/\/ifamnews.com\/it\/elena-ha-spalancato-il-baratro-del-suicidio-civile#article","isPartOf":{"@id":"https:\/\/ifamnews.com\/it\/elena-ha-spalancato-il-baratro-del-suicidio-civile"},"author":{"name":"Elisabetta Campus","@id":"https:\/\/ifamnews.com\/en\/#\/schema\/person\/e75751f0f600b1ca7f4b9bc6e45fe03f"},"headline":"Elena ha spalancato il baratro del \u201csuicidio civile\u201d","datePublished":"2022-08-05T04:00:00+00:00","mainEntityOfPage":{"@id":"https:\/\/ifamnews.com\/it\/elena-ha-spalancato-il-baratro-del-suicidio-civile"},"wordCount":645,"commentCount":0,"publisher":{"@id":"https:\/\/ifamnews.com\/en\/#organization"},"image":{"@id":"https:\/\/ifamnews.com\/it\/elena-ha-spalancato-il-baratro-del-suicidio-civile#primaryimage"},"thumbnailUrl":"https:\/\/ifamnews.com\/wp-content\/uploads\/2022\/08\/La-variante-Delta-del-coronavirus-1.webp","keywords":["Eutanasia","Italia"],"articleSection":["Cultura","In evidenza"],"inLanguage":"it-IT","potentialAction":[{"@type":"CommentAction","name":"Comment","target":["https:\/\/ifamnews.com\/it\/elena-ha-spalancato-il-baratro-del-suicidio-civile#respond"]}]},{"@type":"WebPage","@id":"https:\/\/ifamnews.com\/it\/elena-ha-spalancato-il-baratro-del-suicidio-civile","url":"https:\/\/ifamnews.com\/it\/elena-ha-spalancato-il-baratro-del-suicidio-civile","name":"Elena ha spalancato il baratro del \u201csuicidio civile\u201d - \u00abiFamNews\u00bb","isPartOf":{"@id":"https:\/\/ifamnews.com\/en\/#website"},"primaryImageOfPage":{"@id":"https:\/\/ifamnews.com\/it\/elena-ha-spalancato-il-baratro-del-suicidio-civile#primaryimage"},"image":{"@id":"https:\/\/ifamnews.com\/it\/elena-ha-spalancato-il-baratro-del-suicidio-civile#primaryimage"},"thumbnailUrl":"https:\/\/ifamnews.com\/wp-content\/uploads\/2022\/08\/La-variante-Delta-del-coronavirus-1.webp","datePublished":"2022-08-05T04:00:00+00:00","description":"Ora tutto cambia. Vedremo i videomessaggi dei prossimi \u201comicidianti\u201d e piangeremo di commozione davanti a quello che sar\u00e0 solo un film","breadcrumb":{"@id":"https:\/\/ifamnews.com\/it\/elena-ha-spalancato-il-baratro-del-suicidio-civile#breadcrumb"},"inLanguage":"it-IT","potentialAction":[{"@type":"ReadAction","target":["https:\/\/ifamnews.com\/it\/elena-ha-spalancato-il-baratro-del-suicidio-civile"]}]},{"@type":"ImageObject","inLanguage":"it-IT","@id":"https:\/\/ifamnews.com\/it\/elena-ha-spalancato-il-baratro-del-suicidio-civile#primaryimage","url":"https:\/\/ifamnews.com\/wp-content\/uploads\/2022\/08\/La-variante-Delta-del-coronavirus-1.webp","contentUrl":"https:\/\/ifamnews.com\/wp-content\/uploads\/2022\/08\/La-variante-Delta-del-coronavirus-1.webp","width":1200,"height":675,"caption":"suicidio"},{"@type":"BreadcrumbList","@id":"https:\/\/ifamnews.com\/it\/elena-ha-spalancato-il-baratro-del-suicidio-civile#breadcrumb","itemListElement":[{"@type":"ListItem","position":1,"name":"Home","item":"https:\/\/ifamnews.com\/de"},{"@type":"ListItem","position":2,"name":"Cultura","item":"https:\/\/ifamnews.com\/it\/categoria\/cultura"},{"@type":"ListItem","position":3,"name":"Elena ha spalancato il baratro del \u201csuicidio civile\u201d"}]},{"@type":"WebSite","@id":"https:\/\/ifamnews.com\/en\/#website","url":"https:\/\/ifamnews.com\/en\/","name":"IFN","description":"International Family News Network","publisher":{"@id":"https:\/\/ifamnews.com\/en\/#organization"},"potentialAction":[{"@type":"SearchAction","target":{"@type":"EntryPoint","urlTemplate":"https:\/\/ifamnews.com\/en\/?s={search_term_string}"},"query-input":{"@type":"PropertyValueSpecification","valueRequired":true,"valueName":"search_term_string"}}],"inLanguage":"it-IT"},{"@type":"Organization","@id":"https:\/\/ifamnews.com\/en\/#organization","name":"iFamNews","url":"https:\/\/ifamnews.com\/en\/","logo":{"@type":"ImageObject","inLanguage":"it-IT","@id":"https:\/\/ifamnews.com\/en\/#\/schema\/logo\/image\/","url":"https:\/\/ifamnews.com\/wp-content\/uploads\/2020\/01\/Share-logo.png","contentUrl":"https:\/\/ifamnews.com\/wp-content\/uploads\/2020\/01\/Share-logo.png","width":200,"height":200,"caption":"iFamNews"},"image":{"@id":"https:\/\/ifamnews.com\/en\/#\/schema\/logo\/image\/"},"sameAs":["https:\/\/www.facebook.com\/iFamNews","https:\/\/x.com\/iFamNewsEN"]},{"@type":"Person","@id":"https:\/\/ifamnews.com\/en\/#\/schema\/person\/e75751f0f600b1ca7f4b9bc6e45fe03f","name":"Elisabetta Campus","image":{"@type":"ImageObject","inLanguage":"it-IT","@id":"https:\/\/secure.gravatar.com\/avatar\/1b842c09ff758653cdc2b723afe6bcf261fc208c5f8a4450166619feae31c7ae?s=96&d=mm&r=g","url":"https:\/\/secure.gravatar.com\/avatar\/1b842c09ff758653cdc2b723afe6bcf261fc208c5f8a4450166619feae31c7ae?s=96&d=mm&r=g","contentUrl":"https:\/\/secure.gravatar.com\/avatar\/1b842c09ff758653cdc2b723afe6bcf261fc208c5f8a4450166619feae31c7ae?s=96&d=mm&r=g","caption":"Elisabetta Campus"},"description":"Born in Rome in 1959, a graduate in political science, since 2000 she has been president of the National Association for Justice and Solidarity Civilization, which is concerned with spreading the culture of Christian \"justice in charity.\" She has worked in the IT-administrative sector of public administration for decades, also carrying out non-professional activities in the volunteer sector and civic-political education.","url":"https:\/\/ifamnews.com\/it\/author\/elisabetta-campus"}]}},"amp_enabled":true,"_links":{"self":[{"href":"https:\/\/ifamnews.com\/it\/wp-json\/wp\/v2\/posts\/155796","targetHints":{"allow":["GET"]}}],"collection":[{"href":"https:\/\/ifamnews.com\/it\/wp-json\/wp\/v2\/posts"}],"about":[{"href":"https:\/\/ifamnews.com\/it\/wp-json\/wp\/v2\/types\/post"}],"author":[{"embeddable":true,"href":"https:\/\/ifamnews.com\/it\/wp-json\/wp\/v2\/users\/1033"}],"replies":[{"embeddable":true,"href":"https:\/\/ifamnews.com\/it\/wp-json\/wp\/v2\/comments?post=155796"}],"version-history":[{"count":5,"href":"https:\/\/ifamnews.com\/it\/wp-json\/wp\/v2\/posts\/155796\/revisions"}],"predecessor-version":[{"id":155850,"href":"https:\/\/ifamnews.com\/it\/wp-json\/wp\/v2\/posts\/155796\/revisions\/155850"}],"wp:featuredmedia":[{"embeddable":true,"href":"https:\/\/ifamnews.com\/it\/wp-json\/wp\/v2\/media\/155803"}],"wp:attachment":[{"href":"https:\/\/ifamnews.com\/it\/wp-json\/wp\/v2\/media?parent=155796"}],"wp:term":[{"taxonomy":"category","embeddable":true,"href":"https:\/\/ifamnews.com\/it\/wp-json\/wp\/v2\/categories?post=155796"},{"taxonomy":"post_tag","embeddable":true,"href":"https:\/\/ifamnews.com\/it\/wp-json\/wp\/v2\/tags?post=155796"}],"curies":[{"name":"wp","href":"https:\/\/api.w.org\/{rel}","templated":true}]}}