{"id":155666,"date":"2022-08-06T10:27:39","date_gmt":"2022-08-06T14:27:39","guid":{"rendered":"https:\/\/ifamnews.com\/?p=155666"},"modified":"2022-08-06T10:27:50","modified_gmt":"2022-08-06T14:27:50","slug":"adesso-una-preghiera-in-pi-per-archie-e-una-per-i-suoi-carnefici","status":"publish","type":"post","link":"https:\/\/ifamnews.com\/it\/adesso-una-preghiera-in-pi-per-archie-e-una-per-i-suoi-carnefici","title":{"rendered":"Adesso una preghiera in pi\u00f9 per Archie e una per i suoi carnefici"},"content":{"rendered":"\n<p>E cos\u00ec alla fine sono riusciti a <a href=\"https:\/\/ifamnews.com\/it?s=archie+battersbee\" target=\"_blank\" rel=\"noreferrer noopener\">sopprimere anche Archie<\/a>, 12 anni giudicati inutili, di peso, di scarto. Qualcuno ha deciso che la vita di un 12enne bisognosa di cure e di attenzioni non serve, pesa, d\u00e0 fastidio. Qualcuno ha deciso che \u00e8 nell\u2019\u00abinteresse migliore\u00bb morire. Qualcuno, nel nostro mondo, decide che la morte \u00e8 nell\u2019\u00abinteresse migliore\u00bb delle persone, minorenni compresi.<\/p>\n\n\n\n<p>Questi pensieri li abbiamo fatti mille volte, queste parole le abbiamo ripetute mille volte, e non cambiano nulla. La nostra civilt\u00e0 al tramonto si arroga il diritto di sopprimere vite umane innocenti come bere un bicchiere d\u2019acqua.<\/p>\n\n\n\n<p>Come sempre, uno degli elementi che lascia attoniti nella vicenda di Archie e di tanti altri come lui \u00e8 l\u2019accanimento con cui si \u00e8 fatto di tutto per uccidere. \u00c8 stata una vera battaglia, di colpo su colpo, di trovate di ogni tipo, di ricorsi continui per arrivare a dare la morte.<\/p>\n\n\n\n<p>La legge alza le mani, oppure \u00e8 complice. Gli uomini di legge sono complici, oppure alzano le mani. La legge. Cos\u2019\u00e8 diventata la leggi oggi? La certificazione notarile della nostra incapacit\u00e0 di prenderci cura della vita. Archie aveva bisogno di noi: di medici, genitori, uomini di legge, una societ\u00e0 intera. Gli abbiamo detto \u00abno\u00bb. Gli abbiamo detto \u00abcrepa\u00bb, \u00ablevati di torno, ch\u00e9 \u00e8 meglio\u00bb.<\/p>\n\n\n\n<p>Archie dava da fare, chiedeva tempo e fatica, sudore e dolore, e costava pure. Adesso \u00e8 tutto pi\u00f9 semplice, possiamo andarcene al mare e abbiamo anche risparmiato denaro. Archie \u00e8 la nostra condanna, la condanna di una societ\u00e0 malata e di una civilt\u00e0 morta. Archie non ne aveva la minima intenzione. Ci si \u00e8 trovato in mezzo, ha pagato il prezzo pi\u00f9 alto. Qualcuno ora dice che \u00e8 meglio cos\u00ec, che si \u00e8 liberato e che ci ha liberati. Qualcuno forse persino ora gongola. Io ho esaurito le parole, che del resto non servono pi\u00f9. Mi corre un brivido lungo la schiena pensando di camminare in mezzo a certa gente. Adesso ci vuole una preghiera in pi\u00f9 per Archie. E una per i suoi carnefici.<\/p>\n","protected":false},"excerpt":{"rendered":"<p>Anche questa storia \u00e8 arrivata all\u2019epilogo tragico. Qualcuno dice che \u00e8 meglio cos\u00ec, qualcuno gongola. C\u2019\u00e8 da avere terrore di questa societ\u00e0<\/p>\n","protected":false},"author":7,"featured_media":155667,"comment_status":"open","ping_status":"open","sticky":false,"template":"","format":"standard","meta":{"give_campaign_id":0,"om_disable_all_campaigns":false,"_monsterinsights_skip_tracking":false,"_monsterinsights_sitenote_active":false,"_monsterinsights_sitenote_note":"","_monsterinsights_sitenote_category":0,"mc4wp_mailchimp_campaign":[],"jnews-multi-image_gallery":[],"jnews_single_post":{"subtitle":"Anche questa storia \u00e8 arrivata all\u2019epilogo tragico. Qualcuno dice che \u00e8 meglio cos\u00ec, qualcuno gongola. C\u2019\u00e8 da avere terrore di questa societ\u00e0","format":"standard","video":"","gallery":"","source_name":"","source_url":"","via_name":"","via_url":"","override":[{"template":"1","single_blog_custom":"","parallax":"1","fullscreen":"1","layout":"right-sidebar","sidebar":"default-sidebar","second_sidebar":"default-sidebar","sticky_sidebar":"1","share_position":"top","share_float_style":"share-monocrhome","show_share_counter":"1","show_view_counter":"1","show_featured":"1","show_post_meta":"1","show_post_author":"1","show_post_author_image":"1","show_post_date":"1","post_date_format":"default","post_date_format_custom":"Y\/m\/d","show_post_category":"1","post_reading_time_wpm":"300","zoom_button_out_step":"2","zoom_button_in_step":"3","show_post_tag":"1","show_prev_next_post":"1","show_popup_post":"1","number_popup_post":"1"}],"image_override":[{"single_post_thumbnail_size":"crop-500","single_post_gallery_size":"crop-500"}],"trending_post_position":"meta","trending_post_label":"Trending","sponsored_post_label":"Sponsored by","sponsored_post_name":"","sponsored_post_url":"","sponsored_post_logo":"","sponsored_post_desc":""},"jnews_primary_category":{"id":"817"},"jnews_social_meta":{"fb_title":"","fb_description":"","fb_image":"","twitter_title":"","twitter_description":"","twitter_image":""},"jnews_override_counter":{"view_counter_number":"0","share_counter_number":"0","like_counter_number":"0","dislike_counter_number":"0"},"footnotes":""},"categories":[8488,951,817],"tags":[743,1046],"class_list":["post-155666","post","type-post","status-publish","format-standard","has-post-thumbnail","hentry","category-breaking-news","category-foreground-it","category-vita","tag-eutanasia","tag-regno-unito"],"yoast_head":"<!-- This site is optimized with the Yoast SEO Premium plugin v25.9 (Yoast SEO v27.3) - https:\/\/yoast.com\/product\/yoast-seo-premium-wordpress\/ -->\n<title>Adesso una preghiera in pi\u00f9 per Archie e una per i suoi carnefici - \u00abiFamNews\u00bb<\/title>\n<meta name=\"description\" content=\"Anche questa storia \u00e8 arrivata all\u2019epilogo tragico. Qualcuno dice che \u00e8 meglio cos\u00ec, qualcuno gongola. C\u2019\u00e8 da avere terrore di questa societ\u00e0\" \/>\n<meta name=\"robots\" content=\"index, follow, max-snippet:-1, max-image-preview:large, max-video-preview:-1\" \/>\n<link rel=\"canonical\" href=\"https:\/\/ifamnews.com\/it\/adesso-una-preghiera-in-pi-per-archie-e-una-per-i-suoi-carnefici\" \/>\n<meta property=\"og:locale\" content=\"it_IT\" \/>\n<meta property=\"og:type\" content=\"article\" \/>\n<meta property=\"og:title\" content=\"Adesso una preghiera in pi\u00f9 per Archie e una per i suoi carnefici\" \/>\n<meta property=\"og:description\" content=\"Anche questa storia \u00e8 arrivata all\u2019epilogo tragico. Qualcuno dice che \u00e8 meglio cos\u00ec, qualcuno gongola. C\u2019\u00e8 da avere terrore di questa societ\u00e0\" \/>\n<meta property=\"og:url\" content=\"https:\/\/ifamnews.com\/it\/adesso-una-preghiera-in-pi-per-archie-e-una-per-i-suoi-carnefici\" \/>\n<meta property=\"og:site_name\" content=\"IFN\" \/>\n<meta property=\"article:publisher\" content=\"https:\/\/www.facebook.com\/iFamNews\" \/>\n<meta property=\"article:author\" content=\"https:\/\/facebook.com\/MarcoRespinti\" \/>\n<meta property=\"article:published_time\" content=\"2022-08-06T14:27:39+00:00\" \/>\n<meta property=\"article:modified_time\" content=\"2022-08-06T14:27:50+00:00\" \/>\n<meta property=\"og:image\" content=\"https:\/\/ifamnews.com\/wp-content\/uploads\/2022\/08\/Cattura-2.png\" \/>\n\t<meta property=\"og:image:width\" content=\"1200\" \/>\n\t<meta property=\"og:image:height\" content=\"675\" \/>\n\t<meta property=\"og:image:type\" content=\"image\/png\" \/>\n<meta name=\"author\" content=\"Marco Respinti\" \/>\n<meta name=\"twitter:card\" content=\"summary_large_image\" \/>\n<meta name=\"twitter:creator\" content=\"@https:\/\/twitter.com\/MarcoRespinti\" \/>\n<meta name=\"twitter:site\" content=\"@iFamNewsEN\" \/>\n<meta name=\"twitter:label1\" content=\"Scritto da\" \/>\n\t<meta name=\"twitter:data1\" content=\"Marco Respinti\" \/>\n\t<meta name=\"twitter:label2\" content=\"Tempo di lettura stimato\" \/>\n\t<meta name=\"twitter:data2\" content=\"2 minuti\" \/>\n<!-- \/ Yoast SEO Premium plugin. -->","yoast_head_json":{"title":"Adesso una preghiera in pi\u00f9 per Archie e una per i suoi carnefici - \u00abiFamNews\u00bb","description":"Anche questa storia \u00e8 arrivata all\u2019epilogo tragico. Qualcuno dice che \u00e8 meglio cos\u00ec, qualcuno gongola. C\u2019\u00e8 da avere terrore di questa societ\u00e0","robots":{"index":"index","follow":"follow","max-snippet":"max-snippet:-1","max-image-preview":"max-image-preview:large","max-video-preview":"max-video-preview:-1"},"canonical":"https:\/\/ifamnews.com\/it\/adesso-una-preghiera-in-pi-per-archie-e-una-per-i-suoi-carnefici","og_locale":"it_IT","og_type":"article","og_title":"Adesso una preghiera in pi\u00f9 per Archie e una per i suoi carnefici","og_description":"Anche questa storia \u00e8 arrivata all\u2019epilogo tragico. Qualcuno dice che \u00e8 meglio cos\u00ec, qualcuno gongola. C\u2019\u00e8 da avere terrore di questa societ\u00e0","og_url":"https:\/\/ifamnews.com\/it\/adesso-una-preghiera-in-pi-per-archie-e-una-per-i-suoi-carnefici","og_site_name":"IFN","article_publisher":"https:\/\/www.facebook.com\/iFamNews","article_author":"https:\/\/facebook.com\/MarcoRespinti","article_published_time":"2022-08-06T14:27:39+00:00","article_modified_time":"2022-08-06T14:27:50+00:00","og_image":[{"width":1200,"height":675,"url":"https:\/\/ifamnews.com\/wp-content\/uploads\/2022\/08\/Cattura-2.png","type":"image\/png"}],"author":"Marco Respinti","twitter_card":"summary_large_image","twitter_creator":"@https:\/\/twitter.com\/MarcoRespinti","twitter_site":"@iFamNewsEN","twitter_misc":{"Scritto da":"Marco Respinti","Tempo di lettura stimato":"2 minuti"},"schema":{"@context":"https:\/\/schema.org","@graph":[{"@type":"NewsArticle","@id":"https:\/\/ifamnews.com\/it\/adesso-una-preghiera-in-pi-per-archie-e-una-per-i-suoi-carnefici#article","isPartOf":{"@id":"https:\/\/ifamnews.com\/it\/adesso-una-preghiera-in-pi-per-archie-e-una-per-i-suoi-carnefici"},"author":{"name":"Marco Respinti","@id":"https:\/\/ifamnews.com\/en\/#\/schema\/person\/f0579ab02623e80d44006c1a5d949ea9"},"headline":"Adesso una preghiera in pi\u00f9 per Archie e una per i suoi carnefici","datePublished":"2022-08-06T14:27:39+00:00","dateModified":"2022-08-06T14:27:50+00:00","mainEntityOfPage":{"@id":"https:\/\/ifamnews.com\/it\/adesso-una-preghiera-in-pi-per-archie-e-una-per-i-suoi-carnefici"},"wordCount":343,"commentCount":0,"publisher":{"@id":"https:\/\/ifamnews.com\/en\/#organization"},"image":{"@id":"https:\/\/ifamnews.com\/it\/adesso-una-preghiera-in-pi-per-archie-e-una-per-i-suoi-carnefici#primaryimage"},"thumbnailUrl":"https:\/\/ifamnews.com\/wp-content\/uploads\/2022\/08\/Cattura-2.png","keywords":["Eutanasia","Regno Unito"],"articleSection":["Breaking News","In evidenza","Vita"],"inLanguage":"it-IT","potentialAction":[{"@type":"CommentAction","name":"Comment","target":["https:\/\/ifamnews.com\/it\/adesso-una-preghiera-in-pi-per-archie-e-una-per-i-suoi-carnefici#respond"]}]},{"@type":"WebPage","@id":"https:\/\/ifamnews.com\/it\/adesso-una-preghiera-in-pi-per-archie-e-una-per-i-suoi-carnefici","url":"https:\/\/ifamnews.com\/it\/adesso-una-preghiera-in-pi-per-archie-e-una-per-i-suoi-carnefici","name":"Adesso una preghiera in pi\u00f9 per Archie e una per i suoi carnefici - \u00abiFamNews\u00bb","isPartOf":{"@id":"https:\/\/ifamnews.com\/en\/#website"},"primaryImageOfPage":{"@id":"https:\/\/ifamnews.com\/it\/adesso-una-preghiera-in-pi-per-archie-e-una-per-i-suoi-carnefici#primaryimage"},"image":{"@id":"https:\/\/ifamnews.com\/it\/adesso-una-preghiera-in-pi-per-archie-e-una-per-i-suoi-carnefici#primaryimage"},"thumbnailUrl":"https:\/\/ifamnews.com\/wp-content\/uploads\/2022\/08\/Cattura-2.png","datePublished":"2022-08-06T14:27:39+00:00","dateModified":"2022-08-06T14:27:50+00:00","description":"Anche questa storia \u00e8 arrivata all\u2019epilogo tragico. Qualcuno dice che \u00e8 meglio cos\u00ec, qualcuno gongola. C\u2019\u00e8 da avere terrore di questa societ\u00e0","breadcrumb":{"@id":"https:\/\/ifamnews.com\/it\/adesso-una-preghiera-in-pi-per-archie-e-una-per-i-suoi-carnefici#breadcrumb"},"inLanguage":"it-IT","potentialAction":[{"@type":"ReadAction","target":["https:\/\/ifamnews.com\/it\/adesso-una-preghiera-in-pi-per-archie-e-una-per-i-suoi-carnefici"]}]},{"@type":"ImageObject","inLanguage":"it-IT","@id":"https:\/\/ifamnews.com\/it\/adesso-una-preghiera-in-pi-per-archie-e-una-per-i-suoi-carnefici#primaryimage","url":"https:\/\/ifamnews.com\/wp-content\/uploads\/2022\/08\/Cattura-2.png","contentUrl":"https:\/\/ifamnews.com\/wp-content\/uploads\/2022\/08\/Cattura-2.png","width":1200,"height":675,"caption":"Archie Battersbee, image by Hollie Dance"},{"@type":"BreadcrumbList","@id":"https:\/\/ifamnews.com\/it\/adesso-una-preghiera-in-pi-per-archie-e-una-per-i-suoi-carnefici#breadcrumb","itemListElement":[{"@type":"ListItem","position":1,"name":"Home","item":"https:\/\/ifamnews.com\/de"},{"@type":"ListItem","position":2,"name":"Life","item":"https:\/\/ifamnews.com\/en\/category\/life"},{"@type":"ListItem","position":3,"name":"Adesso una preghiera in pi\u00f9 per Archie e una per i suoi carnefici"}]},{"@type":"WebSite","@id":"https:\/\/ifamnews.com\/en\/#website","url":"https:\/\/ifamnews.com\/en\/","name":"IFN","description":"International Family News Network","publisher":{"@id":"https:\/\/ifamnews.com\/en\/#organization"},"potentialAction":[{"@type":"SearchAction","target":{"@type":"EntryPoint","urlTemplate":"https:\/\/ifamnews.com\/en\/?s={search_term_string}"},"query-input":{"@type":"PropertyValueSpecification","valueRequired":true,"valueName":"search_term_string"}}],"inLanguage":"it-IT"},{"@type":"Organization","@id":"https:\/\/ifamnews.com\/en\/#organization","name":"iFamNews","url":"https:\/\/ifamnews.com\/en\/","logo":{"@type":"ImageObject","inLanguage":"it-IT","@id":"https:\/\/ifamnews.com\/en\/#\/schema\/logo\/image\/","url":"https:\/\/ifamnews.com\/wp-content\/uploads\/2020\/01\/Share-logo.png","contentUrl":"https:\/\/ifamnews.com\/wp-content\/uploads\/2020\/01\/Share-logo.png","width":200,"height":200,"caption":"iFamNews"},"image":{"@id":"https:\/\/ifamnews.com\/en\/#\/schema\/logo\/image\/"},"sameAs":["https:\/\/www.facebook.com\/iFamNews","https:\/\/x.com\/iFamNewsEN"]},{"@type":"Person","@id":"https:\/\/ifamnews.com\/en\/#\/schema\/person\/f0579ab02623e80d44006c1a5d949ea9","name":"Marco Respinti","image":{"@type":"ImageObject","inLanguage":"it-IT","@id":"https:\/\/secure.gravatar.com\/avatar\/4ab04a5127131015e13010f222e38621144dc33a5df5d977b35ceeab15ee958f?s=96&d=mm&r=g","url":"https:\/\/secure.gravatar.com\/avatar\/4ab04a5127131015e13010f222e38621144dc33a5df5d977b35ceeab15ee958f?s=96&d=mm&r=g","contentUrl":"https:\/\/secure.gravatar.com\/avatar\/4ab04a5127131015e13010f222e38621144dc33a5df5d977b35ceeab15ee958f?s=96&d=mm&r=g","caption":"Marco Respinti"},"description":"Marco Respinti was the Editor-in-Chief of International Family News until the end of 2022. He is an Italian professional journalist, member of the International Federation of Journalists (IFJ), essayist, translator, and lecturer. He has contributed and contributes to several journals and magazines both in print and online, both in Italy and abroad. Author of books, he has translated and\/or edited works by, among others, Edmund Burke, Charles Dickens, T.S. Eliot, Russell Kirk, J.R.R. Tolkien, R\u00e9gine Pernoud and Gustave Thibon. A Senior fellow at the\u00a0Russell Kirk Center for Cultural Renewal (Mecosta, Michigan) he is also a founding member as well as Board member of the Center for European Renewal (The Hague, The Netherlands). A member of the Editorial Board of The European Conservative magazine, as well as a member of the Advisory Council of the European Federation for Freedom of Belief, he serves as Director-in-Charge of the academic publication The Journal of CESNUR and the online Bitter Winter: A Magazine on Religious Liberty and Human Rights.","sameAs":["https:\/\/facebook.com\/MarcoRespinti","https:\/\/it.linkedin.com\/in\/marcorespinti","https:\/\/pinterest.it\/MarcoRespinti\/_created\/","https:\/\/x.com\/https:\/\/twitter.com\/MarcoRespinti","https:\/\/youtube.com\/channel\/UC1FbsvyQNTQ-snpsmRC12Og?view_as=subscriber"],"url":"https:\/\/ifamnews.com\/it\/author\/mrespinti"}]}},"amp_enabled":true,"_links":{"self":[{"href":"https:\/\/ifamnews.com\/it\/wp-json\/wp\/v2\/posts\/155666","targetHints":{"allow":["GET"]}}],"collection":[{"href":"https:\/\/ifamnews.com\/it\/wp-json\/wp\/v2\/posts"}],"about":[{"href":"https:\/\/ifamnews.com\/it\/wp-json\/wp\/v2\/types\/post"}],"author":[{"embeddable":true,"href":"https:\/\/ifamnews.com\/it\/wp-json\/wp\/v2\/users\/7"}],"replies":[{"embeddable":true,"href":"https:\/\/ifamnews.com\/it\/wp-json\/wp\/v2\/comments?post=155666"}],"version-history":[{"count":3,"href":"https:\/\/ifamnews.com\/it\/wp-json\/wp\/v2\/posts\/155666\/revisions"}],"predecessor-version":[{"id":155684,"href":"https:\/\/ifamnews.com\/it\/wp-json\/wp\/v2\/posts\/155666\/revisions\/155684"}],"wp:featuredmedia":[{"embeddable":true,"href":"https:\/\/ifamnews.com\/it\/wp-json\/wp\/v2\/media\/155667"}],"wp:attachment":[{"href":"https:\/\/ifamnews.com\/it\/wp-json\/wp\/v2\/media?parent=155666"}],"wp:term":[{"taxonomy":"category","embeddable":true,"href":"https:\/\/ifamnews.com\/it\/wp-json\/wp\/v2\/categories?post=155666"},{"taxonomy":"post_tag","embeddable":true,"href":"https:\/\/ifamnews.com\/it\/wp-json\/wp\/v2\/tags?post=155666"}],"curies":[{"name":"wp","href":"https:\/\/api.w.org\/{rel}","templated":true}]}}