{"id":154704,"date":"2022-07-30T00:00:00","date_gmt":"2022-07-30T04:00:00","guid":{"rendered":"https:\/\/ifamnews.com\/?p=154704"},"modified":"2022-07-28T06:39:47","modified_gmt":"2022-07-28T10:39:47","slug":"danni-e-fallimenti-del-reddito-di-cittadinanza-minuto-per-minuto","status":"publish","type":"post","link":"https:\/\/ifamnews.com\/it\/danni-e-fallimenti-del-reddito-di-cittadinanza-minuto-per-minuto","title":{"rendered":"Danni e fallimenti del reddito di cittadinanza minuto per minuto"},"content":{"rendered":"\n<p>Il \u00ab<a href=\"https:\/\/www.redditodicittadinanza.gov.it\/\" target=\"_blank\" rel=\"noreferrer noopener\">reddito di cittadinanza<\/a>\u00bb all\u2019italiana (RdC) non corrisponde a quanto si indica generalmente con questa terminologia. In letteratura, infatti, si parla di \u00ab<a href=\"https:\/\/www.treccani.it\/enciclopedia\/reddito-minimo-garantito_%28Diritto-on-line%29\/#:~:text=l'attribuzione%20a%20tutti%20coloro,basic%20income%C2%BB%2C%20etc.)\" target=\"_blank\" rel=\"noreferrer noopener\">reddito minimo garantito<\/a>\u00bb, \u00abreddito di base\u00bb o \u00abreddito minimo universale\u00bb (<a href=\"https:\/\/www.imf.org\/Publications\/fandd\/issues\/2018\/12\/what-is-universal-basic-income-basics\" target=\"_blank\" rel=\"noreferrer noopener\">in inglese \u00abUniversal Basic Income\u00bb<\/a>, UBI). Tutti hanno sfumature varie e applicazioni differenti, ma alcuni punti restano fermi per tutti.<\/p>\n\n\n\n<p>Rispetto alla variante italiana, nell\u2019UBI si fa generalmente riferimento a un\u2019erogazione monetaria periodica, tipicamente mensile, a partire da una certa et\u00e0 e per tutta la vita, distribuita a tutti i cittadini, che lavorino oppure no, senza riferimenti n\u00e9 alla situazione familiare n\u00e9 alla posizione patrimoniale e reddituale di chi la percepisce. Insomma, una \u201cpaghetta pubblica\u201d mensile \u201cnon condizionata\u201d, a pioggia, uguale per tutti.<\/p>\n\n\n\n<p>Nella versione italiana, invece, la misura si configura come un semplice <a href=\"https:\/\/www.inps.it\/prestazioni-servizi\/reddito-di-cittadinanza-e-pensione-di-cittadinanza\" target=\"_blank\" rel=\"noreferrer noopener\">ammortizzatore sociale<\/a>, perch\u00e9 versato solo a disoccupati, inoccupati o lavoratori che presentino un <a href=\"https:\/\/www.lavoro.gov.it\/strumenti-e-servizi\/ISEE\/Pagine\/default.aspx\" target=\"_blank\" rel=\"noreferrer noopener\">indice ISEE<\/a> (Indicatore Situazione Economica Equivalente) inferiore a una determinata soglia. Viene quindi erogato non a ciascun individuo, ma solo a un singolo rappresentante di ciascun nucleo familiare, con una cifra che varia in base alla situazione patrimoniale-reddituale della famiglia stessa.<\/p>\n\n\n\n<h3 class=\"wp-block-heading\" id=\"h-specchietto-per-le-allodole\"><strong>Specchietto per le allodole<\/strong><\/h3>\n\n\n\n<p>Nel RdC italiano sono previsti obblighi, come iscriversi a un centro d\u2019impiego, svolgere senza ulteriore compenso lavori di pubblica utilit\u00e0 e accettare, dopo un certo numero di rifiuti, proposte di lavoro ritenute congrue, con l\u2019obbligo di assistenza di alcune figure assunte per coadiuvare gli altri a trovare un impiego, i cosiddetti <em>navigator<\/em>. Per potere accedere al sussidio occorre poi presentare domanda, correlata da documenti e certificazioni, e quindi sottoposta alla verifica del rispetto dei requisiti previsti.<\/p>\n\n\n\n<p>Il motivo per cui il Movimento Cinque Stelle (M5S) aveva scelto in origine di usare la terminologia \u00abreddito di cittadinanza\u00bb era l\u2019<em>appeal <\/em>dell\u2019espressione, ovviamente nella prospettiva di acquisire un consenso elettorale facile. Almeno da questo punto di vista, la misura \u00e8 stata efficace e ha consentito ai pentastellati di andare e di rimanere stabilmente al governo del Paese.<\/p>\n\n\n\n<p>Ma con quali risultati? Partiamo dall\u2019origine. Dai dati contenuti nel <a href=\"https:\/\/www.istat.it\/it\/archivio\/271808\" target=\"_blank\" rel=\"noreferrer noopener\">Rapporto Annuale ISTAT 2022<\/a> emerge una situazione di <a href=\"https:\/\/www.istat.it\/it\/dati-analisi-e-prodotti\/contenuti-interattivi\/soglia-di-poverta\" target=\"_blank\" rel=\"noreferrer noopener\">povert\u00e0 assoluta<\/a> nel 2021 grave ma stabile rispetto al 2020, che riguarda poco pi\u00f9 di 1,9 milioni di famiglie (con un\u2019incidenza pari al 7,5%) e 5,6 milioni di individui (9,4%).<\/p>\n\n\n\n<p>Il Paese non cresce da decenni e si trova ora anche alle prese con una forte ripresa dell\u2019<a href=\"https:\/\/alleanzacattolica.org\/bollette-alle-stelle-che-cosa-sta-succedendo\/\" target=\"_blank\" rel=\"noreferrer noopener\">inflazione<\/a>, la quale rischia di far peggiorare la situazione: a nulla \u00e8 servito il sussidio e non si nota la bench\u00e9 minima inversione di tendenza, <em>nonostante<\/em> \u2013 e, forse, <em>a causa<\/em> \u2013 dell\u2019estrema onerosit\u00e0 delle erogazioni effettuate, che si sono inevitabilmente scaricate sulla classe media e medio-bassa.<\/p>\n\n\n\n<h3 class=\"wp-block-heading\"><strong>Obiettivo mancato<\/strong><\/h3>\n\n\n\n<p>Dai dati disponibili nel <a href=\"https:\/\/www.inps.it\/dati-ricerche-e-bilanci\/rapporti-annuali\/xxi-rapporto-annuale\">XXI Rapporto an<\/a><a href=\"https:\/\/www.inps.it\/dati-ricerche-e-bilanci\/rapporti-annuali\/xxi-rapporto-annuale\" target=\"_blank\" rel=\"noreferrer noopener\">nuale INPS<\/a> emerge che, considerando sia il RdC sia la Pensione di Cittadinanza (PdC), \u00abnei primi 36 mesi di applicazione della misura hanno ricevuto il pagamento di almeno una mensilit\u00e0 2,2 milioni di nuclei familiari in cui complessivamente risiedono 4,8 milioni di persone, per un\u2019erogazione totale di quasi 23 miliardi di euro (Tabella 4.9)\u00bb.<\/p>\n\n\n\n<p>Per il solo RdC \u00aba marzo 2022, l\u2019importo medio mensile erogato \u00e8 stato di 577 euro [\u2026] A fronte di 1.223.146 nuclei beneficiari, il numero di persone coinvolte \u00e8 2.703.979\u00bb, con un costo tendenziale annuo complessivo di circa 8 miliardi di euro. Emerge anche che i nuclei familiari sono sempre pi\u00f9 piccoli, e tra i percettori del sussidio sono preponderanti le \u201cfamiglie\u201d monocomponenti (con un\u2018incidenza pari al 41%).<\/p>\n\n\n\n<p>Il problema principale del provvedimento non risiede tanto sul fatto che si sia prestato a prevedibili casi di abusi e di clientelismo, ma perch\u00e9 esso non ha raggiunto minimamente lo scopo di favorire l\u2019integrazione nel mondo del lavoro. Anzi, molte aziende riscontrano difficolt\u00e0 crescenti a trovare personale, in specie nel settore della ristorazione e nelle attivit\u00e0 stagionali, per la concorrenza sleale del sussidio. A conti fatti, con la paghetta di Stato e qualche lavoro in nero si riesce infatti a incassare di pi\u00f9 e a faticare di meno. Il paradosso \u00e8 che ora bisogna <a href=\"https:\/\/www.ilgiornale.it\/news\/politica\/500-navigator-lasciati-casa-sono-prime-vittime-reddito-2048689.html\" target=\"_blank\" rel=\"noreferrer noopener\">preoccuparsi anche dei 1.886 <em>navigator <\/em>rimasti dei 3mila che furono assunti nel 2019<\/a>, mentre alla <a href=\"https:\/\/www.investireoggi.it\/fisco\/reddito-di-cittadinanza-arriva-la-norma-spazza-divani\/\" target=\"_blank\" rel=\"noreferrer noopener\">Camera il Centrodestra, per limitare i danni, ha proposto un emendamento<\/a> che consideri <em>congrua<\/em> la \u201cchiamata diretta\u201d degli imprenditori ai percettori del sussidio, in modo da smascherare chi non sta davvero cercando un lavoro.<\/p>\n\n\n\n<h3 class=\"wp-block-heading\"><strong>Scassa del Mezzogiorno<\/strong><\/h3>\n\n\n\n<p>Ora, un sussidio di fatto permanente e cos\u00ec strutturato contribuisce inevitabilmente ad accrescere il divario fra Nord e Sud, vista la grande differenza del costo della vita nei \u201cdue Paesi\u201d, e a pagarne le conseguenze sono soprattutto i giovani meridionali, i quali rischiano di assuefarsi al sussidio pubblico sprecando i propri anni migliori.<\/p>\n\n\n\n<p>I beneficiari del sussidio sono infatti concentrati per l\u201985% nel Centro e nel Sud, in particolare in Campania e in Sicilia. Il collegamento con il bacino elettorale del M5S \u00e8 peraltro evidente e infatti il partito rivendica il successo dell\u2019iniziativa, che rimarr\u00e0 come un\u2019ipoteca pesante sul futuro del Paese. E tornare indietro sar\u00e0 probabilmente impossibile, quindi i contribuenti dovranno rassegnarsi.<\/p>\n\n\n\n<h3 class=\"wp-block-heading\"><strong>La soluzione<\/strong><\/h3>\n\n\n\n<p>Pi\u00f9 che inventarsi sempre nuovi meccanismi redistributivi bisognerebbe allora concentrarsi sul far crescere la produttivit\u00e0 e quindi la torta della ricchezza. A tal fine \u00e8 essenziale che non si inceppi il meccanismo della cooperazione libera tra le persone e che i frutti del lavoro siano lasciati il pi\u00f9 possibile a chi li produce, affinch\u00e9 siano poi goduti e reinvestiti a vantaggio indiretto di tutti.<\/p>\n\n\n\n<p>Il Premio Nobel per l\u2019economia Milton Friedman (1912-2006) ammoniva cos\u00ec sui rischi di politiche fortemente redistributive: \u00abSe tu paghi la gente che non lavora e la tassi quando lavora, non essere sorpreso se produci disoccupazione\u00bb. Contro ogni demagogia solidaristica, occorre ricordare poi che la scarsit\u00e0 non \u00e8 eliminabile radicalmente: come scriveva il filosofo-contadino francese, Gustave Thibon (1903-2001), \u00abper voler spartire <em>tutto<\/em> con <em>tutti<\/em>, bisogna essere Dio \u2013 oppure avere solamente del nulla da offrire. Anzich\u00e9 un nuovo passo in avanti, gli Stati dovrebbero cio\u00e8 farne due indietro, per passare dalla solidariet\u00e0 obbligatoria gestita politicamente alla ripresa delle iniziative di solidariet\u00e0 volontaria dei privati, con l\u2019obiettivo di passare gradualmente dal <em>welfare state <\/em>alla <em>welfare society<\/em>. Per non cadere vittime della promessa di sicurezza garantita dall\u2019alto occorre insomma ricuperare la prospettiva secondo cui l\u2019uomo \u00e8 <em>faber suae quisque fortunae<\/em>.<\/p>\n","protected":false},"excerpt":{"rendered":"<p>Dopo tre anni e mezzo il bilancio fra costi e risultati \u00e8 negativo. Tra demagogia e clientelismo, il conto per il contribuente \u00e8 molto salato<\/p>\n","protected":false},"author":96,"featured_media":154709,"comment_status":"open","ping_status":"open","sticky":false,"template":"","format":"standard","meta":{"give_campaign_id":0,"om_disable_all_campaigns":false,"_monsterinsights_skip_tracking":false,"_monsterinsights_sitenote_active":false,"_monsterinsights_sitenote_note":"","_monsterinsights_sitenote_category":0,"mc4wp_mailchimp_campaign":[],"jnews-multi-image_gallery":[],"jnews_single_post":{"subtitle":"Dopo tre anni e mezzo il bilancio fra costi e risultati \u00e8 negativo. Tra demagogia e clientelismo, il conto per il contribuente \u00e8 molto salato","format":"standard","video":"","gallery":"","source_name":"","source_url":"","via_name":"","via_url":"","override":[{"template":"1","single_blog_custom":"","parallax":"1","fullscreen":"1","layout":"right-sidebar","sidebar":"default-sidebar","second_sidebar":"default-sidebar","sticky_sidebar":"1","share_position":"top","share_float_style":"share-monocrhome","show_share_counter":"1","show_view_counter":"1","show_featured":"1","show_post_meta":"1","show_post_author":"1","show_post_author_image":"1","show_post_date":"1","post_date_format":"default","post_date_format_custom":"Y\/m\/d","show_post_category":"1","post_reading_time_wpm":"300","zoom_button_out_step":"2","zoom_button_in_step":"3","show_post_tag":"1","show_prev_next_post":"1","show_popup_post":"1","number_popup_post":"1"}],"image_override":[{"single_post_thumbnail_size":"crop-500","single_post_gallery_size":"crop-500"}],"trending_post_position":"meta","trending_post_label":"Trending","sponsored_post_label":"Sponsored by","sponsored_post_name":"","sponsored_post_url":"","sponsored_post_logo":"","sponsored_post_desc":""},"jnews_primary_category":{"id":"764"},"jnews_social_meta":{"fb_title":"","fb_description":"","fb_image":"","twitter_title":"","twitter_description":"","twitter_image":""},"jnews_override_counter":{"view_counter_number":"0","share_counter_number":"0","like_counter_number":"0","dislike_counter_number":"0"},"footnotes":""},"categories":[764,951],"tags":[1715,1928],"class_list":["post-154704","post","type-post","status-publish","format-standard","has-post-thumbnail","hentry","category-cultura","category-foreground-it","tag-economia","tag-italia"],"yoast_head":"<!-- This site is optimized with the Yoast SEO Premium plugin v25.9 (Yoast SEO v27.3) - https:\/\/yoast.com\/product\/yoast-seo-premium-wordpress\/ -->\n<title>Danni e fallimenti del reddito di cittadinanza minuto per minuto - \u00abiFamNews\u00bb<\/title>\n<meta name=\"description\" content=\"Dopo tre anni e mezzo il bilancio fra costi e risultati \u00e8 negativo. Tra demagogia e clientelismo, il conto per il contribuente \u00e8 molto salato\" \/>\n<meta name=\"robots\" content=\"index, follow, max-snippet:-1, max-image-preview:large, max-video-preview:-1\" \/>\n<link rel=\"canonical\" href=\"https:\/\/ifamnews.com\/it\/danni-e-fallimenti-del-reddito-di-cittadinanza-minuto-per-minuto\" \/>\n<meta property=\"og:locale\" content=\"it_IT\" \/>\n<meta property=\"og:type\" content=\"article\" \/>\n<meta property=\"og:title\" content=\"Danni e fallimenti del reddito di cittadinanza minuto per minuto\" \/>\n<meta property=\"og:description\" content=\"Dopo tre anni e mezzo il bilancio fra costi e risultati \u00e8 negativo. Tra demagogia e clientelismo, il conto per il contribuente \u00e8 molto salato\" \/>\n<meta property=\"og:url\" content=\"https:\/\/ifamnews.com\/it\/danni-e-fallimenti-del-reddito-di-cittadinanza-minuto-per-minuto\" \/>\n<meta property=\"og:site_name\" content=\"IFN\" \/>\n<meta property=\"article:publisher\" content=\"https:\/\/www.facebook.com\/iFamNews\" \/>\n<meta property=\"article:published_time\" content=\"2022-07-30T04:00:00+00:00\" \/>\n<meta property=\"og:image\" content=\"https:\/\/ifamnews.com\/wp-content\/uploads\/2022\/07\/reddito-di-cittadinanza-1.webp\" \/>\n\t<meta property=\"og:image:width\" content=\"1200\" \/>\n\t<meta property=\"og:image:height\" content=\"675\" \/>\n\t<meta property=\"og:image:type\" content=\"image\/webp\" \/>\n<meta name=\"author\" content=\"Maurizio Milano\" \/>\n<meta name=\"twitter:card\" content=\"summary_large_image\" \/>\n<meta name=\"twitter:creator\" content=\"@iFamNewsEN\" \/>\n<meta name=\"twitter:site\" content=\"@iFamNewsEN\" \/>\n<meta name=\"twitter:label1\" content=\"Scritto da\" \/>\n\t<meta name=\"twitter:data1\" content=\"Maurizio Milano\" \/>\n\t<meta name=\"twitter:label2\" content=\"Tempo di lettura stimato\" \/>\n\t<meta name=\"twitter:data2\" content=\"5 minuti\" \/>\n<!-- \/ Yoast SEO Premium plugin. -->","yoast_head_json":{"title":"Danni e fallimenti del reddito di cittadinanza minuto per minuto - \u00abiFamNews\u00bb","description":"Dopo tre anni e mezzo il bilancio fra costi e risultati \u00e8 negativo. Tra demagogia e clientelismo, il conto per il contribuente \u00e8 molto salato","robots":{"index":"index","follow":"follow","max-snippet":"max-snippet:-1","max-image-preview":"max-image-preview:large","max-video-preview":"max-video-preview:-1"},"canonical":"https:\/\/ifamnews.com\/it\/danni-e-fallimenti-del-reddito-di-cittadinanza-minuto-per-minuto","og_locale":"it_IT","og_type":"article","og_title":"Danni e fallimenti del reddito di cittadinanza minuto per minuto","og_description":"Dopo tre anni e mezzo il bilancio fra costi e risultati \u00e8 negativo. Tra demagogia e clientelismo, il conto per il contribuente \u00e8 molto salato","og_url":"https:\/\/ifamnews.com\/it\/danni-e-fallimenti-del-reddito-di-cittadinanza-minuto-per-minuto","og_site_name":"IFN","article_publisher":"https:\/\/www.facebook.com\/iFamNews","article_published_time":"2022-07-30T04:00:00+00:00","og_image":[{"width":1200,"height":675,"url":"https:\/\/ifamnews.com\/wp-content\/uploads\/2022\/07\/reddito-di-cittadinanza-1.webp","type":"image\/webp"}],"author":"Maurizio Milano","twitter_card":"summary_large_image","twitter_creator":"@iFamNewsEN","twitter_site":"@iFamNewsEN","twitter_misc":{"Scritto da":"Maurizio Milano","Tempo di lettura stimato":"5 minuti"},"schema":{"@context":"https:\/\/schema.org","@graph":[{"@type":"NewsArticle","@id":"https:\/\/ifamnews.com\/it\/danni-e-fallimenti-del-reddito-di-cittadinanza-minuto-per-minuto#article","isPartOf":{"@id":"https:\/\/ifamnews.com\/it\/danni-e-fallimenti-del-reddito-di-cittadinanza-minuto-per-minuto"},"author":{"name":"Maurizio Milano","@id":"https:\/\/ifamnews.com\/en\/#\/schema\/person\/d8b27517cbe5e23a7a135695449fa524"},"headline":"Danni e fallimenti del reddito di cittadinanza minuto per minuto","datePublished":"2022-07-30T04:00:00+00:00","mainEntityOfPage":{"@id":"https:\/\/ifamnews.com\/it\/danni-e-fallimenti-del-reddito-di-cittadinanza-minuto-per-minuto"},"wordCount":1023,"commentCount":0,"publisher":{"@id":"https:\/\/ifamnews.com\/en\/#organization"},"image":{"@id":"https:\/\/ifamnews.com\/it\/danni-e-fallimenti-del-reddito-di-cittadinanza-minuto-per-minuto#primaryimage"},"thumbnailUrl":"https:\/\/ifamnews.com\/wp-content\/uploads\/2022\/07\/reddito-di-cittadinanza-1.webp","keywords":["Economia","Italia"],"articleSection":["Cultura","In evidenza"],"inLanguage":"it-IT","potentialAction":[{"@type":"CommentAction","name":"Comment","target":["https:\/\/ifamnews.com\/it\/danni-e-fallimenti-del-reddito-di-cittadinanza-minuto-per-minuto#respond"]}]},{"@type":"WebPage","@id":"https:\/\/ifamnews.com\/it\/danni-e-fallimenti-del-reddito-di-cittadinanza-minuto-per-minuto","url":"https:\/\/ifamnews.com\/it\/danni-e-fallimenti-del-reddito-di-cittadinanza-minuto-per-minuto","name":"Danni e fallimenti del reddito di cittadinanza minuto per minuto - \u00abiFamNews\u00bb","isPartOf":{"@id":"https:\/\/ifamnews.com\/en\/#website"},"primaryImageOfPage":{"@id":"https:\/\/ifamnews.com\/it\/danni-e-fallimenti-del-reddito-di-cittadinanza-minuto-per-minuto#primaryimage"},"image":{"@id":"https:\/\/ifamnews.com\/it\/danni-e-fallimenti-del-reddito-di-cittadinanza-minuto-per-minuto#primaryimage"},"thumbnailUrl":"https:\/\/ifamnews.com\/wp-content\/uploads\/2022\/07\/reddito-di-cittadinanza-1.webp","datePublished":"2022-07-30T04:00:00+00:00","description":"Dopo tre anni e mezzo il bilancio fra costi e risultati \u00e8 negativo. Tra demagogia e clientelismo, il conto per il contribuente \u00e8 molto salato","breadcrumb":{"@id":"https:\/\/ifamnews.com\/it\/danni-e-fallimenti-del-reddito-di-cittadinanza-minuto-per-minuto#breadcrumb"},"inLanguage":"it-IT","potentialAction":[{"@type":"ReadAction","target":["https:\/\/ifamnews.com\/it\/danni-e-fallimenti-del-reddito-di-cittadinanza-minuto-per-minuto"]}]},{"@type":"ImageObject","inLanguage":"it-IT","@id":"https:\/\/ifamnews.com\/it\/danni-e-fallimenti-del-reddito-di-cittadinanza-minuto-per-minuto#primaryimage","url":"https:\/\/ifamnews.com\/wp-content\/uploads\/2022\/07\/reddito-di-cittadinanza-1.webp","contentUrl":"https:\/\/ifamnews.com\/wp-content\/uploads\/2022\/07\/reddito-di-cittadinanza-1.webp","width":1200,"height":675,"caption":"Il ministro Luigi di Maio, \"padre\" del reddito di cittadinanza"},{"@type":"BreadcrumbList","@id":"https:\/\/ifamnews.com\/it\/danni-e-fallimenti-del-reddito-di-cittadinanza-minuto-per-minuto#breadcrumb","itemListElement":[{"@type":"ListItem","position":1,"name":"Home","item":"https:\/\/ifamnews.com\/de"},{"@type":"ListItem","position":2,"name":"Cultura","item":"https:\/\/ifamnews.com\/it\/categoria\/cultura"},{"@type":"ListItem","position":3,"name":"Danni e fallimenti del reddito di cittadinanza minuto per minuto"}]},{"@type":"WebSite","@id":"https:\/\/ifamnews.com\/en\/#website","url":"https:\/\/ifamnews.com\/en\/","name":"IFN","description":"International Family News Network","publisher":{"@id":"https:\/\/ifamnews.com\/en\/#organization"},"potentialAction":[{"@type":"SearchAction","target":{"@type":"EntryPoint","urlTemplate":"https:\/\/ifamnews.com\/en\/?s={search_term_string}"},"query-input":{"@type":"PropertyValueSpecification","valueRequired":true,"valueName":"search_term_string"}}],"inLanguage":"it-IT"},{"@type":"Organization","@id":"https:\/\/ifamnews.com\/en\/#organization","name":"iFamNews","url":"https:\/\/ifamnews.com\/en\/","logo":{"@type":"ImageObject","inLanguage":"it-IT","@id":"https:\/\/ifamnews.com\/en\/#\/schema\/logo\/image\/","url":"https:\/\/ifamnews.com\/wp-content\/uploads\/2020\/01\/Share-logo.png","contentUrl":"https:\/\/ifamnews.com\/wp-content\/uploads\/2020\/01\/Share-logo.png","width":200,"height":200,"caption":"iFamNews"},"image":{"@id":"https:\/\/ifamnews.com\/en\/#\/schema\/logo\/image\/"},"sameAs":["https:\/\/www.facebook.com\/iFamNews","https:\/\/x.com\/iFamNewsEN"]},{"@type":"Person","@id":"https:\/\/ifamnews.com\/en\/#\/schema\/person\/d8b27517cbe5e23a7a135695449fa524","name":"Maurizio Milano","image":{"@type":"ImageObject","inLanguage":"it-IT","@id":"https:\/\/secure.gravatar.com\/avatar\/bec1ccb30927db0b523fea316e1648f2ca5fd69050f3a5a1010df91478948d75?s=96&d=mm&r=g","url":"https:\/\/secure.gravatar.com\/avatar\/bec1ccb30927db0b523fea316e1648f2ca5fd69050f3a5a1010df91478948d75?s=96&d=mm&r=g","contentUrl":"https:\/\/secure.gravatar.com\/avatar\/bec1ccb30927db0b523fea316e1648f2ca5fd69050f3a5a1010df91478948d75?s=96&d=mm&r=g","caption":"Maurizio Milano"},"description":"Maurizio Milano, who graduated in Economics in 1994 with Professor Sergio Ricossa with a thesis on The Crisis of the Welfare State and the Entrepreneur-State in Italy in the Light of the Social Doctrine of the Church, cultivates studies in philosophy, theology and economics from the Catholic-Thomist perspective and the Austrian School of Economics. Professionally, he is involved in financial market analysis and investment consulting. He collaborates with the association's website Catholic Alliance and with the daily La nuova Bussola Quotidiana.","url":"https:\/\/ifamnews.com\/it\/author\/mmilano"}]}},"amp_enabled":true,"_links":{"self":[{"href":"https:\/\/ifamnews.com\/it\/wp-json\/wp\/v2\/posts\/154704","targetHints":{"allow":["GET"]}}],"collection":[{"href":"https:\/\/ifamnews.com\/it\/wp-json\/wp\/v2\/posts"}],"about":[{"href":"https:\/\/ifamnews.com\/it\/wp-json\/wp\/v2\/types\/post"}],"author":[{"embeddable":true,"href":"https:\/\/ifamnews.com\/it\/wp-json\/wp\/v2\/users\/96"}],"replies":[{"embeddable":true,"href":"https:\/\/ifamnews.com\/it\/wp-json\/wp\/v2\/comments?post=154704"}],"version-history":[{"count":5,"href":"https:\/\/ifamnews.com\/it\/wp-json\/wp\/v2\/posts\/154704\/revisions"}],"predecessor-version":[{"id":155178,"href":"https:\/\/ifamnews.com\/it\/wp-json\/wp\/v2\/posts\/154704\/revisions\/155178"}],"wp:featuredmedia":[{"embeddable":true,"href":"https:\/\/ifamnews.com\/it\/wp-json\/wp\/v2\/media\/154709"}],"wp:attachment":[{"href":"https:\/\/ifamnews.com\/it\/wp-json\/wp\/v2\/media?parent=154704"}],"wp:term":[{"taxonomy":"category","embeddable":true,"href":"https:\/\/ifamnews.com\/it\/wp-json\/wp\/v2\/categories?post=154704"},{"taxonomy":"post_tag","embeddable":true,"href":"https:\/\/ifamnews.com\/it\/wp-json\/wp\/v2\/tags?post=154704"}],"curies":[{"name":"wp","href":"https:\/\/api.w.org\/{rel}","templated":true}]}}