{"id":153644,"date":"2022-07-19T07:00:00","date_gmt":"2022-07-19T11:00:00","guid":{"rendered":"https:\/\/ifamnews.com\/?p=153644"},"modified":"2022-07-19T03:11:39","modified_gmt":"2022-07-19T07:11:39","slug":"il-15-novembre-il-pianeta-conter-8-miliardi-di-abitanti","status":"publish","type":"post","link":"https:\/\/ifamnews.com\/it\/il-15-novembre-il-pianeta-conter-8-miliardi-di-abitanti","title":{"rendered":"Il 15 novembre il Pianeta conter\u00e0 8 miliardi di abitanti"},"content":{"rendered":"\n<p><a href=\"https:\/\/www.un.org\/development\/desa\/pd\/sites\/www.un.org.development.desa.pd\/files\/wpp2022_summary_of_results.pdf\" target=\"_blank\" rel=\"noreferrer noopener\">Si intitola <em>World Population Prospects 2022<\/em><\/a>, \u00e8 stato emesso dal dipartimento per gli Affari economici e sociali dell\u2019Organizzazione delle Nazioni Unite (ONU) e l\u2019ha presentato il segretario generale Ant\u00f3nio Guterres in occasione della <a href=\"https:\/\/ifamnews.com\/it\/l-utilit-dell-inutile-giornata-mondiale-della-popolazione\" target=\"_blank\" rel=\"noreferrer noopener\">Giornata Mondiale della Popolazione, luned\u00ec scorso, 11 luglio<\/a>.<\/p>\n\n\n\n<p>\u00c8 un rapporto di previsione della crescita della popolazione presente sulla Terra da qui al 2100 ed esordisce con un dato significativo: il 15 novembre, fra meno di quattro mesi, gli abitanti del Pianeta saranno 8 miliardi. La popolazione mondiale raggiunger\u00e0 nel 2030 gli 8 miliardi e mezzo, nel 2050 9,7 miliardi, nel 2100 10,4 miliardi di persone.<\/p>\n\n\n\n<div class=\"wp-block-image\"><figure class=\"alignleft size-full is-resized\"><img decoding=\"async\" src=\"https:\/\/ifamnews.com\/wp-content\/uploads\/2022\/07\/Cattura-7.png\" alt=\"\" class=\"wp-image-153645\" width=\"188\" height=\"246\" \/><figcaption><a href=\"https:\/\/www.un.org\/development\/desa\/pd\/sites\/www.un.org.development.desa.pd\/files\/wpp2022_summary_of_results.pdf\" target=\"_blank\" rel=\"noreferrer noopener\">il rapporto ONU 2022<\/a><\/figcaption><\/figure><\/div>\n\n\n\n<p>Come si pu\u00f2 facilmente immaginare, tale andamento non sar\u00e0 omogeneo in tutte le aree del globo, con discrepanze evidenti per esempio fra la vecchia Europa e i Paesi in via di sviluppo. Fino al 2050, pi\u00f9 della met\u00e0 dell\u2019aumento previsto sar\u00e0 concentrato in otto Stati, cio\u00e8 Repubblica Democratica del Congo, Nigeria, Pakistan, Filippine, Egitto, Etiopia, Repubblica Unita di Tanzania e India. Anzi, il rapporto ipotizza che proprio l\u2019India gi\u00e0 nel 2023 sottrarr\u00e0 alla Cina il titolo di Paese pi\u00f9 popoloso della Terra.<\/p>\n\n\n\n<p>In realt\u00e0 dal 1950 a oggi il ritmo di crescita della popolazione \u00e8 rallentato, a causa della caduta dell\u2019indice di fertilit\u00e0 femminile, per cui nel 2021 ogni donna ha partorito in media 2,3 figli contro i 5&nbsp;che si registravano intorno alla met\u00e0 del secolo scorso. Sono aumentate per\u00f2 le aspettative di vita: la durata media di vita ha raggiunto i 72,8 anni nel 2019, con un miglioramento di quasi 9 anni rispetto al 1990, e si prevede un\u2019ulteriore riduzione della mortalit\u00e0, con una conseguente longevit\u00e0 globale media di circa 77,2 anni nel 2050.<\/p>\n\n\n\n<p>Anche&nbsp;la mortalit\u00e0 infantile \u00e8 decisamente calata, <a href=\"https:\/\/www.unicef.org\/\" target=\"_blank\" rel=\"noreferrer noopener\">come segnalato dall\u2019UNICEF<\/a> che nel 2019 ha registrato 5,2 milioni di decessi di bimbi nei primi 5 anni di vita, contro i 12,5 milioni del 1990.&nbsp;Un crollo del 60%, il livello pi\u00f9 basso della storia.<\/p>\n","protected":false},"excerpt":{"rendered":"<p>L\u2019ONU presenta le proiezioni per i prossimi decenni della crescita della popolazione globale<\/p>\n","protected":false},"author":14,"featured_media":153671,"comment_status":"open","ping_status":"open","sticky":false,"template":"","format":"standard","meta":{"give_campaign_id":0,"om_disable_all_campaigns":false,"_monsterinsights_skip_tracking":false,"_monsterinsights_sitenote_active":false,"_monsterinsights_sitenote_note":"","_monsterinsights_sitenote_category":0,"mc4wp_mailchimp_campaign":[],"jnews-multi-image_gallery":[],"jnews_single_post":{"subtitle":"L\u2019ONU presenta le proiezioni per i prossimi decenni della crescita della popolazione globale","format":"standard","video":"","gallery":"","source_name":"","source_url":"","via_name":"","via_url":"","override":[{"template":"1","single_blog_custom":"","parallax":"1","fullscreen":"1","layout":"right-sidebar","sidebar":"default-sidebar","second_sidebar":"default-sidebar","sticky_sidebar":"1","share_position":"top","share_float_style":"share-monocrhome","show_share_counter":"1","show_view_counter":"1","show_featured":"1","show_post_meta":"1","show_post_author":"1","show_post_author_image":"1","show_post_date":"1","post_date_format":"default","post_date_format_custom":"Y\/m\/d","show_post_category":"1","post_reading_time_wpm":"300","zoom_button_out_step":"2","zoom_button_in_step":"3","show_post_tag":"1","show_prev_next_post":"1","show_popup_post":"1","number_popup_post":"1"}],"image_override":[{"single_post_thumbnail_size":"crop-500","single_post_gallery_size":"crop-500"}],"trending_post_position":"meta","trending_post_label":"Trending","sponsored_post_label":"Sponsored by","sponsored_post_name":"","sponsored_post_url":"","sponsored_post_logo":"","sponsored_post_desc":""},"jnews_primary_category":{"id":"764"},"jnews_social_meta":{"fb_title":"","fb_description":"","fb_image":"","twitter_title":"","twitter_description":"","twitter_image":""},"jnews_override_counter":{"view_counter_number":"0","share_counter_number":"0","like_counter_number":"0","dislike_counter_number":"0"},"footnotes":""},"categories":[764,951],"tags":[935],"class_list":["post-153644","post","type-post","status-publish","format-standard","has-post-thumbnail","hentry","category-cultura","category-foreground-it","tag-demografia"],"yoast_head":"<!-- This site is optimized with the Yoast SEO Premium plugin v25.9 (Yoast SEO v27.3) - https:\/\/yoast.com\/product\/yoast-seo-premium-wordpress\/ -->\n<title>Il 15 novembre il Pianeta conter\u00e0 8 miliardi di abitanti - \u00abiFamNews\u00bb<\/title>\n<meta name=\"description\" content=\"L\u2019Organizzazione delle Nazioni Unite presenta le proiezioni per i prossimi decenni della crescita della popolazione globale\" \/>\n<meta name=\"robots\" content=\"index, follow, max-snippet:-1, max-image-preview:large, max-video-preview:-1\" \/>\n<link rel=\"canonical\" href=\"https:\/\/ifamnews.com\/it\/il-15-novembre-il-pianeta-conter-8-miliardi-di-abitanti\" \/>\n<meta property=\"og:locale\" content=\"it_IT\" \/>\n<meta property=\"og:type\" content=\"article\" \/>\n<meta property=\"og:title\" content=\"Il 15 novembre il Pianeta conter\u00e0 8 miliardi di abitanti\" \/>\n<meta property=\"og:description\" content=\"L\u2019Organizzazione delle Nazioni Unite presenta le proiezioni per i prossimi decenni della crescita della popolazione globale\" \/>\n<meta property=\"og:url\" content=\"https:\/\/ifamnews.com\/it\/il-15-novembre-il-pianeta-conter-8-miliardi-di-abitanti\" \/>\n<meta property=\"og:site_name\" content=\"IFN\" \/>\n<meta property=\"article:publisher\" content=\"https:\/\/www.facebook.com\/iFamNews\" \/>\n<meta property=\"article:published_time\" content=\"2022-07-19T11:00:00+00:00\" \/>\n<meta property=\"og:image\" content=\"https:\/\/ifamnews.com\/wp-content\/uploads\/2022\/07\/exhibition-ga22f32d1f_1280.jpg\" \/>\n\t<meta property=\"og:image:width\" content=\"1280\" \/>\n\t<meta property=\"og:image:height\" content=\"671\" \/>\n\t<meta property=\"og:image:type\" content=\"image\/jpeg\" \/>\n<meta name=\"author\" content=\"Barbara Santambrogio\" \/>\n<meta name=\"twitter:card\" content=\"summary_large_image\" \/>\n<meta name=\"twitter:creator\" content=\"@iFamNewsEN\" \/>\n<meta name=\"twitter:site\" content=\"@iFamNewsEN\" \/>\n<meta name=\"twitter:label1\" content=\"Scritto da\" \/>\n\t<meta name=\"twitter:data1\" content=\"Barbara Santambrogio\" \/>\n\t<meta name=\"twitter:label2\" content=\"Tempo di lettura stimato\" \/>\n\t<meta name=\"twitter:data2\" content=\"2 minuti\" \/>\n<!-- \/ Yoast SEO Premium plugin. -->","yoast_head_json":{"title":"Il 15 novembre il Pianeta conter\u00e0 8 miliardi di abitanti - \u00abiFamNews\u00bb","description":"L\u2019Organizzazione delle Nazioni Unite presenta le proiezioni per i prossimi decenni della crescita della popolazione globale","robots":{"index":"index","follow":"follow","max-snippet":"max-snippet:-1","max-image-preview":"max-image-preview:large","max-video-preview":"max-video-preview:-1"},"canonical":"https:\/\/ifamnews.com\/it\/il-15-novembre-il-pianeta-conter-8-miliardi-di-abitanti","og_locale":"it_IT","og_type":"article","og_title":"Il 15 novembre il Pianeta conter\u00e0 8 miliardi di abitanti","og_description":"L\u2019Organizzazione delle Nazioni Unite presenta le proiezioni per i prossimi decenni della crescita della popolazione globale","og_url":"https:\/\/ifamnews.com\/it\/il-15-novembre-il-pianeta-conter-8-miliardi-di-abitanti","og_site_name":"IFN","article_publisher":"https:\/\/www.facebook.com\/iFamNews","article_published_time":"2022-07-19T11:00:00+00:00","og_image":[{"width":1280,"height":671,"url":"https:\/\/ifamnews.com\/wp-content\/uploads\/2022\/07\/exhibition-ga22f32d1f_1280.jpg","type":"image\/jpeg"}],"author":"Barbara Santambrogio","twitter_card":"summary_large_image","twitter_creator":"@iFamNewsEN","twitter_site":"@iFamNewsEN","twitter_misc":{"Scritto da":"Barbara Santambrogio","Tempo di lettura stimato":"2 minuti"},"schema":{"@context":"https:\/\/schema.org","@graph":[{"@type":"NewsArticle","@id":"https:\/\/ifamnews.com\/it\/il-15-novembre-il-pianeta-conter-8-miliardi-di-abitanti#article","isPartOf":{"@id":"https:\/\/ifamnews.com\/it\/il-15-novembre-il-pianeta-conter-8-miliardi-di-abitanti"},"author":{"name":"Barbara Santambrogio","@id":"https:\/\/ifamnews.com\/en\/#\/schema\/person\/17118599da2799311b3611609a244572"},"headline":"Il 15 novembre il Pianeta conter\u00e0 8 miliardi di abitanti","datePublished":"2022-07-19T11:00:00+00:00","mainEntityOfPage":{"@id":"https:\/\/ifamnews.com\/it\/il-15-novembre-il-pianeta-conter-8-miliardi-di-abitanti"},"wordCount":307,"commentCount":0,"publisher":{"@id":"https:\/\/ifamnews.com\/en\/#organization"},"image":{"@id":"https:\/\/ifamnews.com\/it\/il-15-novembre-il-pianeta-conter-8-miliardi-di-abitanti#primaryimage"},"thumbnailUrl":"https:\/\/ifamnews.com\/wp-content\/uploads\/2022\/07\/exhibition-ga22f32d1f_1280.jpg","keywords":["Demografia"],"articleSection":["Cultura","In evidenza"],"inLanguage":"it-IT","potentialAction":[{"@type":"CommentAction","name":"Comment","target":["https:\/\/ifamnews.com\/it\/il-15-novembre-il-pianeta-conter-8-miliardi-di-abitanti#respond"]}]},{"@type":"WebPage","@id":"https:\/\/ifamnews.com\/it\/il-15-novembre-il-pianeta-conter-8-miliardi-di-abitanti","url":"https:\/\/ifamnews.com\/it\/il-15-novembre-il-pianeta-conter-8-miliardi-di-abitanti","name":"Il 15 novembre il Pianeta conter\u00e0 8 miliardi di abitanti - \u00abiFamNews\u00bb","isPartOf":{"@id":"https:\/\/ifamnews.com\/en\/#website"},"primaryImageOfPage":{"@id":"https:\/\/ifamnews.com\/it\/il-15-novembre-il-pianeta-conter-8-miliardi-di-abitanti#primaryimage"},"image":{"@id":"https:\/\/ifamnews.com\/it\/il-15-novembre-il-pianeta-conter-8-miliardi-di-abitanti#primaryimage"},"thumbnailUrl":"https:\/\/ifamnews.com\/wp-content\/uploads\/2022\/07\/exhibition-ga22f32d1f_1280.jpg","datePublished":"2022-07-19T11:00:00+00:00","description":"L\u2019Organizzazione delle Nazioni Unite presenta le proiezioni per i prossimi decenni della crescita della popolazione globale","breadcrumb":{"@id":"https:\/\/ifamnews.com\/it\/il-15-novembre-il-pianeta-conter-8-miliardi-di-abitanti#breadcrumb"},"inLanguage":"it-IT","potentialAction":[{"@type":"ReadAction","target":["https:\/\/ifamnews.com\/it\/il-15-novembre-il-pianeta-conter-8-miliardi-di-abitanti"]}]},{"@type":"ImageObject","inLanguage":"it-IT","@id":"https:\/\/ifamnews.com\/it\/il-15-novembre-il-pianeta-conter-8-miliardi-di-abitanti#primaryimage","url":"https:\/\/ifamnews.com\/wp-content\/uploads\/2022\/07\/exhibition-ga22f32d1f_1280.jpg","contentUrl":"https:\/\/ifamnews.com\/wp-content\/uploads\/2022\/07\/exhibition-ga22f32d1f_1280.jpg","width":1280,"height":671,"caption":"Image from Pixabay"},{"@type":"BreadcrumbList","@id":"https:\/\/ifamnews.com\/it\/il-15-novembre-il-pianeta-conter-8-miliardi-di-abitanti#breadcrumb","itemListElement":[{"@type":"ListItem","position":1,"name":"Home","item":"https:\/\/ifamnews.com\/de"},{"@type":"ListItem","position":2,"name":"Cultura","item":"https:\/\/ifamnews.com\/it\/categoria\/cultura"},{"@type":"ListItem","position":3,"name":"Il 15 novembre il Pianeta conter\u00e0 8 miliardi di abitanti"}]},{"@type":"WebSite","@id":"https:\/\/ifamnews.com\/en\/#website","url":"https:\/\/ifamnews.com\/en\/","name":"IFN","description":"International Family News Network","publisher":{"@id":"https:\/\/ifamnews.com\/en\/#organization"},"potentialAction":[{"@type":"SearchAction","target":{"@type":"EntryPoint","urlTemplate":"https:\/\/ifamnews.com\/en\/?s={search_term_string}"},"query-input":{"@type":"PropertyValueSpecification","valueRequired":true,"valueName":"search_term_string"}}],"inLanguage":"it-IT"},{"@type":"Organization","@id":"https:\/\/ifamnews.com\/en\/#organization","name":"iFamNews","url":"https:\/\/ifamnews.com\/en\/","logo":{"@type":"ImageObject","inLanguage":"it-IT","@id":"https:\/\/ifamnews.com\/en\/#\/schema\/logo\/image\/","url":"https:\/\/ifamnews.com\/wp-content\/uploads\/2020\/01\/Share-logo.png","contentUrl":"https:\/\/ifamnews.com\/wp-content\/uploads\/2020\/01\/Share-logo.png","width":200,"height":200,"caption":"iFamNews"},"image":{"@id":"https:\/\/ifamnews.com\/en\/#\/schema\/logo\/image\/"},"sameAs":["https:\/\/www.facebook.com\/iFamNews","https:\/\/x.com\/iFamNewsEN"]},{"@type":"Person","@id":"https:\/\/ifamnews.com\/en\/#\/schema\/person\/17118599da2799311b3611609a244572","name":"Barbara Santambrogio","image":{"@type":"ImageObject","inLanguage":"it-IT","@id":"https:\/\/secure.gravatar.com\/avatar\/e82fde821e1707b5acb9fe7ab0a5d6e32d42db6117e73021c2fc05cc90dad32f?s=96&d=mm&r=g","url":"https:\/\/secure.gravatar.com\/avatar\/e82fde821e1707b5acb9fe7ab0a5d6e32d42db6117e73021c2fc05cc90dad32f?s=96&d=mm&r=g","contentUrl":"https:\/\/secure.gravatar.com\/avatar\/e82fde821e1707b5acb9fe7ab0a5d6e32d42db6117e73021c2fc05cc90dad32f?s=96&d=mm&r=g","caption":"Barbara Santambrogio"},"description":"After an original and varied working path, in the field of advertising and publishing, but also in the world of wine, she finally came to deal with what she is most passionate about. Today she writes (for the web, but not only), deals with translations and teaches in elementary school. Biological and adoptive mother, she loves reading and running.","url":"https:\/\/ifamnews.com\/it\/author\/bsantambrogio"}]}},"amp_enabled":true,"_links":{"self":[{"href":"https:\/\/ifamnews.com\/it\/wp-json\/wp\/v2\/posts\/153644","targetHints":{"allow":["GET"]}}],"collection":[{"href":"https:\/\/ifamnews.com\/it\/wp-json\/wp\/v2\/posts"}],"about":[{"href":"https:\/\/ifamnews.com\/it\/wp-json\/wp\/v2\/types\/post"}],"author":[{"embeddable":true,"href":"https:\/\/ifamnews.com\/it\/wp-json\/wp\/v2\/users\/14"}],"replies":[{"embeddable":true,"href":"https:\/\/ifamnews.com\/it\/wp-json\/wp\/v2\/comments?post=153644"}],"version-history":[{"count":2,"href":"https:\/\/ifamnews.com\/it\/wp-json\/wp\/v2\/posts\/153644\/revisions"}],"predecessor-version":[{"id":153683,"href":"https:\/\/ifamnews.com\/it\/wp-json\/wp\/v2\/posts\/153644\/revisions\/153683"}],"wp:featuredmedia":[{"embeddable":true,"href":"https:\/\/ifamnews.com\/it\/wp-json\/wp\/v2\/media\/153671"}],"wp:attachment":[{"href":"https:\/\/ifamnews.com\/it\/wp-json\/wp\/v2\/media?parent=153644"}],"wp:term":[{"taxonomy":"category","embeddable":true,"href":"https:\/\/ifamnews.com\/it\/wp-json\/wp\/v2\/categories?post=153644"},{"taxonomy":"post_tag","embeddable":true,"href":"https:\/\/ifamnews.com\/it\/wp-json\/wp\/v2\/tags?post=153644"}],"curies":[{"name":"wp","href":"https:\/\/api.w.org\/{rel}","templated":true}]}}