{"id":151879,"date":"2022-07-07T07:45:00","date_gmt":"2022-07-07T11:45:00","guid":{"rendered":"https:\/\/ifamnews.com\/?p=151879"},"modified":"2022-07-07T07:45:23","modified_gmt":"2022-07-07T11:45:23","slug":"contro-l-unione-europea-dell-aborto","status":"publish","type":"post","link":"https:\/\/ifamnews.com\/it\/contro-l-unione-europea-dell-aborto","title":{"rendered":"Contro l\u2019Unione Europea dell\u2019aborto"},"content":{"rendered":"\n<p>L\u2019Europa non \u00e8 pi\u00f9 un luogo dove stare. \u00c8 una landa mefitica, e inospitale come Mordor, che, con il sorriso sulla bocca, <a href=\"https:\/\/ifamnews.com\/it\/la-ue-dell-abuso-umano-al-voto-oggi-sull-aborto-come-diritto\" target=\"_blank\" rel=\"noreferrer noopener\">violenta e uccide i propri cittadini, a partire da quelli pi\u00f9 piccoli, indifesi e bisognosi di protezione<\/a>.<\/p>\n\n\n\n<p>Pochi minuti fa, a Strasburgo, l\u2019assemblea plenaria ha approvato <a href=\"https:\/\/www.europarl.europa.eu\/doceo\/document\/B-9-2022-0365_EN.html\" target=\"_blank\" rel=\"noreferrer noopener\">la risoluzione che vuole garantire l\u2019aborto come \u201cdiritto\u201d<\/a>. 324 europarlamentari da noi eletti e da noi stipendiati hanno detto \u00abs\u00ec\u00bb, contro 115 contrari e 38 astenuti, al fine di assicurare che l\u2019aborto sia un \u201cdiritto\u201d dopo che la <a href=\"https:\/\/ifamnews.com\/it\/thank-you-scotus\" target=\"_blank\" rel=\"noreferrer noopener\">Corte Suprema federale degli Stati Uniti d\u2019America ha ribaltato la sentenza infame che nel 1973 ha spacciato l\u2019aborto per \u201cdiritto\u201d federale<\/a>.<\/p>\n\n\n\n<p>Quei 324 europarlamentari da noi eletti e da noi stipendiati chiedono che l\u2019aborto sia inserito nella <em>Carta dei diritti fondamentali<\/em> dei cittadini europei. Che la morte procurata sia un diritto, che dare la morte agli innocenti sia un diritto. Che questo abominio fondi l\u2019essere cittadini europei. Per quei 324 stipendiati da noi, di cui occorrer\u00e0 conoscere nome e cognome, bisogna presentare al Consiglio europeo una proposta di modifica dell\u2019articolo 7 di detta <em>Carta<\/em>, poich\u00e9 \u00abogni persona ha diritto all&#8217;aborto sicuro e legale\u00bb, invocando una Convenzione per la revisione dei trattati. Per rivedere i trattati affinch\u00e9 garantiscano la morte, la morte procurata, l\u2019uccisione degli europei pi\u00f9 piccoli e indifesi. \u00c8 una follia che grida vendetta al cospetto del Cielo, di cui \u00e8 complice chiunque adesso guardi altrove: il regresso di ogni civilt\u00e0, una societ\u00e0 totalmente malata, un\u2019associazione a delinquere di dimensioni continentali.<\/p>\n\n\n\n<p>L\u2019Unione Europea, nata Comunit\u00e0 Europea, vorrebbe da sempre essere la casa comune dei popoli e dei cittadini europei al sicuro da guerra, divisioni e mali. Davvero? \u00c8 cos\u00ec? Lo \u00e8 mai stata? Lo \u00e8 ora?<\/p>\n\n\n\n<p>No, non lo \u00e8. L\u2019Unione Europea \u00e8 un postaccio, che puzza di morte, e chi finge di non vedere ha solo le fette di salame sugli occhi. Lo sapevamo bene, lo sappiamo ancora una volta meglio.<\/p>\n\n\n\n<p>Certo, l\u2019Unione Europea non \u00e8 meglio dei Paesi che ne sono membri, ma \u00e8 molto peggio di essi. Non \u00e8 infatti solo la somma dei mali che albergano e che prosperano nei Paesi membri, ma ci mette quel <em>quid<\/em> in pi\u00f9 che ci mettono sempre le soluzioni concertate, le megastrutture, le gigastrategie ombrello.<\/p>\n\n\n\n<p>In Europa, che \u00e8 cosa ben altra dall\u2019Unione Europea, ci sono esempi virtuosi di chi fa diversamente, come ce ne sono nel resto del mondo. Ma, oltre che derisi e puniti, stanno diventando sempre pi\u00f9 eccezioni. Chi comanda, invece, commercia in morte. Bisogna avere il coraggio di dire basta, di smetterla, di andarsene.<\/p>\n\n\n\n<p>Fuori non \u00e8 meglio, si dir\u00e0. Vero. Ma almeno i mali verranno uno per volta, invece che a sciami, e soprattutto la si smetterebbe con la corbelleria dell\u2019Unione Europea per gli europei.<\/p>\n\n\n\n<p>L\u2019Unione Europea \u00e8 la negazione dell\u2019Europa, \u00e8 il contrario della vita, \u00e8 solo morte.<\/p>\n","protected":false},"excerpt":{"rendered":"<p>324 europarlamentari da noi stipendiati firmano il manifesto di morte: \u00abogni persona ha diritto all&#8217;aborto sicuro e legale\u00bb. La Carta dei diritti UE riscritta con il sangue dei bambini<\/p>\n","protected":false},"author":7,"featured_media":11934,"comment_status":"open","ping_status":"open","sticky":false,"template":"","format":"standard","meta":{"give_campaign_id":0,"om_disable_all_campaigns":false,"_monsterinsights_skip_tracking":false,"_monsterinsights_sitenote_active":false,"_monsterinsights_sitenote_note":"","_monsterinsights_sitenote_category":0,"mc4wp_mailchimp_campaign":[],"jnews-multi-image_gallery":[],"jnews_single_post":{"subtitle":"324 europarlamentari da noi stipendiati firmano il manifesto di morte: \u00abogni persona ha diritto all'aborto sicuro e legale\u00bb. La Carta dei diritti UE riscritta con il sangue dei bambini","format":"standard","video":"","gallery":"","source_name":"","source_url":"","via_name":"","via_url":"","override":[{"template":"1","single_blog_custom":"","parallax":"1","fullscreen":"1","layout":"right-sidebar","sidebar":"default-sidebar","second_sidebar":"default-sidebar","sticky_sidebar":"1","share_position":"top","share_float_style":"share-monocrhome","show_share_counter":"1","show_view_counter":"1","show_featured":"1","show_post_meta":"1","show_post_author":"1","show_post_author_image":"1","show_post_date":"1","post_date_format":"default","post_date_format_custom":"Y\/m\/d","show_post_category":"1","post_reading_time_wpm":"300","zoom_button_out_step":"2","zoom_button_in_step":"3","show_post_tag":"1","show_prev_next_post":"1","show_popup_post":"1","number_popup_post":"1"}],"image_override":[{"single_post_thumbnail_size":"crop-500","single_post_gallery_size":"crop-500"}],"trending_post_position":"meta","trending_post_label":"Trending","sponsored_post_label":"Sponsored by","sponsored_post_name":"","sponsored_post_url":"","sponsored_post_logo":"","sponsored_post_desc":""},"jnews_primary_category":{"id":"780"},"jnews_social_meta":{"fb_title":"","fb_description":"","fb_image":"","twitter_title":"","twitter_description":"","twitter_image":""},"jnews_override_counter":{"view_counter_number":"0","share_counter_number":"0","like_counter_number":"0","dislike_counter_number":"0"},"footnotes":""},"categories":[8488,778,951,780],"tags":[698,3067],"class_list":["post-151879","post","type-post","status-publish","format-standard","has-post-thumbnail","hentry","category-breaking-news","category-editoriali","category-foreground-it","category-politica-it","tag-aborto","tag-unione-europea"],"yoast_head":"<!-- This site is optimized with the Yoast SEO Premium plugin v25.9 (Yoast SEO v27.3) - https:\/\/yoast.com\/product\/yoast-seo-premium-wordpress\/ -->\n<title>Contro l\u2019Unione Europea dell\u2019aborto - \u00abiFamNews\u00bb<\/title>\n<meta name=\"description\" content=\"Il manifesto di morte: \u00abogni persona ha diritto all&#039;aborto sicuro e legale\u00bb. La Carta dei diritti UE riscritta con il sangue dei bambini\" \/>\n<meta name=\"robots\" content=\"index, follow, max-snippet:-1, max-image-preview:large, max-video-preview:-1\" \/>\n<link rel=\"canonical\" href=\"https:\/\/ifamnews.com\/it\/contro-l-unione-europea-dell-aborto\" \/>\n<meta property=\"og:locale\" content=\"it_IT\" \/>\n<meta property=\"og:type\" content=\"article\" \/>\n<meta property=\"og:title\" content=\"Contro l\u2019Unione Europea dell\u2019aborto\" \/>\n<meta property=\"og:description\" content=\"Il manifesto di morte: \u00abogni persona ha diritto all&#039;aborto sicuro e legale\u00bb. La Carta dei diritti UE riscritta con il sangue dei bambini\" \/>\n<meta property=\"og:url\" content=\"https:\/\/ifamnews.com\/it\/contro-l-unione-europea-dell-aborto\" \/>\n<meta property=\"og:site_name\" content=\"IFN\" \/>\n<meta property=\"article:publisher\" content=\"https:\/\/www.facebook.com\/iFamNews\" \/>\n<meta property=\"article:author\" content=\"https:\/\/facebook.com\/MarcoRespinti\" \/>\n<meta property=\"article:published_time\" content=\"2022-07-07T11:45:00+00:00\" \/>\n<meta property=\"article:modified_time\" content=\"2022-07-07T11:45:23+00:00\" \/>\n<meta property=\"og:image\" content=\"https:\/\/ifamnews.com\/wp-content\/uploads\/2020\/03\/Nuremberg_chronicles_-_Dance_of_Death_CCLXIIIIv.jpg\" \/>\n\t<meta property=\"og:image:width\" content=\"1200\" \/>\n\t<meta property=\"og:image:height\" content=\"675\" \/>\n\t<meta property=\"og:image:type\" content=\"image\/jpeg\" \/>\n<meta name=\"author\" content=\"Marco Respinti\" \/>\n<meta name=\"twitter:card\" content=\"summary_large_image\" \/>\n<meta name=\"twitter:creator\" content=\"@https:\/\/twitter.com\/MarcoRespinti\" \/>\n<meta name=\"twitter:site\" content=\"@iFamNewsEN\" \/>\n<meta name=\"twitter:label1\" content=\"Scritto da\" \/>\n\t<meta name=\"twitter:data1\" content=\"Marco Respinti\" \/>\n\t<meta name=\"twitter:label2\" content=\"Tempo di lettura stimato\" \/>\n\t<meta name=\"twitter:data2\" content=\"3 minuti\" \/>\n<!-- \/ Yoast SEO Premium plugin. -->","yoast_head_json":{"title":"Contro l\u2019Unione Europea dell\u2019aborto - \u00abiFamNews\u00bb","description":"Il manifesto di morte: \u00abogni persona ha diritto all'aborto sicuro e legale\u00bb. La Carta dei diritti UE riscritta con il sangue dei bambini","robots":{"index":"index","follow":"follow","max-snippet":"max-snippet:-1","max-image-preview":"max-image-preview:large","max-video-preview":"max-video-preview:-1"},"canonical":"https:\/\/ifamnews.com\/it\/contro-l-unione-europea-dell-aborto","og_locale":"it_IT","og_type":"article","og_title":"Contro l\u2019Unione Europea dell\u2019aborto","og_description":"Il manifesto di morte: \u00abogni persona ha diritto all'aborto sicuro e legale\u00bb. La Carta dei diritti UE riscritta con il sangue dei bambini","og_url":"https:\/\/ifamnews.com\/it\/contro-l-unione-europea-dell-aborto","og_site_name":"IFN","article_publisher":"https:\/\/www.facebook.com\/iFamNews","article_author":"https:\/\/facebook.com\/MarcoRespinti","article_published_time":"2022-07-07T11:45:00+00:00","article_modified_time":"2022-07-07T11:45:23+00:00","og_image":[{"width":1200,"height":675,"url":"https:\/\/ifamnews.com\/wp-content\/uploads\/2020\/03\/Nuremberg_chronicles_-_Dance_of_Death_CCLXIIIIv.jpg","type":"image\/jpeg"}],"author":"Marco Respinti","twitter_card":"summary_large_image","twitter_creator":"@https:\/\/twitter.com\/MarcoRespinti","twitter_site":"@iFamNewsEN","twitter_misc":{"Scritto da":"Marco Respinti","Tempo di lettura stimato":"3 minuti"},"schema":{"@context":"https:\/\/schema.org","@graph":[{"@type":"NewsArticle","@id":"https:\/\/ifamnews.com\/it\/contro-l-unione-europea-dell-aborto#article","isPartOf":{"@id":"https:\/\/ifamnews.com\/it\/contro-l-unione-europea-dell-aborto"},"author":{"name":"Marco Respinti","@id":"https:\/\/ifamnews.com\/en\/#\/schema\/person\/f0579ab02623e80d44006c1a5d949ea9"},"headline":"Contro l\u2019Unione Europea dell\u2019aborto","datePublished":"2022-07-07T11:45:00+00:00","dateModified":"2022-07-07T11:45:23+00:00","mainEntityOfPage":{"@id":"https:\/\/ifamnews.com\/it\/contro-l-unione-europea-dell-aborto"},"wordCount":472,"commentCount":0,"publisher":{"@id":"https:\/\/ifamnews.com\/en\/#organization"},"image":{"@id":"https:\/\/ifamnews.com\/it\/contro-l-unione-europea-dell-aborto#primaryimage"},"thumbnailUrl":"https:\/\/ifamnews.com\/wp-content\/uploads\/2020\/03\/Nuremberg_chronicles_-_Dance_of_Death_CCLXIIIIv.jpg","keywords":["Aborto","Unione Europea"],"articleSection":["Breaking News","Editoriali","In evidenza","Politica"],"inLanguage":"it-IT","potentialAction":[{"@type":"CommentAction","name":"Comment","target":["https:\/\/ifamnews.com\/it\/contro-l-unione-europea-dell-aborto#respond"]}]},{"@type":"WebPage","@id":"https:\/\/ifamnews.com\/it\/contro-l-unione-europea-dell-aborto","url":"https:\/\/ifamnews.com\/it\/contro-l-unione-europea-dell-aborto","name":"Contro l\u2019Unione Europea dell\u2019aborto - \u00abiFamNews\u00bb","isPartOf":{"@id":"https:\/\/ifamnews.com\/en\/#website"},"primaryImageOfPage":{"@id":"https:\/\/ifamnews.com\/it\/contro-l-unione-europea-dell-aborto#primaryimage"},"image":{"@id":"https:\/\/ifamnews.com\/it\/contro-l-unione-europea-dell-aborto#primaryimage"},"thumbnailUrl":"https:\/\/ifamnews.com\/wp-content\/uploads\/2020\/03\/Nuremberg_chronicles_-_Dance_of_Death_CCLXIIIIv.jpg","datePublished":"2022-07-07T11:45:00+00:00","dateModified":"2022-07-07T11:45:23+00:00","description":"Il manifesto di morte: \u00abogni persona ha diritto all'aborto sicuro e legale\u00bb. La Carta dei diritti UE riscritta con il sangue dei bambini","breadcrumb":{"@id":"https:\/\/ifamnews.com\/it\/contro-l-unione-europea-dell-aborto#breadcrumb"},"inLanguage":"it-IT","potentialAction":[{"@type":"ReadAction","target":["https:\/\/ifamnews.com\/it\/contro-l-unione-europea-dell-aborto"]}]},{"@type":"ImageObject","inLanguage":"it-IT","@id":"https:\/\/ifamnews.com\/it\/contro-l-unione-europea-dell-aborto#primaryimage","url":"https:\/\/ifamnews.com\/wp-content\/uploads\/2020\/03\/Nuremberg_chronicles_-_Dance_of_Death_CCLXIIIIv.jpg","contentUrl":"https:\/\/ifamnews.com\/wp-content\/uploads\/2020\/03\/Nuremberg_chronicles_-_Dance_of_Death_CCLXIIIIv.jpg","width":1200,"height":675,"caption":"\"Danza della morte\" dalle \"Cronache di Norimberga\" di Hartmann Schedel (1440-1514). Image from Google Images"},{"@type":"BreadcrumbList","@id":"https:\/\/ifamnews.com\/it\/contro-l-unione-europea-dell-aborto#breadcrumb","itemListElement":[{"@type":"ListItem","position":1,"name":"Home","item":"https:\/\/ifamnews.com\/de"},{"@type":"ListItem","position":2,"name":"Politics","item":"https:\/\/ifamnews.com\/en\/category\/politics"},{"@type":"ListItem","position":3,"name":"Contro l\u2019Unione Europea dell\u2019aborto"}]},{"@type":"WebSite","@id":"https:\/\/ifamnews.com\/en\/#website","url":"https:\/\/ifamnews.com\/en\/","name":"IFN","description":"International Family News Network","publisher":{"@id":"https:\/\/ifamnews.com\/en\/#organization"},"potentialAction":[{"@type":"SearchAction","target":{"@type":"EntryPoint","urlTemplate":"https:\/\/ifamnews.com\/en\/?s={search_term_string}"},"query-input":{"@type":"PropertyValueSpecification","valueRequired":true,"valueName":"search_term_string"}}],"inLanguage":"it-IT"},{"@type":"Organization","@id":"https:\/\/ifamnews.com\/en\/#organization","name":"iFamNews","url":"https:\/\/ifamnews.com\/en\/","logo":{"@type":"ImageObject","inLanguage":"it-IT","@id":"https:\/\/ifamnews.com\/en\/#\/schema\/logo\/image\/","url":"https:\/\/ifamnews.com\/wp-content\/uploads\/2020\/01\/Share-logo.png","contentUrl":"https:\/\/ifamnews.com\/wp-content\/uploads\/2020\/01\/Share-logo.png","width":200,"height":200,"caption":"iFamNews"},"image":{"@id":"https:\/\/ifamnews.com\/en\/#\/schema\/logo\/image\/"},"sameAs":["https:\/\/www.facebook.com\/iFamNews","https:\/\/x.com\/iFamNewsEN"]},{"@type":"Person","@id":"https:\/\/ifamnews.com\/en\/#\/schema\/person\/f0579ab02623e80d44006c1a5d949ea9","name":"Marco Respinti","image":{"@type":"ImageObject","inLanguage":"it-IT","@id":"https:\/\/secure.gravatar.com\/avatar\/4ab04a5127131015e13010f222e38621144dc33a5df5d977b35ceeab15ee958f?s=96&d=mm&r=g","url":"https:\/\/secure.gravatar.com\/avatar\/4ab04a5127131015e13010f222e38621144dc33a5df5d977b35ceeab15ee958f?s=96&d=mm&r=g","contentUrl":"https:\/\/secure.gravatar.com\/avatar\/4ab04a5127131015e13010f222e38621144dc33a5df5d977b35ceeab15ee958f?s=96&d=mm&r=g","caption":"Marco Respinti"},"description":"Marco Respinti was the Editor-in-Chief of International Family News until the end of 2022. He is an Italian professional journalist, member of the International Federation of Journalists (IFJ), essayist, translator, and lecturer. He has contributed and contributes to several journals and magazines both in print and online, both in Italy and abroad. Author of books, he has translated and\/or edited works by, among others, Edmund Burke, Charles Dickens, T.S. Eliot, Russell Kirk, J.R.R. Tolkien, R\u00e9gine Pernoud and Gustave Thibon. A Senior fellow at the\u00a0Russell Kirk Center for Cultural Renewal (Mecosta, Michigan) he is also a founding member as well as Board member of the Center for European Renewal (The Hague, The Netherlands). A member of the Editorial Board of The European Conservative magazine, as well as a member of the Advisory Council of the European Federation for Freedom of Belief, he serves as Director-in-Charge of the academic publication The Journal of CESNUR and the online Bitter Winter: A Magazine on Religious Liberty and Human Rights.","sameAs":["https:\/\/facebook.com\/MarcoRespinti","https:\/\/it.linkedin.com\/in\/marcorespinti","https:\/\/pinterest.it\/MarcoRespinti\/_created\/","https:\/\/x.com\/https:\/\/twitter.com\/MarcoRespinti","https:\/\/youtube.com\/channel\/UC1FbsvyQNTQ-snpsmRC12Og?view_as=subscriber"],"url":"https:\/\/ifamnews.com\/it\/author\/mrespinti"}]}},"amp_enabled":true,"_links":{"self":[{"href":"https:\/\/ifamnews.com\/it\/wp-json\/wp\/v2\/posts\/151879","targetHints":{"allow":["GET"]}}],"collection":[{"href":"https:\/\/ifamnews.com\/it\/wp-json\/wp\/v2\/posts"}],"about":[{"href":"https:\/\/ifamnews.com\/it\/wp-json\/wp\/v2\/types\/post"}],"author":[{"embeddable":true,"href":"https:\/\/ifamnews.com\/it\/wp-json\/wp\/v2\/users\/7"}],"replies":[{"embeddable":true,"href":"https:\/\/ifamnews.com\/it\/wp-json\/wp\/v2\/comments?post=151879"}],"version-history":[{"count":4,"href":"https:\/\/ifamnews.com\/it\/wp-json\/wp\/v2\/posts\/151879\/revisions"}],"predecessor-version":[{"id":151884,"href":"https:\/\/ifamnews.com\/it\/wp-json\/wp\/v2\/posts\/151879\/revisions\/151884"}],"wp:featuredmedia":[{"embeddable":true,"href":"https:\/\/ifamnews.com\/it\/wp-json\/wp\/v2\/media\/11934"}],"wp:attachment":[{"href":"https:\/\/ifamnews.com\/it\/wp-json\/wp\/v2\/media?parent=151879"}],"wp:term":[{"taxonomy":"category","embeddable":true,"href":"https:\/\/ifamnews.com\/it\/wp-json\/wp\/v2\/categories?post=151879"},{"taxonomy":"post_tag","embeddable":true,"href":"https:\/\/ifamnews.com\/it\/wp-json\/wp\/v2\/tags?post=151879"}],"curies":[{"name":"wp","href":"https:\/\/api.w.org\/{rel}","templated":true}]}}