{"id":15024,"date":"2020-04-28T06:49:33","date_gmt":"2020-04-28T11:49:33","guid":{"rendered":"https:\/\/ifamnews.com\/?p=15024"},"modified":"2020-05-01T09:09:22","modified_gmt":"2020-05-01T14:09:22","slug":"gasparri-il-governo-viola-il-concordato-e-ora-di-gesti-dimostrativi","status":"publish","type":"post","link":"https:\/\/ifamnews.com\/it\/gasparri-il-governo-viola-il-concordato-e-ora-di-gesti-dimostrativi","title":{"rendered":"Gasparri: \u00abIl governo viola il Concordato. \u00c8 ora di gesti dimostrativi\u00bb"},"content":{"rendered":"<p class=\"last-updated\">Last updated on Maggio 1st, 2020 at 09:09 am<\/p>\n<p>\u00ab\u00c8 in atto una palese violazione del Concordato, che nasce da un pregiudizio totale nei confronti della Chiesa Cattolica. Ora \u00e8 il momento di gesti dimostrativi pacifici e sereni, che ricordino al governo che i cristiani ci sono e vogliono vedere rispettati i Patti Lateranensi, recepiti all\u2019articolo 7 della <em>Costituzione<\/em>\u00bb. Non usa mezzi termini Maurizio Gasparri, senatore di Forza Italia, che giudica \u00abinaccettabile\u00bb <a href=\"https:\/\/ifamnews.com\/it\/ricorso-al-tar-per-riaprire-le-chiese\/\" target=\"_blank\" rel=\"noreferrer noopener\" aria-label=\" (opens in a new tab)\">la decisione del governo di escludere le Messe con concorso di popolo dalla \u00abFase 2\u00bb<\/a> delle misure di contenimento del <em>coronavirus<\/em>. Il senatore forzista invita i credenti a tornare a Messa, e sul protocollo per le celebrazioni in sicurezza rilancia: \u00abBastano tre minuti per stilarlo\u00bb.<\/p>\n\n\n\n<p><strong><a href=\"https:\/\/youtube.com\/watch?time_continue=1&amp;v=tXxQBLNZZqA&amp;feature=emb_logo\" target=\"_blank\" rel=\"noreferrer noopener\" aria-label=\" (opens in a new tab)\">Il 26 aprile, in conferenza stampa, il <em>premier<\/em> Giuseppe Conte ha escluso le Messe con la partecipazione dei fedeli<\/a>. Di l\u00ec a poco la <a href=\"https:\/\/comunicazionisociali.chiesacattolica.it\/dpcm-la-posizione-della-cei\/\" target=\"_blank\" rel=\"noreferrer noopener\" aria-label=\" (opens in a new tab)\">Conferenza Episcopale Italiana ha rilasciato una nota molto dura<\/a> nella quale denunciava la violazione della libert\u00e0 di culto a cui \u00e8 seguito il <a href=\"https:\/\/ansa.it\/sito\/notizie\/cronaca\/2020\/04\/26\/cei-contro-decreto-conte_2733d917-1fc9-4125-8e23-d86ebac41745.html\" target=\"_blank\" rel=\"noreferrer noopener\" aria-label=\" (opens in a new tab)\">comunicato del comitato tecnico-scientifico che riguardo le Messe parla di \u00abcriticit\u00e0 non superabili\u00bb<\/a>. Cosa succede?<\/strong><\/p>\n\n\n\n<p>\u00abC\u2019\u00e8 un pregiudizio totale contro i\ncristiani. Bisognerebbe celebrare le Messe in luoghi aperti, a distanze triple\nrispetto alle minime consigliate, con un numero ridotto di fedeli per funzione.\n\u00c8 arrivato il momento di gesti dimostrativi pacifici e sereni, e cosa c\u2019\u00e8 di\npi\u00f9 pacifico del celebrare una Messa? Oggi si pu\u00f2 andare in libreria, dove si\npossono sfogliare i libri; ci si pu\u00f2 sedere negli spazi di lettura, e l\u00ec\nvengono sanificati libri e poltrone? A Roma abbiamo centinaia di chiese e non\nsono mai piene. Ho fatto presente il problema ai pi\u00f9 stretti collaboratori del <em>premier<\/em>,\nne ho parlato con il ministro dell\u2019Interno, ma ho avuto solo rassicurazioni\nblande. Io sono credente e praticante, ma questa \u00e8 una battaglia per un\nprincipio di libert\u00e0: per questo deve interessare tutti\u00bb.<\/p>\n\n\n\n<p><strong>In alcune parrocchie si fatica a\norganizzare anche le normali operazioni di pulizia settimanale. Chi controlla e\nverifica queste norme?<\/strong><\/p>\n\n\n\n<p>\u00abCollaboratori, volontari, ogni parrocchia\nha attorno la propria piccola grande galassia di volontariato. Ognuno di noi \u00e8\ndisponibile ad aiutare il proprio parroco a verificare che tutti i fedeli\nindossino mascherine e guanti per tutta la durata delle Messe, mantenendo le\ndistanze. Tutti siamo disponibili ad aiutare, la Messa non \u00e8 un raduno dei\ncentri sociali, il <em>target<\/em> \u00e8 quello di persone calme e misurate. Con loro\nsi pu\u00f2 dialogare e si possono rispettare le regole assieme\u00bb.<\/p>\n\n\n\n<p><strong>Non serve un protocollo? Un insieme\ndi regole e di norme che valgano per tutte le parrocchie?<\/strong><\/p>\n\n\n\n<p>\u00abE le librerie hanno un protocollo? Se\nsfoglio un libro poi viene sanificato? Se mi siedo nell\u2019angolo lettura poi\nsanificano le poltroncine? In chiesa si pu\u00f2 anche stare in piedi, si pu\u00f2\nevitare di toccare oggetti e arredi. Le scrivo io il protocollo: distanza tripla\nrispetto a quella consigliata, all\u2019aperto o in locali grandi con porte aperte e aerazione costante,\nniente omelia e niente segno della pace. Il problema rimane nella Comunione, \u00e8\nvero, ma si possono trovare forme alternative, come la comunione spirituale. Basta\nuna telefonata tra la CEI e la presidenza del Consiglio dei ministri, e in 3\nminuti si scrive il protocollo. \u00c8 un problema di volont\u00e0. Non siamo alle\ncatacombe, non siamo al Colosseo con i leoni, ma \u00e8 ora di farsi sentire. Ho\nletto che l\u2019on. Roberto Giachetti legger\u00e0 il <em>Vangelo<\/em> in pubblico: \u00e8 un\ngesto di garanzia per una fede religiosa che ha valore per la societ\u00e0, anche se\nnon \u00e8 una fede praticata in prima persona. Il governo \u00e8 invece inerte, lento e\nvile. E la tempestivit\u00e0 inedita della CEI \u00e8 gi\u00e0 una risposta, prima ancora del\ncontenuto della nota\u00bb.<\/p>\n\n\n\n<p><strong><a href=\"https:\/\/youtube.com\/watch?v=9-ITB_d2hQg\" target=\"_blank\" rel=\"noreferrer noopener\" aria-label=\" (opens in a new tab)\">Il vescovo di Ascoli Piceno, monsignor Giovanni D\u2019Ercole, ha preso posizione contro la decisione del governo<\/a>, riportando anche l\u2019attenzione sull\u2019impegno quotidiano della Chiesa nell\u2019accogliere il malessere, le paure, le preoccupazioni delle persone.<\/strong><\/p>\n\n\n\n<p><strong><em>\u00ab<\/em><\/strong>Condivido in pieno\nil messaggio di mons. D\u2019Ercole, al quale ho subito espresso la mia vicinanza. Quando\nun vescovo arriva a usare parole cos\u00ec forti significa che \u00e8 davvero in atto un\nabuso inaccettabile. Conte, forse distratto dai congiunti, non pensa che la\nChiesa \u00e8 anche un luogo di conforto spirituale. Qualsiasi parrocchia accoglie\nogni giorno decine di persone in difficolt\u00e0: togliere questo contatto a volte \u00e8\ncome togliere una spalla sui cui piangere, un sostegno morale al quale\nappigliarsi in tempi normali, figuriamoci in questa emergenza, quando tutto\nvacilla\u00bb.<\/p>\n\n\n\n<p><strong>Ci si sta abituando a decisioni\nprese per decreto e comunicate tramite dirette Facebook. Che spazio rimane per\nil parlamento e per la stampa?<\/strong><\/p>\n\n\n\n<p>\u00abAbbiamo un governo di giacobini pi\u00f9\ninteressati ai propri congiunti che alla democrazia. Il parlamento ha potuto\nriunirsi per esaminare provvedimenti, lo faremo anche nei prossimi giorni sul\nDef e sullo spostamento di bilancio. Ovviamente i voti di fiducia e lo scarso\nascolto dell\u2019opposizione da parte del governo rendono il ruolo del parlamento formale,\nma non sostanziale. Il governo non ha coinvolto l\u2019opposizione nelle decisioni,\nnella stesura dei provvedimenti e ha rifiutato qualsiasi proposta. Per quanto\nriguarda la stampa, mi pare che ci sia un conformismo dilagante. Negli ultimi\ngiorni il Tg1 ha dedicato l\u201980% degli spazi alle comunicazioni del governo. Ne\nparler\u00f2 in Commissione di vigilanza: il primo telegiornale nazionale soffoca la\nlibert\u00e0 e il pluralismo, e pi\u00f9 che informazione fa \u201cgazzettismo\u201d, dando voce\nsolo al pensiero unico e diventando una voce semi-ufficiale del regime\u00bb.<\/p>\n\n\n\n<p><strong>C\u2019\u00e8 pericolo per la libert\u00e0?<\/strong><\/p>\n\n\n\n<p>\u00abNo, ci sono diritti negati, c\u2019\u00e8 una protervia assoluta, ma questo \u00e8 un grande Paese e sapr\u00e0 dare un calcio nelle terga a Conte al momento giusto e ai suoi congiunti e sodali. L\u2019Italia si liberer\u00e0 di questo governo con la democrazia e con il voto. Siamo un Paese vessato, ma non soffocato, non ancora\u00bb.<\/p>\n\n\n\n<p><strong>Chi ha paura delle Messe?<\/strong><\/p>\n\n\n\n<p>\u00abLa secolarizzazione ha lasciato le proprie\ntracce, si considera chi chiede le Messe un epigono del passato, di tempi bui. C\u2019\u00e8\nun atteggiamento complessivo nei confronti della pratica religiosa che a volte\nanche ambienti cattolici politicizzati a sinistra hanno sottovalutato,\nelogiando chi apre ai migranti, ma poi porta avanti aborto, eutanasia e\nmanipolazioni genetiche. Chi sono i veri interlocutori del mondo cattolico? Chi\nsono i finti interlocutori, che poi in realt\u00e0 agiscono come detrattori? Su\nquesto ci si deve interrogare\u00bb.<\/p>\n","protected":false},"excerpt":{"rendered":"<p>\u00abUn governo di giacobini non interessati alla democrazia. Chi chiede Messe \u00e8 visto come epigono di tempi bui\u00bb<\/p>\n","protected":false},"author":13,"featured_media":15027,"comment_status":"open","ping_status":"open","sticky":false,"template":"","format":"standard","meta":{"give_campaign_id":0,"om_disable_all_campaigns":false,"_monsterinsights_skip_tracking":false,"_monsterinsights_sitenote_active":false,"_monsterinsights_sitenote_note":"","_monsterinsights_sitenote_category":0,"mc4wp_mailchimp_campaign":[],"jnews-multi-image_gallery":[],"jnews_single_post":{"subtitle":"\u00abUn governo di giacobini non interessati alla democrazia. Chi chiede Messe \u00e8 visto come epigono di tempi bui. C\u2019\u00e8 un atteggiamento complessivo nei confronti della pratica religiosa che a volte anche ambienti cattolici politicizzati a sinistra hanno sottovalutato, elogiando chi apre ai migranti, ma poi porta avanti aborto, eutanasia e manipolazioni genetiche\u00bb","format":"standard","video":"","gallery":"","source_name":"","source_url":"","via_name":"","via_url":"","override":[{"single_blog_custom":"","sidebar":"","second_sidebar":"","share_position":"","share_float_style":"","post_date_format":"","post_date_format_custom":"","post_reading_time_wpm":"","zoom_button_out_step":"1","zoom_button_in_step":"1","number_popup_post":"1"}],"image_override":[{"single_post_thumbnail_size":"","single_post_gallery_size":""}],"trending_post_position":"","trending_post_label":""},"jnews_primary_category":{"id":"780"},"jnews_social_meta":{"fb_title":"","fb_description":"","fb_image":"","twitter_title":"","twitter_description":"","twitter_image":""},"jnews_override_counter":{"view_counter_number":"0","share_counter_number":"0","like_counter_number":"0","dislike_counter_number":"0"},"footnotes":""},"categories":[780],"tags":[3061,1933,1962],"class_list":["post-15024","post","type-post","status-publish","format-standard","has-post-thumbnail","hentry","category-politica-it","tag-concordato","tag-governo","tag-liberta-religiosa"],"yoast_head":"<!-- This site is optimized with the Yoast SEO Premium plugin v25.9 (Yoast SEO v27.3) - https:\/\/yoast.com\/product\/yoast-seo-premium-wordpress\/ -->\n<title>Gasparri: \u00abIl governo viola il Concordato. \u00c8 ora di gesti dimostrativi\u00bb - IFN<\/title>\n<meta name=\"description\" content=\"\u00abUn governo di giacobini non interessati alla democrazia. Chi chiede Messe \u00e8 visto come epigono di tempi bui\u00bb\" \/>\n<meta name=\"robots\" content=\"index, follow, max-snippet:-1, max-image-preview:large, max-video-preview:-1\" \/>\n<link rel=\"canonical\" href=\"https:\/\/ifamnews.com\/it\/gasparri-il-governo-viola-il-concordato-e-ora-di-gesti-dimostrativi\" \/>\n<meta property=\"og:locale\" content=\"it_IT\" \/>\n<meta property=\"og:type\" content=\"article\" \/>\n<meta property=\"og:title\" content=\"Gasparri: \u00abIl governo viola il Concordato. \u00c8 ora di gesti dimostrativi\u00bb\" \/>\n<meta property=\"og:description\" content=\"\u00abUn governo di giacobini non interessati alla democrazia. Chi chiede Messe \u00e8 visto come epigono di tempi bui\u00bb\" \/>\n<meta property=\"og:url\" content=\"https:\/\/ifamnews.com\/it\/gasparri-il-governo-viola-il-concordato-e-ora-di-gesti-dimostrativi\" \/>\n<meta property=\"og:site_name\" content=\"IFN\" \/>\n<meta property=\"article:publisher\" content=\"https:\/\/www.facebook.com\/iFamNews\" \/>\n<meta property=\"article:author\" content=\"https:\/\/it-it.facebook.com\/IlparcodiGiacomo\/\" \/>\n<meta property=\"article:published_time\" content=\"2020-04-28T11:49:33+00:00\" \/>\n<meta property=\"article:modified_time\" content=\"2020-05-01T14:09:22+00:00\" \/>\n<meta property=\"og:image\" content=\"https:\/\/ifamnews.com\/wp-content\/uploads\/2020\/04\/giacobini.jpg\" \/>\n\t<meta property=\"og:image:width\" content=\"1200\" \/>\n\t<meta property=\"og:image:height\" content=\"675\" \/>\n\t<meta property=\"og:image:type\" content=\"image\/jpeg\" \/>\n<meta name=\"author\" content=\"Giacomo Bertoni\" \/>\n<meta name=\"twitter:card\" content=\"summary_large_image\" \/>\n<meta name=\"twitter:creator\" content=\"@https:\/\/twitter.com\/ParcodiGiacomo\" \/>\n<meta name=\"twitter:site\" content=\"@iFamNewsEN\" \/>\n<meta name=\"twitter:label1\" content=\"Scritto da\" \/>\n\t<meta name=\"twitter:data1\" content=\"Giacomo Bertoni\" \/>\n\t<meta name=\"twitter:label2\" content=\"Tempo di lettura stimato\" \/>\n\t<meta name=\"twitter:data2\" content=\"5 minuti\" \/>\n<!-- \/ Yoast SEO Premium plugin. -->","yoast_head_json":{"title":"Gasparri: \u00abIl governo viola il Concordato. \u00c8 ora di gesti dimostrativi\u00bb - IFN","description":"\u00abUn governo di giacobini non interessati alla democrazia. Chi chiede Messe \u00e8 visto come epigono di tempi bui\u00bb","robots":{"index":"index","follow":"follow","max-snippet":"max-snippet:-1","max-image-preview":"max-image-preview:large","max-video-preview":"max-video-preview:-1"},"canonical":"https:\/\/ifamnews.com\/it\/gasparri-il-governo-viola-il-concordato-e-ora-di-gesti-dimostrativi","og_locale":"it_IT","og_type":"article","og_title":"Gasparri: \u00abIl governo viola il Concordato. \u00c8 ora di gesti dimostrativi\u00bb","og_description":"\u00abUn governo di giacobini non interessati alla democrazia. Chi chiede Messe \u00e8 visto come epigono di tempi bui\u00bb","og_url":"https:\/\/ifamnews.com\/it\/gasparri-il-governo-viola-il-concordato-e-ora-di-gesti-dimostrativi","og_site_name":"IFN","article_publisher":"https:\/\/www.facebook.com\/iFamNews","article_author":"https:\/\/it-it.facebook.com\/IlparcodiGiacomo\/","article_published_time":"2020-04-28T11:49:33+00:00","article_modified_time":"2020-05-01T14:09:22+00:00","og_image":[{"width":1200,"height":675,"url":"https:\/\/ifamnews.com\/wp-content\/uploads\/2020\/04\/giacobini.jpg","type":"image\/jpeg"}],"author":"Giacomo Bertoni","twitter_card":"summary_large_image","twitter_creator":"@https:\/\/twitter.com\/ParcodiGiacomo","twitter_site":"@iFamNewsEN","twitter_misc":{"Scritto da":"Giacomo Bertoni","Tempo di lettura stimato":"5 minuti"},"schema":{"@context":"https:\/\/schema.org","@graph":[{"@type":"NewsArticle","@id":"https:\/\/ifamnews.com\/it\/gasparri-il-governo-viola-il-concordato-e-ora-di-gesti-dimostrativi#article","isPartOf":{"@id":"https:\/\/ifamnews.com\/it\/gasparri-il-governo-viola-il-concordato-e-ora-di-gesti-dimostrativi"},"author":{"name":"Giacomo Bertoni","@id":"https:\/\/ifamnews.com\/en\/#\/schema\/person\/5a21aea3de40946073f9cdf6051e2f6e"},"headline":"Gasparri: \u00abIl governo viola il Concordato. \u00c8 ora di gesti dimostrativi\u00bb","datePublished":"2020-04-28T11:49:33+00:00","dateModified":"2020-05-01T14:09:22+00:00","mainEntityOfPage":{"@id":"https:\/\/ifamnews.com\/it\/gasparri-il-governo-viola-il-concordato-e-ora-di-gesti-dimostrativi"},"wordCount":1029,"commentCount":0,"publisher":{"@id":"https:\/\/ifamnews.com\/en\/#organization"},"image":{"@id":"https:\/\/ifamnews.com\/it\/gasparri-il-governo-viola-il-concordato-e-ora-di-gesti-dimostrativi#primaryimage"},"thumbnailUrl":"https:\/\/ifamnews.com\/wp-content\/uploads\/2020\/04\/giacobini.jpg","keywords":["Concordato","governo","Libert\u00e0 religiosa"],"articleSection":["Politica"],"inLanguage":"it-IT","potentialAction":[{"@type":"CommentAction","name":"Comment","target":["https:\/\/ifamnews.com\/it\/gasparri-il-governo-viola-il-concordato-e-ora-di-gesti-dimostrativi#respond"]}]},{"@type":"WebPage","@id":"https:\/\/ifamnews.com\/it\/gasparri-il-governo-viola-il-concordato-e-ora-di-gesti-dimostrativi","url":"https:\/\/ifamnews.com\/it\/gasparri-il-governo-viola-il-concordato-e-ora-di-gesti-dimostrativi","name":"Gasparri: \u00abIl governo viola il Concordato. \u00c8 ora di gesti dimostrativi\u00bb - IFN","isPartOf":{"@id":"https:\/\/ifamnews.com\/en\/#website"},"primaryImageOfPage":{"@id":"https:\/\/ifamnews.com\/it\/gasparri-il-governo-viola-il-concordato-e-ora-di-gesti-dimostrativi#primaryimage"},"image":{"@id":"https:\/\/ifamnews.com\/it\/gasparri-il-governo-viola-il-concordato-e-ora-di-gesti-dimostrativi#primaryimage"},"thumbnailUrl":"https:\/\/ifamnews.com\/wp-content\/uploads\/2020\/04\/giacobini.jpg","datePublished":"2020-04-28T11:49:33+00:00","dateModified":"2020-05-01T14:09:22+00:00","description":"\u00abUn governo di giacobini non interessati alla democrazia. Chi chiede Messe \u00e8 visto come epigono di tempi bui\u00bb","breadcrumb":{"@id":"https:\/\/ifamnews.com\/it\/gasparri-il-governo-viola-il-concordato-e-ora-di-gesti-dimostrativi#breadcrumb"},"inLanguage":"it-IT","potentialAction":[{"@type":"ReadAction","target":["https:\/\/ifamnews.com\/it\/gasparri-il-governo-viola-il-concordato-e-ora-di-gesti-dimostrativi"]}]},{"@type":"ImageObject","inLanguage":"it-IT","@id":"https:\/\/ifamnews.com\/it\/gasparri-il-governo-viola-il-concordato-e-ora-di-gesti-dimostrativi#primaryimage","url":"https:\/\/ifamnews.com\/wp-content\/uploads\/2020\/04\/giacobini.jpg","contentUrl":"https:\/\/ifamnews.com\/wp-content\/uploads\/2020\/04\/giacobini.jpg","width":1200,"height":675,"caption":"Incisione di Alfred Johannot (1800-1837), secolo XIX. Image from Google Images"},{"@type":"BreadcrumbList","@id":"https:\/\/ifamnews.com\/it\/gasparri-il-governo-viola-il-concordato-e-ora-di-gesti-dimostrativi#breadcrumb","itemListElement":[{"@type":"ListItem","position":1,"name":"Home","item":"https:\/\/ifamnews.com\/de"},{"@type":"ListItem","position":2,"name":"Politics","item":"https:\/\/ifamnews.com\/en\/category\/politics"},{"@type":"ListItem","position":3,"name":"Gasparri: \u00abIl governo viola il Concordato. \u00c8 ora di gesti dimostrativi\u00bb"}]},{"@type":"WebSite","@id":"https:\/\/ifamnews.com\/en\/#website","url":"https:\/\/ifamnews.com\/en\/","name":"IFN","description":"International Family News Network","publisher":{"@id":"https:\/\/ifamnews.com\/en\/#organization"},"potentialAction":[{"@type":"SearchAction","target":{"@type":"EntryPoint","urlTemplate":"https:\/\/ifamnews.com\/en\/?s={search_term_string}"},"query-input":{"@type":"PropertyValueSpecification","valueRequired":true,"valueName":"search_term_string"}}],"inLanguage":"it-IT"},{"@type":"Organization","@id":"https:\/\/ifamnews.com\/en\/#organization","name":"iFamNews","url":"https:\/\/ifamnews.com\/en\/","logo":{"@type":"ImageObject","inLanguage":"it-IT","@id":"https:\/\/ifamnews.com\/en\/#\/schema\/logo\/image\/","url":"https:\/\/ifamnews.com\/wp-content\/uploads\/2020\/01\/Share-logo.png","contentUrl":"https:\/\/ifamnews.com\/wp-content\/uploads\/2020\/01\/Share-logo.png","width":200,"height":200,"caption":"iFamNews"},"image":{"@id":"https:\/\/ifamnews.com\/en\/#\/schema\/logo\/image\/"},"sameAs":["https:\/\/www.facebook.com\/iFamNews","https:\/\/x.com\/iFamNewsEN"]},{"@type":"Person","@id":"https:\/\/ifamnews.com\/en\/#\/schema\/person\/5a21aea3de40946073f9cdf6051e2f6e","name":"Giacomo Bertoni","image":{"@type":"ImageObject","inLanguage":"it-IT","@id":"https:\/\/secure.gravatar.com\/avatar\/8249f6c99b4757c6a2e9c32b70074900a0e16f1b8f4086921238d140a909149b?s=96&d=mm&r=g","url":"https:\/\/secure.gravatar.com\/avatar\/8249f6c99b4757c6a2e9c32b70074900a0e16f1b8f4086921238d140a909149b?s=96&d=mm&r=g","contentUrl":"https:\/\/secure.gravatar.com\/avatar\/8249f6c99b4757c6a2e9c32b70074900a0e16f1b8f4086921238d140a909149b?s=96&d=mm&r=g","caption":"Giacomo Bertoni"},"description":"Giacomo Bertoni, journalist and writer. Formerly at the daily newspaper la Provincia Pavese, he has worked with Ossigeno per l'informazione, il Ticino, and since 2016 has collaborated with Radio Mater. In 2009 he published his first children's book, Toppy, a gnat with a big heart (EdiGio'), which was followed by Gino e la Vecchia Consigliera (2011) and Un ponte tra le Valli (2014). In 2014 he graduated in Philosophy from the University of Pavia. Since 2011 he has edited his personal blog Il parco di Giacomo.","sameAs":["https:\/\/parcodigiacomo.blogspot.com\/","https:\/\/it-it.facebook.com\/IlparcodiGiacomo\/","https:\/\/x.com\/https:\/\/twitter.com\/ParcodiGiacomo"],"url":"https:\/\/ifamnews.com\/it\/author\/gbertoni"}]}},"amp_enabled":true,"_links":{"self":[{"href":"https:\/\/ifamnews.com\/it\/wp-json\/wp\/v2\/posts\/15024","targetHints":{"allow":["GET"]}}],"collection":[{"href":"https:\/\/ifamnews.com\/it\/wp-json\/wp\/v2\/posts"}],"about":[{"href":"https:\/\/ifamnews.com\/it\/wp-json\/wp\/v2\/types\/post"}],"author":[{"embeddable":true,"href":"https:\/\/ifamnews.com\/it\/wp-json\/wp\/v2\/users\/13"}],"replies":[{"embeddable":true,"href":"https:\/\/ifamnews.com\/it\/wp-json\/wp\/v2\/comments?post=15024"}],"version-history":[{"count":4,"href":"https:\/\/ifamnews.com\/it\/wp-json\/wp\/v2\/posts\/15024\/revisions"}],"predecessor-version":[{"id":15035,"href":"https:\/\/ifamnews.com\/it\/wp-json\/wp\/v2\/posts\/15024\/revisions\/15035"}],"wp:featuredmedia":[{"embeddable":true,"href":"https:\/\/ifamnews.com\/it\/wp-json\/wp\/v2\/media\/15027"}],"wp:attachment":[{"href":"https:\/\/ifamnews.com\/it\/wp-json\/wp\/v2\/media?parent=15024"}],"wp:term":[{"taxonomy":"category","embeddable":true,"href":"https:\/\/ifamnews.com\/it\/wp-json\/wp\/v2\/categories?post=15024"},{"taxonomy":"post_tag","embeddable":true,"href":"https:\/\/ifamnews.com\/it\/wp-json\/wp\/v2\/tags?post=15024"}],"curies":[{"name":"wp","href":"https:\/\/api.w.org\/{rel}","templated":true}]}}