{"id":148388,"date":"2022-06-14T09:00:00","date_gmt":"2022-06-14T13:00:00","guid":{"rendered":"https:\/\/ifamnews.com\/?p=148388"},"modified":"2022-06-14T15:37:42","modified_gmt":"2022-06-14T19:37:42","slug":"per-archie-arrivata-la-sentenza-di-morte","status":"publish","type":"post","link":"https:\/\/ifamnews.com\/it\/per-archie-arrivata-la-sentenza-di-morte","title":{"rendered":"Per Archie \u00e8 arrivata la sentenza di morte"},"content":{"rendered":"\n<p>L\u2019Alta Corte britannica colpisce ancora. L\u2019<a href=\"https:\/\/ifamnews.com\/it\/archie-tra-una-settimana-si-decide-il-suo-destino\" target=\"_blank\" rel=\"noreferrer noopener\">attesa sentenza<\/a> sul caso del dodicenne Archie Battersbee <a href=\"https:\/\/www.bbc.com\/news\/uk-england-essex-61731843\" target=\"_blank\" rel=\"noreferrer noopener\">\u00e8 arrivata ieri pomeriggio<\/a> ed \u00e8 una sentenza di morte. Per il ragazzo, in coma dal 7 aprile, dopo un incidente domestico capitato nella sua casa di Southend, nell\u2019Essex, i medici hanno richiesto la sospensione di tutte le cure. I genitori vorrebbero, al contrario, <a href=\"https:\/\/ifamnews.com\/it\/il-dodicenne-archie-in-lotta-per-la-sua-vita-e-contro-il-miglior-interesse\" target=\"_blank\" rel=\"noreferrer noopener\">salvare la vita del figlio<\/a>.<\/p>\n\n\n\n<p>Il personale sanitario del <a href=\"https:\/\/www.bartshealth.nhs.uk\/the-royal-london\" target=\"_blank\" rel=\"noreferrer noopener\">Royal London Hospital<\/a>, dove \u00e8 ricoverato Archie, ha sempre insistito sull\u2019idea che \u00abmolto probabilmente\u00bb il paziente sarebbe \u00abmorto nel tronco cerebrale\u00bb. Il giudice ha accolto questa versione, mentre la madre del ragazzo, Hollie Dance, si \u00e8 detta \u00abdevastata\u00bb e, d\u2019accordo con tutta la famiglia, ha deciso di fare appello.<\/p>\n\n\n\n<h3 class=\"wp-block-heading\" id=\"h-la-madre-non-ci-arrenderemo\"><strong>La madre: \u00abNon ci arrenderemo\u00bb<\/strong><\/h3>\n\n\n\n<p>Nella loro battaglia legale la signora Dance e il padre del ragazzo, Paul Battersbee, sono sostenuti dal <a href=\"https:\/\/christianconcern.com\/about\/services\/christian-legal-centre\/\" target=\"_blank\" rel=\"noreferrer noopener\">Christian Legal Center<\/a>. Subito dopo la decisione del massimo tribunale britannico, Hollie Dance si \u00e8 detta \u00abestremamente delusa dalla sentenza del giudice dopo settimane di battaglie legali, quando volevo essere al capezzale del mio bambino\u00bb.<\/p>\n\n\n\n<p>Secondo la madre di Archie potrebbe essere \u00abla prima volta che qualcuno viene dichiarato \u201cprobabilmente\u201d morto sulla base di un <em>test<\/em> di risonanza magnetica\u00bb. La donna dice di essere \u00abdispiaciuta\u00bb del fatto che l\u2019ospedale e il giudice non abbiano tenuto conto dei desideri della famiglia e ritiene che ad Archie non sia stato \u00abconcesso abbastanza tempo\u00bb.<\/p>\n\n\n\n<p>\u00abIl suo cuore batte ancora, mi ha stretto la mano e, in quanto sua madre, so che \u00e8 ancora l\u00ec\u00bb, dice. \u00abFinch\u00e9 non sar\u00e0 per volont\u00e0 di Dio, non accetter\u00f2 che debba andarsene. So di miracoli di persone che si sono riprese dopo essere state cerebralmente morte\u00bb. Inevitabile, quindi, la decisione di tenere duro: \u00abAbbiamo intenzione di fare appello e non ci arrenderemo\u00bb.<\/p>\n\n\n\n<h3 class=\"wp-block-heading\"><strong>Il giudice: \u00abDanno cerebrale irrecuperabile\u00bb<\/strong><\/h3>\n\n\n\n<p>Gli avvocati che rappresentano il Barts Health NHS Trust, ovvero il fondo di gestione dell\u2019ospedale, avevano chiesto al giudice di decidere quali procedure fossero nel \u00abmiglior interesse\u00bb di Archie.<\/p>\n\n\n\n<p>La settimana scorsa, durante un\u2019udienza di tre giorni davanti alla Divisione famiglia dell\u2019Alta Corte, gli specialisti avevano affermato che i <em>test<\/em> su Archie non avevano mostrato alcuna attivit\u00e0 cerebrale \u00abdistinguibile\u00bb.<\/p>\n\n\n\n<p>Nella sentenza, il giudice dell\u2019Alta Corta Emma Arbuthnot ha concluso che Archie \u00e8 morto a mezzogiorno del 31 maggio, sulla base della tomografia a risonanza magnetica effettuata quel giorno. \u00abTrovo che la cessazione irreversibile della funzione del tronco cerebrale sia stata definitivamente accertata\u00bb, dichiara la Arbuthnot.<\/p>\n\n\n\n<p>Il giudice ha quindi autorizzato il personale medico del Royal London Hospital a \u00abinterrompere la ventilazione meccanica di Archie Battersbee\u00bb. La Arbuthnot sottolinea che la devozione della famiglia di Archie \u00e8 \u00abstraordinaria\u00bb; tuttavia, sostiene, se il giovane paziente \u00abrimane in ventilazione meccanica, l&#8217;esito per lui probabile \u00e8 la morte improvvisa e le prospettive di guarigione nulle\u00bb.<\/p>\n\n\n\n<p>Pertanto, sottolinea il magistrato, il \u00abdanno cerebrale \u00e8 irrecuperabile\u00bb e la situazione di Archie \u00abnon migliorer\u00e0\u00bb. Il risvolto drammatico di una morte cos\u00ec rapida, commenta la Arbuthnot, \u00e8 nell\u2019\u00abincapacit\u00e0 della sua amorevole e amata famiglia di dirgli addio\u00bb.<\/p>\n\n\n\n<p>Il giudice afferma che, anche se non avesse concluso che Archie fosse morto, avrebbe comunque stabilito che non sarebbe stato nell&#8217;interesse migliore del ragazzo continuare a ricevere cure di supporto vitale.<\/p>\n\n\n\n<h3 class=\"wp-block-heading\"><strong>Il medico: \u00abLa famiglia avr\u00e0 tempo per fare appello\u00bb<\/strong><\/h3>\n\n\n\n<p>Da parte propria, Alistair Chesser, direttore medico del Barts Health NHS Trust, dichiara che tutti i \u00abpensieri\u00bb e le \u00absimpatie\u00bb dello <em>staff<\/em> medico sono rivolti alla famiglia di Archie.<\/p>\n\n\n\n<p>\u00abCoerentemente con le linee guida emesse dalla Corte, i nostri medici esperti forniranno le migliori cure possibili mentre il supporto vitale viene ritirato\u00bb, aggiunge Chesser.<\/p>\n\n\n\n<p>\u00abCi stiamo anche assicurando che per la famiglia ci sia tempo per decidere se fare appello prima che vengano apportate modifiche alle cure\u00bb, conclude il medico.<\/p>\n","protected":false},"excerpt":{"rendered":"<p>L\u2019Alta Corte britannica autorizza la sospensione della ventilazione per il dodicenne in coma cerebrale. La famiglia far\u00e0 appello<\/p>\n","protected":false},"author":545,"featured_media":148399,"comment_status":"open","ping_status":"open","sticky":false,"template":"","format":"standard","meta":{"give_campaign_id":0,"om_disable_all_campaigns":false,"_monsterinsights_skip_tracking":false,"_monsterinsights_sitenote_active":false,"_monsterinsights_sitenote_note":"","_monsterinsights_sitenote_category":0,"mc4wp_mailchimp_campaign":[],"jnews-multi-image_gallery":[],"jnews_single_post":{"subtitle":"L\u2019Alta Corte britannica autorizza la sospensione della ventilazione per il dodicenne in coma cerebrale. La famiglia far\u00e0 appello","format":"standard","video":"","gallery":"","source_name":"","source_url":"","via_name":"","via_url":"","override":[{"template":"1","single_blog_custom":"","parallax":"1","fullscreen":"1","layout":"right-sidebar","sidebar":"default-sidebar","second_sidebar":"default-sidebar","sticky_sidebar":"1","share_position":"top","share_float_style":"share-monocrhome","show_share_counter":"1","show_view_counter":"1","show_featured":"1","show_post_meta":"1","show_post_author":"1","show_post_author_image":"1","show_post_date":"1","post_date_format":"default","post_date_format_custom":"Y\/m\/d","show_post_category":"1","post_reading_time_wpm":"300","zoom_button_out_step":"2","zoom_button_in_step":"3","show_post_tag":"1","show_prev_next_post":"1","show_popup_post":"1","number_popup_post":"1"}],"image_override":[{"single_post_thumbnail_size":"crop-500","single_post_gallery_size":"crop-500"}],"trending_post_position":"meta","trending_post_label":"Trending","sponsored_post_label":"Sponsored by","sponsored_post_name":"","sponsored_post_url":"","sponsored_post_logo":"","sponsored_post_desc":""},"jnews_primary_category":{"id":"817"},"jnews_social_meta":{"fb_title":"","fb_description":"","fb_image":"","twitter_title":"","twitter_description":"","twitter_image":""},"jnews_override_counter":{"view_counter_number":"0","share_counter_number":"0","like_counter_number":"0","dislike_counter_number":"0"},"footnotes":""},"categories":[951,817],"tags":[743,1046],"class_list":["post-148388","post","type-post","status-publish","format-standard","has-post-thumbnail","hentry","category-foreground-it","category-vita","tag-eutanasia","tag-regno-unito"],"yoast_head":"<!-- This site is optimized with the Yoast SEO Premium plugin v25.9 (Yoast SEO v27.3) - https:\/\/yoast.com\/product\/yoast-seo-premium-wordpress\/ -->\n<title>Per Archie \u00e8 arrivata la sentenza di morte - \u00abiFamNews\u00bb<\/title>\n<meta name=\"description\" content=\"L\u2019Alta Corte britannica autorizza la sospensione della ventilazione per il dodicenne in coma cerebrale. La famiglia far\u00e0 appello\" \/>\n<meta name=\"robots\" content=\"index, follow, max-snippet:-1, max-image-preview:large, max-video-preview:-1\" \/>\n<link rel=\"canonical\" href=\"https:\/\/ifamnews.com\/it\/per-archie-arrivata-la-sentenza-di-morte\" \/>\n<meta property=\"og:locale\" content=\"it_IT\" \/>\n<meta property=\"og:type\" content=\"article\" \/>\n<meta property=\"og:title\" content=\"Per Archie \u00e8 arrivata la sentenza di morte\" \/>\n<meta property=\"og:description\" content=\"L\u2019Alta Corte britannica autorizza la sospensione della ventilazione per il dodicenne in coma cerebrale. La famiglia far\u00e0 appello\" \/>\n<meta property=\"og:url\" content=\"https:\/\/ifamnews.com\/it\/per-archie-arrivata-la-sentenza-di-morte\" \/>\n<meta property=\"og:site_name\" content=\"IFN\" \/>\n<meta property=\"article:publisher\" content=\"https:\/\/www.facebook.com\/iFamNews\" \/>\n<meta property=\"article:published_time\" content=\"2022-06-14T13:00:00+00:00\" \/>\n<meta property=\"article:modified_time\" content=\"2022-06-14T19:37:42+00:00\" \/>\n<meta property=\"og:image\" content=\"https:\/\/ifamnews.com\/wp-content\/uploads\/2022\/06\/Per-Archie-e-arrivata-la-sentenza-di-morte.jpg\" \/>\n\t<meta property=\"og:image:width\" content=\"1201\" \/>\n\t<meta property=\"og:image:height\" content=\"675\" \/>\n\t<meta property=\"og:image:type\" content=\"image\/jpeg\" \/>\n<meta name=\"author\" content=\"Luca Marcolivio\" \/>\n<meta name=\"twitter:card\" content=\"summary_large_image\" \/>\n<meta name=\"twitter:creator\" content=\"@https:\/\/twitter.com\/luketto2\" \/>\n<meta name=\"twitter:site\" content=\"@iFamNewsEN\" \/>\n<meta name=\"twitter:label1\" content=\"Scritto da\" \/>\n\t<meta name=\"twitter:data1\" content=\"Luca Marcolivio\" \/>\n\t<meta name=\"twitter:label2\" content=\"Tempo di lettura stimato\" \/>\n\t<meta name=\"twitter:data2\" content=\"3 minuti\" \/>\n<!-- \/ Yoast SEO Premium plugin. -->","yoast_head_json":{"title":"Per Archie \u00e8 arrivata la sentenza di morte - \u00abiFamNews\u00bb","description":"L\u2019Alta Corte britannica autorizza la sospensione della ventilazione per il dodicenne in coma cerebrale. La famiglia far\u00e0 appello","robots":{"index":"index","follow":"follow","max-snippet":"max-snippet:-1","max-image-preview":"max-image-preview:large","max-video-preview":"max-video-preview:-1"},"canonical":"https:\/\/ifamnews.com\/it\/per-archie-arrivata-la-sentenza-di-morte","og_locale":"it_IT","og_type":"article","og_title":"Per Archie \u00e8 arrivata la sentenza di morte","og_description":"L\u2019Alta Corte britannica autorizza la sospensione della ventilazione per il dodicenne in coma cerebrale. La famiglia far\u00e0 appello","og_url":"https:\/\/ifamnews.com\/it\/per-archie-arrivata-la-sentenza-di-morte","og_site_name":"IFN","article_publisher":"https:\/\/www.facebook.com\/iFamNews","article_published_time":"2022-06-14T13:00:00+00:00","article_modified_time":"2022-06-14T19:37:42+00:00","og_image":[{"width":1201,"height":675,"url":"https:\/\/ifamnews.com\/wp-content\/uploads\/2022\/06\/Per-Archie-e-arrivata-la-sentenza-di-morte.jpg","type":"image\/jpeg"}],"author":"Luca Marcolivio","twitter_card":"summary_large_image","twitter_creator":"@https:\/\/twitter.com\/luketto2","twitter_site":"@iFamNewsEN","twitter_misc":{"Scritto da":"Luca Marcolivio","Tempo di lettura stimato":"3 minuti"},"schema":{"@context":"https:\/\/schema.org","@graph":[{"@type":"NewsArticle","@id":"https:\/\/ifamnews.com\/it\/per-archie-arrivata-la-sentenza-di-morte#article","isPartOf":{"@id":"https:\/\/ifamnews.com\/it\/per-archie-arrivata-la-sentenza-di-morte"},"author":{"name":"Luca Marcolivio","@id":"https:\/\/ifamnews.com\/en\/#\/schema\/person\/ce4f7fd8e66bf7ecb51fc4e1d97dbcfd"},"headline":"Per Archie \u00e8 arrivata la sentenza di morte","datePublished":"2022-06-14T13:00:00+00:00","dateModified":"2022-06-14T19:37:42+00:00","mainEntityOfPage":{"@id":"https:\/\/ifamnews.com\/it\/per-archie-arrivata-la-sentenza-di-morte"},"wordCount":622,"commentCount":0,"publisher":{"@id":"https:\/\/ifamnews.com\/en\/#organization"},"image":{"@id":"https:\/\/ifamnews.com\/it\/per-archie-arrivata-la-sentenza-di-morte#primaryimage"},"thumbnailUrl":"https:\/\/ifamnews.com\/wp-content\/uploads\/2022\/06\/Per-Archie-e-arrivata-la-sentenza-di-morte.jpg","keywords":["Eutanasia","Regno Unito"],"articleSection":["In evidenza","Vita"],"inLanguage":"it-IT","potentialAction":[{"@type":"CommentAction","name":"Comment","target":["https:\/\/ifamnews.com\/it\/per-archie-arrivata-la-sentenza-di-morte#respond"]}]},{"@type":"WebPage","@id":"https:\/\/ifamnews.com\/it\/per-archie-arrivata-la-sentenza-di-morte","url":"https:\/\/ifamnews.com\/it\/per-archie-arrivata-la-sentenza-di-morte","name":"Per Archie \u00e8 arrivata la sentenza di morte - \u00abiFamNews\u00bb","isPartOf":{"@id":"https:\/\/ifamnews.com\/en\/#website"},"primaryImageOfPage":{"@id":"https:\/\/ifamnews.com\/it\/per-archie-arrivata-la-sentenza-di-morte#primaryimage"},"image":{"@id":"https:\/\/ifamnews.com\/it\/per-archie-arrivata-la-sentenza-di-morte#primaryimage"},"thumbnailUrl":"https:\/\/ifamnews.com\/wp-content\/uploads\/2022\/06\/Per-Archie-e-arrivata-la-sentenza-di-morte.jpg","datePublished":"2022-06-14T13:00:00+00:00","dateModified":"2022-06-14T19:37:42+00:00","description":"L\u2019Alta Corte britannica autorizza la sospensione della ventilazione per il dodicenne in coma cerebrale. La famiglia far\u00e0 appello","breadcrumb":{"@id":"https:\/\/ifamnews.com\/it\/per-archie-arrivata-la-sentenza-di-morte#breadcrumb"},"inLanguage":"it-IT","potentialAction":[{"@type":"ReadAction","target":["https:\/\/ifamnews.com\/it\/per-archie-arrivata-la-sentenza-di-morte"]}]},{"@type":"ImageObject","inLanguage":"it-IT","@id":"https:\/\/ifamnews.com\/it\/per-archie-arrivata-la-sentenza-di-morte#primaryimage","url":"https:\/\/ifamnews.com\/wp-content\/uploads\/2022\/06\/Per-Archie-e-arrivata-la-sentenza-di-morte.jpg","contentUrl":"https:\/\/ifamnews.com\/wp-content\/uploads\/2022\/06\/Per-Archie-e-arrivata-la-sentenza-di-morte.jpg","width":1201,"height":675,"caption":"Image from Sky News - YouTube"},{"@type":"BreadcrumbList","@id":"https:\/\/ifamnews.com\/it\/per-archie-arrivata-la-sentenza-di-morte#breadcrumb","itemListElement":[{"@type":"ListItem","position":1,"name":"Home","item":"https:\/\/ifamnews.com\/de"},{"@type":"ListItem","position":2,"name":"Life","item":"https:\/\/ifamnews.com\/en\/category\/life"},{"@type":"ListItem","position":3,"name":"Per Archie \u00e8 arrivata la sentenza di morte"}]},{"@type":"WebSite","@id":"https:\/\/ifamnews.com\/en\/#website","url":"https:\/\/ifamnews.com\/en\/","name":"IFN","description":"International Family News Network","publisher":{"@id":"https:\/\/ifamnews.com\/en\/#organization"},"potentialAction":[{"@type":"SearchAction","target":{"@type":"EntryPoint","urlTemplate":"https:\/\/ifamnews.com\/en\/?s={search_term_string}"},"query-input":{"@type":"PropertyValueSpecification","valueRequired":true,"valueName":"search_term_string"}}],"inLanguage":"it-IT"},{"@type":"Organization","@id":"https:\/\/ifamnews.com\/en\/#organization","name":"iFamNews","url":"https:\/\/ifamnews.com\/en\/","logo":{"@type":"ImageObject","inLanguage":"it-IT","@id":"https:\/\/ifamnews.com\/en\/#\/schema\/logo\/image\/","url":"https:\/\/ifamnews.com\/wp-content\/uploads\/2020\/01\/Share-logo.png","contentUrl":"https:\/\/ifamnews.com\/wp-content\/uploads\/2020\/01\/Share-logo.png","width":200,"height":200,"caption":"iFamNews"},"image":{"@id":"https:\/\/ifamnews.com\/en\/#\/schema\/logo\/image\/"},"sameAs":["https:\/\/www.facebook.com\/iFamNews","https:\/\/x.com\/iFamNewsEN"]},{"@type":"Person","@id":"https:\/\/ifamnews.com\/en\/#\/schema\/person\/ce4f7fd8e66bf7ecb51fc4e1d97dbcfd","name":"Luca Marcolivio","image":{"@type":"ImageObject","inLanguage":"it-IT","@id":"https:\/\/secure.gravatar.com\/avatar\/4aa297a11beb7510b2301ae9c8bbe9e7eb035156e7c8f0d92c718bc695d102d7?s=96&d=mm&r=g","url":"https:\/\/secure.gravatar.com\/avatar\/4aa297a11beb7510b2301ae9c8bbe9e7eb035156e7c8f0d92c718bc695d102d7?s=96&d=mm&r=g","contentUrl":"https:\/\/secure.gravatar.com\/avatar\/4aa297a11beb7510b2301ae9c8bbe9e7eb035156e7c8f0d92c718bc695d102d7?s=96&d=mm&r=g","caption":"Luca Marcolivio"},"description":"A professional journalist, Luca Marcolivio has been accredited to the Holy See Press Office since 2011. Director of the webmagazine of religious information Cristiani Today, e collaborates with La nuova Bussola Quotidiana, Pro Vita &amp; Famiglia and the blog of the Centro Machiavelli. From 2011 to 2017 he was Editor-in-Chief of the Italian edition of Zenit. He is the author of Contro Garibaldi. Quello che a scuola non vi hanno raccontato and the editor of La societ\u00e0 dell\u2019allegria. Don Bosco raccontato dai salesiani del XXI Secolo","sameAs":["https:\/\/x.com\/https:\/\/twitter.com\/luketto2"],"url":"https:\/\/ifamnews.com\/it\/author\/luca-marcolivio"}]}},"amp_enabled":true,"_links":{"self":[{"href":"https:\/\/ifamnews.com\/it\/wp-json\/wp\/v2\/posts\/148388","targetHints":{"allow":["GET"]}}],"collection":[{"href":"https:\/\/ifamnews.com\/it\/wp-json\/wp\/v2\/posts"}],"about":[{"href":"https:\/\/ifamnews.com\/it\/wp-json\/wp\/v2\/types\/post"}],"author":[{"embeddable":true,"href":"https:\/\/ifamnews.com\/it\/wp-json\/wp\/v2\/users\/545"}],"replies":[{"embeddable":true,"href":"https:\/\/ifamnews.com\/it\/wp-json\/wp\/v2\/comments?post=148388"}],"version-history":[{"count":5,"href":"https:\/\/ifamnews.com\/it\/wp-json\/wp\/v2\/posts\/148388\/revisions"}],"predecessor-version":[{"id":148639,"href":"https:\/\/ifamnews.com\/it\/wp-json\/wp\/v2\/posts\/148388\/revisions\/148639"}],"wp:featuredmedia":[{"embeddable":true,"href":"https:\/\/ifamnews.com\/it\/wp-json\/wp\/v2\/media\/148399"}],"wp:attachment":[{"href":"https:\/\/ifamnews.com\/it\/wp-json\/wp\/v2\/media?parent=148388"}],"wp:term":[{"taxonomy":"category","embeddable":true,"href":"https:\/\/ifamnews.com\/it\/wp-json\/wp\/v2\/categories?post=148388"},{"taxonomy":"post_tag","embeddable":true,"href":"https:\/\/ifamnews.com\/it\/wp-json\/wp\/v2\/tags?post=148388"}],"curies":[{"name":"wp","href":"https:\/\/api.w.org\/{rel}","templated":true}]}}