{"id":147887,"date":"2022-06-11T11:00:00","date_gmt":"2022-06-11T15:00:00","guid":{"rendered":"https:\/\/ifamnews.com\/?p=147887"},"modified":"2022-06-11T10:53:58","modified_gmt":"2022-06-11T14:53:58","slug":"saba-e-le-ragazze-predate-del-pakistan","status":"publish","type":"post","link":"https:\/\/ifamnews.com\/it\/saba-e-le-ragazze-predate-del-pakistan","title":{"rendered":"Saba e le ragazze predate del Pakistan"},"content":{"rendered":"\n<p>In Pakistan Saba Masih, quindici anni, cristiana, domestica per aiutare i genitori a far fronte alle necessit\u00e0 economiche della famiglia, \u00e8 stata rapita il 20 maggio a Faisalabad, nello Stato del Punjiab, da un gruppo di uomini ultraquarantenni, di religione musulmana, che l\u2019hanno sequestrata in strada, alle 9 del mattino, mentre la ragazzina si stava recando al lavoro insieme alla sorella maggiore.<\/p>\n\n\n\n<p><a href=\"https:\/\/www.asianews.it\/notizie-it\/Faisalabad,-ragazza-cristiana-di-15-anni-rapita-da-ultraquarantenni-55887.html\" target=\"_blank\" rel=\"noreferrer noopener\">Come riportato anche dal sito <em>web<\/em> di Asia News il 25 maggio<\/a>, e come afferma \u00ab[\u2026] Simon Aleem, attivista per i diritti umani\u00bb, che risiede nella medesima citt\u00e0],  \u00abSaba \u00e8 una ragazza innocente vittima di un&#8217;ingiustizia che purtroppo continua a ripetersi. Molte ragazze cristiane sono state prese di mira e rapite; pochi giorni dopo il sequestratore produce il certificato di conversione della ragazza e sostiene che abbia\u00a0accettato l&#8217;islam volontariamente e si sia\u00a0sposata con chi l&#8217;ha rapita\u00bb.<\/p>\n\n\n\n<p>Da qui in poi, le notizie si fanno ancora pi\u00f9 confuse, prive come sono di alcuna eco sui grandi <em>media<\/em> occidentali, al punto che ancora non \u00e8 chiaro se Saba sia stata restituita alla famiglia, a seguito anche di proteste e <em>sit-in<\/em> organizzati dagli attivisti pakistani per i diritti umani, oppure no.<\/p>\n\n\n\n<p>Probabilmente, come scrive <em><a href=\"https:\/\/vomcanada.com\/pk-2022-06-02.htm\" target=\"_blank\" rel=\"noreferrer noopener\">The Voice of the Martyrs<\/a><\/em> dal Canada, fortunatamente \u00e8 tornata a casa, bench\u00e9 la famiglia abbia protestato vibratamente perch\u00e9 <a href=\"https:\/\/www.christianpost.com\/news\/pakistan-police-refuse-rescue-kidnapped-christian-girl-arrest-muslim-captor.html\" target=\"_blank\" rel=\"noreferrer noopener\">le forze di polizia avrebbero affrontato il caso del suo rapimento con molta, troppa tranquillit\u00e0<\/a>, come se non fosse in gioco il destino di una ragazzina nelle mani di quattro bruti che l\u2019hanno rapita, violentata e costretta alla conversione e alle nozze con uno di loro, di un\u2019et\u00e0 che potrebbe essere suo padre: quarta moglie di un mostro.<\/p>\n\n\n\n<p>\u00abSecondo alcuni rapporti presentati dagli attivisti per i diritti umani\u00bb, continua <em>The Voice of the Martyrs<\/em>, \u00abalmeno mille donne appartenenti a gruppi di minoranze religiose vengono convertite e sposate con la forza ogni anno in Pakistan.&nbsp;Si ritiene che il numero potrebbe essere pi\u00f9 alto poich\u00e9 molti casi non vengono segnalati.&nbsp;Le persone colpite sono quasi sempre parte delle minoranze povere, che hanno poca influenza sulle autorit\u00e0\u00bb.<\/p>\n\n\n\n<p><a href=\"https:\/\/morningstarnews.org\/2022\/06\/christian-girl-in-pakistan-testifies-of-kidnapping-rape\/\" target=\"_blank\" rel=\"noreferrer noopener\">Come racconta a <em>The Morning Star News<\/em> Lala Robin Daniel,<\/a> attivista per i diritti umani, Saba avrebbe anche potuto testimoniare in tribunale contro i suoi rapitori e contro il suo aguzzino. \u00abSaba era in stato di grave trauma mentale e fisico quando i parenti dell&#8217;accusato l&#8217;hanno portata alla polizia, il 31 maggio\u00bb, ha affermato.&nbsp;\u00abLa riconsegna della ragazza \u00e8 stata resa possibile grazie alla pressione esercitata dai <em>leader<\/em> della Chiesa e dagli attivisti, che hanno manifestato quotidianamente dalle 19 fino a mezzanotte\u00bb. Il rapitore e violentatore, il quarantacinquenne Muhammad Yasir Hussain, sarebbe ancora latitante.<\/p>\n\n\n\n<p>Il caso di Saba \u00e8 solo uno dei tanti. \u00abiFamNews\u00bb ha gi\u00e0 raccontato di <a href=\"https:\/\/ifamnews.com\/it\/aiuto-per-maira-14-anni-rapita-e-violentata-in-pakistan\" target=\"_blank\" rel=\"noreferrer noopener\">Maira<\/a> e di <a href=\"https:\/\/ifamnews.com\/it\/buone-notizie-dal-pakistan\" target=\"_blank\" rel=\"noreferrer noopener\">Farah<\/a>, ma si tratta del medesimo destino di tante ragazzine cristiane predate in Pakistan. \u00abPer il 2022, il Pakistan si \u00e8 classificato all&#8217;ottavo posto nella <a href=\"https:\/\/ifamnews.com\/it?s=open+doors\" target=\"_blank\" rel=\"noreferrer noopener\">lista di controllo a livello mondiale di Open Doors<\/a> dei 50 paesi in cui \u00e8 pi\u00f9 difficile essere cristiani.&nbsp;Il Paese \u00e8 al secondo posto per il numero di cristiani uccisi per motivi di fede, dopo la Nigeria, con 620 persone uccise dal 1\u00b0 ottobre 2020 al 30 settembre 2021. Il Pakistan \u00e8 al quarto posto numero per il numero di chiese attaccate o chiuse: 183, nel complesso\u00bb.<\/p>\n","protected":false},"excerpt":{"rendered":"<p>Ancora un caso di rapimento, violenza e matrimonio forzato per una ragazzina cristiana a Faisalabad<\/p>\n","protected":false},"author":14,"featured_media":147888,"comment_status":"open","ping_status":"open","sticky":false,"template":"","format":"standard","meta":{"give_campaign_id":0,"om_disable_all_campaigns":false,"_monsterinsights_skip_tracking":false,"_monsterinsights_sitenote_active":false,"_monsterinsights_sitenote_note":"","_monsterinsights_sitenote_category":0,"mc4wp_mailchimp_campaign":[],"jnews-multi-image_gallery":[],"jnews_single_post":{"subtitle":"Ancora un caso di rapimento, violenza e matrimonio forzato per una ragazzina cristiana a Faisalabad","format":"standard","video":"","gallery":"","source_name":"","source_url":"","via_name":"","via_url":"","override":[{"template":"1","single_blog_custom":"","parallax":"1","fullscreen":"1","layout":"right-sidebar","sidebar":"default-sidebar","second_sidebar":"default-sidebar","sticky_sidebar":"1","share_position":"top","share_float_style":"share-monocrhome","show_share_counter":"1","show_view_counter":"1","show_featured":"1","show_post_meta":"1","show_post_author":"1","show_post_author_image":"1","show_post_date":"1","post_date_format":"default","post_date_format_custom":"Y\/m\/d","show_post_category":"1","post_reading_time_wpm":"300","zoom_button_out_step":"2","zoom_button_in_step":"3","show_post_tag":"1","show_prev_next_post":"1","show_popup_post":"1","number_popup_post":"1"}],"image_override":[{"single_post_thumbnail_size":"crop-500","single_post_gallery_size":"crop-500"}],"trending_post_position":"meta","trending_post_label":"Trending","sponsored_post_label":"Sponsored by","sponsored_post_name":"","sponsored_post_url":"","sponsored_post_logo":"","sponsored_post_desc":""},"jnews_primary_category":{"id":"781"},"jnews_social_meta":{"fb_title":"","fb_description":"","fb_image":"","twitter_title":"","twitter_description":"","twitter_image":""},"jnews_override_counter":{"view_counter_number":"0","share_counter_number":"0","like_counter_number":"0","dislike_counter_number":"0"},"footnotes":""},"categories":[781,951,780],"tags":[1962,8589],"class_list":["post-147887","post","type-post","status-publish","format-standard","has-post-thumbnail","hentry","category-famiglia","category-foreground-it","category-politica-it","tag-liberta-religiosa","tag-pakistan-it"],"yoast_head":"<!-- This site is optimized with the Yoast SEO Premium plugin v25.9 (Yoast SEO v27.3) - https:\/\/yoast.com\/product\/yoast-seo-premium-wordpress\/ -->\n<title>Saba e le ragazze predate del Pakistan - \u00abiFamNews\u00bb<\/title>\n<meta name=\"description\" content=\"Ancora un caso di rapimento, violenza e matrimonio forzato per una ragazzina cristiana a Faisalabad. Forse rientrata a casa\" \/>\n<meta name=\"robots\" content=\"index, follow, max-snippet:-1, max-image-preview:large, max-video-preview:-1\" \/>\n<link rel=\"canonical\" href=\"https:\/\/ifamnews.com\/it\/saba-e-le-ragazze-predate-del-pakistan\" \/>\n<meta property=\"og:locale\" content=\"it_IT\" \/>\n<meta property=\"og:type\" content=\"article\" \/>\n<meta property=\"og:title\" content=\"Saba e le ragazze predate del Pakistan\" \/>\n<meta property=\"og:description\" content=\"Ancora un caso di rapimento, violenza e matrimonio forzato per una ragazzina cristiana a Faisalabad. Forse rientrata a casa\" \/>\n<meta property=\"og:url\" content=\"https:\/\/ifamnews.com\/it\/saba-e-le-ragazze-predate-del-pakistan\" \/>\n<meta property=\"og:site_name\" content=\"IFN\" \/>\n<meta property=\"article:publisher\" content=\"https:\/\/www.facebook.com\/iFamNews\" \/>\n<meta property=\"article:published_time\" content=\"2022-06-11T15:00:00+00:00\" \/>\n<meta property=\"og:image\" content=\"https:\/\/ifamnews.com\/wp-content\/uploads\/2022\/06\/Saba-Masih.png\" \/>\n\t<meta property=\"og:image:width\" content=\"458\" \/>\n\t<meta property=\"og:image:height\" content=\"284\" \/>\n\t<meta property=\"og:image:type\" content=\"image\/png\" \/>\n<meta name=\"author\" content=\"Barbara Santambrogio\" \/>\n<meta name=\"twitter:card\" content=\"summary_large_image\" \/>\n<meta name=\"twitter:creator\" content=\"@iFamNewsEN\" \/>\n<meta name=\"twitter:site\" content=\"@iFamNewsEN\" \/>\n<meta name=\"twitter:label1\" content=\"Scritto da\" \/>\n\t<meta name=\"twitter:data1\" content=\"Barbara Santambrogio\" \/>\n\t<meta name=\"twitter:label2\" content=\"Tempo di lettura stimato\" \/>\n\t<meta name=\"twitter:data2\" content=\"3 minuti\" \/>\n<!-- \/ Yoast SEO Premium plugin. -->","yoast_head_json":{"title":"Saba e le ragazze predate del Pakistan - \u00abiFamNews\u00bb","description":"Ancora un caso di rapimento, violenza e matrimonio forzato per una ragazzina cristiana a Faisalabad. Forse rientrata a casa","robots":{"index":"index","follow":"follow","max-snippet":"max-snippet:-1","max-image-preview":"max-image-preview:large","max-video-preview":"max-video-preview:-1"},"canonical":"https:\/\/ifamnews.com\/it\/saba-e-le-ragazze-predate-del-pakistan","og_locale":"it_IT","og_type":"article","og_title":"Saba e le ragazze predate del Pakistan","og_description":"Ancora un caso di rapimento, violenza e matrimonio forzato per una ragazzina cristiana a Faisalabad. Forse rientrata a casa","og_url":"https:\/\/ifamnews.com\/it\/saba-e-le-ragazze-predate-del-pakistan","og_site_name":"IFN","article_publisher":"https:\/\/www.facebook.com\/iFamNews","article_published_time":"2022-06-11T15:00:00+00:00","og_image":[{"width":458,"height":284,"url":"https:\/\/ifamnews.com\/wp-content\/uploads\/2022\/06\/Saba-Masih.png","type":"image\/png"}],"author":"Barbara Santambrogio","twitter_card":"summary_large_image","twitter_creator":"@iFamNewsEN","twitter_site":"@iFamNewsEN","twitter_misc":{"Scritto da":"Barbara Santambrogio","Tempo di lettura stimato":"3 minuti"},"schema":{"@context":"https:\/\/schema.org","@graph":[{"@type":"NewsArticle","@id":"https:\/\/ifamnews.com\/it\/saba-e-le-ragazze-predate-del-pakistan#article","isPartOf":{"@id":"https:\/\/ifamnews.com\/it\/saba-e-le-ragazze-predate-del-pakistan"},"author":{"name":"Barbara Santambrogio","@id":"https:\/\/ifamnews.com\/en\/#\/schema\/person\/17118599da2799311b3611609a244572"},"headline":"Saba e le ragazze predate del Pakistan","datePublished":"2022-06-11T15:00:00+00:00","mainEntityOfPage":{"@id":"https:\/\/ifamnews.com\/it\/saba-e-le-ragazze-predate-del-pakistan"},"wordCount":539,"commentCount":0,"publisher":{"@id":"https:\/\/ifamnews.com\/en\/#organization"},"image":{"@id":"https:\/\/ifamnews.com\/it\/saba-e-le-ragazze-predate-del-pakistan#primaryimage"},"thumbnailUrl":"https:\/\/ifamnews.com\/wp-content\/uploads\/2022\/06\/Saba-Masih.png","keywords":["Libert\u00e0 religiosa","Pakistan"],"articleSection":["Famiglia","In evidenza","Politica"],"inLanguage":"it-IT","potentialAction":[{"@type":"CommentAction","name":"Comment","target":["https:\/\/ifamnews.com\/it\/saba-e-le-ragazze-predate-del-pakistan#respond"]}]},{"@type":"WebPage","@id":"https:\/\/ifamnews.com\/it\/saba-e-le-ragazze-predate-del-pakistan","url":"https:\/\/ifamnews.com\/it\/saba-e-le-ragazze-predate-del-pakistan","name":"Saba e le ragazze predate del Pakistan - \u00abiFamNews\u00bb","isPartOf":{"@id":"https:\/\/ifamnews.com\/en\/#website"},"primaryImageOfPage":{"@id":"https:\/\/ifamnews.com\/it\/saba-e-le-ragazze-predate-del-pakistan#primaryimage"},"image":{"@id":"https:\/\/ifamnews.com\/it\/saba-e-le-ragazze-predate-del-pakistan#primaryimage"},"thumbnailUrl":"https:\/\/ifamnews.com\/wp-content\/uploads\/2022\/06\/Saba-Masih.png","datePublished":"2022-06-11T15:00:00+00:00","description":"Ancora un caso di rapimento, violenza e matrimonio forzato per una ragazzina cristiana a Faisalabad. Forse rientrata a casa","breadcrumb":{"@id":"https:\/\/ifamnews.com\/it\/saba-e-le-ragazze-predate-del-pakistan#breadcrumb"},"inLanguage":"it-IT","potentialAction":[{"@type":"ReadAction","target":["https:\/\/ifamnews.com\/it\/saba-e-le-ragazze-predate-del-pakistan"]}]},{"@type":"ImageObject","inLanguage":"it-IT","@id":"https:\/\/ifamnews.com\/it\/saba-e-le-ragazze-predate-del-pakistan#primaryimage","url":"https:\/\/ifamnews.com\/wp-content\/uploads\/2022\/06\/Saba-Masih.png","contentUrl":"https:\/\/ifamnews.com\/wp-content\/uploads\/2022\/06\/Saba-Masih.png","width":458,"height":284,"caption":"Saba Masih"},{"@type":"BreadcrumbList","@id":"https:\/\/ifamnews.com\/it\/saba-e-le-ragazze-predate-del-pakistan#breadcrumb","itemListElement":[{"@type":"ListItem","position":1,"name":"Home","item":"https:\/\/ifamnews.com\/de"},{"@type":"ListItem","position":2,"name":"Famiglia","item":"https:\/\/ifamnews.com\/it\/categoria\/famiglia"},{"@type":"ListItem","position":3,"name":"Saba e le ragazze predate del Pakistan"}]},{"@type":"WebSite","@id":"https:\/\/ifamnews.com\/en\/#website","url":"https:\/\/ifamnews.com\/en\/","name":"IFN","description":"International Family News Network","publisher":{"@id":"https:\/\/ifamnews.com\/en\/#organization"},"potentialAction":[{"@type":"SearchAction","target":{"@type":"EntryPoint","urlTemplate":"https:\/\/ifamnews.com\/en\/?s={search_term_string}"},"query-input":{"@type":"PropertyValueSpecification","valueRequired":true,"valueName":"search_term_string"}}],"inLanguage":"it-IT"},{"@type":"Organization","@id":"https:\/\/ifamnews.com\/en\/#organization","name":"iFamNews","url":"https:\/\/ifamnews.com\/en\/","logo":{"@type":"ImageObject","inLanguage":"it-IT","@id":"https:\/\/ifamnews.com\/en\/#\/schema\/logo\/image\/","url":"https:\/\/ifamnews.com\/wp-content\/uploads\/2020\/01\/Share-logo.png","contentUrl":"https:\/\/ifamnews.com\/wp-content\/uploads\/2020\/01\/Share-logo.png","width":200,"height":200,"caption":"iFamNews"},"image":{"@id":"https:\/\/ifamnews.com\/en\/#\/schema\/logo\/image\/"},"sameAs":["https:\/\/www.facebook.com\/iFamNews","https:\/\/x.com\/iFamNewsEN"]},{"@type":"Person","@id":"https:\/\/ifamnews.com\/en\/#\/schema\/person\/17118599da2799311b3611609a244572","name":"Barbara Santambrogio","image":{"@type":"ImageObject","inLanguage":"it-IT","@id":"https:\/\/secure.gravatar.com\/avatar\/e82fde821e1707b5acb9fe7ab0a5d6e32d42db6117e73021c2fc05cc90dad32f?s=96&d=mm&r=g","url":"https:\/\/secure.gravatar.com\/avatar\/e82fde821e1707b5acb9fe7ab0a5d6e32d42db6117e73021c2fc05cc90dad32f?s=96&d=mm&r=g","contentUrl":"https:\/\/secure.gravatar.com\/avatar\/e82fde821e1707b5acb9fe7ab0a5d6e32d42db6117e73021c2fc05cc90dad32f?s=96&d=mm&r=g","caption":"Barbara Santambrogio"},"description":"After an original and varied working path, in the field of advertising and publishing, but also in the world of wine, she finally came to deal with what she is most passionate about. Today she writes (for the web, but not only), deals with translations and teaches in elementary school. Biological and adoptive mother, she loves reading and running.","url":"https:\/\/ifamnews.com\/it\/author\/bsantambrogio"}]}},"amp_enabled":true,"_links":{"self":[{"href":"https:\/\/ifamnews.com\/it\/wp-json\/wp\/v2\/posts\/147887","targetHints":{"allow":["GET"]}}],"collection":[{"href":"https:\/\/ifamnews.com\/it\/wp-json\/wp\/v2\/posts"}],"about":[{"href":"https:\/\/ifamnews.com\/it\/wp-json\/wp\/v2\/types\/post"}],"author":[{"embeddable":true,"href":"https:\/\/ifamnews.com\/it\/wp-json\/wp\/v2\/users\/14"}],"replies":[{"embeddable":true,"href":"https:\/\/ifamnews.com\/it\/wp-json\/wp\/v2\/comments?post=147887"}],"version-history":[{"count":2,"href":"https:\/\/ifamnews.com\/it\/wp-json\/wp\/v2\/posts\/147887\/revisions"}],"predecessor-version":[{"id":147904,"href":"https:\/\/ifamnews.com\/it\/wp-json\/wp\/v2\/posts\/147887\/revisions\/147904"}],"wp:featuredmedia":[{"embeddable":true,"href":"https:\/\/ifamnews.com\/it\/wp-json\/wp\/v2\/media\/147888"}],"wp:attachment":[{"href":"https:\/\/ifamnews.com\/it\/wp-json\/wp\/v2\/media?parent=147887"}],"wp:term":[{"taxonomy":"category","embeddable":true,"href":"https:\/\/ifamnews.com\/it\/wp-json\/wp\/v2\/categories?post=147887"},{"taxonomy":"post_tag","embeddable":true,"href":"https:\/\/ifamnews.com\/it\/wp-json\/wp\/v2\/tags?post=147887"}],"curies":[{"name":"wp","href":"https:\/\/api.w.org\/{rel}","templated":true}]}}