{"id":147382,"date":"2022-06-08T12:00:00","date_gmt":"2022-06-08T16:00:00","guid":{"rendered":"https:\/\/ifamnews.com\/?p=147382"},"modified":"2022-06-08T12:29:44","modified_gmt":"2022-06-08T16:29:44","slug":"j-n-fige-sulla-nigeria-all-europarlamento-libert-religiosa-anzitutto","status":"publish","type":"post","link":"https:\/\/ifamnews.com\/it\/j-n-fige-sulla-nigeria-all-europarlamento-libert-religiosa-anzitutto","title":{"rendered":"J\u00e1n Fige\u013e sulla Nigeria all\u2019Europarlamento: libert\u00e0 religiosa anzitutto"},"content":{"rendered":"\n<p><a href=\"https:\/\/www.europarl.europa.eu\/sedcms\/documents\/PRIORITY_INFO\/631\/SYN_OJ_June%20I_STR_EN.pdf\" target=\"_blank\" rel=\"noreferrer noopener\">Stasera, dopo le 18:00, presumibilmente in tarda serata<\/a>, il Parlamento Europeo discuter\u00e0 del <a href=\"https:\/\/ifamnews.com\/it\/il-genocidio-dei-cristiani-nigeriani-nel-parlamento-europeo\" target=\"_blank\" rel=\"noreferrer noopener\">genocidio dei cristiani in atto, non da oggi, in Nigeria<\/a>. <em>Step<\/em> timido, ma decisivo. Se infatti non si incomincia, non si andr\u00e0 mai in alcun luogo, figuriamoci lontano. Il silenzio che circonda l\u2019ecatombe nigeriana \u00e8 una delle molte macchie sulla coscienza della politica internazionale; quindi, il primo passo di oggi va salutato comunque con favore. Certo, non \u00e8 in discussione alcuna risoluzione e quindi non accadr\u00e0 nulla di fatto. Ma, ancora, davvero meglio che nulla.<\/p>\n\n\n\n<p>La Nigeria, infatti, lo merita. Lo afferma senza mezzi termini <a href=\"https:\/\/ifamnews.com\/it?s=J%C3%A1n+Fige%C4%BE\" target=\"_blank\" rel=\"noreferrer noopener\">J\u00e1n Fige\u013e, uomo politico slovacco, gi\u00e0 \u00abInviato speciale per la promozione della libert\u00e0 di religione o di credo fuori dall\u2019Unione Europea\u00bb<\/a>, al centro di una controversia diciamo curiosa di cui \u00abiFamNews\u00bb si \u00e8 volentieri occupata, persino lanciando una <a href=\"https:\/\/ifamnews.com\/it\/petition\/riconfermare-jan-figel\" target=\"_blank\" rel=\"noreferrer noopener\">petizione a favore del rinnovo del suo mandato da parte della Commissione Europea<\/a> quando la Commissione Europea cercava di fare di tutto per guardare altrove.<\/p>\n\n\n\n<p>\u00abLa Nigeria\u00bb, <a href=\"https:\/\/www.janfigel.eu\/\" target=\"_blank\" rel=\"noreferrer noopener\">mi dice Figel\u2019<\/a>, \u00ab\u00e8 il Paese pi\u00f9 grande dell\u2019Africa e per questo i suoi molteplici e dolorosi problemi non debbono essere sottovalutati o ignorati dalla comunit\u00e0 internazionale. Gli attacchi sanguinosi e ripetuti contro le comunit\u00e0 cristiane da parte dei militanti islamisti debbono essere fermati e i crimini commessi debbono essere perseguiti dalle autorit\u00e0 dello Stato. Il presidente Muhammadu Buhari e il governo della Nigeria debbono mostrare di sforzarsi davvero per l\u2019ottenimento della giustizia per tutti. La giustizia \u00e8 infatti fondamentale per la dignit\u00e0 delle persone, per la pace, per la stabilit\u00e0 e per lo sviluppo sostenibile di questo importante Paese\u00bb.<\/p>\n\n\n\n<p>Il problema nigeriano \u00e8 enorme, e il prezzo, carissimo, lo stanno pagando i cristiani. I motivi per cui i cristiani vengono colpiti sono tanti, di natura economica e di natura politica. Ma capita in Nigeria una cosa particolarmente antipatica: la religione, cristiana, delle vittime viene adoperata come scusa per celare mire di natura economica e politica, e al contempo i problemi di natura economica e politica tali sono per ragioni anche religiose. \u00c8 ci\u00f2 che <a href=\"https:\/\/ifamnews.com\/it\/prove-di-genocidio-in-nigeria-altro-che-i-mutamenti-climatici\" target=\"_blank\" rel=\"noreferrer noopener\">\u00abiFamNews\u00bb sta cercando di dire <\/a><a href=\"https:\/\/ifamnews.com\/it\/prove-di-genocidio-in-nigeria-altro-che-i-mutamenti-climatici\" target=\"_blank\" rel=\"noreferrer noopener\">da luned\u00ec<\/a>, quando afferma che in Nigeria il cristianesimo, e la cultura che ne deriva, e la civilt\u00e0 che ne nasce, \u00e8 uno strumento di emancipazione vera e di progresso autentico in una regione e a fronte di forze che, proprio perch\u00e9 di questo sono convinte, ma vogliono ostacolare il processo virtuoso, massacrano i cristiani: colpevoli religiosamente e culturalmente.<\/p>\n\n\n\n<p>Queste porte girevoli stanno piegando regioni e popoli interi, e fanno del tema \u00ablibert\u00e0 religiosa\u00bb ancora una volta la necessit\u00e0 prima: libert\u00e0 religiosa in s\u00e9 come valore primario e libert\u00e0 religiosa come alveo necessario alla politica buona.<\/p>\n\n\n\n<p>\u00abLa continua persecuzione delle minoranze religiose e delle persone di fede nel mondo\u00bb, mi spiega ancora Figel\u2019, che ha toccato a lungo questa realt\u00e0 grave con mano, \u00abconferma l\u2019urgenza di proteggere e di promuovere la libert\u00e0 di credo a livello internazionale. Perch\u00e9, purtroppo, milioni di persone sono private di questo diritto. L\u2019Unione Europea deve quindi senza indugio ripristinare l\u2019ufficio dell\u2019\u201cInviato speciale per la promozione della libert\u00e0 di religione o di credo fuori dall\u2019Unione Europea\u201d\u00bb.<\/p>\n\n\n\n<p>Proprio ci\u00f2 che Figel\u2019 \u00e8 stato, \u00e8 stato egregiamente e anche \u00abiFamNews\u00bb chiede sia ancora. Figel\u2019 o altri della sua statura morale e professionale. Il problema resta infatti uno e uno solo: i perseguitati per la fede, perseguitati che non hanno protezione.<\/p>\n","protected":false},"excerpt":{"rendered":"<p>Il problema resta uno e uno solo: i perseguitati per la fede, perseguitati che non hanno protezione. \u00abLa UE ripristini l\u2019ufficio dell\u2019\u201cInviato speciale per la promozione della libert\u00e0 di religione o di credo fuori dall\u2019Unione Europea\u201d\u00bb<\/p>\n","protected":false},"author":7,"featured_media":147387,"comment_status":"open","ping_status":"open","sticky":false,"template":"","format":"standard","meta":{"give_campaign_id":0,"om_disable_all_campaigns":false,"_monsterinsights_skip_tracking":false,"_monsterinsights_sitenote_active":false,"_monsterinsights_sitenote_note":"","_monsterinsights_sitenote_category":0,"mc4wp_mailchimp_campaign":[],"jnews-multi-image_gallery":[],"jnews_single_post":{"subtitle":"Il problema resta uno e uno solo: i perseguitati per la fede, perseguitati che non hanno protezione. \u00abLa UE ripristini l\u2019ufficio dell\u2019\u201cInviato speciale per la promozione della libert\u00e0 di religione o di credo fuori dall\u2019Unione Europea\u201d\u00bb","format":"standard","video":"","gallery":"","source_name":"","source_url":"","via_name":"","via_url":"","override":[{"template":"1","single_blog_custom":"","parallax":"1","fullscreen":"1","layout":"right-sidebar","sidebar":"default-sidebar","second_sidebar":"default-sidebar","sticky_sidebar":"1","share_position":"top","share_float_style":"share-monocrhome","show_share_counter":"1","show_view_counter":"1","show_featured":"1","show_post_meta":"1","show_post_author":"1","show_post_author_image":"1","show_post_date":"1","post_date_format":"default","post_date_format_custom":"Y\/m\/d","show_post_category":"1","post_reading_time_wpm":"300","zoom_button_out_step":"2","zoom_button_in_step":"3","show_post_tag":"1","show_prev_next_post":"1","show_popup_post":"1","number_popup_post":"1"}],"image_override":[{"single_post_thumbnail_size":"crop-500","single_post_gallery_size":"crop-500"}],"trending_post_position":"meta","trending_post_label":"Trending","sponsored_post_label":"Sponsored by","sponsored_post_name":"","sponsored_post_url":"","sponsored_post_logo":"","sponsored_post_desc":""},"jnews_primary_category":{"id":"780"},"jnews_social_meta":{"fb_title":"","fb_description":"","fb_image":"","twitter_title":"","twitter_description":"","twitter_image":""},"jnews_override_counter":{"view_counter_number":"0","share_counter_number":"0","like_counter_number":"0","dislike_counter_number":"0"},"footnotes":""},"categories":[8488,951,780],"tags":[1962,947,1213],"class_list":["post-147382","post","type-post","status-publish","format-standard","has-post-thumbnail","hentry","category-breaking-news","category-foreground-it","category-politica-it","tag-liberta-religiosa","tag-nigeria","tag-parlamento-europeo"],"yoast_head":"<!-- This site is optimized with the Yoast SEO Premium plugin v25.9 (Yoast SEO v27.3) - https:\/\/yoast.com\/product\/yoast-seo-premium-wordpress\/ -->\n<title>J\u00e1n Fige\u013e sulla Nigeria all\u2019Europarlamento: libert\u00e0 religiosa anzitutto - \u00abiFamNews\u00bb<\/title>\n<meta name=\"description\" content=\"\u00abLa UE ripristini l\u2019ufficio dell\u2019\u201cInviato speciale per la promozione della libert\u00e0 di religione o di credo fuori dall\u2019Unione Europea\u201d\u00bb.\" \/>\n<meta name=\"robots\" content=\"index, follow, max-snippet:-1, max-image-preview:large, max-video-preview:-1\" \/>\n<link rel=\"canonical\" href=\"https:\/\/ifamnews.com\/it\/j-n-fige-sulla-nigeria-all-europarlamento-libert-religiosa-anzitutto\" \/>\n<meta property=\"og:locale\" content=\"it_IT\" \/>\n<meta property=\"og:type\" content=\"article\" \/>\n<meta property=\"og:title\" content=\"J\u00e1n Fige\u013e sulla Nigeria all\u2019Europarlamento: libert\u00e0 religiosa anzitutto\" \/>\n<meta property=\"og:description\" content=\"\u00abLa UE ripristini l\u2019ufficio dell\u2019\u201cInviato speciale per la promozione della libert\u00e0 di religione o di credo fuori dall\u2019Unione Europea\u201d\u00bb.\" \/>\n<meta property=\"og:url\" content=\"https:\/\/ifamnews.com\/it\/j-n-fige-sulla-nigeria-all-europarlamento-libert-religiosa-anzitutto\" \/>\n<meta property=\"og:site_name\" content=\"IFN\" \/>\n<meta property=\"article:publisher\" content=\"https:\/\/www.facebook.com\/iFamNews\" \/>\n<meta property=\"article:author\" content=\"https:\/\/facebook.com\/MarcoRespinti\" \/>\n<meta property=\"article:published_time\" content=\"2022-06-08T16:00:00+00:00\" \/>\n<meta property=\"article:modified_time\" content=\"2022-06-08T16:29:44+00:00\" \/>\n<meta property=\"og:image\" content=\"https:\/\/ifamnews.com\/wp-content\/uploads\/2022\/06\/JanFigel-1.webp\" \/>\n\t<meta property=\"og:image:width\" content=\"1200\" \/>\n\t<meta property=\"og:image:height\" content=\"675\" \/>\n\t<meta property=\"og:image:type\" content=\"image\/webp\" \/>\n<meta name=\"author\" content=\"Marco Respinti\" \/>\n<meta name=\"twitter:card\" content=\"summary_large_image\" \/>\n<meta name=\"twitter:creator\" content=\"@https:\/\/twitter.com\/MarcoRespinti\" \/>\n<meta name=\"twitter:site\" content=\"@iFamNewsEN\" \/>\n<meta name=\"twitter:label1\" content=\"Scritto da\" \/>\n\t<meta name=\"twitter:data1\" content=\"Marco Respinti\" \/>\n\t<meta name=\"twitter:label2\" content=\"Tempo di lettura stimato\" \/>\n\t<meta name=\"twitter:data2\" content=\"3 minuti\" \/>\n<!-- \/ Yoast SEO Premium plugin. -->","yoast_head_json":{"title":"J\u00e1n Fige\u013e sulla Nigeria all\u2019Europarlamento: libert\u00e0 religiosa anzitutto - \u00abiFamNews\u00bb","description":"\u00abLa UE ripristini l\u2019ufficio dell\u2019\u201cInviato speciale per la promozione della libert\u00e0 di religione o di credo fuori dall\u2019Unione Europea\u201d\u00bb.","robots":{"index":"index","follow":"follow","max-snippet":"max-snippet:-1","max-image-preview":"max-image-preview:large","max-video-preview":"max-video-preview:-1"},"canonical":"https:\/\/ifamnews.com\/it\/j-n-fige-sulla-nigeria-all-europarlamento-libert-religiosa-anzitutto","og_locale":"it_IT","og_type":"article","og_title":"J\u00e1n Fige\u013e sulla Nigeria all\u2019Europarlamento: libert\u00e0 religiosa anzitutto","og_description":"\u00abLa UE ripristini l\u2019ufficio dell\u2019\u201cInviato speciale per la promozione della libert\u00e0 di religione o di credo fuori dall\u2019Unione Europea\u201d\u00bb.","og_url":"https:\/\/ifamnews.com\/it\/j-n-fige-sulla-nigeria-all-europarlamento-libert-religiosa-anzitutto","og_site_name":"IFN","article_publisher":"https:\/\/www.facebook.com\/iFamNews","article_author":"https:\/\/facebook.com\/MarcoRespinti","article_published_time":"2022-06-08T16:00:00+00:00","article_modified_time":"2022-06-08T16:29:44+00:00","og_image":[{"width":1200,"height":675,"url":"https:\/\/ifamnews.com\/wp-content\/uploads\/2022\/06\/JanFigel-1.webp","type":"image\/webp"}],"author":"Marco Respinti","twitter_card":"summary_large_image","twitter_creator":"@https:\/\/twitter.com\/MarcoRespinti","twitter_site":"@iFamNewsEN","twitter_misc":{"Scritto da":"Marco Respinti","Tempo di lettura stimato":"3 minuti"},"schema":{"@context":"https:\/\/schema.org","@graph":[{"@type":"NewsArticle","@id":"https:\/\/ifamnews.com\/it\/j-n-fige-sulla-nigeria-all-europarlamento-libert-religiosa-anzitutto#article","isPartOf":{"@id":"https:\/\/ifamnews.com\/it\/j-n-fige-sulla-nigeria-all-europarlamento-libert-religiosa-anzitutto"},"author":{"name":"Marco Respinti","@id":"https:\/\/ifamnews.com\/en\/#\/schema\/person\/f0579ab02623e80d44006c1a5d949ea9"},"headline":"J\u00e1n Fige\u013e sulla Nigeria all\u2019Europarlamento: libert\u00e0 religiosa anzitutto","datePublished":"2022-06-08T16:00:00+00:00","dateModified":"2022-06-08T16:29:44+00:00","mainEntityOfPage":{"@id":"https:\/\/ifamnews.com\/it\/j-n-fige-sulla-nigeria-all-europarlamento-libert-religiosa-anzitutto"},"wordCount":564,"commentCount":0,"publisher":{"@id":"https:\/\/ifamnews.com\/en\/#organization"},"image":{"@id":"https:\/\/ifamnews.com\/it\/j-n-fige-sulla-nigeria-all-europarlamento-libert-religiosa-anzitutto#primaryimage"},"thumbnailUrl":"https:\/\/ifamnews.com\/wp-content\/uploads\/2022\/06\/JanFigel-1.webp","keywords":["Libert\u00e0 religiosa","Nigeria","Parlamento Europeo"],"articleSection":["Breaking News","In evidenza","Politica"],"inLanguage":"it-IT","potentialAction":[{"@type":"CommentAction","name":"Comment","target":["https:\/\/ifamnews.com\/it\/j-n-fige-sulla-nigeria-all-europarlamento-libert-religiosa-anzitutto#respond"]}]},{"@type":"WebPage","@id":"https:\/\/ifamnews.com\/it\/j-n-fige-sulla-nigeria-all-europarlamento-libert-religiosa-anzitutto","url":"https:\/\/ifamnews.com\/it\/j-n-fige-sulla-nigeria-all-europarlamento-libert-religiosa-anzitutto","name":"J\u00e1n Fige\u013e sulla Nigeria all\u2019Europarlamento: libert\u00e0 religiosa anzitutto - \u00abiFamNews\u00bb","isPartOf":{"@id":"https:\/\/ifamnews.com\/en\/#website"},"primaryImageOfPage":{"@id":"https:\/\/ifamnews.com\/it\/j-n-fige-sulla-nigeria-all-europarlamento-libert-religiosa-anzitutto#primaryimage"},"image":{"@id":"https:\/\/ifamnews.com\/it\/j-n-fige-sulla-nigeria-all-europarlamento-libert-religiosa-anzitutto#primaryimage"},"thumbnailUrl":"https:\/\/ifamnews.com\/wp-content\/uploads\/2022\/06\/JanFigel-1.webp","datePublished":"2022-06-08T16:00:00+00:00","dateModified":"2022-06-08T16:29:44+00:00","description":"\u00abLa UE ripristini l\u2019ufficio dell\u2019\u201cInviato speciale per la promozione della libert\u00e0 di religione o di credo fuori dall\u2019Unione Europea\u201d\u00bb.","breadcrumb":{"@id":"https:\/\/ifamnews.com\/it\/j-n-fige-sulla-nigeria-all-europarlamento-libert-religiosa-anzitutto#breadcrumb"},"inLanguage":"it-IT","potentialAction":[{"@type":"ReadAction","target":["https:\/\/ifamnews.com\/it\/j-n-fige-sulla-nigeria-all-europarlamento-libert-religiosa-anzitutto"]}]},{"@type":"ImageObject","inLanguage":"it-IT","@id":"https:\/\/ifamnews.com\/it\/j-n-fige-sulla-nigeria-all-europarlamento-libert-religiosa-anzitutto#primaryimage","url":"https:\/\/ifamnews.com\/wp-content\/uploads\/2022\/06\/JanFigel-1.webp","contentUrl":"https:\/\/ifamnews.com\/wp-content\/uploads\/2022\/06\/JanFigel-1.webp","width":1200,"height":675,"caption":"Jan Figel"},{"@type":"BreadcrumbList","@id":"https:\/\/ifamnews.com\/it\/j-n-fige-sulla-nigeria-all-europarlamento-libert-religiosa-anzitutto#breadcrumb","itemListElement":[{"@type":"ListItem","position":1,"name":"Home","item":"https:\/\/ifamnews.com\/de"},{"@type":"ListItem","position":2,"name":"Politics","item":"https:\/\/ifamnews.com\/en\/category\/politics"},{"@type":"ListItem","position":3,"name":"J\u00e1n Fige\u013e sulla Nigeria all\u2019Europarlamento: libert\u00e0 religiosa anzitutto"}]},{"@type":"WebSite","@id":"https:\/\/ifamnews.com\/en\/#website","url":"https:\/\/ifamnews.com\/en\/","name":"IFN","description":"International Family News Network","publisher":{"@id":"https:\/\/ifamnews.com\/en\/#organization"},"potentialAction":[{"@type":"SearchAction","target":{"@type":"EntryPoint","urlTemplate":"https:\/\/ifamnews.com\/en\/?s={search_term_string}"},"query-input":{"@type":"PropertyValueSpecification","valueRequired":true,"valueName":"search_term_string"}}],"inLanguage":"it-IT"},{"@type":"Organization","@id":"https:\/\/ifamnews.com\/en\/#organization","name":"iFamNews","url":"https:\/\/ifamnews.com\/en\/","logo":{"@type":"ImageObject","inLanguage":"it-IT","@id":"https:\/\/ifamnews.com\/en\/#\/schema\/logo\/image\/","url":"https:\/\/ifamnews.com\/wp-content\/uploads\/2020\/01\/Share-logo.png","contentUrl":"https:\/\/ifamnews.com\/wp-content\/uploads\/2020\/01\/Share-logo.png","width":200,"height":200,"caption":"iFamNews"},"image":{"@id":"https:\/\/ifamnews.com\/en\/#\/schema\/logo\/image\/"},"sameAs":["https:\/\/www.facebook.com\/iFamNews","https:\/\/x.com\/iFamNewsEN"]},{"@type":"Person","@id":"https:\/\/ifamnews.com\/en\/#\/schema\/person\/f0579ab02623e80d44006c1a5d949ea9","name":"Marco Respinti","image":{"@type":"ImageObject","inLanguage":"it-IT","@id":"https:\/\/secure.gravatar.com\/avatar\/4ab04a5127131015e13010f222e38621144dc33a5df5d977b35ceeab15ee958f?s=96&d=mm&r=g","url":"https:\/\/secure.gravatar.com\/avatar\/4ab04a5127131015e13010f222e38621144dc33a5df5d977b35ceeab15ee958f?s=96&d=mm&r=g","contentUrl":"https:\/\/secure.gravatar.com\/avatar\/4ab04a5127131015e13010f222e38621144dc33a5df5d977b35ceeab15ee958f?s=96&d=mm&r=g","caption":"Marco Respinti"},"description":"Marco Respinti was the Editor-in-Chief of International Family News until the end of 2022. He is an Italian professional journalist, member of the International Federation of Journalists (IFJ), essayist, translator, and lecturer. He has contributed and contributes to several journals and magazines both in print and online, both in Italy and abroad. Author of books, he has translated and\/or edited works by, among others, Edmund Burke, Charles Dickens, T.S. Eliot, Russell Kirk, J.R.R. Tolkien, R\u00e9gine Pernoud and Gustave Thibon. A Senior fellow at the\u00a0Russell Kirk Center for Cultural Renewal (Mecosta, Michigan) he is also a founding member as well as Board member of the Center for European Renewal (The Hague, The Netherlands). A member of the Editorial Board of The European Conservative magazine, as well as a member of the Advisory Council of the European Federation for Freedom of Belief, he serves as Director-in-Charge of the academic publication The Journal of CESNUR and the online Bitter Winter: A Magazine on Religious Liberty and Human Rights.","sameAs":["https:\/\/facebook.com\/MarcoRespinti","https:\/\/it.linkedin.com\/in\/marcorespinti","https:\/\/pinterest.it\/MarcoRespinti\/_created\/","https:\/\/x.com\/https:\/\/twitter.com\/MarcoRespinti","https:\/\/youtube.com\/channel\/UC1FbsvyQNTQ-snpsmRC12Og?view_as=subscriber"],"url":"https:\/\/ifamnews.com\/it\/author\/mrespinti"}]}},"amp_enabled":true,"_links":{"self":[{"href":"https:\/\/ifamnews.com\/it\/wp-json\/wp\/v2\/posts\/147382","targetHints":{"allow":["GET"]}}],"collection":[{"href":"https:\/\/ifamnews.com\/it\/wp-json\/wp\/v2\/posts"}],"about":[{"href":"https:\/\/ifamnews.com\/it\/wp-json\/wp\/v2\/types\/post"}],"author":[{"embeddable":true,"href":"https:\/\/ifamnews.com\/it\/wp-json\/wp\/v2\/users\/7"}],"replies":[{"embeddable":true,"href":"https:\/\/ifamnews.com\/it\/wp-json\/wp\/v2\/comments?post=147382"}],"version-history":[{"count":5,"href":"https:\/\/ifamnews.com\/it\/wp-json\/wp\/v2\/posts\/147382\/revisions"}],"predecessor-version":[{"id":147462,"href":"https:\/\/ifamnews.com\/it\/wp-json\/wp\/v2\/posts\/147382\/revisions\/147462"}],"wp:featuredmedia":[{"embeddable":true,"href":"https:\/\/ifamnews.com\/it\/wp-json\/wp\/v2\/media\/147387"}],"wp:attachment":[{"href":"https:\/\/ifamnews.com\/it\/wp-json\/wp\/v2\/media?parent=147382"}],"wp:term":[{"taxonomy":"category","embeddable":true,"href":"https:\/\/ifamnews.com\/it\/wp-json\/wp\/v2\/categories?post=147382"},{"taxonomy":"post_tag","embeddable":true,"href":"https:\/\/ifamnews.com\/it\/wp-json\/wp\/v2\/tags?post=147382"}],"curies":[{"name":"wp","href":"https:\/\/api.w.org\/{rel}","templated":true}]}}