{"id":147277,"date":"2022-06-08T09:00:00","date_gmt":"2022-06-08T13:00:00","guid":{"rendered":"https:\/\/ifamnews.com\/?p=147277"},"modified":"2022-06-08T11:15:08","modified_gmt":"2022-06-08T15:15:08","slug":"l-inaccettabile-ingerenza-dell-europarlamento-sull-aborto","status":"publish","type":"post","link":"https:\/\/ifamnews.com\/it\/l-inaccettabile-ingerenza-dell-europarlamento-sull-aborto","title":{"rendered":"L&#8217;inaccettabile ingerenza dell&#8217;Europarlamento sull&#8217;aborto"},"content":{"rendered":"\n<p>Oggi alle 18, prima di discutere del <a href=\"https:\/\/ifamnews.com\/it\/il-genocidio-dei-cristiani-nigeriani-nel-parlamento-europeo\" target=\"_blank\" rel=\"noreferrer noopener\">genocidio dei cristiani in Nigeria<\/a>, la sessione plenaria del Parlamento Europeo a Strasburgo ha in calendario di interrogarsi su un altro tema, <em><a href=\"https:\/\/www.europarl.europa.eu\/doceo\/document\/B-9-2022-0299_EN.pdf\" target=\"_blank\" rel=\"noreferrer noopener\">Global threats to abortion rights: the possible overturn of abortion rights in the US by the Supreme Court<\/a><\/em>. E <a href=\"https:\/\/www.suitetti.org\/2022\/06\/08\/comunicato-stampa-il-parlamento-di-strasburgo-contro-leuropa\/\" target=\"_blank\" rel=\"noreferrer noopener\">domani vota<\/a> una mozione proditoria.<\/p>\n\n\n\n<p>Ovvero, siccome la Corte Suprema federale degli Stati Uniti d\u2019America si sta occupando di una caso la cui soluzione ha <a href=\"https:\/\/ifamnews.com\/it\/clamoroso-la-corte-suprema-usa-ferma-l-aborto\" target=\"_blank\" rel=\"noreferrer noopener\">la forza e il potenziale di abolire la falsa idea che l\u2019aborto sia, in quel paese, un diritto federale<\/a>, rimettendo la questione ai singoli Stati dell\u2019Unione, ovvero eliminando uno degli ostacoli maggiori, dal 1973 a oggi, per la difesa della vita umana innocente, allora l\u2019Unione Europea si domanda preoccupata <a href=\"https:\/\/ifamnews.com\/it\/cosa-succeder-in-italia-se-gli-usa-smantellano-la-roe-v-wade\" target=\"_blank\" rel=\"noreferrer noopener\">come continuare la mattanza, anche fuori dagli Stati Uniti<\/a>.<\/p>\n\n\n\n<p>Il linguaggio usato dalla UE \u00e8 pesantissimo: la soppressione di un innocente ancora nel grembo materno intesa come \u00abdiritto\u00bb umano e la sua limitazione come \u00abminaccia globale\u00bb con lo stesso piglio che si usa di fronte al terrorismo.<\/p>\n\n\n\n<p>La retorica \u00e8 un\u2019arte sublime e sa farsi sottile. Quando diventa tagliente, si trasforma in un\u2019arma. Che colpisce, spesso alle spalle, sempre letale. Vedere le istituzioni europee tanto affaccendate a intentare un processo contro le intenzioni per difendere un\u2019ingiustizia lorda di milioni i morti \u00e8 sfiancante, deludente e sconfortante.<\/p>\n\n\n\n<p>La Commissione delle Conferenze episcopali della Comunit\u00e0 Europea (COMECE) \u00e8, di fronte a questa protervia, sfiancata, delusa e sconfortata. Per bocca del proprio <a href=\"https:\/\/www.comece.eu\/declaration-of-the-general-secretary-of-comece-on-the-ep-discussion-on-global-threats-to-abortion-rights\/\" target=\"_blank\" rel=\"noreferrer noopener\">Segretario generale, padre Manuel Barrios Prieto<\/a>, ha quindi rilasciato una dichiarazione decisiva preventiva, che riporto integralmente dal sito <em>web<\/em> della COMECE, facendone mie, nostre la denuncia e il monito.<\/p>\n\n\n\n<div style=\"height:20px\" aria-hidden=\"true\" class=\"wp-block-spacer\"><\/div>\n\n\n\n<div class=\"wp-block-media-text alignfull is-stacked-on-mobile is-vertically-aligned-top\"><figure class=\"wp-block-media-text__media\"><a href=\"https:\/\/www.comece.eu\/wp-content\/uploads\/sites\/2\/2022\/06\/2022-06-08-SG-Statement-Global-Threat-to-abortion.pdf\" target=\"_blank\" rel=\"noopener\"><img decoding=\"async\" width=\"724\" height=\"1024\" src=\"https:\/\/ifamnews.com\/wp-content\/uploads\/2022\/06\/9d12e0d227784fb8c5ebac493fa9f9e3ViipNks2TBIVItPy-0-1-724x1024.jpg\" alt=\"\" class=\"wp-image-147302 size-full\" srcset=\"https:\/\/ifamnews.com\/wp-content\/uploads\/2022\/06\/9d12e0d227784fb8c5ebac493fa9f9e3ViipNks2TBIVItPy-0-1-724x1024.jpg 724w, https:\/\/ifamnews.com\/wp-content\/uploads\/2022\/06\/9d12e0d227784fb8c5ebac493fa9f9e3ViipNks2TBIVItPy-0-1-768x1087.jpg 768w, https:\/\/ifamnews.com\/wp-content\/uploads\/2022\/06\/9d12e0d227784fb8c5ebac493fa9f9e3ViipNks2TBIVItPy-0-1-1086x1536.jpg 1086w, https:\/\/ifamnews.com\/wp-content\/uploads\/2022\/06\/9d12e0d227784fb8c5ebac493fa9f9e3ViipNks2TBIVItPy-0-1-1447x2048.jpg 1447w, https:\/\/ifamnews.com\/wp-content\/uploads\/2022\/06\/9d12e0d227784fb8c5ebac493fa9f9e3ViipNks2TBIVItPy-0-1-750x1061.jpg 750w, https:\/\/ifamnews.com\/wp-content\/uploads\/2022\/06\/9d12e0d227784fb8c5ebac493fa9f9e3ViipNks2TBIVItPy-0-1-1140x1613.jpg 1140w, https:\/\/ifamnews.com\/wp-content\/uploads\/2022\/06\/9d12e0d227784fb8c5ebac493fa9f9e3ViipNks2TBIVItPy-0-1.jpg 1653w\" sizes=\"(max-width: 724px) 100vw, 724px\" \/><\/a><\/figure><div class=\"wp-block-media-text__content\">\n<p style=\"font-size:14px\">Vediamo con sorpresa che il Parlamento europeo discuter\u00e0 l&#8217;impatto di una bozza di parere trapelata della Corte Suprema degli Stati Uniti sull&#8217;aborto. Si tratta di un&#8217;ingerenza inaccettabile nelle decisioni giurisdizionali democratiche di uno Stato sovrano, un paese che non \u00e8 nemmeno uno Stato membro dell&#8217;UE. L&#8217;adozione di una risoluzione da parte del Parlamento europeo che avalla questa interferenza non far\u00e0 che screditare questa istituzione.<\/p>\n\n\n\n<p style=\"font-size:14px\">A questo proposito, vorremmo ribadire che, dal punto di vista giuridico, non esiste un diritto all&#8217;aborto riconosciuto nel diritto europeo o internazionale. Pertanto, nessuno Stato pu\u00f2 essere obbligato a legalizzare l&#8217;aborto, o ad agevolarlo, o essere strumentale per praticarlo.<\/p>\n\n\n\n<p style=\"font-size:14px\">L&#8217;UE dovrebbe rispettare le competenze legislative dei suoi Stati membri e il principio di attribuzione in base al quale l&#8217;Unione agisce solo nei limiti delle competenze attribuitele dagli Stati membri nei trattati per conseguire gli obiettivi ivi stabiliti (<a href=\"https:\/\/eur-lex.europa.eu\/resource.html?uri=cellar:2bf140bf-a3f8-4ab2-b506-fd71826e6da6.0023.02\/DOC_1&amp;format=PDF\">articolo 5.2 del Trattato dell&#8217;Unione Europea<\/a> ). <a href=\"https:\/\/www.comece.eu\/eu-bishops-reply-to-president-macron-there-is-no-recognized-right-to-abortion-in-european-or-international-law\/\">Come ha espresso<\/a> il Comitato Permanente della COMECE in un comunicato del febbraio 2022, il tentativo di introdurre un presunto diritto all&#8217;aborto nella Carta dei diritti fondamentali dell&#8217;Unione Europea sarebbe una legge \u00abprivata di fondamento etico e destinata a essere motivo di perenne conflitto tra i cittadini dell&#8217;UE\u00bb.<\/p>\n\n\n\n<p style=\"font-size:14px\">Notiamo inoltre con grande preoccupazione e rammarico la negazione del diritto fondamentale all&#8217;obiezione di coscienza, che \u00e8 un&#8217;emanazione della libert\u00e0 di coscienza, come dichiarato dall&#8217;articolo 10.1 della <a href=\"https:\/\/eur-lex.europa.eu\/legal-content\/EN\/TXT\/?uri=CELEX:12012P\/TXT\">Carta dei diritti fondamentali dell&#8217;Unione europea<\/a> e riconosciuto dal Comitato per i diritti umani delle Nazioni Unite ( <a href=\"https:\/\/www.refworld.org\/cases,HRC,4ff59b332.html\">causa Jeong et al c. Repubblica di Corea, 27 aprile 2011<\/a> ). Siamo allarmati dal fatto che il diritto delle istituzioni sanitarie a rifiutarsi di fornire determinati servizi, compreso l&#8217;aborto, sia indebolito o, addirittura, negato. <\/p>\n\n\n\n<p style=\"font-size:14px\">Come affermato dall&#8217;Assemblea Parlamentare del Consiglio d&#8217;Europa nella sua <a href=\"http:\/\/assembly.coe.int\/nw\/xml\/XRef\/Xref-XML2HTML-en.asp?fileid=17909\">Risoluzione 1763 (2010)<\/a> sul diritto all&#8217;obiezione di coscienza nelle cure mediche legali \u00abnessuna persona, ospedale o istituzione pu\u00f2 essere costretta, ritenuta responsabile o discriminata in alcun modo a causa del rifiuto di eseguire, accogliere, assistere o sottoporsi ad un aborto, l&#8217;esecuzione di un aborto spontaneo umano [&#8230;] o qualsiasi atto che possa causare la morte di un feto o di un embrione umano, per qualsiasi motivo\u00bb.<\/p>\n\n\n\n<p style=\"font-size:14px\"><a href=\"https:\/\/www.comece.eu\/eu-bishops-reply-to-president-macron-there-is-no-recognized-right-to-abortion-in-european-or-international-law\/\">Come ha evidenziato<\/a> il Comitato Permanente della COMECE: \u00abSiamo consapevoli della tragedia e della complessit\u00e0 delle situazioni in cui si trovano le madri che intendono abortire. Prendersi cura delle donne che si trovano in una situazione difficile o di conflitto a causa della gravidanza \u00e8 una parte centrale del ministero diaconale della Chiesa e deve essere anche un dovere esercitato dalle nostre societ\u00e0. Le donne in difficolt\u00e0 non dovrebbero essere lasciate sole, n\u00e9 il diritto alla vita del nascituro pu\u00f2 essere ignorato. Entrambi devono ricevere tutto l&#8217;aiuto e l&#8217;assistenza necessari\u00bb.<\/p>\n<\/div><\/div>\n","protected":false},"excerpt":{"rendered":"<p>Alle 18 di oggi l\u2019Europarlamento discute di come sostituire gli Stati Uniti nel caso i giudici supremi frenino la mattanza. I vescovi europei insorgono<\/p>\n","protected":false},"author":7,"featured_media":37982,"comment_status":"open","ping_status":"open","sticky":false,"template":"","format":"standard","meta":{"give_campaign_id":0,"om_disable_all_campaigns":false,"_monsterinsights_skip_tracking":false,"_monsterinsights_sitenote_active":false,"_monsterinsights_sitenote_note":"","_monsterinsights_sitenote_category":0,"mc4wp_mailchimp_campaign":[],"jnews-multi-image_gallery":[],"jnews_single_post":{"subtitle":"Alle 18 di oggi l\u2019Europarlamento discute di come sostituire gli Stati Uniti nel caso i giudici supremi frenino la mattanza. I vescovi europei insorgono","format":"standard","video":"","gallery":"","source_name":"","source_url":"","via_name":"","via_url":"","override":[{"template":"1","single_blog_custom":"","parallax":"1","fullscreen":"1","layout":"right-sidebar","sidebar":"default-sidebar","second_sidebar":"default-sidebar","sticky_sidebar":"1","share_position":"top","share_float_style":"share-monocrhome","show_share_counter":"1","show_view_counter":"1","show_featured":"1","show_post_meta":"1","show_post_author":"1","show_post_author_image":"1","show_post_date":"1","post_date_format":"default","post_date_format_custom":"Y\/m\/d","show_post_category":"1","post_reading_time_wpm":"300","zoom_button_out_step":"2","zoom_button_in_step":"3","show_post_tag":"1","show_prev_next_post":"1","show_popup_post":"1","number_popup_post":"1"}],"image_override":[{"single_post_thumbnail_size":"crop-500","single_post_gallery_size":"crop-500"}],"trending_post_position":"meta","trending_post_label":"Trending","sponsored_post_label":"Sponsored by","sponsored_post_name":"","sponsored_post_url":"","sponsored_post_logo":"","sponsored_post_desc":""},"jnews_primary_category":{"id":"817"},"jnews_social_meta":{"fb_title":"","fb_description":"","fb_image":"","twitter_title":"","twitter_description":"","twitter_image":""},"jnews_override_counter":{"view_counter_number":"0","share_counter_number":"0","like_counter_number":"0","dislike_counter_number":"0"},"footnotes":""},"categories":[8488,951,817],"tags":[698,3067],"class_list":["post-147277","post","type-post","status-publish","format-standard","has-post-thumbnail","hentry","category-breaking-news","category-foreground-it","category-vita","tag-aborto","tag-unione-europea"],"yoast_head":"<!-- This site is optimized with the Yoast SEO Premium plugin v25.9 (Yoast SEO v27.3) - https:\/\/yoast.com\/product\/yoast-seo-premium-wordpress\/ -->\n<title>L&#039;inaccettabile ingerenza dell&#039;Europarlamento sull&#039;aborto - \u00abiFamNews\u00bb<\/title>\n<meta name=\"description\" content=\"Alle 18 l\u2019Europarlamento discute se sostituire gli Stati Uniti nel caso i giudici supremi frenino la mattanza. I vescovi europei insorgono\" \/>\n<meta name=\"robots\" content=\"index, follow, max-snippet:-1, max-image-preview:large, max-video-preview:-1\" \/>\n<link rel=\"canonical\" href=\"https:\/\/ifamnews.com\/it\/l-inaccettabile-ingerenza-dell-europarlamento-sull-aborto\" \/>\n<meta property=\"og:locale\" content=\"it_IT\" \/>\n<meta property=\"og:type\" content=\"article\" \/>\n<meta property=\"og:title\" content=\"L&#039;inaccettabile ingerenza dell&#039;Europarlamento sull&#039;aborto\" \/>\n<meta property=\"og:description\" content=\"Alle 18 l\u2019Europarlamento discute se sostituire gli Stati Uniti nel caso i giudici supremi frenino la mattanza. I vescovi europei insorgono\" \/>\n<meta property=\"og:url\" content=\"https:\/\/ifamnews.com\/it\/l-inaccettabile-ingerenza-dell-europarlamento-sull-aborto\" \/>\n<meta property=\"og:site_name\" content=\"IFN\" \/>\n<meta property=\"article:publisher\" content=\"https:\/\/www.facebook.com\/iFamNews\" \/>\n<meta property=\"article:author\" content=\"https:\/\/facebook.com\/MarcoRespinti\" \/>\n<meta property=\"article:published_time\" content=\"2022-06-08T13:00:00+00:00\" \/>\n<meta property=\"article:modified_time\" content=\"2022-06-08T15:15:08+00:00\" \/>\n<meta property=\"og:image\" content=\"https:\/\/ifamnews.com\/wp-content\/uploads\/2020\/11\/PIXNIO-205596-4255x2977-1-scaled.jpg\" \/>\n\t<meta property=\"og:image:width\" content=\"2560\" \/>\n\t<meta property=\"og:image:height\" content=\"1791\" \/>\n\t<meta property=\"og:image:type\" content=\"image\/jpeg\" \/>\n<meta name=\"author\" content=\"Marco Respinti\" \/>\n<meta name=\"twitter:card\" content=\"summary_large_image\" \/>\n<meta name=\"twitter:creator\" content=\"@https:\/\/twitter.com\/MarcoRespinti\" \/>\n<meta name=\"twitter:site\" content=\"@iFamNewsEN\" \/>\n<meta name=\"twitter:label1\" content=\"Scritto da\" \/>\n\t<meta name=\"twitter:data1\" content=\"Marco Respinti\" \/>\n\t<meta name=\"twitter:label2\" content=\"Tempo di lettura stimato\" \/>\n\t<meta name=\"twitter:data2\" content=\"4 minuti\" \/>\n<!-- \/ Yoast SEO Premium plugin. -->","yoast_head_json":{"title":"L'inaccettabile ingerenza dell'Europarlamento sull'aborto - \u00abiFamNews\u00bb","description":"Alle 18 l\u2019Europarlamento discute se sostituire gli Stati Uniti nel caso i giudici supremi frenino la mattanza. I vescovi europei insorgono","robots":{"index":"index","follow":"follow","max-snippet":"max-snippet:-1","max-image-preview":"max-image-preview:large","max-video-preview":"max-video-preview:-1"},"canonical":"https:\/\/ifamnews.com\/it\/l-inaccettabile-ingerenza-dell-europarlamento-sull-aborto","og_locale":"it_IT","og_type":"article","og_title":"L'inaccettabile ingerenza dell'Europarlamento sull'aborto","og_description":"Alle 18 l\u2019Europarlamento discute se sostituire gli Stati Uniti nel caso i giudici supremi frenino la mattanza. I vescovi europei insorgono","og_url":"https:\/\/ifamnews.com\/it\/l-inaccettabile-ingerenza-dell-europarlamento-sull-aborto","og_site_name":"IFN","article_publisher":"https:\/\/www.facebook.com\/iFamNews","article_author":"https:\/\/facebook.com\/MarcoRespinti","article_published_time":"2022-06-08T13:00:00+00:00","article_modified_time":"2022-06-08T15:15:08+00:00","og_image":[{"width":2560,"height":1791,"url":"https:\/\/ifamnews.com\/wp-content\/uploads\/2020\/11\/PIXNIO-205596-4255x2977-1-scaled.jpg","type":"image\/jpeg"}],"author":"Marco Respinti","twitter_card":"summary_large_image","twitter_creator":"@https:\/\/twitter.com\/MarcoRespinti","twitter_site":"@iFamNewsEN","twitter_misc":{"Scritto da":"Marco Respinti","Tempo di lettura stimato":"4 minuti"},"schema":{"@context":"https:\/\/schema.org","@graph":[{"@type":"NewsArticle","@id":"https:\/\/ifamnews.com\/it\/l-inaccettabile-ingerenza-dell-europarlamento-sull-aborto#article","isPartOf":{"@id":"https:\/\/ifamnews.com\/it\/l-inaccettabile-ingerenza-dell-europarlamento-sull-aborto"},"author":{"name":"Marco Respinti","@id":"https:\/\/ifamnews.com\/en\/#\/schema\/person\/f0579ab02623e80d44006c1a5d949ea9"},"headline":"L&#8217;inaccettabile ingerenza dell&#8217;Europarlamento sull&#8217;aborto","datePublished":"2022-06-08T13:00:00+00:00","dateModified":"2022-06-08T15:15:08+00:00","mainEntityOfPage":{"@id":"https:\/\/ifamnews.com\/it\/l-inaccettabile-ingerenza-dell-europarlamento-sull-aborto"},"wordCount":729,"commentCount":0,"publisher":{"@id":"https:\/\/ifamnews.com\/en\/#organization"},"image":{"@id":"https:\/\/ifamnews.com\/it\/l-inaccettabile-ingerenza-dell-europarlamento-sull-aborto#primaryimage"},"thumbnailUrl":"https:\/\/ifamnews.com\/wp-content\/uploads\/2020\/11\/PIXNIO-205596-4255x2977-1-scaled.jpg","keywords":["Aborto","Unione Europea"],"articleSection":["Breaking News","In evidenza","Vita"],"inLanguage":"it-IT","potentialAction":[{"@type":"CommentAction","name":"Comment","target":["https:\/\/ifamnews.com\/it\/l-inaccettabile-ingerenza-dell-europarlamento-sull-aborto#respond"]}]},{"@type":"WebPage","@id":"https:\/\/ifamnews.com\/it\/l-inaccettabile-ingerenza-dell-europarlamento-sull-aborto","url":"https:\/\/ifamnews.com\/it\/l-inaccettabile-ingerenza-dell-europarlamento-sull-aborto","name":"L'inaccettabile ingerenza dell'Europarlamento sull'aborto - \u00abiFamNews\u00bb","isPartOf":{"@id":"https:\/\/ifamnews.com\/en\/#website"},"primaryImageOfPage":{"@id":"https:\/\/ifamnews.com\/it\/l-inaccettabile-ingerenza-dell-europarlamento-sull-aborto#primaryimage"},"image":{"@id":"https:\/\/ifamnews.com\/it\/l-inaccettabile-ingerenza-dell-europarlamento-sull-aborto#primaryimage"},"thumbnailUrl":"https:\/\/ifamnews.com\/wp-content\/uploads\/2020\/11\/PIXNIO-205596-4255x2977-1-scaled.jpg","datePublished":"2022-06-08T13:00:00+00:00","dateModified":"2022-06-08T15:15:08+00:00","description":"Alle 18 l\u2019Europarlamento discute se sostituire gli Stati Uniti nel caso i giudici supremi frenino la mattanza. I vescovi europei insorgono","breadcrumb":{"@id":"https:\/\/ifamnews.com\/it\/l-inaccettabile-ingerenza-dell-europarlamento-sull-aborto#breadcrumb"},"inLanguage":"it-IT","potentialAction":[{"@type":"ReadAction","target":["https:\/\/ifamnews.com\/it\/l-inaccettabile-ingerenza-dell-europarlamento-sull-aborto"]}]},{"@type":"ImageObject","inLanguage":"it-IT","@id":"https:\/\/ifamnews.com\/it\/l-inaccettabile-ingerenza-dell-europarlamento-sull-aborto#primaryimage","url":"https:\/\/ifamnews.com\/wp-content\/uploads\/2020\/11\/PIXNIO-205596-4255x2977-1-scaled.jpg","contentUrl":"https:\/\/ifamnews.com\/wp-content\/uploads\/2020\/11\/PIXNIO-205596-4255x2977-1-scaled.jpg","width":2560,"height":1791,"caption":"Image from Pixnio"},{"@type":"BreadcrumbList","@id":"https:\/\/ifamnews.com\/it\/l-inaccettabile-ingerenza-dell-europarlamento-sull-aborto#breadcrumb","itemListElement":[{"@type":"ListItem","position":1,"name":"Home","item":"https:\/\/ifamnews.com\/de"},{"@type":"ListItem","position":2,"name":"Life","item":"https:\/\/ifamnews.com\/en\/category\/life"},{"@type":"ListItem","position":3,"name":"L&#8217;inaccettabile ingerenza dell&#8217;Europarlamento sull&#8217;aborto"}]},{"@type":"WebSite","@id":"https:\/\/ifamnews.com\/en\/#website","url":"https:\/\/ifamnews.com\/en\/","name":"IFN","description":"International Family News Network","publisher":{"@id":"https:\/\/ifamnews.com\/en\/#organization"},"potentialAction":[{"@type":"SearchAction","target":{"@type":"EntryPoint","urlTemplate":"https:\/\/ifamnews.com\/en\/?s={search_term_string}"},"query-input":{"@type":"PropertyValueSpecification","valueRequired":true,"valueName":"search_term_string"}}],"inLanguage":"it-IT"},{"@type":"Organization","@id":"https:\/\/ifamnews.com\/en\/#organization","name":"iFamNews","url":"https:\/\/ifamnews.com\/en\/","logo":{"@type":"ImageObject","inLanguage":"it-IT","@id":"https:\/\/ifamnews.com\/en\/#\/schema\/logo\/image\/","url":"https:\/\/ifamnews.com\/wp-content\/uploads\/2020\/01\/Share-logo.png","contentUrl":"https:\/\/ifamnews.com\/wp-content\/uploads\/2020\/01\/Share-logo.png","width":200,"height":200,"caption":"iFamNews"},"image":{"@id":"https:\/\/ifamnews.com\/en\/#\/schema\/logo\/image\/"},"sameAs":["https:\/\/www.facebook.com\/iFamNews","https:\/\/x.com\/iFamNewsEN"]},{"@type":"Person","@id":"https:\/\/ifamnews.com\/en\/#\/schema\/person\/f0579ab02623e80d44006c1a5d949ea9","name":"Marco Respinti","image":{"@type":"ImageObject","inLanguage":"it-IT","@id":"https:\/\/secure.gravatar.com\/avatar\/4ab04a5127131015e13010f222e38621144dc33a5df5d977b35ceeab15ee958f?s=96&d=mm&r=g","url":"https:\/\/secure.gravatar.com\/avatar\/4ab04a5127131015e13010f222e38621144dc33a5df5d977b35ceeab15ee958f?s=96&d=mm&r=g","contentUrl":"https:\/\/secure.gravatar.com\/avatar\/4ab04a5127131015e13010f222e38621144dc33a5df5d977b35ceeab15ee958f?s=96&d=mm&r=g","caption":"Marco Respinti"},"description":"Marco Respinti was the Editor-in-Chief of International Family News until the end of 2022. He is an Italian professional journalist, member of the International Federation of Journalists (IFJ), essayist, translator, and lecturer. He has contributed and contributes to several journals and magazines both in print and online, both in Italy and abroad. Author of books, he has translated and\/or edited works by, among others, Edmund Burke, Charles Dickens, T.S. Eliot, Russell Kirk, J.R.R. Tolkien, R\u00e9gine Pernoud and Gustave Thibon. A Senior fellow at the\u00a0Russell Kirk Center for Cultural Renewal (Mecosta, Michigan) he is also a founding member as well as Board member of the Center for European Renewal (The Hague, The Netherlands). A member of the Editorial Board of The European Conservative magazine, as well as a member of the Advisory Council of the European Federation for Freedom of Belief, he serves as Director-in-Charge of the academic publication The Journal of CESNUR and the online Bitter Winter: A Magazine on Religious Liberty and Human Rights.","sameAs":["https:\/\/facebook.com\/MarcoRespinti","https:\/\/it.linkedin.com\/in\/marcorespinti","https:\/\/pinterest.it\/MarcoRespinti\/_created\/","https:\/\/x.com\/https:\/\/twitter.com\/MarcoRespinti","https:\/\/youtube.com\/channel\/UC1FbsvyQNTQ-snpsmRC12Og?view_as=subscriber"],"url":"https:\/\/ifamnews.com\/it\/author\/mrespinti"}]}},"amp_enabled":true,"_links":{"self":[{"href":"https:\/\/ifamnews.com\/it\/wp-json\/wp\/v2\/posts\/147277","targetHints":{"allow":["GET"]}}],"collection":[{"href":"https:\/\/ifamnews.com\/it\/wp-json\/wp\/v2\/posts"}],"about":[{"href":"https:\/\/ifamnews.com\/it\/wp-json\/wp\/v2\/types\/post"}],"author":[{"embeddable":true,"href":"https:\/\/ifamnews.com\/it\/wp-json\/wp\/v2\/users\/7"}],"replies":[{"embeddable":true,"href":"https:\/\/ifamnews.com\/it\/wp-json\/wp\/v2\/comments?post=147277"}],"version-history":[{"count":5,"href":"https:\/\/ifamnews.com\/it\/wp-json\/wp\/v2\/posts\/147277\/revisions"}],"predecessor-version":[{"id":147398,"href":"https:\/\/ifamnews.com\/it\/wp-json\/wp\/v2\/posts\/147277\/revisions\/147398"}],"wp:featuredmedia":[{"embeddable":true,"href":"https:\/\/ifamnews.com\/it\/wp-json\/wp\/v2\/media\/37982"}],"wp:attachment":[{"href":"https:\/\/ifamnews.com\/it\/wp-json\/wp\/v2\/media?parent=147277"}],"wp:term":[{"taxonomy":"category","embeddable":true,"href":"https:\/\/ifamnews.com\/it\/wp-json\/wp\/v2\/categories?post=147277"},{"taxonomy":"post_tag","embeddable":true,"href":"https:\/\/ifamnews.com\/it\/wp-json\/wp\/v2\/tags?post=147277"}],"curies":[{"name":"wp","href":"https:\/\/api.w.org\/{rel}","templated":true}]}}