{"id":14691,"date":"2020-04-24T00:00:00","date_gmt":"2020-04-24T05:00:00","guid":{"rendered":"https:\/\/ifamnews.com\/?p=14691"},"modified":"2020-04-27T03:33:49","modified_gmt":"2020-04-27T08:33:49","slug":"sopravvive-allaborto-e-viene-annegato-in-un-secchio","status":"publish","type":"post","link":"https:\/\/ifamnews.com\/it\/sopravvive-allaborto-e-viene-annegato-in-un-secchio","title":{"rendered":"Sopravvive all\u2019aborto e viene annegato in un secchio"},"content":{"rendered":"<p class=\"last-updated\">Last updated on aprile 27th, 2020 at 03:33 am<\/p>\n<p>A inizio aprile, in Corea del Sud, un medico \u00e8 stato condannato a 3 anni e 6 mesi di prigione per aver ucciso un bambino che, durante un aborto, \u00e8 uscito dal ventre della mamma piangendo. Il dottore in questione, soprannominato Yun dai <em>media<\/em> locali per mantenere l\u2019anonimato, era responsabile di una clinica di maternit\u00e0 e aveva ricevuto circa 23mila dollari americani dalla madre di una ragazzina di 16 anni per abortire il bambino che la giovane portava in grembo. Il piccolo aveva 34 settimane: la mamma dunque si avviava al nono mese di gravidanza. <\/p>\n\n\n\n<p>Ma durante l\u2019operazione qualcosa \u00e8 andato storto. Anzi, l\u2019obiettivo finale, l\u2019eliminazione del bimbo, \u00e8 stato raggiunto, peccato per\u00f2 che nel frattempo il piccolo sia di fatto nato, piangendo. A quel punto il dottore non ha fatto una piega e ha prontamente messo il neonato in un secchio pieno d\u2019acqua. Il bambino \u00e8 stato annegato davanti agli occhi di tutti i presenti. <\/p>\n\n\n\n<p>In una dichiarazione resa nel Tribunale del Distretto Centrale di Seoul, che ha giudicato l\u2019uomo colpevole di omicidio, i giudici hanno sottolineato come tutti i membri dello <em>staff<\/em> medico incaricato dell\u2019operazione e dunque presenti in sala operatoria <a href=\"https:\/\/koreatimes.co.kr\/www\/nation\/2020\/04\/251_287707.html\">abbiano sentito il<\/a><a href=\"https:\/\/koreatimes.co.kr\/www\/nation\/2020\/04\/251_287707.html\" target=\"_blank\" rel=\"noopener noreferrer\"> bambino piangere<\/a>. Una vicenda tragica, questa, che getta luce su un\u2019evidenza nascosta dalla (a)moralit\u00e0 prevalente in tema di aborto: ci\u00f2 che sta nel ventre di una mamma \u00e8 un bambino, suo figlio, un essere umano vivo, che respira e che si dimena. &nbsp;<\/p>\n\n\n\n<p>La Corea del Sud non \u00e8 nuova a casi particolarmente sconcertanti di interruzioni volontarie di gravidanza. L\u2019anno scorso una clinica di Seoul ha praticato <a href=\"https:\/\/nytimes.com\/2019\/09\/24\/world\/asia\/south-korea-abortion-mistake.html\">un aborto sulla <\/a><a href=\"https:\/\/nytimes.com\/2019\/09\/24\/world\/asia\/south-korea-abortion-mistake.html\" target=\"_blank\" rel=\"noopener noreferrer\">mamma sbagliata<\/a>. Una donna, incinta di sei settimane, si \u00e8 presentata in ospedale per una visita. I medici l\u2019hanno anestetizzata e hanno abortito il bimbo che portava in grembo, scambiandola per un\u2019altra donna gravida. Una tragedia, ma apparentemente senza conseguenze, tranne che per il figlio abortito e per sua mamma. Nessuno \u00e8 infatti stato arrestato e non \u00e8 stata aperta alcuna indagine per omicidio, giacch\u00e9 la legge sudcoreana non considera il feto un essere umano. Di conseguenza, la normativa relativa all\u2019omicidio accidentale non \u00e8 stata applicata. <\/p>\n\n\n\n<p>Nel Paese asiatico l\u2019aborto \u00e8 per\u00f2 vietato per legge, tranne in alcuni casi come lo stupro, l\u2019incesto o quando \u00e8 a rischio la salute della donna. Le cose per\u00f2 cambieranno quest\u2019anno, dopo che la Corte costituzionale ha dichiarato illegale questo divieto che \u00ab<a href=\"https:\/\/nytimes.com\/2019\/04\/11\/world\/asia\/south-korea-abortion-ban-ruling.html\" target=\"_blank\" rel=\"noopener noreferrer\">viola il diritto di scelta delle <\/a><a href=\"https:\/\/nytimes.com\/2019\/04\/11\/world\/asia\/south-korea-abortion-ban-ruling.html\" target=\"_blank\" rel=\"noopener noreferrer\">donne incinte<\/a>\u00bb. Una motivazione, questa, che \u00e8 all\u2019origine di molta della legislazione favorevole all\u2019aborto nel mondo e che tuttavia decide di considerare scientemente un solo aspetto della vicenda, cio\u00e8 il lato della donna, senza considerare che i soggetti implicati sono due, la madre e il figlio. Nel frattempo i giudici della Corte costituzionale sudcoreana hanno dato tempo al parlamento fino alla fine del 2020 per modificare la normativa vigente e decidere se consentire o meno l\u2019aborto nelle fasi pi\u00f9 avanzate della gravidanza. <\/p>\n\n\n\n<p>\u00c8 una questione evidentemente molto controversa, dal momento che nel 2012 la stessa Corte aveva ritenuto del tutto legittimo, in base alla Costituzione, il divieto di aborto, <a href=\"https:\/\/nytimes.com\/2019\/04\/11\/world\/asia\/south-korea-abortion-ban-ruling.html\" target=\"_blank\" rel=\"noopener noreferrer\">riconoscendo<\/a><a href=\"https:\/\/nytimes.com\/2019\/04\/11\/world\/asia\/south-korea-abortion-ban-ruling.html\" target=\"_blank\" rel=\"noopener noreferrer\"> il diritto alla vita del feto <\/a>nel grembo materno.<\/p>\n\n\n\n<p>Si consideri inoltre come negli anni 1970 e 1980 le autorit\u00e0\nsudcoreane abbiano invitato le coppie a fare meno di due figli, onde contenere\nla crescita demografica. Ma negli ultimi anni l\u2019andamento demografico del Paese\nsi \u00e8 rovesciato e la Corea del Sud fronteggia ora una crisi grave, con una\nmedia di meno di un bambino per donna. A fronte di ci\u00f2, il governo ha cambiato\natteggiamento e anche il numero degli aborti \u00e8 calato: da 342mila nel 2005 a\n49.700 del 2017. C\u2019\u00e8 chi per\u00f2 ritiene che, oltre le statistiche ufficiali, i numeri\nsiano molto pi\u00f9 alti. <\/p>\n","protected":false},"excerpt":{"rendered":"<p>Una vicenda tragica in Corea del Sud che svela una verit\u00e0 troppo taciuta: l\u2019aborto \u00e8 sempre l\u2019uccisione di un bambino<\/p>\n","protected":false},"author":12,"featured_media":14682,"comment_status":"open","ping_status":"open","sticky":false,"template":"","format":"standard","meta":{"give_campaign_id":0,"om_disable_all_campaigns":false,"_monsterinsights_skip_tracking":false,"_monsterinsights_sitenote_active":false,"_monsterinsights_sitenote_note":"","_monsterinsights_sitenote_category":0,"mc4wp_mailchimp_campaign":[],"jnews-multi-image_gallery":[],"jnews_single_post":{"subtitle":"Una vicenda tragica in Corea del Sud che svela una verit\u00e0 troppo taciuta: l\u2019aborto \u00e8 sempre l\u2019uccisione di un bambino","format":"standard","video":"","gallery":"","source_name":"","source_url":"","via_name":"","via_url":"","override":[{"single_blog_custom":"","sidebar":"","second_sidebar":"","share_position":"","share_float_style":"","post_date_format":"","post_date_format_custom":"","post_reading_time_wpm":"","zoom_button_out_step":"1","zoom_button_in_step":"1","number_popup_post":"1"}],"image_override":[{"single_post_thumbnail_size":"","single_post_gallery_size":""}],"trending_post_position":"","trending_post_label":""},"jnews_primary_category":{"id":"817"},"jnews_social_meta":{"fb_title":"","fb_description":"","fb_image":"","twitter_title":"","twitter_description":"","twitter_image":""},"jnews_override_counter":{"view_counter_number":"0","share_counter_number":"0","like_counter_number":"0","dislike_counter_number":"0"},"footnotes":""},"categories":[817],"tags":[698,2968,2127,721,2970,2102],"class_list":["post-14691","post","type-post","status-publish","format-standard","has-post-thumbnail","hentry","category-vita","tag-aborto","tag-corea-del-sud","tag-feto","tag-interruzione-di-gravidanza","tag-omicidio","tag-vita"],"yoast_head":"<!-- This site is optimized with the Yoast SEO Premium plugin v25.9 (Yoast SEO v27.3) - https:\/\/yoast.com\/product\/yoast-seo-premium-wordpress\/ -->\n<title>Sopravvive all\u2019aborto e viene annegato in un secchio - IFN<\/title>\n<meta name=\"description\" content=\"Una vicenda tragica in Corea del Sud, dove un bimbo sopravvissuto all&#039;aborto \u00e8 stato annegato, svela una verit\u00e0 troppo taciuta: l\u2019aborto \u00e8 sempre omicidio\" \/>\n<meta name=\"robots\" content=\"index, follow, max-snippet:-1, max-image-preview:large, max-video-preview:-1\" \/>\n<link rel=\"canonical\" href=\"https:\/\/ifamnews.com\/it\/sopravvive-allaborto-e-viene-annegato-in-un-secchio\" \/>\n<meta property=\"og:locale\" content=\"it_IT\" \/>\n<meta property=\"og:type\" content=\"article\" \/>\n<meta property=\"og:title\" content=\"Sopravvive all\u2019aborto e viene annegato in un secchio\" \/>\n<meta property=\"og:description\" content=\"Una vicenda tragica in Corea del Sud, dove un bimbo sopravvissuto all&#039;aborto \u00e8 stato annegato, svela una verit\u00e0 troppo taciuta: l\u2019aborto \u00e8 sempre omicidio\" \/>\n<meta property=\"og:url\" content=\"https:\/\/ifamnews.com\/it\/sopravvive-allaborto-e-viene-annegato-in-un-secchio\" \/>\n<meta property=\"og:site_name\" content=\"IFN\" \/>\n<meta property=\"article:publisher\" content=\"https:\/\/www.facebook.com\/iFamNews\" \/>\n<meta property=\"article:published_time\" content=\"2020-04-24T05:00:00+00:00\" \/>\n<meta property=\"article:modified_time\" content=\"2020-04-27T08:33:49+00:00\" \/>\n<meta property=\"og:image\" content=\"https:\/\/ifamnews.com\/wp-content\/uploads\/2020\/04\/Abortion_pixabay.com_.jpg\" \/>\n\t<meta property=\"og:image:width\" content=\"1920\" \/>\n\t<meta property=\"og:image:height\" content=\"1280\" \/>\n\t<meta property=\"og:image:type\" content=\"image\/jpeg\" \/>\n<meta name=\"author\" content=\"Simone Fausti\" \/>\n<meta name=\"twitter:card\" content=\"summary_large_image\" \/>\n<meta name=\"twitter:creator\" content=\"@iFamNewsEN\" \/>\n<meta name=\"twitter:site\" content=\"@iFamNewsEN\" \/>\n<meta name=\"twitter:label1\" content=\"Scritto da\" \/>\n\t<meta name=\"twitter:data1\" content=\"Simone Fausti\" \/>\n\t<meta name=\"twitter:label2\" content=\"Tempo di lettura stimato\" \/>\n\t<meta name=\"twitter:data2\" content=\"3 minuti\" \/>\n<!-- \/ Yoast SEO Premium plugin. -->","yoast_head_json":{"title":"Sopravvive all\u2019aborto e viene annegato in un secchio - IFN","description":"Una vicenda tragica in Corea del Sud, dove un bimbo sopravvissuto all'aborto \u00e8 stato annegato, svela una verit\u00e0 troppo taciuta: l\u2019aborto \u00e8 sempre omicidio","robots":{"index":"index","follow":"follow","max-snippet":"max-snippet:-1","max-image-preview":"max-image-preview:large","max-video-preview":"max-video-preview:-1"},"canonical":"https:\/\/ifamnews.com\/it\/sopravvive-allaborto-e-viene-annegato-in-un-secchio","og_locale":"it_IT","og_type":"article","og_title":"Sopravvive all\u2019aborto e viene annegato in un secchio","og_description":"Una vicenda tragica in Corea del Sud, dove un bimbo sopravvissuto all'aborto \u00e8 stato annegato, svela una verit\u00e0 troppo taciuta: l\u2019aborto \u00e8 sempre omicidio","og_url":"https:\/\/ifamnews.com\/it\/sopravvive-allaborto-e-viene-annegato-in-un-secchio","og_site_name":"IFN","article_publisher":"https:\/\/www.facebook.com\/iFamNews","article_published_time":"2020-04-24T05:00:00+00:00","article_modified_time":"2020-04-27T08:33:49+00:00","og_image":[{"width":1920,"height":1280,"url":"https:\/\/ifamnews.com\/wp-content\/uploads\/2020\/04\/Abortion_pixabay.com_.jpg","type":"image\/jpeg"}],"author":"Simone Fausti","twitter_card":"summary_large_image","twitter_creator":"@iFamNewsEN","twitter_site":"@iFamNewsEN","twitter_misc":{"Scritto da":"Simone Fausti","Tempo di lettura stimato":"3 minuti"},"schema":{"@context":"https:\/\/schema.org","@graph":[{"@type":"NewsArticle","@id":"https:\/\/ifamnews.com\/it\/sopravvive-allaborto-e-viene-annegato-in-un-secchio#article","isPartOf":{"@id":"https:\/\/ifamnews.com\/it\/sopravvive-allaborto-e-viene-annegato-in-un-secchio"},"author":{"name":"Simone Fausti","@id":"https:\/\/ifamnews.com\/en\/#\/schema\/person\/68682f44510d9f945a20de5863d8f1ea"},"headline":"Sopravvive all\u2019aborto e viene annegato in un secchio","datePublished":"2020-04-24T05:00:00+00:00","dateModified":"2020-04-27T08:33:49+00:00","mainEntityOfPage":{"@id":"https:\/\/ifamnews.com\/it\/sopravvive-allaborto-e-viene-annegato-in-un-secchio"},"wordCount":618,"commentCount":0,"publisher":{"@id":"https:\/\/ifamnews.com\/en\/#organization"},"image":{"@id":"https:\/\/ifamnews.com\/it\/sopravvive-allaborto-e-viene-annegato-in-un-secchio#primaryimage"},"thumbnailUrl":"https:\/\/ifamnews.com\/wp-content\/uploads\/2020\/04\/Abortion_pixabay.com_.jpg","keywords":["Aborto","Corea del Sud","feto","interruzione di gravidanza","omicidio","Vita"],"articleSection":["Vita"],"inLanguage":"it-IT","potentialAction":[{"@type":"CommentAction","name":"Comment","target":["https:\/\/ifamnews.com\/it\/sopravvive-allaborto-e-viene-annegato-in-un-secchio#respond"]}]},{"@type":"WebPage","@id":"https:\/\/ifamnews.com\/it\/sopravvive-allaborto-e-viene-annegato-in-un-secchio","url":"https:\/\/ifamnews.com\/it\/sopravvive-allaborto-e-viene-annegato-in-un-secchio","name":"Sopravvive all\u2019aborto e viene annegato in un secchio - IFN","isPartOf":{"@id":"https:\/\/ifamnews.com\/en\/#website"},"primaryImageOfPage":{"@id":"https:\/\/ifamnews.com\/it\/sopravvive-allaborto-e-viene-annegato-in-un-secchio#primaryimage"},"image":{"@id":"https:\/\/ifamnews.com\/it\/sopravvive-allaborto-e-viene-annegato-in-un-secchio#primaryimage"},"thumbnailUrl":"https:\/\/ifamnews.com\/wp-content\/uploads\/2020\/04\/Abortion_pixabay.com_.jpg","datePublished":"2020-04-24T05:00:00+00:00","dateModified":"2020-04-27T08:33:49+00:00","description":"Una vicenda tragica in Corea del Sud, dove un bimbo sopravvissuto all'aborto \u00e8 stato annegato, svela una verit\u00e0 troppo taciuta: l\u2019aborto \u00e8 sempre omicidio","breadcrumb":{"@id":"https:\/\/ifamnews.com\/it\/sopravvive-allaborto-e-viene-annegato-in-un-secchio#breadcrumb"},"inLanguage":"it-IT","potentialAction":[{"@type":"ReadAction","target":["https:\/\/ifamnews.com\/it\/sopravvive-allaborto-e-viene-annegato-in-un-secchio"]}]},{"@type":"ImageObject","inLanguage":"it-IT","@id":"https:\/\/ifamnews.com\/it\/sopravvive-allaborto-e-viene-annegato-in-un-secchio#primaryimage","url":"https:\/\/ifamnews.com\/wp-content\/uploads\/2020\/04\/Abortion_pixabay.com_.jpg","contentUrl":"https:\/\/ifamnews.com\/wp-content\/uploads\/2020\/04\/Abortion_pixabay.com_.jpg","width":1920,"height":1280,"caption":"image from pixabay.com"},{"@type":"BreadcrumbList","@id":"https:\/\/ifamnews.com\/it\/sopravvive-allaborto-e-viene-annegato-in-un-secchio#breadcrumb","itemListElement":[{"@type":"ListItem","position":1,"name":"Home","item":"https:\/\/ifamnews.com\/de"},{"@type":"ListItem","position":2,"name":"Life","item":"https:\/\/ifamnews.com\/en\/category\/life"},{"@type":"ListItem","position":3,"name":"Sopravvive all\u2019aborto e viene annegato in un secchio"}]},{"@type":"WebSite","@id":"https:\/\/ifamnews.com\/en\/#website","url":"https:\/\/ifamnews.com\/en\/","name":"IFN","description":"International Family News Network","publisher":{"@id":"https:\/\/ifamnews.com\/en\/#organization"},"potentialAction":[{"@type":"SearchAction","target":{"@type":"EntryPoint","urlTemplate":"https:\/\/ifamnews.com\/en\/?s={search_term_string}"},"query-input":{"@type":"PropertyValueSpecification","valueRequired":true,"valueName":"search_term_string"}}],"inLanguage":"it-IT"},{"@type":"Organization","@id":"https:\/\/ifamnews.com\/en\/#organization","name":"iFamNews","url":"https:\/\/ifamnews.com\/en\/","logo":{"@type":"ImageObject","inLanguage":"it-IT","@id":"https:\/\/ifamnews.com\/en\/#\/schema\/logo\/image\/","url":"https:\/\/ifamnews.com\/wp-content\/uploads\/2020\/01\/Share-logo.png","contentUrl":"https:\/\/ifamnews.com\/wp-content\/uploads\/2020\/01\/Share-logo.png","width":200,"height":200,"caption":"iFamNews"},"image":{"@id":"https:\/\/ifamnews.com\/en\/#\/schema\/logo\/image\/"},"sameAs":["https:\/\/www.facebook.com\/iFamNews","https:\/\/x.com\/iFamNewsEN"]},{"@type":"Person","@id":"https:\/\/ifamnews.com\/en\/#\/schema\/person\/68682f44510d9f945a20de5863d8f1ea","name":"Simone Fausti","image":{"@type":"ImageObject","inLanguage":"it-IT","@id":"https:\/\/secure.gravatar.com\/avatar\/da8552cad4e746e2461dabef47fbbdfe7814dd4b51d41a6c097b9d17501ff491?s=96&d=mm&r=g","url":"https:\/\/secure.gravatar.com\/avatar\/da8552cad4e746e2461dabef47fbbdfe7814dd4b51d41a6c097b9d17501ff491?s=96&d=mm&r=g","contentUrl":"https:\/\/secure.gravatar.com\/avatar\/da8552cad4e746e2461dabef47fbbdfe7814dd4b51d41a6c097b9d17501ff491?s=96&d=mm&r=g","caption":"Simone Fausti"},"description":"Simone Fausti, from Monza, graduated in Political and Social Sciences from the Catholic University of the Sacred Heart in Milan and specializes in International Relations. He collaborates with several local newspapers (Il Giornale di Monza, Bresciaoggi) and online (Youtrend). He is fascinated by the reading of G.K. Chesterton and Raymond Carver.","url":"https:\/\/ifamnews.com\/it\/author\/sfausti"}]}},"amp_enabled":true,"_links":{"self":[{"href":"https:\/\/ifamnews.com\/it\/wp-json\/wp\/v2\/posts\/14691","targetHints":{"allow":["GET"]}}],"collection":[{"href":"https:\/\/ifamnews.com\/it\/wp-json\/wp\/v2\/posts"}],"about":[{"href":"https:\/\/ifamnews.com\/it\/wp-json\/wp\/v2\/types\/post"}],"author":[{"embeddable":true,"href":"https:\/\/ifamnews.com\/it\/wp-json\/wp\/v2\/users\/12"}],"replies":[{"embeddable":true,"href":"https:\/\/ifamnews.com\/it\/wp-json\/wp\/v2\/comments?post=14691"}],"version-history":[{"count":4,"href":"https:\/\/ifamnews.com\/it\/wp-json\/wp\/v2\/posts\/14691\/revisions"}],"predecessor-version":[{"id":14753,"href":"https:\/\/ifamnews.com\/it\/wp-json\/wp\/v2\/posts\/14691\/revisions\/14753"}],"wp:featuredmedia":[{"embeddable":true,"href":"https:\/\/ifamnews.com\/it\/wp-json\/wp\/v2\/media\/14682"}],"wp:attachment":[{"href":"https:\/\/ifamnews.com\/it\/wp-json\/wp\/v2\/media?parent=14691"}],"wp:term":[{"taxonomy":"category","embeddable":true,"href":"https:\/\/ifamnews.com\/it\/wp-json\/wp\/v2\/categories?post=14691"},{"taxonomy":"post_tag","embeddable":true,"href":"https:\/\/ifamnews.com\/it\/wp-json\/wp\/v2\/tags?post=14691"}],"curies":[{"name":"wp","href":"https:\/\/api.w.org\/{rel}","templated":true}]}}