{"id":146597,"date":"2022-06-04T05:00:00","date_gmt":"2022-06-04T09:00:00","guid":{"rendered":"https:\/\/ifamnews.com\/?p=146597"},"modified":"2022-06-04T04:54:43","modified_gmt":"2022-06-04T08:54:43","slug":"giappone-prosegue-il-crollo-delle-nascite","status":"publish","type":"post","link":"https:\/\/ifamnews.com\/it\/giappone-prosegue-il-crollo-delle-nascite","title":{"rendered":"Giappone, prosegue il crollo delle nascite"},"content":{"rendered":"\n<p>Dopo aver esultato, solo pochi giorni fa, per la notizia <a href=\"https:\/\/ifamnews.com\/it\/negli-stati-uniti-aumentano-i-tassi-di-natalit\" target=\"_blank\" rel=\"noreferrer noopener\">dell\u2019aumento del tasso di natalit\u00e0 registrato negli Stati Uniti d\u2019America<\/a> per l\u2019anno 2021, delude invece quanto si apprende dal Giappone, dove <a href=\"https:\/\/www.ansa.it\/sito\/notizie\/mondo\/asia\/2022\/06\/04\/giappone-nascite-bambini-nel-2021-ai-minimi-record_ca923eeb-7ccf-4268-8f45-03802f3f09af.html\" target=\"_blank\" rel=\"noreferrer noopener\">le statistiche pi\u00f9 recenti, diffuse dal ministero della Salute, hanno evidenziato un calo nelle nascite<\/a> davvero notevole. Sono nati, nel 2021, 811mila e 604 bambini, circa 30mila in meno rispetto al 2020, un esito addirittura peggiore delle previsioni a lungo termine, cio\u00e8 al 2027, indicate dal governo giapponese.<\/p>\n\n\n\n<p>L\u2019<a href=\"https:\/\/ifamnews.com\/it\/il-naso-di-mons-michael-schooyans\" target=\"_blank\" rel=\"noreferrer noopener\">\u00abinverno demografico\u00bb<\/a> nel Paese del Sol Levante <a href=\"https:\/\/ifamnews.com\/it\/giappone-chiama-italia-il-covid-19-provocher-l-estinzione-\" target=\"_blank\" rel=\"noreferrer noopener\">non \u00e8 purtroppo una novit\u00e0<\/a>, la&nbsp;fase discendente \u00e8 iniziata infatti <a href=\"https:\/\/www.ilsole24ore.com\/art\/giappone-numero-bambini-calo-oltre-40-anni-AESRbWWB\" target=\"_blank\" rel=\"noreferrer noopener\">gi\u00e0 a partire dal 1973<\/a>, l&#8217;anno del <em>baby boom<\/em>, con 2,09 milioni di nuovi nati. Oggi la media di figli per donna \u00e8 scesa a 1,30, mentre il numero dei matrimoni ha visto una flessione a poco pi\u00f9 di 500 mila nozze nel corso dell\u2019anno, il pi\u00f9 basso dal periodo immediatamente successivo alla Seconda guerra mondiale.<\/p>\n\n\n\n<p>Quali potrebbero essere le motivazioni? La tendenza attuale, e che preoccupa il governo, nelle parole del portavoce del ministero della Salute sarebbe da attribuire al restringimento gi\u00e0 in atto della popolazione composta da donne in et\u00e0 fertile. Ancora da stabilire, invece, l&#8217;impatto dei fattori derivanti dalla pandemia da CoVid-19 e l\u2019incertezza diffusa generata dalla crisi economica del Paese. Durante una conferenza, il capo di Gabinetto Hirokazu Matsuno ha affermato che il problema della bassa natalit\u00e0 \u00ab[\u2026] potrebbe destabilizzare le fondamenta della societ\u00e0 e dell&#8217;economia del Paese\u00bb, ribadendo che la sua risoluzione \u00e8 una delle priorit\u00e0 dell&#8217;agenda di governo.<\/p>\n\n\n\n<p>Vi \u00e8, infatti, un problema che si aggiunge a quello della scarsit\u00e0 di nuovi nati in Giappone. Oltre a un tasso di fertilit\u00e0 inferiore alla soglia minima di 2,07 figli, quella considerata necessaria per garantire il ricambio generazionale, vi \u00e8 <a href=\"https:\/\/www.ilsole24ore.com\/art\/giappone-record-centenari-sono-oltre-86500-l-impatto-lavoro-e-conti-pubblici-AElf6ii\" target=\"_blank\" rel=\"noreferrer noopener\">l\u2019aspettativa di vita pi\u00f9 elevata nel mondo<\/a>. Dei 126 milioni di abitanti del Giappone, circa il 28% della popolazione ha pi\u00f9 di 65 anni di et\u00e0.<\/p>\n","protected":false},"excerpt":{"rendered":"<p>Il ministero della Salute diffonde i dati delle ultime statistiche, che preoccupano il capo di Gabinetto<\/p>\n","protected":false},"author":46,"featured_media":146599,"comment_status":"open","ping_status":"open","sticky":false,"template":"","format":"standard","meta":{"give_campaign_id":0,"om_disable_all_campaigns":false,"_monsterinsights_skip_tracking":false,"_monsterinsights_sitenote_active":false,"_monsterinsights_sitenote_note":"","_monsterinsights_sitenote_category":0,"mc4wp_mailchimp_campaign":[],"jnews-multi-image_gallery":[],"jnews_single_post":{"subtitle":"Il ministero della Salute diffonde i dati delle ultime statistiche, che preoccupano il capo di Gabinetto","format":"standard","video":"","gallery":"","source_name":"","source_url":"","via_name":"","via_url":"","override":[{"template":"1","single_blog_custom":"","parallax":"1","fullscreen":"1","layout":"right-sidebar","sidebar":"default-sidebar","second_sidebar":"default-sidebar","sticky_sidebar":"1","share_position":"top","share_float_style":"share-monocrhome","show_share_counter":"1","show_view_counter":"1","show_featured":"1","show_post_meta":"1","show_post_author":"1","show_post_author_image":"1","show_post_date":"1","post_date_format":"default","post_date_format_custom":"Y\/m\/d","show_post_category":"1","post_reading_time_wpm":"300","zoom_button_out_step":"2","zoom_button_in_step":"3","show_post_tag":"1","show_prev_next_post":"1","show_popup_post":"1","number_popup_post":"1"}],"image_override":[{"single_post_thumbnail_size":"crop-500","single_post_gallery_size":"crop-500"}],"trending_post_position":"meta","trending_post_label":"Trending","sponsored_post_label":"Sponsored by","sponsored_post_name":"","sponsored_post_url":"","sponsored_post_logo":"","sponsored_post_desc":""},"jnews_primary_category":{"id":"781"},"jnews_social_meta":{"fb_title":"","fb_description":"","fb_image":"","twitter_title":"","twitter_description":"","twitter_image":""},"jnews_override_counter":{"view_counter_number":"0","share_counter_number":"0","like_counter_number":"0","dislike_counter_number":"0"},"footnotes":""},"categories":[781,951],"tags":[935,6285],"class_list":["post-146597","post","type-post","status-publish","format-standard","has-post-thumbnail","hentry","category-famiglia","category-foreground-it","tag-demografia","tag-giappone"],"yoast_head":"<!-- This site is optimized with the Yoast SEO Premium plugin v25.9 (Yoast SEO v27.3) - https:\/\/yoast.com\/product\/yoast-seo-premium-wordpress\/ -->\n<title>Giappone, prosegue il crollo delle nascite - \u00abiFamNews\u00bb<\/title>\n<meta name=\"description\" content=\"Il ministero della Salute diffonde i dati delle ultime statistiche, che preoccupano il capo di Gabinetto Hirokazu Matsuno\" \/>\n<meta name=\"robots\" content=\"index, follow, max-snippet:-1, max-image-preview:large, max-video-preview:-1\" \/>\n<link rel=\"canonical\" href=\"https:\/\/ifamnews.com\/it\/giappone-prosegue-il-crollo-delle-nascite\" \/>\n<meta property=\"og:locale\" content=\"it_IT\" \/>\n<meta property=\"og:type\" content=\"article\" \/>\n<meta property=\"og:title\" content=\"Giappone, prosegue il crollo delle nascite\" \/>\n<meta property=\"og:description\" content=\"Il ministero della Salute diffonde i dati delle ultime statistiche, che preoccupano il capo di Gabinetto Hirokazu Matsuno\" \/>\n<meta property=\"og:url\" content=\"https:\/\/ifamnews.com\/it\/giappone-prosegue-il-crollo-delle-nascite\" \/>\n<meta property=\"og:site_name\" content=\"IFN\" \/>\n<meta property=\"article:publisher\" content=\"https:\/\/www.facebook.com\/iFamNews\" \/>\n<meta property=\"article:author\" content=\"https:\/\/www.facebook.com\/iFamNews\/\" \/>\n<meta property=\"article:published_time\" content=\"2022-06-04T09:00:00+00:00\" \/>\n<meta property=\"og:image\" content=\"https:\/\/ifamnews.com\/wp-content\/uploads\/2022\/06\/Cattura.png\" \/>\n\t<meta property=\"og:image:width\" content=\"914\" \/>\n\t<meta property=\"og:image:height\" content=\"499\" \/>\n\t<meta property=\"og:image:type\" content=\"image\/png\" \/>\n<meta name=\"author\" content=\"iFamNews Italia\" \/>\n<meta name=\"twitter:card\" content=\"summary_large_image\" \/>\n<meta name=\"twitter:creator\" content=\"@https:\/\/twitter.com\/iFamNewsIT\" \/>\n<meta name=\"twitter:site\" content=\"@iFamNewsEN\" \/>\n<meta name=\"twitter:label1\" content=\"Scritto da\" \/>\n\t<meta name=\"twitter:data1\" content=\"iFamNews Italia\" \/>\n\t<meta name=\"twitter:label2\" content=\"Tempo di lettura stimato\" \/>\n\t<meta name=\"twitter:data2\" content=\"2 minuti\" \/>\n<!-- \/ Yoast SEO Premium plugin. -->","yoast_head_json":{"title":"Giappone, prosegue il crollo delle nascite - \u00abiFamNews\u00bb","description":"Il ministero della Salute diffonde i dati delle ultime statistiche, che preoccupano il capo di Gabinetto Hirokazu Matsuno","robots":{"index":"index","follow":"follow","max-snippet":"max-snippet:-1","max-image-preview":"max-image-preview:large","max-video-preview":"max-video-preview:-1"},"canonical":"https:\/\/ifamnews.com\/it\/giappone-prosegue-il-crollo-delle-nascite","og_locale":"it_IT","og_type":"article","og_title":"Giappone, prosegue il crollo delle nascite","og_description":"Il ministero della Salute diffonde i dati delle ultime statistiche, che preoccupano il capo di Gabinetto Hirokazu Matsuno","og_url":"https:\/\/ifamnews.com\/it\/giappone-prosegue-il-crollo-delle-nascite","og_site_name":"IFN","article_publisher":"https:\/\/www.facebook.com\/iFamNews","article_author":"https:\/\/www.facebook.com\/iFamNews\/","article_published_time":"2022-06-04T09:00:00+00:00","og_image":[{"width":914,"height":499,"url":"https:\/\/ifamnews.com\/wp-content\/uploads\/2022\/06\/Cattura.png","type":"image\/png"}],"author":"iFamNews Italia","twitter_card":"summary_large_image","twitter_creator":"@https:\/\/twitter.com\/iFamNewsIT","twitter_site":"@iFamNewsEN","twitter_misc":{"Scritto da":"iFamNews Italia","Tempo di lettura stimato":"2 minuti"},"schema":{"@context":"https:\/\/schema.org","@graph":[{"@type":"NewsArticle","@id":"https:\/\/ifamnews.com\/it\/giappone-prosegue-il-crollo-delle-nascite#article","isPartOf":{"@id":"https:\/\/ifamnews.com\/it\/giappone-prosegue-il-crollo-delle-nascite"},"author":{"name":"iFamNews Italia","@id":"https:\/\/ifamnews.com\/en\/#\/schema\/person\/fafda7d79212f3690f4af10238556aac"},"headline":"Giappone, prosegue il crollo delle nascite","datePublished":"2022-06-04T09:00:00+00:00","mainEntityOfPage":{"@id":"https:\/\/ifamnews.com\/it\/giappone-prosegue-il-crollo-delle-nascite"},"wordCount":315,"commentCount":0,"publisher":{"@id":"https:\/\/ifamnews.com\/en\/#organization"},"image":{"@id":"https:\/\/ifamnews.com\/it\/giappone-prosegue-il-crollo-delle-nascite#primaryimage"},"thumbnailUrl":"https:\/\/ifamnews.com\/wp-content\/uploads\/2022\/06\/Cattura.png","keywords":["Demografia","Giappone"],"articleSection":["Famiglia","In evidenza"],"inLanguage":"it-IT","potentialAction":[{"@type":"CommentAction","name":"Comment","target":["https:\/\/ifamnews.com\/it\/giappone-prosegue-il-crollo-delle-nascite#respond"]}]},{"@type":"WebPage","@id":"https:\/\/ifamnews.com\/it\/giappone-prosegue-il-crollo-delle-nascite","url":"https:\/\/ifamnews.com\/it\/giappone-prosegue-il-crollo-delle-nascite","name":"Giappone, prosegue il crollo delle nascite - \u00abiFamNews\u00bb","isPartOf":{"@id":"https:\/\/ifamnews.com\/en\/#website"},"primaryImageOfPage":{"@id":"https:\/\/ifamnews.com\/it\/giappone-prosegue-il-crollo-delle-nascite#primaryimage"},"image":{"@id":"https:\/\/ifamnews.com\/it\/giappone-prosegue-il-crollo-delle-nascite#primaryimage"},"thumbnailUrl":"https:\/\/ifamnews.com\/wp-content\/uploads\/2022\/06\/Cattura.png","datePublished":"2022-06-04T09:00:00+00:00","description":"Il ministero della Salute diffonde i dati delle ultime statistiche, che preoccupano il capo di Gabinetto Hirokazu Matsuno","breadcrumb":{"@id":"https:\/\/ifamnews.com\/it\/giappone-prosegue-il-crollo-delle-nascite#breadcrumb"},"inLanguage":"it-IT","potentialAction":[{"@type":"ReadAction","target":["https:\/\/ifamnews.com\/it\/giappone-prosegue-il-crollo-delle-nascite"]}]},{"@type":"ImageObject","inLanguage":"it-IT","@id":"https:\/\/ifamnews.com\/it\/giappone-prosegue-il-crollo-delle-nascite#primaryimage","url":"https:\/\/ifamnews.com\/wp-content\/uploads\/2022\/06\/Cattura.png","contentUrl":"https:\/\/ifamnews.com\/wp-content\/uploads\/2022\/06\/Cattura.png","width":914,"height":499,"caption":"Hirokazu Matsuno, capo di Gabinetto del Giappone"},{"@type":"BreadcrumbList","@id":"https:\/\/ifamnews.com\/it\/giappone-prosegue-il-crollo-delle-nascite#breadcrumb","itemListElement":[{"@type":"ListItem","position":1,"name":"Home","item":"https:\/\/ifamnews.com\/de"},{"@type":"ListItem","position":2,"name":"Famiglia","item":"https:\/\/ifamnews.com\/it\/categoria\/famiglia"},{"@type":"ListItem","position":3,"name":"Giappone, prosegue il crollo delle nascite"}]},{"@type":"WebSite","@id":"https:\/\/ifamnews.com\/en\/#website","url":"https:\/\/ifamnews.com\/en\/","name":"IFN","description":"International Family News Network","publisher":{"@id":"https:\/\/ifamnews.com\/en\/#organization"},"potentialAction":[{"@type":"SearchAction","target":{"@type":"EntryPoint","urlTemplate":"https:\/\/ifamnews.com\/en\/?s={search_term_string}"},"query-input":{"@type":"PropertyValueSpecification","valueRequired":true,"valueName":"search_term_string"}}],"inLanguage":"it-IT"},{"@type":"Organization","@id":"https:\/\/ifamnews.com\/en\/#organization","name":"iFamNews","url":"https:\/\/ifamnews.com\/en\/","logo":{"@type":"ImageObject","inLanguage":"it-IT","@id":"https:\/\/ifamnews.com\/en\/#\/schema\/logo\/image\/","url":"https:\/\/ifamnews.com\/wp-content\/uploads\/2020\/01\/Share-logo.png","contentUrl":"https:\/\/ifamnews.com\/wp-content\/uploads\/2020\/01\/Share-logo.png","width":200,"height":200,"caption":"iFamNews"},"image":{"@id":"https:\/\/ifamnews.com\/en\/#\/schema\/logo\/image\/"},"sameAs":["https:\/\/www.facebook.com\/iFamNews","https:\/\/x.com\/iFamNewsEN"]},{"@type":"Person","@id":"https:\/\/ifamnews.com\/en\/#\/schema\/person\/fafda7d79212f3690f4af10238556aac","name":"iFamNews Italia","image":{"@type":"ImageObject","inLanguage":"it-IT","@id":"https:\/\/secure.gravatar.com\/avatar\/2e50539bc89809bc22a0b2bb9dc3d7f67ffd1e564e5461707f0153146f8c99b5?s=96&d=mm&r=g","url":"https:\/\/secure.gravatar.com\/avatar\/2e50539bc89809bc22a0b2bb9dc3d7f67ffd1e564e5461707f0153146f8c99b5?s=96&d=mm&r=g","contentUrl":"https:\/\/secure.gravatar.com\/avatar\/2e50539bc89809bc22a0b2bb9dc3d7f67ffd1e564e5461707f0153146f8c99b5?s=96&d=mm&r=g","caption":"iFamNews Italia"},"description":"Articles published by the Italian iFamNews editorial team.","sameAs":["https:\/\/ifamnews.com\/it","https:\/\/www.facebook.com\/iFamNews\/","https:\/\/x.com\/https:\/\/twitter.com\/iFamNewsIT","https:\/\/www.youtube.com\/channel\/UCMVyIt4z9BANW3d09kwfUpw"],"url":"https:\/\/ifamnews.com\/it\/author\/redazioneit"}]}},"amp_enabled":true,"_links":{"self":[{"href":"https:\/\/ifamnews.com\/it\/wp-json\/wp\/v2\/posts\/146597","targetHints":{"allow":["GET"]}}],"collection":[{"href":"https:\/\/ifamnews.com\/it\/wp-json\/wp\/v2\/posts"}],"about":[{"href":"https:\/\/ifamnews.com\/it\/wp-json\/wp\/v2\/types\/post"}],"author":[{"embeddable":true,"href":"https:\/\/ifamnews.com\/it\/wp-json\/wp\/v2\/users\/46"}],"replies":[{"embeddable":true,"href":"https:\/\/ifamnews.com\/it\/wp-json\/wp\/v2\/comments?post=146597"}],"version-history":[{"count":3,"href":"https:\/\/ifamnews.com\/it\/wp-json\/wp\/v2\/posts\/146597\/revisions"}],"predecessor-version":[{"id":146611,"href":"https:\/\/ifamnews.com\/it\/wp-json\/wp\/v2\/posts\/146597\/revisions\/146611"}],"wp:featuredmedia":[{"embeddable":true,"href":"https:\/\/ifamnews.com\/it\/wp-json\/wp\/v2\/media\/146599"}],"wp:attachment":[{"href":"https:\/\/ifamnews.com\/it\/wp-json\/wp\/v2\/media?parent=146597"}],"wp:term":[{"taxonomy":"category","embeddable":true,"href":"https:\/\/ifamnews.com\/it\/wp-json\/wp\/v2\/categories?post=146597"},{"taxonomy":"post_tag","embeddable":true,"href":"https:\/\/ifamnews.com\/it\/wp-json\/wp\/v2\/tags?post=146597"}],"curies":[{"name":"wp","href":"https:\/\/api.w.org\/{rel}","templated":true}]}}