{"id":143893,"date":"2022-05-18T09:00:00","date_gmt":"2022-05-18T13:00:00","guid":{"rendered":"https:\/\/ifamnews.com\/?p=143893"},"modified":"2022-05-18T01:05:31","modified_gmt":"2022-05-18T05:05:31","slug":"milano-sempre-pi-arcobaleno","status":"publish","type":"post","link":"https:\/\/ifamnews.com\/it\/milano-sempre-pi-arcobaleno","title":{"rendered":"Milano sempre pi\u00f9 arcobaleno"},"content":{"rendered":"\n<p>Il registro per il riconoscimento del genere di elezione, dedicato alle persone <em>transgender<\/em>, <a href=\"https:\/\/www.radiolombardia.it\/2022\/05\/17\/a-milano-un-registro-per-il-riconoscimento-dei-diritti-dei-transgender\/\" target=\"_blank\" rel=\"noreferrer noopener\">sar\u00e0 istituito a Milano<\/a>, prima citt\u00e0 in Italia come sottolinea <a href=\"https:\/\/milano.repubblica.it\/cronaca\/2022\/04\/12\/news\/diversity_media_awards_transgender_diritti_lgbt_consigliera_pd_milano_monica_romano_mozione_comune-345192514\/\" target=\"_blank\" rel=\"noreferrer noopener\">il consigliere Monica Romano, del Partito Democratico (PD), \u00abprima donna <em>transgender<\/em> eletta\u00bb nel capoluogo lombardo<\/a>, che ha presentato la mozione approvata ieri nel Consiglio Comunale.<\/p>\n\n\n\n<p>Fino a oggi, i documenti di riconoscimento delle persone <em>transgender<\/em> riportavano il loro nome come risultante all\u2019anagrafe &nbsp;e il sesso biologico alla nascita. Da ora in poi, invece, la mozione impegna il sindaco Giuseppe Sala e la Giunta a istituire un registro dove venga riconosciuto il genere di elezione, il cosiddetto <em>alias<\/em>, per i documenti di competenza del Comune, per esempio le tessere delle biblioteche comunali, gli abbonamenti per i mezzi pubblici dell&#8217;Azienda Trasporti Milanesi (ATM), i documenti di riconoscimento interni per i dipendenti del Comune medesimo e per quelli delle aziende partecipate.<\/p>\n\n\n\n<p>\u00abNon sono affatto stupito\u00bb, commenta Matteo Forte, consigliere comunale dell\u2019opposizione, docente di storia e filosofia. \u00abL\u2019approvazione della mozione del PD dovrebbe anzi aprire una riflessione. \u00c8 dal mese di gennaio che nel Consiglio comunale non si tratta d\u2019altro che di queste questioni. Non si parla dello stadio Meazza, se rimodernarlo o rifarlo dalle fondamenta, n\u00e9 delle Olimpiadi invernali del 2026 a Cortina da preparare, n\u00e9 del PNRR. No, di tutto ci\u00f2 sembra non importare a nessuno. Si dibatte ogni giorno esclusivamente di tematiche LGBT+\u00bb .<\/p>\n\n\n\n<p>Per quanto riguarda il registro, una volta istituito esso consentir\u00e0 alle persone <em>transgender<\/em> di autoidentificarsi nel sesso percepito con una semplice dichiarazione resa a un ufficiale di stato civile, che altrettanto semplicemente certificher\u00e0 tale autopercezione, sancendo cos\u00ec <em>in toto<\/em> il principio dell\u2019autodeterminazione di genere, ci\u00f2 che il mondo anglosassone <a href=\"https:\/\/feministpost.it\/dal-mondo\/per-le-persone-transessuali-il-self-id-e-un-disastro-parla-debbie-hayton\/\" target=\"_blank\" rel=\"noreferrer noopener\">definisce \u00abself-id\u00bb e che genera perplessit\u00e0 e polemiche anche nel Regno Unito<\/a>.<\/p>\n\n\n\n<p>\u00abL\u2019<em>alias<\/em> esiste da tempo\u00bb, continua il consigliere Forte, \u00abma per uso interno, per esempio in alcuni istituti scolastici o universit\u00e0. Ora invece si tratterebbe di un ente pubblico, che pubblicamente riconosce una rettifica del sesso che ancora non esiste nella normativa\u00bb.<\/p>\n\n\n\n<p>Matteo Forte \u00e8 persuaso che si tratti della \u00abennesima bandierina ideologica, senza ricadute amministrative\u00bb, da fissare sulla mappa, ma che vuole aprire la strada a decisioni pi\u00f9 impegnative.<\/p>\n\n\n\n<p>\u00abNon \u00e8 previsto dalla legge che un pubblico ufficiale riconosca l\u2019identit\u00e0 di una persona come \u201caltra\u201d, senza una verifica, senza un\u2019indagine, semplicemente prendendone atto, non \u00e8 proprio possibile. Ma immaginiamo le conseguenze, si creerebbe il <em>caos<\/em>. Farebbe ridere, se non fosse una cosa seria: pensiamo banalmente a come potrebbe fare l\u2019ATM per controllare la regolarit\u00e0 di un abbonamento!\u00bb.<\/p>\n\n\n\n<p>C\u2019\u00e8 poco da ridere, in effetti, come afferma il consigliere Forte, \u00abla prima vittima di posizioni ideologiche di questo tipo \u00e8 la certezza del diritto, compromessa dal <em>caos<\/em> delle rivendicazioni\u00bb.<\/p>\n","protected":false},"excerpt":{"rendered":"<p>Approvata la mozione per l\u2019istituzione del primo registro per il nome d\u2019elezione trans<\/p>\n","protected":false},"author":14,"featured_media":137363,"comment_status":"open","ping_status":"open","sticky":false,"template":"","format":"standard","meta":{"give_campaign_id":0,"om_disable_all_campaigns":false,"_monsterinsights_skip_tracking":false,"_monsterinsights_sitenote_active":false,"_monsterinsights_sitenote_note":"","_monsterinsights_sitenote_category":0,"mc4wp_mailchimp_campaign":[],"jnews-multi-image_gallery":[],"jnews_single_post":{"subtitle":"Approvata la mozione per l\u2019istituzione del primo registro per il nome d\u2019elezione trans","format":"standard","video":"","gallery":"","source_name":"","source_url":"","via_name":"","via_url":"","override":[{"template":"1","single_blog_custom":"","parallax":"1","fullscreen":"1","layout":"right-sidebar","sidebar":"default-sidebar","second_sidebar":"default-sidebar","sticky_sidebar":"1","share_position":"top","share_float_style":"share-monocrhome","show_share_counter":"1","show_view_counter":"1","show_featured":"1","show_post_meta":"1","show_post_author":"1","show_post_author_image":"1","show_post_date":"1","post_date_format":"default","post_date_format_custom":"Y\/m\/d","show_post_category":"1","post_reading_time_wpm":"300","zoom_button_out_step":"2","zoom_button_in_step":"3","show_post_tag":"1","show_prev_next_post":"1","show_popup_post":"1","number_popup_post":"1"}],"image_override":[{"single_post_thumbnail_size":"crop-500","single_post_gallery_size":"crop-500"}],"trending_post_position":"meta","trending_post_label":"Trending","sponsored_post_label":"Sponsored by","sponsored_post_name":"","sponsored_post_url":"","sponsored_post_logo":"","sponsored_post_desc":""},"jnews_primary_category":{"id":"781"},"jnews_social_meta":{"fb_title":"","fb_description":"","fb_image":"","twitter_title":"","twitter_description":"","twitter_image":""},"jnews_override_counter":{"view_counter_number":"0","share_counter_number":"0","like_counter_number":"0","dislike_counter_number":"0"},"footnotes":""},"categories":[781,951,780],"tags":[9603,2346],"class_list":["post-143893","post","type-post","status-publish","format-standard","has-post-thumbnail","hentry","category-famiglia","category-foreground-it","category-politica-it","tag-lgbt-it","tag-milano"],"yoast_head":"<!-- This site is optimized with the Yoast SEO Premium plugin v25.9 (Yoast SEO v27.3) - https:\/\/yoast.com\/product\/yoast-seo-premium-wordpress\/ -->\n<title>Milano sempre pi\u00f9 arcobaleno - \u00abiFamNews\u00bb<\/title>\n<meta name=\"description\" content=\"Approvata la mozione per l\u2019istituzione del primo registro per il nome d\u2019elezione dedicato alle persone transgender\" \/>\n<meta name=\"robots\" content=\"index, follow, max-snippet:-1, max-image-preview:large, max-video-preview:-1\" \/>\n<link rel=\"canonical\" href=\"https:\/\/ifamnews.com\/it\/milano-sempre-pi-arcobaleno\" \/>\n<meta property=\"og:locale\" content=\"it_IT\" \/>\n<meta property=\"og:type\" content=\"article\" \/>\n<meta property=\"og:title\" content=\"Milano sempre pi\u00f9 arcobaleno\" \/>\n<meta property=\"og:description\" content=\"Approvata la mozione per l\u2019istituzione del primo registro per il nome d\u2019elezione dedicato alle persone transgender\" \/>\n<meta property=\"og:url\" content=\"https:\/\/ifamnews.com\/it\/milano-sempre-pi-arcobaleno\" \/>\n<meta property=\"og:site_name\" content=\"IFN\" \/>\n<meta property=\"article:publisher\" content=\"https:\/\/www.facebook.com\/iFamNews\" \/>\n<meta property=\"article:published_time\" content=\"2022-05-18T13:00:00+00:00\" \/>\n<meta property=\"og:image\" content=\"https:\/\/ifamnews.com\/wp-content\/uploads\/2022\/04\/Palazzo-Marino-3.png\" \/>\n\t<meta property=\"og:image:width\" content=\"1200\" \/>\n\t<meta property=\"og:image:height\" content=\"675\" \/>\n\t<meta property=\"og:image:type\" content=\"image\/png\" \/>\n<meta name=\"author\" content=\"Barbara Santambrogio\" \/>\n<meta name=\"twitter:card\" content=\"summary_large_image\" \/>\n<meta name=\"twitter:creator\" content=\"@iFamNewsEN\" \/>\n<meta name=\"twitter:site\" content=\"@iFamNewsEN\" \/>\n<meta name=\"twitter:label1\" content=\"Scritto da\" \/>\n\t<meta name=\"twitter:data1\" content=\"Barbara Santambrogio\" \/>\n\t<meta name=\"twitter:label2\" content=\"Tempo di lettura stimato\" \/>\n\t<meta name=\"twitter:data2\" content=\"2 minuti\" \/>\n<!-- \/ Yoast SEO Premium plugin. -->","yoast_head_json":{"title":"Milano sempre pi\u00f9 arcobaleno - \u00abiFamNews\u00bb","description":"Approvata la mozione per l\u2019istituzione del primo registro per il nome d\u2019elezione dedicato alle persone transgender","robots":{"index":"index","follow":"follow","max-snippet":"max-snippet:-1","max-image-preview":"max-image-preview:large","max-video-preview":"max-video-preview:-1"},"canonical":"https:\/\/ifamnews.com\/it\/milano-sempre-pi-arcobaleno","og_locale":"it_IT","og_type":"article","og_title":"Milano sempre pi\u00f9 arcobaleno","og_description":"Approvata la mozione per l\u2019istituzione del primo registro per il nome d\u2019elezione dedicato alle persone transgender","og_url":"https:\/\/ifamnews.com\/it\/milano-sempre-pi-arcobaleno","og_site_name":"IFN","article_publisher":"https:\/\/www.facebook.com\/iFamNews","article_published_time":"2022-05-18T13:00:00+00:00","og_image":[{"width":1200,"height":675,"url":"https:\/\/ifamnews.com\/wp-content\/uploads\/2022\/04\/Palazzo-Marino-3.png","type":"image\/png"}],"author":"Barbara Santambrogio","twitter_card":"summary_large_image","twitter_creator":"@iFamNewsEN","twitter_site":"@iFamNewsEN","twitter_misc":{"Scritto da":"Barbara Santambrogio","Tempo di lettura stimato":"2 minuti"},"schema":{"@context":"https:\/\/schema.org","@graph":[{"@type":"NewsArticle","@id":"https:\/\/ifamnews.com\/it\/milano-sempre-pi-arcobaleno#article","isPartOf":{"@id":"https:\/\/ifamnews.com\/it\/milano-sempre-pi-arcobaleno"},"author":{"name":"Barbara Santambrogio","@id":"https:\/\/ifamnews.com\/en\/#\/schema\/person\/17118599da2799311b3611609a244572"},"headline":"Milano sempre pi\u00f9 arcobaleno","datePublished":"2022-05-18T13:00:00+00:00","mainEntityOfPage":{"@id":"https:\/\/ifamnews.com\/it\/milano-sempre-pi-arcobaleno"},"wordCount":452,"commentCount":0,"publisher":{"@id":"https:\/\/ifamnews.com\/en\/#organization"},"image":{"@id":"https:\/\/ifamnews.com\/it\/milano-sempre-pi-arcobaleno#primaryimage"},"thumbnailUrl":"https:\/\/ifamnews.com\/wp-content\/uploads\/2022\/04\/Palazzo-Marino-3.png","keywords":["LGBT+\/Gender","Milano"],"articleSection":["Famiglia","In evidenza","Politica"],"inLanguage":"it-IT","potentialAction":[{"@type":"CommentAction","name":"Comment","target":["https:\/\/ifamnews.com\/it\/milano-sempre-pi-arcobaleno#respond"]}]},{"@type":"WebPage","@id":"https:\/\/ifamnews.com\/it\/milano-sempre-pi-arcobaleno","url":"https:\/\/ifamnews.com\/it\/milano-sempre-pi-arcobaleno","name":"Milano sempre pi\u00f9 arcobaleno - \u00abiFamNews\u00bb","isPartOf":{"@id":"https:\/\/ifamnews.com\/en\/#website"},"primaryImageOfPage":{"@id":"https:\/\/ifamnews.com\/it\/milano-sempre-pi-arcobaleno#primaryimage"},"image":{"@id":"https:\/\/ifamnews.com\/it\/milano-sempre-pi-arcobaleno#primaryimage"},"thumbnailUrl":"https:\/\/ifamnews.com\/wp-content\/uploads\/2022\/04\/Palazzo-Marino-3.png","datePublished":"2022-05-18T13:00:00+00:00","description":"Approvata la mozione per l\u2019istituzione del primo registro per il nome d\u2019elezione dedicato alle persone transgender","breadcrumb":{"@id":"https:\/\/ifamnews.com\/it\/milano-sempre-pi-arcobaleno#breadcrumb"},"inLanguage":"it-IT","potentialAction":[{"@type":"ReadAction","target":["https:\/\/ifamnews.com\/it\/milano-sempre-pi-arcobaleno"]}]},{"@type":"ImageObject","inLanguage":"it-IT","@id":"https:\/\/ifamnews.com\/it\/milano-sempre-pi-arcobaleno#primaryimage","url":"https:\/\/ifamnews.com\/wp-content\/uploads\/2022\/04\/Palazzo-Marino-3.png","contentUrl":"https:\/\/ifamnews.com\/wp-content\/uploads\/2022\/04\/Palazzo-Marino-3.png","width":1200,"height":675,"caption":"Palazzo Marino"},{"@type":"BreadcrumbList","@id":"https:\/\/ifamnews.com\/it\/milano-sempre-pi-arcobaleno#breadcrumb","itemListElement":[{"@type":"ListItem","position":1,"name":"Home","item":"https:\/\/ifamnews.com\/de"},{"@type":"ListItem","position":2,"name":"Famiglia","item":"https:\/\/ifamnews.com\/it\/categoria\/famiglia"},{"@type":"ListItem","position":3,"name":"Milano sempre pi\u00f9 arcobaleno"}]},{"@type":"WebSite","@id":"https:\/\/ifamnews.com\/en\/#website","url":"https:\/\/ifamnews.com\/en\/","name":"IFN","description":"International Family News Network","publisher":{"@id":"https:\/\/ifamnews.com\/en\/#organization"},"potentialAction":[{"@type":"SearchAction","target":{"@type":"EntryPoint","urlTemplate":"https:\/\/ifamnews.com\/en\/?s={search_term_string}"},"query-input":{"@type":"PropertyValueSpecification","valueRequired":true,"valueName":"search_term_string"}}],"inLanguage":"it-IT"},{"@type":"Organization","@id":"https:\/\/ifamnews.com\/en\/#organization","name":"iFamNews","url":"https:\/\/ifamnews.com\/en\/","logo":{"@type":"ImageObject","inLanguage":"it-IT","@id":"https:\/\/ifamnews.com\/en\/#\/schema\/logo\/image\/","url":"https:\/\/ifamnews.com\/wp-content\/uploads\/2020\/01\/Share-logo.png","contentUrl":"https:\/\/ifamnews.com\/wp-content\/uploads\/2020\/01\/Share-logo.png","width":200,"height":200,"caption":"iFamNews"},"image":{"@id":"https:\/\/ifamnews.com\/en\/#\/schema\/logo\/image\/"},"sameAs":["https:\/\/www.facebook.com\/iFamNews","https:\/\/x.com\/iFamNewsEN"]},{"@type":"Person","@id":"https:\/\/ifamnews.com\/en\/#\/schema\/person\/17118599da2799311b3611609a244572","name":"Barbara Santambrogio","image":{"@type":"ImageObject","inLanguage":"it-IT","@id":"https:\/\/secure.gravatar.com\/avatar\/e82fde821e1707b5acb9fe7ab0a5d6e32d42db6117e73021c2fc05cc90dad32f?s=96&d=mm&r=g","url":"https:\/\/secure.gravatar.com\/avatar\/e82fde821e1707b5acb9fe7ab0a5d6e32d42db6117e73021c2fc05cc90dad32f?s=96&d=mm&r=g","contentUrl":"https:\/\/secure.gravatar.com\/avatar\/e82fde821e1707b5acb9fe7ab0a5d6e32d42db6117e73021c2fc05cc90dad32f?s=96&d=mm&r=g","caption":"Barbara Santambrogio"},"description":"After an original and varied working path, in the field of advertising and publishing, but also in the world of wine, she finally came to deal with what she is most passionate about. Today she writes (for the web, but not only), deals with translations and teaches in elementary school. Biological and adoptive mother, she loves reading and running.","url":"https:\/\/ifamnews.com\/it\/author\/bsantambrogio"}]}},"amp_enabled":true,"_links":{"self":[{"href":"https:\/\/ifamnews.com\/it\/wp-json\/wp\/v2\/posts\/143893","targetHints":{"allow":["GET"]}}],"collection":[{"href":"https:\/\/ifamnews.com\/it\/wp-json\/wp\/v2\/posts"}],"about":[{"href":"https:\/\/ifamnews.com\/it\/wp-json\/wp\/v2\/types\/post"}],"author":[{"embeddable":true,"href":"https:\/\/ifamnews.com\/it\/wp-json\/wp\/v2\/users\/14"}],"replies":[{"embeddable":true,"href":"https:\/\/ifamnews.com\/it\/wp-json\/wp\/v2\/comments?post=143893"}],"version-history":[{"count":2,"href":"https:\/\/ifamnews.com\/it\/wp-json\/wp\/v2\/posts\/143893\/revisions"}],"predecessor-version":[{"id":143898,"href":"https:\/\/ifamnews.com\/it\/wp-json\/wp\/v2\/posts\/143893\/revisions\/143898"}],"wp:featuredmedia":[{"embeddable":true,"href":"https:\/\/ifamnews.com\/it\/wp-json\/wp\/v2\/media\/137363"}],"wp:attachment":[{"href":"https:\/\/ifamnews.com\/it\/wp-json\/wp\/v2\/media?parent=143893"}],"wp:term":[{"taxonomy":"category","embeddable":true,"href":"https:\/\/ifamnews.com\/it\/wp-json\/wp\/v2\/categories?post=143893"},{"taxonomy":"post_tag","embeddable":true,"href":"https:\/\/ifamnews.com\/it\/wp-json\/wp\/v2\/tags?post=143893"}],"curies":[{"name":"wp","href":"https:\/\/api.w.org\/{rel}","templated":true}]}}