{"id":143796,"date":"2022-05-18T07:00:00","date_gmt":"2022-05-18T11:00:00","guid":{"rendered":"https:\/\/ifamnews.com\/?p=143796"},"modified":"2022-05-18T11:02:23","modified_gmt":"2022-05-18T15:02:23","slug":"se-non-credi-nell-evoluzione-sei-razzista-e-omofobo","status":"publish","type":"post","link":"https:\/\/ifamnews.com\/it\/se-non-credi-nell-evoluzione-sei-razzista-e-omofobo","title":{"rendered":"Se non credi nell\u2019evoluzione sei razzista e omofobo"},"content":{"rendered":"\n<p>Il 9 maggio un noto <em>web magazine<\/em> italiano dedicato all\u2019evoluzione, <a href=\"http:\/\/Pikaia.eu\" target=\"_blank\" rel=\"noreferrer noopener\">Pikaia.eu<\/a>, ha dato spazio a uno studio scientifico, in <em>peer review<\/em>, pubblicato a febbraio sul <em>Journal of Personality and Social Psychology<\/em>. Il titolo \u00e8 <a href=\"http:\/\/dx.doi.org\/10.1037\/pspi0000391\" target=\"_blank\" rel=\"noreferrer noopener\"><em>Bigotry and the Human\u2013Animal Divide: <\/em>(<em>Dis)Belief in Human Evolution and Bigoted Attitudes Across Different Cultures<\/em><\/a>, di Stylianos Syropoulos, Uri Lifshin, Jeff Greenberg, Dylan E. Horner e Bernhard Leidner.<\/p>\n\n\n\n<p>I risultati presentati, basati su otto sondaggi, suggeriscono che una persona convinta del fatto che l\u2019uomo discenda dagli animali riveli atteggiamenti meno razzisti e meno negativi nei confronti di chi non appartiene al proprio gruppo sociale rispetto a chi, invece, crede in un intervento creativo.<\/p>\n\n\n\n<p>Gli otto <em>step<\/em> alla base dello studio sono i seguenti.<\/p>\n\n\n\n<h3 class=\"wp-block-heading\" id=\"h-step-1-nessuna-credibilit-statistica\"><strong>Step 1. Nessuna credibilit\u00e0 statistica<\/strong><\/h3>\n\n\n\n<p>Dopo un sondaggio effettuato sulla popolazione statunitense gli autori giungono alla conclusione che prestare fede all\u2019ipotesi dell\u2019evoluzione comporti atteggiamenti pi\u00f9 favorevoli verso le persone nere e, addirittura, una maggior propensione ad abitare vicino a persone di colore. Risulterebbe inoltre che chi creda all\u2019evoluzione sia pi\u00f9 portato a non considerare l\u2019omosessualit\u00e0 in maniera negativa.<\/p>\n\n\n\n<p>Ci\u00f2 che non viene per\u00f2 esplicitato in prima lettura, e che \u00e8 rilevabile solo attraverso l\u2019analisi attenta dei dati presentati, \u00e8 che il campione, distribuito su 10 anni, conti solo 22.682 persone, delle quali solamente 8.974 hanno risposto a domande atte a valutarne la credenza nell\u2019evoluzione. Se si considera che nei soli Stati Uniti d\u2019America la popolazione supera i 330 milioni di persone, ci si trova davanti a valori campionati inferiori allo 0,0027% sul bacino rappresentato. Una percentuale che difficilmente pu\u00f2 essere indice di una qualsivoglia credibilit\u00e0 statistica.<\/p>\n\n\n\n<h3 class=\"wp-block-heading\"><strong>Step 2. Campione pre-orientato<\/strong><\/h3>\n\n\n\n<p>Le analisi degli autori si basano anche su un sondaggio effettuato in 19 Paesi dell\u2019Europa orientale. Pure in questo caso, ne risulta che chi creda all\u2019evoluzione consideri l\u2019omosessualit\u00e0 pi\u00f9 socialmente accettabile.<\/p>\n\n\n\n<p>\u00c8 bene per\u00f2 focalizzare l\u2019attenzione sul fatto che i 19 Paesi considerati contino un totale di oltre 345 milioni di persone, mentre il campione sondato \u00e8 di sole 21.827 persone, che rappresenta lo 0,0063% del bacino. Un altro dato che lascia perplessi, oltre alle percentuali cos\u00ec ridicolmente basse, \u00e8 la dichiarazione degli autori secondo cui la selezione del campione sarebbe pre-orientata: \u00abil campione adoperato per queste analisi era principalmente cristiano, per la maggior parte ortodosso\u00bb.<\/p>\n\n\n\n<h3 class=\"wp-block-heading\"><strong>Step 3<\/strong>. <strong>Certi esclusi<\/strong><\/h3>\n\n\n\n<p>Gli autori esaminano un sondaggio effettuato in 25 Paesi musulmani, per un totale di 28.004 persone, tutte musulmane. La conclusione: \u00abCredere che gli esseri umani si siano evoluti dagli animali \u00e8 associato a una minore probabilit\u00e0 di avere solo amici musulmani\u00bb. Vale a dire: chi \u00e8 evoluzionista pu\u00f2 pi\u00f9 facilmente avere amici anche fra le persone non musulmane.<\/p>\n\n\n\n<p>Resta il dubbio sul perch\u00e9 questi potenziali amici \u201cnon musulmani\u201d siano stati aprioristicamente esclusi dal sondaggio. Anche qui, ci\u00f2 che non viene indicato \u00e8 la dimensione del bacino rappresentato, che in questo caso ammonta a 1 miliardo e 390 milioni di persone, ovvero il campione utilizzato rappresenta solo lo 0,002%. Torna poi la succitata perplessit\u00e0 nell\u2019apprendere, a fronte di una percentuale del genere, come i partecipanti selezionati siano \u00abtutti musulmani\u00bb nonostante nei 25 Paesi presi in considerazione vi siano anche luoghi dove \u00e8 lecito professare altre religioni e persino l\u2019ateismo.<\/p>\n\n\n\n<h3 class=\"wp-block-heading\"><strong>Step 4-8. Stesse lacune<\/strong><\/h3>\n\n\n\n<p>Nel quarto sondaggio di cui si fa stato nello studio gli intervistati sono solo ebrei per nazionalit\u00e0, etnia o religione: 3.562. Considerando il bacino rappresentato, si tratta di meno dello 0,0039%. Gli autori concludono che un ebreo che non creda nell\u2019evoluzione abbia maggiori probabilit\u00e0 di avere amici solo tra ebrei. Sempre gli autori informano che \u00abnessuna domanda del sondaggio \u00e8 stata incentrata sugli atteggiamenti verso le persone LGBT+\u00bb. Ma allora per quale motivo la domanda sulle comunit\u00e0 LGBT+ \u00e8 stata invece inclusa in tutti gli altri sondaggi? Non \u00e8 dato saperlo. Il dubbio di una volont\u00e0 di indirizzo a monte dei risultati \u00e8 lecito.<\/p>\n\n\n\n<p>Lo stesso si ripete, senza grandi variazioni, anche per il sondaggio n. 5 (con soli 499 intervistati), per il n. 6 (509 intervistati), per il n. 7 (1.072 intervistati) e per il n. 8 (1.279 intervistati). Fra i risultati di questi quattro sondaggi vi \u00e8 che, a quanto pare, \u00abil credere nell\u2019evoluzione umana \u00e8 un dato correlato al livello di istruzione\u00bb.<\/p>\n\n\n\n<h3 class=\"wp-block-heading\"><strong>E dunque<\/strong>&#8230;<\/h3>\n\n\n\n<p>Secondo gli autori dello studio, le persone intervistate sarebbero \u00abcampioni rappresentativi, provenienti da un insieme molto diversificato di culture\u00bb. I numeri presentati indicano invece esattamente e clamorosamente il contrario.<\/p>\n\n\n\n<p>Ma oltre che nei numeri, questo saggio pecca pure nella logica. Se, scrivono gli autori, \u00abgli individui che credono che gli esseri umani si siano evoluti dagli animali possono avvertire un maggiore senso di identit\u00e0 di appartenenza comune con altre specie animali\u00bb, e \u00abmostrarsi pi\u00f9 rispettosi anche verso i membri della propria specie\u00bb quanto a comportamenti razzisti e omofobi, perch\u00e9 mai ci\u00f2 non dovrebbe essere altrettanto vero per chi crede che tutti, sia uomini sia animali, abbiano un Progettista comune con un\u2019esistenza teleologicamente connessa? Perch\u00e9 mai in quest\u2019ultimo caso le persone dovrebbero essere pi\u00f9 razziste, omofobe e meno predisposte all\u2019amicizia con soggetti appartenenti ad altri gruppi sociali?<\/p>\n\n\n\n<p>E dunque, se si volesse riassumere goliardicamente il senso e la lettera di questo <em>paper<\/em>, verrebbe da dire che, per certi \u201cscienziati\u201d, chi non crede nell\u2019evoluzione \u00e8 razzista, ignorante, omofobo, sociopatico e forse mangia pure i bambini. Per rispondere invece in maniera seria a queste millanterie infondate e ideologiche vale la pena tornare al matematico francese Henri Poincar\u00e9 (1854-1912) per ricordare che la scienza si fa con i dati cos\u00ec come una casa si fa con i mattoni, ma che la mera accumulazione dei dati non \u00e8 scienza pi\u00f9 di quanto un mero mucchio di mattoni non sia una casa.<\/p>\n","protected":false},"excerpt":{"rendered":"<p>Lo sostiene uno studio accademico con abbondanza di \u201csecondo me\u201d, di dati insufficienti e di sondaggi alla carlona, ma che evidentemente piace alla gente che piace<\/p>\n","protected":false},"author":129,"featured_media":143800,"comment_status":"open","ping_status":"open","sticky":false,"template":"","format":"standard","meta":{"give_campaign_id":0,"om_disable_all_campaigns":false,"_monsterinsights_skip_tracking":false,"_monsterinsights_sitenote_active":false,"_monsterinsights_sitenote_note":"","_monsterinsights_sitenote_category":0,"mc4wp_mailchimp_campaign":[],"jnews-multi-image_gallery":[],"jnews_single_post":{"subtitle":"Lo sostiene uno studio accademico con abbondanza di \u201csecondo me\u201d, di dati insufficienti e di sondaggi alla carlona, ma che evidentemente piace alla gente che piace","format":"standard","video":"","gallery":"","source_name":"","source_url":"","via_name":"","via_url":"","override":[{"template":"1","single_blog_custom":"","parallax":"1","fullscreen":"1","layout":"right-sidebar","sidebar":"default-sidebar","second_sidebar":"default-sidebar","sticky_sidebar":"1","share_position":"top","share_float_style":"share-monocrhome","show_share_counter":"1","show_view_counter":"1","show_featured":"1","show_post_meta":"1","show_post_author":"1","show_post_author_image":"1","show_post_date":"1","post_date_format":"default","post_date_format_custom":"Y\/m\/d","show_post_category":"1","post_reading_time_wpm":"300","zoom_button_out_step":"2","zoom_button_in_step":"3","show_post_tag":"1","show_prev_next_post":"1","show_popup_post":"1","number_popup_post":"1"}],"image_override":[{"single_post_thumbnail_size":"crop-500","single_post_gallery_size":"crop-500"}],"trending_post_position":"meta","trending_post_label":"Trending","sponsored_post_label":"Sponsored by","sponsored_post_name":"","sponsored_post_url":"","sponsored_post_logo":"","sponsored_post_desc":""},"jnews_primary_category":{"id":"764"},"jnews_social_meta":{"fb_title":"","fb_description":"","fb_image":"","twitter_title":"","twitter_description":"","twitter_image":""},"jnews_override_counter":{"view_counter_number":"0","share_counter_number":"0","like_counter_number":"0","dislike_counter_number":"0"},"footnotes":""},"categories":[764,951],"tags":[7327,9603,4119],"class_list":["post-143796","post","type-post","status-publish","format-standard","has-post-thumbnail","hentry","category-cultura","category-foreground-it","tag-evoluzionismo","tag-lgbt-it","tag-razzismo"],"yoast_head":"<!-- This site is optimized with the Yoast SEO Premium plugin v25.9 (Yoast SEO v27.3) - https:\/\/yoast.com\/product\/yoast-seo-premium-wordpress\/ -->\n<title>Se non credi nell\u2019evoluzione sei razzista e omofobo - \u00abiFamNews\u00bb<\/title>\n<meta name=\"description\" content=\"Lo dice uno studio accademico con abbondanza di \u201csecondo me\u201d, dati insufficienti e sondaggi alla carlona, ma che piace alla gente che piace\" \/>\n<meta name=\"robots\" content=\"index, follow, max-snippet:-1, max-image-preview:large, max-video-preview:-1\" \/>\n<link rel=\"canonical\" href=\"https:\/\/ifamnews.com\/it\/se-non-credi-nell-evoluzione-sei-razzista-e-omofobo\" \/>\n<meta property=\"og:locale\" content=\"it_IT\" \/>\n<meta property=\"og:type\" content=\"article\" \/>\n<meta property=\"og:title\" content=\"Se non credi nell\u2019evoluzione sei razzista e omofobo\" \/>\n<meta property=\"og:description\" content=\"Lo dice uno studio accademico con abbondanza di \u201csecondo me\u201d, dati insufficienti e sondaggi alla carlona, ma che piace alla gente che piace\" \/>\n<meta property=\"og:url\" content=\"https:\/\/ifamnews.com\/it\/se-non-credi-nell-evoluzione-sei-razzista-e-omofobo\" \/>\n<meta property=\"og:site_name\" content=\"IFN\" \/>\n<meta property=\"article:publisher\" content=\"https:\/\/www.facebook.com\/iFamNews\" \/>\n<meta property=\"article:published_time\" content=\"2022-05-18T11:00:00+00:00\" \/>\n<meta property=\"article:modified_time\" content=\"2022-05-18T15:02:23+00:00\" \/>\n<meta property=\"og:image\" content=\"https:\/\/ifamnews.com\/wp-content\/uploads\/2022\/05\/37274192190_cc61eaa565_b.jpg\" \/>\n\t<meta property=\"og:image:width\" content=\"1200\" \/>\n\t<meta property=\"og:image:height\" content=\"675\" \/>\n\t<meta property=\"og:image:type\" content=\"image\/jpeg\" \/>\n<meta name=\"author\" content=\"Francesco Arduini\" \/>\n<meta name=\"twitter:card\" content=\"summary_large_image\" \/>\n<meta name=\"twitter:creator\" content=\"@iFamNewsEN\" \/>\n<meta name=\"twitter:site\" content=\"@iFamNewsEN\" \/>\n<meta name=\"twitter:label1\" content=\"Scritto da\" \/>\n\t<meta name=\"twitter:data1\" content=\"Francesco Arduini\" \/>\n\t<meta name=\"twitter:label2\" content=\"Tempo di lettura stimato\" \/>\n\t<meta name=\"twitter:data2\" content=\"5 minuti\" \/>\n<!-- \/ Yoast SEO Premium plugin. -->","yoast_head_json":{"title":"Se non credi nell\u2019evoluzione sei razzista e omofobo - \u00abiFamNews\u00bb","description":"Lo dice uno studio accademico con abbondanza di \u201csecondo me\u201d, dati insufficienti e sondaggi alla carlona, ma che piace alla gente che piace","robots":{"index":"index","follow":"follow","max-snippet":"max-snippet:-1","max-image-preview":"max-image-preview:large","max-video-preview":"max-video-preview:-1"},"canonical":"https:\/\/ifamnews.com\/it\/se-non-credi-nell-evoluzione-sei-razzista-e-omofobo","og_locale":"it_IT","og_type":"article","og_title":"Se non credi nell\u2019evoluzione sei razzista e omofobo","og_description":"Lo dice uno studio accademico con abbondanza di \u201csecondo me\u201d, dati insufficienti e sondaggi alla carlona, ma che piace alla gente che piace","og_url":"https:\/\/ifamnews.com\/it\/se-non-credi-nell-evoluzione-sei-razzista-e-omofobo","og_site_name":"IFN","article_publisher":"https:\/\/www.facebook.com\/iFamNews","article_published_time":"2022-05-18T11:00:00+00:00","article_modified_time":"2022-05-18T15:02:23+00:00","og_image":[{"width":1200,"height":675,"url":"https:\/\/ifamnews.com\/wp-content\/uploads\/2022\/05\/37274192190_cc61eaa565_b.jpg","type":"image\/jpeg"}],"author":"Francesco Arduini","twitter_card":"summary_large_image","twitter_creator":"@iFamNewsEN","twitter_site":"@iFamNewsEN","twitter_misc":{"Scritto da":"Francesco Arduini","Tempo di lettura stimato":"5 minuti"},"schema":{"@context":"https:\/\/schema.org","@graph":[{"@type":"NewsArticle","@id":"https:\/\/ifamnews.com\/it\/se-non-credi-nell-evoluzione-sei-razzista-e-omofobo#article","isPartOf":{"@id":"https:\/\/ifamnews.com\/it\/se-non-credi-nell-evoluzione-sei-razzista-e-omofobo"},"author":{"name":"Francesco Arduini","@id":"https:\/\/ifamnews.com\/en\/#\/schema\/person\/b510073663d43ac1c4c38430ae59414b"},"headline":"Se non credi nell\u2019evoluzione sei razzista e omofobo","datePublished":"2022-05-18T11:00:00+00:00","dateModified":"2022-05-18T15:02:23+00:00","mainEntityOfPage":{"@id":"https:\/\/ifamnews.com\/it\/se-non-credi-nell-evoluzione-sei-razzista-e-omofobo"},"wordCount":917,"commentCount":0,"publisher":{"@id":"https:\/\/ifamnews.com\/en\/#organization"},"image":{"@id":"https:\/\/ifamnews.com\/it\/se-non-credi-nell-evoluzione-sei-razzista-e-omofobo#primaryimage"},"thumbnailUrl":"https:\/\/ifamnews.com\/wp-content\/uploads\/2022\/05\/37274192190_cc61eaa565_b.jpg","keywords":["Evoluzionismo","LGBT+\/Gender","Razzismo"],"articleSection":["Cultura","In evidenza"],"inLanguage":"it-IT","potentialAction":[{"@type":"CommentAction","name":"Comment","target":["https:\/\/ifamnews.com\/it\/se-non-credi-nell-evoluzione-sei-razzista-e-omofobo#respond"]}]},{"@type":"WebPage","@id":"https:\/\/ifamnews.com\/it\/se-non-credi-nell-evoluzione-sei-razzista-e-omofobo","url":"https:\/\/ifamnews.com\/it\/se-non-credi-nell-evoluzione-sei-razzista-e-omofobo","name":"Se non credi nell\u2019evoluzione sei razzista e omofobo - \u00abiFamNews\u00bb","isPartOf":{"@id":"https:\/\/ifamnews.com\/en\/#website"},"primaryImageOfPage":{"@id":"https:\/\/ifamnews.com\/it\/se-non-credi-nell-evoluzione-sei-razzista-e-omofobo#primaryimage"},"image":{"@id":"https:\/\/ifamnews.com\/it\/se-non-credi-nell-evoluzione-sei-razzista-e-omofobo#primaryimage"},"thumbnailUrl":"https:\/\/ifamnews.com\/wp-content\/uploads\/2022\/05\/37274192190_cc61eaa565_b.jpg","datePublished":"2022-05-18T11:00:00+00:00","dateModified":"2022-05-18T15:02:23+00:00","description":"Lo dice uno studio accademico con abbondanza di \u201csecondo me\u201d, dati insufficienti e sondaggi alla carlona, ma che piace alla gente che piace","breadcrumb":{"@id":"https:\/\/ifamnews.com\/it\/se-non-credi-nell-evoluzione-sei-razzista-e-omofobo#breadcrumb"},"inLanguage":"it-IT","potentialAction":[{"@type":"ReadAction","target":["https:\/\/ifamnews.com\/it\/se-non-credi-nell-evoluzione-sei-razzista-e-omofobo"]}]},{"@type":"ImageObject","inLanguage":"it-IT","@id":"https:\/\/ifamnews.com\/it\/se-non-credi-nell-evoluzione-sei-razzista-e-omofobo#primaryimage","url":"https:\/\/ifamnews.com\/wp-content\/uploads\/2022\/05\/37274192190_cc61eaa565_b.jpg","contentUrl":"https:\/\/ifamnews.com\/wp-content\/uploads\/2022\/05\/37274192190_cc61eaa565_b.jpg","width":1200,"height":675,"caption":"Image from Flickr"},{"@type":"BreadcrumbList","@id":"https:\/\/ifamnews.com\/it\/se-non-credi-nell-evoluzione-sei-razzista-e-omofobo#breadcrumb","itemListElement":[{"@type":"ListItem","position":1,"name":"Home","item":"https:\/\/ifamnews.com\/de"},{"@type":"ListItem","position":2,"name":"Cultura","item":"https:\/\/ifamnews.com\/it\/categoria\/cultura"},{"@type":"ListItem","position":3,"name":"Se non credi nell\u2019evoluzione sei razzista e omofobo"}]},{"@type":"WebSite","@id":"https:\/\/ifamnews.com\/en\/#website","url":"https:\/\/ifamnews.com\/en\/","name":"IFN","description":"International Family News Network","publisher":{"@id":"https:\/\/ifamnews.com\/en\/#organization"},"potentialAction":[{"@type":"SearchAction","target":{"@type":"EntryPoint","urlTemplate":"https:\/\/ifamnews.com\/en\/?s={search_term_string}"},"query-input":{"@type":"PropertyValueSpecification","valueRequired":true,"valueName":"search_term_string"}}],"inLanguage":"it-IT"},{"@type":"Organization","@id":"https:\/\/ifamnews.com\/en\/#organization","name":"iFamNews","url":"https:\/\/ifamnews.com\/en\/","logo":{"@type":"ImageObject","inLanguage":"it-IT","@id":"https:\/\/ifamnews.com\/en\/#\/schema\/logo\/image\/","url":"https:\/\/ifamnews.com\/wp-content\/uploads\/2020\/01\/Share-logo.png","contentUrl":"https:\/\/ifamnews.com\/wp-content\/uploads\/2020\/01\/Share-logo.png","width":200,"height":200,"caption":"iFamNews"},"image":{"@id":"https:\/\/ifamnews.com\/en\/#\/schema\/logo\/image\/"},"sameAs":["https:\/\/www.facebook.com\/iFamNews","https:\/\/x.com\/iFamNewsEN"]},{"@type":"Person","@id":"https:\/\/ifamnews.com\/en\/#\/schema\/person\/b510073663d43ac1c4c38430ae59414b","name":"Francesco Arduini","image":{"@type":"ImageObject","inLanguage":"it-IT","@id":"https:\/\/secure.gravatar.com\/avatar\/517db85396e467c23dc655a80b666d0dc2e885f851360fa1afb619306be0267a?s=96&d=mm&r=g","url":"https:\/\/secure.gravatar.com\/avatar\/517db85396e467c23dc655a80b666d0dc2e885f851360fa1afb619306be0267a?s=96&d=mm&r=g","contentUrl":"https:\/\/secure.gravatar.com\/avatar\/517db85396e467c23dc655a80b666d0dc2e885f851360fa1afb619306be0267a?s=96&d=mm&r=g","caption":"Francesco Arduini"},"description":"Graduated in Biblical Sciences with a historical focus, a member of the Italian Society for the History of Religions, he has published an original hypothesis on the emergence of infant baptismal practice in early Christian communities, as well as various articles on the life of Christianity between the 1st and 3rd centuries. He collaborates with the Italian Center for Intelligent Design.","url":"https:\/\/ifamnews.com\/it\/author\/farduini"}]}},"amp_enabled":true,"_links":{"self":[{"href":"https:\/\/ifamnews.com\/it\/wp-json\/wp\/v2\/posts\/143796","targetHints":{"allow":["GET"]}}],"collection":[{"href":"https:\/\/ifamnews.com\/it\/wp-json\/wp\/v2\/posts"}],"about":[{"href":"https:\/\/ifamnews.com\/it\/wp-json\/wp\/v2\/types\/post"}],"author":[{"embeddable":true,"href":"https:\/\/ifamnews.com\/it\/wp-json\/wp\/v2\/users\/129"}],"replies":[{"embeddable":true,"href":"https:\/\/ifamnews.com\/it\/wp-json\/wp\/v2\/comments?post=143796"}],"version-history":[{"count":5,"href":"https:\/\/ifamnews.com\/it\/wp-json\/wp\/v2\/posts\/143796\/revisions"}],"predecessor-version":[{"id":143949,"href":"https:\/\/ifamnews.com\/it\/wp-json\/wp\/v2\/posts\/143796\/revisions\/143949"}],"wp:featuredmedia":[{"embeddable":true,"href":"https:\/\/ifamnews.com\/it\/wp-json\/wp\/v2\/media\/143800"}],"wp:attachment":[{"href":"https:\/\/ifamnews.com\/it\/wp-json\/wp\/v2\/media?parent=143796"}],"wp:term":[{"taxonomy":"category","embeddable":true,"href":"https:\/\/ifamnews.com\/it\/wp-json\/wp\/v2\/categories?post=143796"},{"taxonomy":"post_tag","embeddable":true,"href":"https:\/\/ifamnews.com\/it\/wp-json\/wp\/v2\/tags?post=143796"}],"curies":[{"name":"wp","href":"https:\/\/api.w.org\/{rel}","templated":true}]}}