{"id":143215,"date":"2022-05-13T09:00:00","date_gmt":"2022-05-13T13:00:00","guid":{"rendered":"https:\/\/ifamnews.com\/?p=143215"},"modified":"2022-05-17T12:13:16","modified_gmt":"2022-05-17T16:13:16","slug":"una-nuova-legge-ue-colpisce-il-cuore-della-pedopornografia","status":"publish","type":"post","link":"https:\/\/ifamnews.com\/it\/una-nuova-legge-ue-colpisce-il-cuore-della-pedopornografia","title":{"rendered":"Una nuova legge UE colpisce il cuore della pedopornografia"},"content":{"rendered":"<p class=\"last-updated\">Last updated on Maggio 17th, 2022 at 12:13 pm<\/p>\n<p>Prima di intercettare gli scambi di foto e di filmati pedopornografici sul <em>web<\/em> le polizie postali di tutto il mondo devono allertarsi e attivare procedure. Se invece si potesse intervenire all\u2019origine, il turpe traffico si bloccherebbe con maggiore efficacia.<\/p>\n\n\n\n<p>Sembra questo lo spirito con il quale la <a href=\"https:\/\/ec.europa.eu\/commission\/presscorner\/detail\/it\/ip_22_2976\" target=\"_blank\" rel=\"noreferrer noopener\">Commissione Europea (CE) ha proposto una nuova legislazione comunitaria<\/a> per prevenire e per combattere gli abusi sessuali <em>online<\/em> a danno dei minori.<\/p>\n\n\n\n<p>Un fenomeno dilagante, denuncia l\u2019esecutivo dell\u2019Unione Europea (UE), con 85 milioni fra foto e video che ritraggono abusi sessuali su minori segnalati in tutto il mondo nel solo 2021.<\/p>\n\n\n\n<p>\u00abL\u2019attuale sistema basato sulla rilevazione volontaria e la segnalazione da parte delle imprese\u00bb, <a href=\"https:\/\/www.ansa.it\/europa\/notizie\/rubriche\/altrenews\/2022\/05\/11\/presentata-una-legge-per-combattere-gli-abusi-sui-minori-online_2b8124e6-84b6-4081-9468-7a8d353e0670.html\" target=\"_blank\" rel=\"noreferrer noopener\">afferma la CE in una nota dell\u201911 maggio 2022<\/a>, \u00abha dimostrato di essere insufficiente per proteggere adeguatamente i bambini\u00bb. Le norme proposte mirano dunque a obbligare i fornitori a individuare, a segnalare e a rimuovere materiale pedopornografico sui propri servizi. I <em>provider<\/em> dovranno inoltre valutare e mitigare il rischio di un uso improprio dei servizi che essi offrono e adottare misure proporzionate a tale rischio. Sar\u00e0 inoltre stabilito un Centro UE nuovo e indipendente contro l\u2019abuso sessuale dei bambini, che \u00abfaciliter\u00e0 gli sforzi dei fornitori di servizi, agendo come un centro di competenza, fornendo informazioni affidabili sul materiale identificato\u00bb e \u00abfornendo sostegno alle vittime\u00bb.<\/p>\n\n\n\n<p>\u00abChe ben venga, purch\u00e9 non si si dia vita a un altro megacentro burocratizzato\u00bb, commenta <a href=\"https:\/\/www.associazionemeter.org\/index.php\/component\/content\/article\/228-report-annuali\/report-2021\/1115-report-2021\" target=\"_blank\" rel=\"noreferrer noopener\">don Fortunato Di Noto, fondatore di Meter<\/a>, che da anni monitora il fenomeno, lo denuncia e lancia l\u2019allarme sulla <a href=\"https:\/\/ifamnews.com\/it\/pedopornografia-si-sprofonda-sempre-pi-\" target=\"_blank\" rel=\"noreferrer noopener\">velocit\u00e0 degli scambi che avvengono su <em>Internet<\/em><\/a>. Per evitare la creazione di una struttura inutile, spiega il sacerdote, occorre infatti \u00abcoinvolgere chi direttamente opera nel contrasto e nella prevenzione\u00bb degli abusi sui minori.<\/p>\n\n\n\n<p>Come parte dei nuovi obblighi di rilevamento proposti dalla Commissione, agli Stati membri si chieder\u00e0 di designare le autorit\u00e0 nazionali con il compito di rivedere la valutazione del rischio. Le autorit\u00e0 nazionali potranno inoltre emettere provvedimenti se il materiale che rappresenta abusi sessuali sui bambini non sar\u00e0 rapidamente oscurato. L\u2019iniziativa passa ora al Parlamento Europeo e al Consiglio della UE. Andranno certamente monitorati i tempi di approvazione e le contrariet\u00e0 al progetto, ma anche i tentativi di dirottare i provvedimenti inserendo proposizioni devianti ispirate all\u2019ideologia <em>gender<\/em> e a una libert\u00e0 sessuale che, in un\u2019accezione deforme, s\u2019identifica con la causa pi\u00f9 diretta della pedofilia e della pedopornografia.<\/p>\n","protected":false},"excerpt":{"rendered":"<p>A patto che non si trasformi nel solito carrozzone per papaveri, dice don Fortunato Di Noto, campione della lotta a questo crimine turpissimo <\/p>\n","protected":false},"author":97,"featured_media":143219,"comment_status":"open","ping_status":"open","sticky":false,"template":"","format":"standard","meta":{"give_campaign_id":0,"om_disable_all_campaigns":false,"_monsterinsights_skip_tracking":false,"_monsterinsights_sitenote_active":false,"_monsterinsights_sitenote_note":"","_monsterinsights_sitenote_category":0,"mc4wp_mailchimp_campaign":[],"jnews-multi-image_gallery":[],"jnews_single_post":{"subtitle":"A patto che non si trasformi nel solito carrozzone per papaveri, dice don Fortunato Di Noto, campione della lotta a questo crimine turpissimo ","format":"standard","video":"","gallery":"","source_name":"","source_url":"","via_name":"","via_url":"","override":[{"template":"1","single_blog_custom":"","parallax":"1","fullscreen":"1","layout":"right-sidebar","sidebar":"default-sidebar","second_sidebar":"default-sidebar","sticky_sidebar":"1","share_position":"top","share_float_style":"share-monocrhome","show_share_counter":"1","show_view_counter":"1","show_featured":"1","show_post_meta":"1","show_post_author":"1","show_post_author_image":"1","show_post_date":"1","post_date_format":"default","post_date_format_custom":"Y\/m\/d","show_post_category":"1","post_reading_time_wpm":"300","zoom_button_out_step":"2","zoom_button_in_step":"3","show_post_tag":"1","show_prev_next_post":"1","show_popup_post":"1","number_popup_post":"1"}],"image_override":[{"single_post_thumbnail_size":"crop-500","single_post_gallery_size":"crop-500"}],"trending_post_position":"meta","trending_post_label":"Trending","sponsored_post_label":"Sponsored by","sponsored_post_name":"","sponsored_post_url":"","sponsored_post_logo":"","sponsored_post_desc":""},"jnews_primary_category":{"id":"780"},"jnews_social_meta":{"fb_title":"","fb_description":"","fb_image":"","twitter_title":"","twitter_description":"","twitter_image":""},"jnews_override_counter":{"view_counter_number":"0","share_counter_number":"0","like_counter_number":"0","dislike_counter_number":"0"},"footnotes":""},"categories":[8488,951,780],"tags":[9979,3067],"class_list":["post-143215","post","type-post","status-publish","format-standard","has-post-thumbnail","hentry","category-breaking-news","category-foreground-it","category-politica-it","tag-pedopornografia","tag-unione-europea"],"yoast_head":"<!-- This site is optimized with the Yoast SEO Premium plugin v25.9 (Yoast SEO v27.3) - https:\/\/yoast.com\/product\/yoast-seo-premium-wordpress\/ -->\n<title>Una nuova legge UE colpisce il cuore della pedopornografia - \u00abiFamNews\u00bb<\/title>\n<meta name=\"description\" content=\"A patto che non si trasformi nel solito carrozzone per papaveri, dice don Fortunato Di Noto, campione della lotta a questo crimine turpissimo\" \/>\n<meta name=\"robots\" content=\"index, follow, max-snippet:-1, max-image-preview:large, max-video-preview:-1\" \/>\n<link rel=\"canonical\" href=\"https:\/\/ifamnews.com\/it\/una-nuova-legge-ue-colpisce-il-cuore-della-pedopornografia\" \/>\n<meta property=\"og:locale\" content=\"it_IT\" \/>\n<meta property=\"og:type\" content=\"article\" \/>\n<meta property=\"og:title\" content=\"Una nuova legge UE colpisce il cuore della pedopornografia\" \/>\n<meta property=\"og:description\" content=\"A patto che non si trasformi nel solito carrozzone per papaveri, dice don Fortunato Di Noto, campione della lotta a questo crimine turpissimo\" \/>\n<meta property=\"og:url\" content=\"https:\/\/ifamnews.com\/it\/una-nuova-legge-ue-colpisce-il-cuore-della-pedopornografia\" \/>\n<meta property=\"og:site_name\" content=\"IFN\" \/>\n<meta property=\"article:publisher\" content=\"https:\/\/www.facebook.com\/iFamNews\" \/>\n<meta property=\"article:published_time\" content=\"2022-05-13T13:00:00+00:00\" \/>\n<meta property=\"article:modified_time\" content=\"2022-05-17T16:13:16+00:00\" \/>\n<meta property=\"og:image\" content=\"https:\/\/ifamnews.com\/wp-content\/uploads\/2022\/05\/Beast-Pixabay-1.webp\" \/>\n\t<meta property=\"og:image:width\" content=\"1200\" \/>\n\t<meta property=\"og:image:height\" content=\"675\" \/>\n\t<meta property=\"og:image:type\" content=\"image\/webp\" \/>\n<meta name=\"author\" content=\"Giacobbe della Scala\" \/>\n<meta name=\"twitter:card\" content=\"summary_large_image\" \/>\n<meta name=\"twitter:creator\" content=\"@iFamNewsEN\" \/>\n<meta name=\"twitter:site\" content=\"@iFamNewsEN\" \/>\n<meta name=\"twitter:label1\" content=\"Scritto da\" \/>\n\t<meta name=\"twitter:data1\" content=\"Giacobbe della Scala\" \/>\n\t<meta name=\"twitter:label2\" content=\"Tempo di lettura stimato\" \/>\n\t<meta name=\"twitter:data2\" content=\"2 minuti\" \/>\n<!-- \/ Yoast SEO Premium plugin. -->","yoast_head_json":{"title":"Una nuova legge UE colpisce il cuore della pedopornografia - \u00abiFamNews\u00bb","description":"A patto che non si trasformi nel solito carrozzone per papaveri, dice don Fortunato Di Noto, campione della lotta a questo crimine turpissimo","robots":{"index":"index","follow":"follow","max-snippet":"max-snippet:-1","max-image-preview":"max-image-preview:large","max-video-preview":"max-video-preview:-1"},"canonical":"https:\/\/ifamnews.com\/it\/una-nuova-legge-ue-colpisce-il-cuore-della-pedopornografia","og_locale":"it_IT","og_type":"article","og_title":"Una nuova legge UE colpisce il cuore della pedopornografia","og_description":"A patto che non si trasformi nel solito carrozzone per papaveri, dice don Fortunato Di Noto, campione della lotta a questo crimine turpissimo","og_url":"https:\/\/ifamnews.com\/it\/una-nuova-legge-ue-colpisce-il-cuore-della-pedopornografia","og_site_name":"IFN","article_publisher":"https:\/\/www.facebook.com\/iFamNews","article_published_time":"2022-05-13T13:00:00+00:00","article_modified_time":"2022-05-17T16:13:16+00:00","og_image":[{"width":1200,"height":675,"url":"https:\/\/ifamnews.com\/wp-content\/uploads\/2022\/05\/Beast-Pixabay-1.webp","type":"image\/webp"}],"author":"Giacobbe della Scala","twitter_card":"summary_large_image","twitter_creator":"@iFamNewsEN","twitter_site":"@iFamNewsEN","twitter_misc":{"Scritto da":"Giacobbe della Scala","Tempo di lettura stimato":"2 minuti"},"schema":{"@context":"https:\/\/schema.org","@graph":[{"@type":"NewsArticle","@id":"https:\/\/ifamnews.com\/it\/una-nuova-legge-ue-colpisce-il-cuore-della-pedopornografia#article","isPartOf":{"@id":"https:\/\/ifamnews.com\/it\/una-nuova-legge-ue-colpisce-il-cuore-della-pedopornografia"},"author":{"name":"Giacobbe della Scala","@id":"https:\/\/ifamnews.com\/en\/#\/schema\/person\/3f01a4dc993a05b1458c09b4d7233113"},"headline":"Una nuova legge UE colpisce il cuore della pedopornografia","datePublished":"2022-05-13T13:00:00+00:00","dateModified":"2022-05-17T16:13:16+00:00","mainEntityOfPage":{"@id":"https:\/\/ifamnews.com\/it\/una-nuova-legge-ue-colpisce-il-cuore-della-pedopornografia"},"wordCount":404,"commentCount":0,"publisher":{"@id":"https:\/\/ifamnews.com\/en\/#organization"},"image":{"@id":"https:\/\/ifamnews.com\/it\/una-nuova-legge-ue-colpisce-il-cuore-della-pedopornografia#primaryimage"},"thumbnailUrl":"https:\/\/ifamnews.com\/wp-content\/uploads\/2022\/05\/Beast-Pixabay-1.webp","keywords":["Pedopornografia","Unione Europea"],"articleSection":["Breaking News","In evidenza","Politica"],"inLanguage":"it-IT","potentialAction":[{"@type":"CommentAction","name":"Comment","target":["https:\/\/ifamnews.com\/it\/una-nuova-legge-ue-colpisce-il-cuore-della-pedopornografia#respond"]}]},{"@type":"WebPage","@id":"https:\/\/ifamnews.com\/it\/una-nuova-legge-ue-colpisce-il-cuore-della-pedopornografia","url":"https:\/\/ifamnews.com\/it\/una-nuova-legge-ue-colpisce-il-cuore-della-pedopornografia","name":"Una nuova legge UE colpisce il cuore della pedopornografia - \u00abiFamNews\u00bb","isPartOf":{"@id":"https:\/\/ifamnews.com\/en\/#website"},"primaryImageOfPage":{"@id":"https:\/\/ifamnews.com\/it\/una-nuova-legge-ue-colpisce-il-cuore-della-pedopornografia#primaryimage"},"image":{"@id":"https:\/\/ifamnews.com\/it\/una-nuova-legge-ue-colpisce-il-cuore-della-pedopornografia#primaryimage"},"thumbnailUrl":"https:\/\/ifamnews.com\/wp-content\/uploads\/2022\/05\/Beast-Pixabay-1.webp","datePublished":"2022-05-13T13:00:00+00:00","dateModified":"2022-05-17T16:13:16+00:00","description":"A patto che non si trasformi nel solito carrozzone per papaveri, dice don Fortunato Di Noto, campione della lotta a questo crimine turpissimo","breadcrumb":{"@id":"https:\/\/ifamnews.com\/it\/una-nuova-legge-ue-colpisce-il-cuore-della-pedopornografia#breadcrumb"},"inLanguage":"it-IT","potentialAction":[{"@type":"ReadAction","target":["https:\/\/ifamnews.com\/it\/una-nuova-legge-ue-colpisce-il-cuore-della-pedopornografia"]}]},{"@type":"ImageObject","inLanguage":"it-IT","@id":"https:\/\/ifamnews.com\/it\/una-nuova-legge-ue-colpisce-il-cuore-della-pedopornografia#primaryimage","url":"https:\/\/ifamnews.com\/wp-content\/uploads\/2022\/05\/Beast-Pixabay-1.webp","contentUrl":"https:\/\/ifamnews.com\/wp-content\/uploads\/2022\/05\/Beast-Pixabay-1.webp","width":1200,"height":675,"caption":"Image from Pixabay"},{"@type":"BreadcrumbList","@id":"https:\/\/ifamnews.com\/it\/una-nuova-legge-ue-colpisce-il-cuore-della-pedopornografia#breadcrumb","itemListElement":[{"@type":"ListItem","position":1,"name":"Home","item":"https:\/\/ifamnews.com\/de"},{"@type":"ListItem","position":2,"name":"Politics","item":"https:\/\/ifamnews.com\/en\/category\/politics"},{"@type":"ListItem","position":3,"name":"Una nuova legge UE colpisce il cuore della pedopornografia"}]},{"@type":"WebSite","@id":"https:\/\/ifamnews.com\/en\/#website","url":"https:\/\/ifamnews.com\/en\/","name":"IFN","description":"International Family News Network","publisher":{"@id":"https:\/\/ifamnews.com\/en\/#organization"},"potentialAction":[{"@type":"SearchAction","target":{"@type":"EntryPoint","urlTemplate":"https:\/\/ifamnews.com\/en\/?s={search_term_string}"},"query-input":{"@type":"PropertyValueSpecification","valueRequired":true,"valueName":"search_term_string"}}],"inLanguage":"it-IT"},{"@type":"Organization","@id":"https:\/\/ifamnews.com\/en\/#organization","name":"iFamNews","url":"https:\/\/ifamnews.com\/en\/","logo":{"@type":"ImageObject","inLanguage":"it-IT","@id":"https:\/\/ifamnews.com\/en\/#\/schema\/logo\/image\/","url":"https:\/\/ifamnews.com\/wp-content\/uploads\/2020\/01\/Share-logo.png","contentUrl":"https:\/\/ifamnews.com\/wp-content\/uploads\/2020\/01\/Share-logo.png","width":200,"height":200,"caption":"iFamNews"},"image":{"@id":"https:\/\/ifamnews.com\/en\/#\/schema\/logo\/image\/"},"sameAs":["https:\/\/www.facebook.com\/iFamNews","https:\/\/x.com\/iFamNewsEN"]},{"@type":"Person","@id":"https:\/\/ifamnews.com\/en\/#\/schema\/person\/3f01a4dc993a05b1458c09b4d7233113","name":"Giacobbe della Scala","image":{"@type":"ImageObject","inLanguage":"it-IT","@id":"https:\/\/secure.gravatar.com\/avatar\/9e72fec6e8b5d09ae4caeeea81590470dea0de5c749f14c99171f3a40035d780?s=96&d=mm&r=g","url":"https:\/\/secure.gravatar.com\/avatar\/9e72fec6e8b5d09ae4caeeea81590470dea0de5c749f14c99171f3a40035d780?s=96&d=mm&r=g","contentUrl":"https:\/\/secure.gravatar.com\/avatar\/9e72fec6e8b5d09ae4caeeea81590470dea0de5c749f14c99171f3a40035d780?s=96&d=mm&r=g","caption":"Giacobbe della Scala"},"description":"Under this pseudonym writes a legal practitioner, engaged in the field of education and countering misinformation.","url":"https:\/\/ifamnews.com\/it\/author\/gdellascala"}]}},"amp_enabled":true,"_links":{"self":[{"href":"https:\/\/ifamnews.com\/it\/wp-json\/wp\/v2\/posts\/143215","targetHints":{"allow":["GET"]}}],"collection":[{"href":"https:\/\/ifamnews.com\/it\/wp-json\/wp\/v2\/posts"}],"about":[{"href":"https:\/\/ifamnews.com\/it\/wp-json\/wp\/v2\/types\/post"}],"author":[{"embeddable":true,"href":"https:\/\/ifamnews.com\/it\/wp-json\/wp\/v2\/users\/97"}],"replies":[{"embeddable":true,"href":"https:\/\/ifamnews.com\/it\/wp-json\/wp\/v2\/comments?post=143215"}],"version-history":[{"count":5,"href":"https:\/\/ifamnews.com\/it\/wp-json\/wp\/v2\/posts\/143215\/revisions"}],"predecessor-version":[{"id":143840,"href":"https:\/\/ifamnews.com\/it\/wp-json\/wp\/v2\/posts\/143215\/revisions\/143840"}],"wp:featuredmedia":[{"embeddable":true,"href":"https:\/\/ifamnews.com\/it\/wp-json\/wp\/v2\/media\/143219"}],"wp:attachment":[{"href":"https:\/\/ifamnews.com\/it\/wp-json\/wp\/v2\/media?parent=143215"}],"wp:term":[{"taxonomy":"category","embeddable":true,"href":"https:\/\/ifamnews.com\/it\/wp-json\/wp\/v2\/categories?post=143215"},{"taxonomy":"post_tag","embeddable":true,"href":"https:\/\/ifamnews.com\/it\/wp-json\/wp\/v2\/tags?post=143215"}],"curies":[{"name":"wp","href":"https:\/\/api.w.org\/{rel}","templated":true}]}}