{"id":142213,"date":"2022-05-08T07:00:00","date_gmt":"2022-05-08T11:00:00","guid":{"rendered":"https:\/\/ifamnews.com\/?p=142213"},"modified":"2022-05-08T08:25:10","modified_gmt":"2022-05-08T12:25:10","slug":"lavoro-o-famiglia-preferisco-la-bellezza","status":"publish","type":"post","link":"https:\/\/ifamnews.com\/it\/lavoro-o-famiglia-preferisco-la-bellezza","title":{"rendered":"Lavoro o famiglia? Preferisco la bellezza"},"content":{"rendered":"\n<p>Oggi, 8 maggio, ricorre in numerosi Paesi la Festa della mamma. Esattamente due mesi fa, l\u20198 marzo, tradizionalmente Festa della donna, una mamma, una donna, assumendo il proprio incarico di docente della facolt\u00e0 di Teologia nell\u2019Ateneo Pontificio Regina Apostolorum prestava giuramento di fedelt\u00e0 al magistero della Chiesa Cattolica, davanti al rettore, secondo le norme del Diritto canonico. Ribaltando d\u2019un colpo il pregiudizio secondo il quale la Chiesa Cattolica sarebbe misogina.<\/p>\n\n\n\n<p>Si tratta di Giorgia Brambilla, membro del Comitato di Etica clinica dell\u2019Ospedale pediatrico Bambino Ges\u00f9 di Roma, professore straordinario di Bioetica nell\u2019Ateneo citato, <a href=\"https:\/\/ifamnews.com\/it\/-come-olio-di-nardo-il-valore-della-famiglia-nel-mondo-contemporaneo\" target=\"_blank\" rel=\"noreferrer noopener\">autrice<\/a>. Sposata, madre di tre bambini ancora piccoli, la professoressa Brambilla parla con \u00abiFamNews\u00bb di famiglia, di figli, di lavoro.<\/p>\n\n\n\n<p><strong>La prima domanda, professoressa, \u00e8 piuttosto scontata. Come concilia una professione impegnativa, una passione come quella per la scrittura e la famiglia?<\/strong><\/p>\n\n\n\n<p>Il conflitto che si crea nella vita delle mamme tra figli e lavoro \u00e8 gi\u00e0 una sconfitta, cos\u00ec come l\u2019idea del dover \u201cconciliare\u201d famiglia e lavoro. Meglio sarebbe approfondire e realizzare una integrazione tra le due dimensioni, che si trovano entrambe nel cuore e nell\u2019identit\u00e0 della donna. \u00c8 peraltro normale e logico che una donna, conformemente al proprio tipo di formazione e ai propri interessi, scopra in s\u00e9 un\u2019attitudine per la vita professionale. Per molte donne, il lavoro \u00e8 avvertito come parte integrante della chiamata a realizzare i propri \u201ctalenti\u201d a rispondere attraverso un\u2019attivit\u00e0 professionale dei doni ricevuti, consentendo ad altre persone di beneficiare di tali capacit\u00e0 o competenze.<\/p>\n\n\n\n<p>Noi dobbiamo puntare a una valorizzazione della femminilit\u00e0 che non escluda la donna dalla scelta professionale, ma la integri in una visione che abbraccia \u201cil genio e la missione\u201d della donna quale insostituibile custode della vita. La donna porta la propria vocazione alla maternit\u00e0, il proprio essere sempre potenzialmente madre, sia fisica, psicologica, sociale, spirituale, in qualunque cosa faccia. In ogni atteggiamento, la donna realizza la propria naturale disposizione, ovvero la vocazione fondamentale, alla maternit\u00e0, cio\u00e8 al dono di s\u00e9 e all\u2019accoglienza dell\u2019altro, cos\u00ec come ci ricorda san Giovanni Paolo II nella <em>Mulieris Dignitatem<\/em>, laddove si legge che la donna \u00ab[\u2026] non riesce a cancellare la disponibilit\u00e0 ad accogliere la vita, inscritta nel suo ethos dal \u201cprincipio\u201d\u00bb. L\u2019apporto specifico al mondo del lavoro della donna, dunque, \u00e8 proprio quello di prendersi costantemente cura dell\u2019essere umano, di introdurre in ogni settore della societ\u00e0 le attenzioni e le accortezze di una madre.<\/p>\n\n\n\n<p>Per quanto mi riguarda, non solo la maternit\u00e0 non \u00e8 stata un impedimento alla mia carriera, ma anzi posso dire che l\u2019essere madre mi ha senza dubbio resa una professionista migliore, sviluppando in me tante abilit\u00e0 umane di cui faccio tesoro nel mio lavoro. Nessuna donna dovrebbe dare retta a chi la svaluta a tal punto da portarla ad un ideologico <em>aut aut<\/em> tra famiglia e lavoro, tra maternit\u00e0 e carriera.<\/p>\n\n\n\n<p>A me \u00e8 successo ed \u00e8 stato doloroso. Tuttavia, questa esperienza oltre ad aver dato a me delle risposte, mi permette oggi di aiutare le mie studentesse che spesso hanno i miei stessi dubbi di allora. Una volta, una persona mi ha detto: \u00abOra che ti sei sposata (avevo 25 anni), non ce la farai a completare gli studi\u00bb. E io, dopo il matrimonio, ho preso una laurea triennale, una magistrale e un dottorato. Un&#8217;altra mi ha detto: \u00abHai gi\u00e0 un figlio e sei di nuovo incinta: non ti assumeranno mai\u00bb. Ma poco dopo io e il mio pancione di 7 mesi abbiamo varcato la soglia dell&#8217;ufficio risorse umane di un&#8217;universit\u00e0 come l&#8217;APRA che ha sempre considerato la mia maternit\u00e0 un valore aggiunto. Poi un&#8217;altra mi ha detto: \u00abLei \u00e8 una donna, cosa crede di poter fare in un&#8217;universit\u00e0 pontificia?\u00bb. Ricordo che le donne sono state ammesse a frequentare le facolt\u00e0 teologiche solo a partire dal 1965. E il mio primo incarico da professore associato \u00e8 stato organizzare un corso di aggiornamento di 2 settimane, interamente dedicato alla Bioetica dalla prospettiva della donna, da cui \u00e8 nato un libro che nel 2019 ha vinto un premio letterario \u201cal femminile\u201d, come primo classificato della sezione scientifica. Ma soprattutto, 10 anni dopo, sono diventata professore straordinario in una facolt\u00e0 di Teologia proprio nel giorno della Festa della donna.<\/p>\n\n\n\n<p><strong>Di recente, la partenza nello Spazio di Samantha Cristoforetti, astronauta e aviatrice, ha fatto discutere se sia un bene oppure no che una mamma lavori. Qual \u00e8 la sua opinione, ma soprattutto la sua esperienza?<\/strong><\/p>\n\n\n\n<p>Attingo al linguaggio della bioetica, per dire che il lavoro nella vita di una donna-mamma non va vissuto n\u00e9 come un accanimento, \u00abdevo lavorare a tutti costi, perch\u00e9 io valgo..\u00bb, n\u00e9 come un abbandono aprioristico, \u00ablavoro <em>ergo<\/em> sono una pessima madre\u00bb. No. Va considerato una vocazione nella vocazione. Nel mio cuore io ho sempre sentito che c&#8217;era posto, con le dovute priorit\u00e0, per entrambe.<\/p>\n\n\n\n<p>Vivo l&#8217;essere madre con i miei figli, ma sperimento di esserlo in certo qual modo anche con i miei studenti. Vivo l&#8217;obbedienza (o almeno ci provo!) con mio marito, ma anche nei confronti dei miei superiori. E li ringrazio infinitamente entrambi perch\u00e9 \u00e8 grazie alla loro guida virile e paterna che sono oggi la donna che sono. Vivo con gioia il sacrificio e l&#8217;abnegazione in famiglia, ma anche sui libri e poi dietro la cattedra, perch\u00e9 questo porta beneficio agli altri.<\/p>\n\n\n\n<p>I momenti duri non mancano, specialmente perch\u00e9 non abbiamo nonni o parenti che possano aiutarci. Ma, proprio perch\u00e9 di \u201cvocazione\u201d si tratta, il Signore mi ha sempre donato \u00abla forza di un bufalo\u00bb (Sal 91,11).<\/p>\n\n\n\n<p>Le &#8220;super-mamme&#8221; non esistono (e menomale!). Cos\u00ec come non esistono donne di serie A, le mamme casalinghe, e donne di serie B, le mamme lavoratrici (o viceversa!), giudicate tali in base al pensiero di appartenenza. Entrambe, in fondo, sono chiamate alla stessa cosa: abbracciare il disegno che Dio ha sulla femminilit\u00e0, calata nella singola persona.<\/p>\n\n\n\n<p>Lasciamo gli stereotipi a chi non conosce la verit\u00e0 dell&#8217;essere umano e preferisce perdere tempo a fare ideologie. Noi teniamoci stretta la Bellezza!<\/p>\n\n\n\n<p><strong>Facendo riferimento <\/strong><a href=\"https:\/\/ifamnews.com\/it\/il-naso-di-mons-michael-schooyans\" target=\"_blank\" rel=\"noreferrer noopener\"><strong>all\u2019\u00abinverno demografico\u00bb, definizione perfetta coniata da mons, Michel Schooyans (1930-2022), <\/strong><\/a><strong>&nbsp;scomparso di recente, per indicare il vertiginoso calo delle nascite nel mondo Occidentale, lei vede ipotesi di soluzione?<\/strong><\/p>\n\n\n\n<p>Uno dei metodi maggiormente suggeriti dai demografi per invertire il pesante calo demografico \u00e8 quello di favorire l\u2019immissione dei giovani nel circuito lavorativo, al fine di assecondare e rendere possibile il loro desiderio di costruirsi un futuro. \u00c8 ovvio che questa misura da sola non basta; occorre un mutamento radicale di prospettiva che permetta finalmente di considerare la maternit\u00e0 come un \u201clavoro\u201d indispensabile per lo sviluppo della societ\u00e0. Questo renderebbe possibile una reale integrazione fra vocazione alla famiglia e vocazione professionale.<\/p>\n\n\n\n<p>Fra le cause connesse alla situazione demografica, infatti, c\u2019\u00e8 sicuramente la condizione della donna: il tardivo accesso al matrimonio e alla maternit\u00e0, la ridotta fertilit\u00e0 legata allo stile di vita, le ansie economiche e professionali. In particolare, in Occidente si fatica ad armonizzare lavoro femminile e maternit\u00e0. E quando tale armonia non si realizza, il pi\u00f9 delle volte le donne scelgono il lavoro, per necessit\u00e0 o per altri motivi, sacrificando cos\u00ec la famiglia e la procreazione.<\/p>\n\n\n\n<p>Ma il nemico della donna non \u00e8 di per s\u00e9 il lavoro. Il<em> <\/em>nemico \u00e8 l\u2019appiattimento delle differenze che non pu\u00f2 che portare a un impoverimento della donna e di tutta la societ\u00e0, con la deformazione o la perdita di quella ricchezza unica e di quel valore propri della femminilit\u00e0. Tra questi, il pi\u00f9 importante \u00e8 senza dubbio la maternit\u00e0. Simulare il modello maschile \u00e8 in realt\u00e0 l\u2019emblema dell\u2019alienazione del lavoro femminile, che non solo annichilisce la bellezza della donna, ma impoverisce pure la reciprocit\u00e0 della relazione umana fra uomo e donna nel rispetto della differenza.<\/p>\n\n\n\n<p>\u00c8 certamente vero che la responsabilit\u00e0 della donna all\u2019interno della famiglia potrebbe rendere alcuni ruoli professionali incompatibili con \u201cla casa\u201d, ma la donna questo lo sa e laddove non sia aggredita da pressioni ideologiche spersonalizzanti o da colpevoli sensi di frustrazione indotta, sa compiere le proprie scelte in funzione del bene maggiore.<\/p>\n","protected":false},"excerpt":{"rendered":"<p>Intervista a Giorgia Brambilla, docente, autrice, bioeticista, a proposito di famiglia, figli, lavoro. Che non si conciliano, si integrano<\/p>\n","protected":false},"author":46,"featured_media":142217,"comment_status":"open","ping_status":"open","sticky":false,"template":"","format":"standard","meta":{"give_campaign_id":0,"om_disable_all_campaigns":false,"_monsterinsights_skip_tracking":false,"_monsterinsights_sitenote_active":false,"_monsterinsights_sitenote_note":"","_monsterinsights_sitenote_category":0,"mc4wp_mailchimp_campaign":[],"jnews-multi-image_gallery":[],"jnews_single_post":{"subtitle":"Intervista a Giorgia Brambilla, docente, autrice, bioeticista, a proposito di famiglia, figli, lavoro. Che non si conciliano, si integrano","format":"standard","video":"","gallery":"","source_name":"","source_url":"","via_name":"","via_url":"","override":[{"template":"1","single_blog_custom":"","parallax":"1","fullscreen":"1","layout":"right-sidebar","sidebar":"default-sidebar","second_sidebar":"default-sidebar","sticky_sidebar":"1","share_position":"top","share_float_style":"share-monocrhome","show_share_counter":"1","show_view_counter":"1","show_featured":"1","show_post_meta":"1","show_post_author":"1","show_post_author_image":"1","show_post_date":"1","post_date_format":"default","post_date_format_custom":"Y\/m\/d","show_post_category":"1","post_reading_time_wpm":"300","zoom_button_out_step":"2","zoom_button_in_step":"3","show_post_tag":"1","show_prev_next_post":"1","show_popup_post":"1","number_popup_post":"1"}],"image_override":[{"single_post_thumbnail_size":"crop-500","single_post_gallery_size":"crop-500"}],"trending_post_position":"meta","trending_post_label":"Trending","sponsored_post_label":"Sponsored by","sponsored_post_name":"","sponsored_post_url":"","sponsored_post_logo":"","sponsored_post_desc":""},"jnews_primary_category":{"id":"817"},"jnews_social_meta":{"fb_title":"","fb_description":"","fb_image":"","twitter_title":"","twitter_description":"","twitter_image":""},"jnews_override_counter":{"view_counter_number":"0","share_counter_number":"0","like_counter_number":"0","dislike_counter_number":"0"},"footnotes":""},"categories":[764,951],"tags":[806],"class_list":["post-142213","post","type-post","status-publish","format-standard","has-post-thumbnail","hentry","category-cultura","category-foreground-it","tag-famiglia"],"yoast_head":"<!-- This site is optimized with the Yoast SEO Premium plugin v25.9 (Yoast SEO v27.3) - https:\/\/yoast.com\/product\/yoast-seo-premium-wordpress\/ -->\n<title>Lavoro o famiglia? Preferisco la bellezza - \u00abiFamNews\u00bb<\/title>\n<meta name=\"description\" content=\"Intervista a Giorgia Brambilla, docente, autrice, bioeticista, a proposito di famiglia, figli, lavoro. Che non si conciliano, si integrano\" \/>\n<meta name=\"robots\" content=\"index, follow, max-snippet:-1, max-image-preview:large, max-video-preview:-1\" \/>\n<link rel=\"canonical\" href=\"https:\/\/ifamnews.com\/it\/lavoro-o-famiglia-preferisco-la-bellezza\" \/>\n<meta property=\"og:locale\" content=\"it_IT\" \/>\n<meta property=\"og:type\" content=\"article\" \/>\n<meta property=\"og:title\" content=\"Lavoro o famiglia? Preferisco la bellezza\" \/>\n<meta property=\"og:description\" content=\"Intervista a Giorgia Brambilla, docente, autrice, bioeticista, a proposito di famiglia, figli, lavoro. Che non si conciliano, si integrano\" \/>\n<meta property=\"og:url\" content=\"https:\/\/ifamnews.com\/it\/lavoro-o-famiglia-preferisco-la-bellezza\" \/>\n<meta property=\"og:site_name\" content=\"IFN\" \/>\n<meta property=\"article:publisher\" content=\"https:\/\/www.facebook.com\/iFamNews\" \/>\n<meta property=\"article:author\" content=\"https:\/\/www.facebook.com\/iFamNews\/\" \/>\n<meta property=\"article:published_time\" content=\"2022-05-08T11:00:00+00:00\" \/>\n<meta property=\"article:modified_time\" content=\"2022-05-08T12:25:10+00:00\" \/>\n<meta property=\"og:image\" content=\"https:\/\/ifamnews.com\/wp-content\/uploads\/2022\/05\/45d2fd7d-5218-48e1-9f6c-6b8d116ebcd5.jpg\" \/>\n\t<meta property=\"og:image:width\" content=\"1600\" \/>\n\t<meta property=\"og:image:height\" content=\"997\" \/>\n\t<meta property=\"og:image:type\" content=\"image\/jpeg\" \/>\n<meta name=\"author\" content=\"iFamNews Italia\" \/>\n<meta name=\"twitter:card\" content=\"summary_large_image\" \/>\n<meta name=\"twitter:creator\" content=\"@https:\/\/twitter.com\/iFamNewsIT\" \/>\n<meta name=\"twitter:site\" content=\"@iFamNewsEN\" \/>\n<meta name=\"twitter:label1\" content=\"Scritto da\" \/>\n\t<meta name=\"twitter:data1\" content=\"iFamNews Italia\" \/>\n\t<meta name=\"twitter:label2\" content=\"Tempo di lettura stimato\" \/>\n\t<meta name=\"twitter:data2\" content=\"6 minuti\" \/>\n<!-- \/ Yoast SEO Premium plugin. -->","yoast_head_json":{"title":"Lavoro o famiglia? Preferisco la bellezza - \u00abiFamNews\u00bb","description":"Intervista a Giorgia Brambilla, docente, autrice, bioeticista, a proposito di famiglia, figli, lavoro. Che non si conciliano, si integrano","robots":{"index":"index","follow":"follow","max-snippet":"max-snippet:-1","max-image-preview":"max-image-preview:large","max-video-preview":"max-video-preview:-1"},"canonical":"https:\/\/ifamnews.com\/it\/lavoro-o-famiglia-preferisco-la-bellezza","og_locale":"it_IT","og_type":"article","og_title":"Lavoro o famiglia? Preferisco la bellezza","og_description":"Intervista a Giorgia Brambilla, docente, autrice, bioeticista, a proposito di famiglia, figli, lavoro. Che non si conciliano, si integrano","og_url":"https:\/\/ifamnews.com\/it\/lavoro-o-famiglia-preferisco-la-bellezza","og_site_name":"IFN","article_publisher":"https:\/\/www.facebook.com\/iFamNews","article_author":"https:\/\/www.facebook.com\/iFamNews\/","article_published_time":"2022-05-08T11:00:00+00:00","article_modified_time":"2022-05-08T12:25:10+00:00","og_image":[{"width":1600,"height":997,"url":"https:\/\/ifamnews.com\/wp-content\/uploads\/2022\/05\/45d2fd7d-5218-48e1-9f6c-6b8d116ebcd5.jpg","type":"image\/jpeg"}],"author":"iFamNews Italia","twitter_card":"summary_large_image","twitter_creator":"@https:\/\/twitter.com\/iFamNewsIT","twitter_site":"@iFamNewsEN","twitter_misc":{"Scritto da":"iFamNews Italia","Tempo di lettura stimato":"6 minuti"},"schema":{"@context":"https:\/\/schema.org","@graph":[{"@type":"NewsArticle","@id":"https:\/\/ifamnews.com\/it\/lavoro-o-famiglia-preferisco-la-bellezza#article","isPartOf":{"@id":"https:\/\/ifamnews.com\/it\/lavoro-o-famiglia-preferisco-la-bellezza"},"author":{"name":"iFamNews Italia","@id":"https:\/\/ifamnews.com\/en\/#\/schema\/person\/fafda7d79212f3690f4af10238556aac"},"headline":"Lavoro o famiglia? Preferisco la bellezza","datePublished":"2022-05-08T11:00:00+00:00","dateModified":"2022-05-08T12:25:10+00:00","mainEntityOfPage":{"@id":"https:\/\/ifamnews.com\/it\/lavoro-o-famiglia-preferisco-la-bellezza"},"wordCount":1327,"commentCount":0,"publisher":{"@id":"https:\/\/ifamnews.com\/en\/#organization"},"image":{"@id":"https:\/\/ifamnews.com\/it\/lavoro-o-famiglia-preferisco-la-bellezza#primaryimage"},"thumbnailUrl":"https:\/\/ifamnews.com\/wp-content\/uploads\/2022\/05\/45d2fd7d-5218-48e1-9f6c-6b8d116ebcd5.jpg","keywords":["Famiglia"],"articleSection":["Cultura","In evidenza"],"inLanguage":"it-IT","potentialAction":[{"@type":"CommentAction","name":"Comment","target":["https:\/\/ifamnews.com\/it\/lavoro-o-famiglia-preferisco-la-bellezza#respond"]}]},{"@type":"WebPage","@id":"https:\/\/ifamnews.com\/it\/lavoro-o-famiglia-preferisco-la-bellezza","url":"https:\/\/ifamnews.com\/it\/lavoro-o-famiglia-preferisco-la-bellezza","name":"Lavoro o famiglia? Preferisco la bellezza - \u00abiFamNews\u00bb","isPartOf":{"@id":"https:\/\/ifamnews.com\/en\/#website"},"primaryImageOfPage":{"@id":"https:\/\/ifamnews.com\/it\/lavoro-o-famiglia-preferisco-la-bellezza#primaryimage"},"image":{"@id":"https:\/\/ifamnews.com\/it\/lavoro-o-famiglia-preferisco-la-bellezza#primaryimage"},"thumbnailUrl":"https:\/\/ifamnews.com\/wp-content\/uploads\/2022\/05\/45d2fd7d-5218-48e1-9f6c-6b8d116ebcd5.jpg","datePublished":"2022-05-08T11:00:00+00:00","dateModified":"2022-05-08T12:25:10+00:00","description":"Intervista a Giorgia Brambilla, docente, autrice, bioeticista, a proposito di famiglia, figli, lavoro. Che non si conciliano, si integrano","breadcrumb":{"@id":"https:\/\/ifamnews.com\/it\/lavoro-o-famiglia-preferisco-la-bellezza#breadcrumb"},"inLanguage":"it-IT","potentialAction":[{"@type":"ReadAction","target":["https:\/\/ifamnews.com\/it\/lavoro-o-famiglia-preferisco-la-bellezza"]}]},{"@type":"ImageObject","inLanguage":"it-IT","@id":"https:\/\/ifamnews.com\/it\/lavoro-o-famiglia-preferisco-la-bellezza#primaryimage","url":"https:\/\/ifamnews.com\/wp-content\/uploads\/2022\/05\/45d2fd7d-5218-48e1-9f6c-6b8d116ebcd5.jpg","contentUrl":"https:\/\/ifamnews.com\/wp-content\/uploads\/2022\/05\/45d2fd7d-5218-48e1-9f6c-6b8d116ebcd5.jpg","width":1600,"height":997},{"@type":"BreadcrumbList","@id":"https:\/\/ifamnews.com\/it\/lavoro-o-famiglia-preferisco-la-bellezza#breadcrumb","itemListElement":[{"@type":"ListItem","position":1,"name":"Home","item":"https:\/\/ifamnews.com\/de"},{"@type":"ListItem","position":2,"name":"Cultura","item":"https:\/\/ifamnews.com\/it\/categoria\/cultura"},{"@type":"ListItem","position":3,"name":"Lavoro o famiglia? Preferisco la bellezza"}]},{"@type":"WebSite","@id":"https:\/\/ifamnews.com\/en\/#website","url":"https:\/\/ifamnews.com\/en\/","name":"IFN","description":"International Family News Network","publisher":{"@id":"https:\/\/ifamnews.com\/en\/#organization"},"potentialAction":[{"@type":"SearchAction","target":{"@type":"EntryPoint","urlTemplate":"https:\/\/ifamnews.com\/en\/?s={search_term_string}"},"query-input":{"@type":"PropertyValueSpecification","valueRequired":true,"valueName":"search_term_string"}}],"inLanguage":"it-IT"},{"@type":"Organization","@id":"https:\/\/ifamnews.com\/en\/#organization","name":"iFamNews","url":"https:\/\/ifamnews.com\/en\/","logo":{"@type":"ImageObject","inLanguage":"it-IT","@id":"https:\/\/ifamnews.com\/en\/#\/schema\/logo\/image\/","url":"https:\/\/ifamnews.com\/wp-content\/uploads\/2020\/01\/Share-logo.png","contentUrl":"https:\/\/ifamnews.com\/wp-content\/uploads\/2020\/01\/Share-logo.png","width":200,"height":200,"caption":"iFamNews"},"image":{"@id":"https:\/\/ifamnews.com\/en\/#\/schema\/logo\/image\/"},"sameAs":["https:\/\/www.facebook.com\/iFamNews","https:\/\/x.com\/iFamNewsEN"]},{"@type":"Person","@id":"https:\/\/ifamnews.com\/en\/#\/schema\/person\/fafda7d79212f3690f4af10238556aac","name":"iFamNews Italia","image":{"@type":"ImageObject","inLanguage":"it-IT","@id":"https:\/\/secure.gravatar.com\/avatar\/2e50539bc89809bc22a0b2bb9dc3d7f67ffd1e564e5461707f0153146f8c99b5?s=96&d=mm&r=g","url":"https:\/\/secure.gravatar.com\/avatar\/2e50539bc89809bc22a0b2bb9dc3d7f67ffd1e564e5461707f0153146f8c99b5?s=96&d=mm&r=g","contentUrl":"https:\/\/secure.gravatar.com\/avatar\/2e50539bc89809bc22a0b2bb9dc3d7f67ffd1e564e5461707f0153146f8c99b5?s=96&d=mm&r=g","caption":"iFamNews Italia"},"description":"Articles published by the Italian iFamNews editorial team.","sameAs":["https:\/\/ifamnews.com\/it","https:\/\/www.facebook.com\/iFamNews\/","https:\/\/x.com\/https:\/\/twitter.com\/iFamNewsIT","https:\/\/www.youtube.com\/channel\/UCMVyIt4z9BANW3d09kwfUpw"],"url":"https:\/\/ifamnews.com\/it\/author\/redazioneit"}]}},"amp_enabled":true,"_links":{"self":[{"href":"https:\/\/ifamnews.com\/it\/wp-json\/wp\/v2\/posts\/142213","targetHints":{"allow":["GET"]}}],"collection":[{"href":"https:\/\/ifamnews.com\/it\/wp-json\/wp\/v2\/posts"}],"about":[{"href":"https:\/\/ifamnews.com\/it\/wp-json\/wp\/v2\/types\/post"}],"author":[{"embeddable":true,"href":"https:\/\/ifamnews.com\/it\/wp-json\/wp\/v2\/users\/46"}],"replies":[{"embeddable":true,"href":"https:\/\/ifamnews.com\/it\/wp-json\/wp\/v2\/comments?post=142213"}],"version-history":[{"count":5,"href":"https:\/\/ifamnews.com\/it\/wp-json\/wp\/v2\/posts\/142213\/revisions"}],"predecessor-version":[{"id":142254,"href":"https:\/\/ifamnews.com\/it\/wp-json\/wp\/v2\/posts\/142213\/revisions\/142254"}],"wp:featuredmedia":[{"embeddable":true,"href":"https:\/\/ifamnews.com\/it\/wp-json\/wp\/v2\/media\/142217"}],"wp:attachment":[{"href":"https:\/\/ifamnews.com\/it\/wp-json\/wp\/v2\/media?parent=142213"}],"wp:term":[{"taxonomy":"category","embeddable":true,"href":"https:\/\/ifamnews.com\/it\/wp-json\/wp\/v2\/categories?post=142213"},{"taxonomy":"post_tag","embeddable":true,"href":"https:\/\/ifamnews.com\/it\/wp-json\/wp\/v2\/tags?post=142213"}],"curies":[{"name":"wp","href":"https:\/\/api.w.org\/{rel}","templated":true}]}}