{"id":141819,"date":"2022-05-06T07:00:00","date_gmt":"2022-05-06T11:00:00","guid":{"rendered":"https:\/\/ifamnews.com\/?p=141819"},"modified":"2022-05-06T13:56:34","modified_gmt":"2022-05-06T17:56:34","slug":"l-occidente-contro-le-proprie-radici-cristiane","status":"publish","type":"post","link":"https:\/\/ifamnews.com\/it\/l-occidente-contro-le-proprie-radici-cristiane","title":{"rendered":"L\u2019Occidente contro le proprie radici. Cristiane"},"content":{"rendered":"\n<p>Mentre per alcune categorie di &#8220;discriminati&#8221; le istituzioni sono in prima linea, altre non solo non vengono tutelate, ma sono considerate scomode. Forse perch\u00e9 esprimono un pensiero alternativo, diverso dalla massa. Per esempio i cristiani che, in tempi di relativismo etico non se la passano certo sempre bene.<\/p>\n\n\n\n<p>E proprio il tema della libert\u00e0 religiosa \u00e8 al centro del convegno in programma sabato 7 maggio a Verona, ospiti Massimo Gandolfini (Associazione Family Day), Edda Fogarollo (Cristiani per Israele), Paul Diamond (avvocato, esperto di libert\u00e0 religiosa), Simone Pillon (senatore, vicepresidente della Commissione parlamentare sulll\u2019infanzia) e Roselen Boerner Faccio, pastore <em>senior<\/em> della Chiesa Ministero Sabaoth, protestante. \u00c8 con lei che \u00abiFamNews\u00bb discute del tema.<\/p>\n\n\n\n<div class=\"wp-block-image\"><figure class=\"alignleft size-large is-resized\"><img decoding=\"async\" src=\"https:\/\/ifamnews.com\/wp-content\/uploads\/2022\/05\/WhatsApp-Image-2022-05-03-at-10.30.34-746x1024.jpeg\" alt=\"\" class=\"wp-image-141269\" width=\"560\" height=\"768\" srcset=\"https:\/\/ifamnews.com\/wp-content\/uploads\/2022\/05\/WhatsApp-Image-2022-05-03-at-10.30.34-746x1024.jpeg 746w, https:\/\/ifamnews.com\/wp-content\/uploads\/2022\/05\/WhatsApp-Image-2022-05-03-at-10.30.34-768x1055.jpeg 768w, https:\/\/ifamnews.com\/wp-content\/uploads\/2022\/05\/WhatsApp-Image-2022-05-03-at-10.30.34-750x1030.jpeg 750w, https:\/\/ifamnews.com\/wp-content\/uploads\/2022\/05\/WhatsApp-Image-2022-05-03-at-10.30.34.jpeg 1080w\" sizes=\"(max-width: 560px) 100vw, 560px\" \/><\/figure><\/div>\n\n\n\n<p><strong>Uno Stato laico non ha una fede propria, ma garantisce che i cittadini l\u2019abbiano e la esprimano. Eppure nella nostra societ\u00e0 questo diritto non sembra garantito completamente. Perch\u00e9?<\/strong><\/p>\n\n\n\n<p>Non solo in Italia, ma nemmeno nel resto del mondo c\u2019\u00e8 questa libert\u00e0 religiosa. Lo si nota anche sui <em>social media<\/em>, dove, se una persona dice qualcosa esprimendo un principio chiaro, per esempio la difesa della vita, immediatamente subisce censura come \u201c<em>hate speech<\/em>\u201d. Allo stesso modo, se una persona ripete una dichiarazione di fede come \u00abGes\u00f9 \u00e8 la via\u00bb. Accade solo esprimendosi, e non contro un\u2019altra religione, bens\u00ec semplicemente a favore della propria fede. \u00c8 evidente che non ci sia libert\u00e0.<\/p>\n\n\n\n<p><strong>Ci si riempie la bocca spesso del rispetto del pensiero altrui, ma allora perch\u00e9 il pensiero che fa riferimento a un\u2019identit\u00e0 forte come quella religiosa, viene silenziato? C\u2019\u00e8 paura delle identit\u00e0 forti?<\/strong><\/p>\n\n\n\n<p>Non credo che si abbia paura di un pensiero forte, quanto di un pensiero che si discosti dal proprio. Si vive sotto la cappa del pensiero unico: chi non la pensa come me, sbaglia. \u00c8 la paura di essere contraddetti: ci si sente padroni della verit\u00e0. Nemmeno i giornalisti possono offrire pi\u00f9 una opinione indipendente. Ne conosco alcuni che pensano come i credenti, ma che non si esprimono perch\u00e9 hanno paura di essere giudicati.<\/p>\n\n\n\n<p><strong>Sar\u00e0 perch\u00e9 si diventa incontrollabili?<\/strong><\/p>\n\n\n\n<p>Chi detiene davvero il potere ha paura di perdere il terreno che ha finora guadagnato. Certamente i cristiani si sottraggono al controllo del pensiero unico. Anche i musulmani non sono facilmente controllabili e manipolabili. I cristiani per\u00f2 denunciano e poi non reagiscono alla persecuzione. Nel mondo su dieci casi di persecuzione religiosa, otto sono a danno dei cristiani.<\/p>\n\n\n\n<p><strong>Cosa dir\u00e0 domani a Verona?<\/strong><\/p>\n\n\n\n<p>Vorrei concentrarmi sui cristiani che non riescono a parlare con una voce unitaria, al contrario, purtroppo, del movimento LGBT+. Vorrei cio\u00e8 insistere sul tema dell\u2019unit\u00e0. L\u2019unit\u00e0 \u00e8 indispensabile se si vuole che l\u2019Italia non finisca per subisca subire ci\u00f2 che di grave accade in altre parti del mondo. Vale anche per chi non \u00e8 cristiano, ma crede negli stessi valori dei cristiani. S\u00ec, bisogna avere il coraggio di far sentire la propria voce.<\/p>\n","protected":false},"excerpt":{"rendered":"<p>Se ne parla sabato 7 maggio in un convegno a Verona e \u00abiFamNews\u00bb ne parla con uno dei relatori, il pastore Roselen Boerner Faccio<\/p>\n","protected":false},"author":997,"featured_media":141931,"comment_status":"open","ping_status":"open","sticky":false,"template":"","format":"standard","meta":{"give_campaign_id":0,"om_disable_all_campaigns":false,"_monsterinsights_skip_tracking":false,"_monsterinsights_sitenote_active":false,"_monsterinsights_sitenote_note":"","_monsterinsights_sitenote_category":0,"mc4wp_mailchimp_campaign":[],"jnews-multi-image_gallery":[],"jnews_single_post":{"subtitle":"Se ne parla sabato 7 maggio in un convegno a Verona e \u00abiFamNews\u00bb ne parla con uno dei relatori, il pastore Roselen Boerner Faccio","format":"standard","video":"","gallery":"","source_name":"","source_url":"","via_name":"","via_url":"","override":[{"template":"1","single_blog_custom":"","parallax":"1","fullscreen":"1","layout":"right-sidebar","sidebar":"default-sidebar","second_sidebar":"default-sidebar","sticky_sidebar":"1","share_position":"top","share_float_style":"share-monocrhome","show_share_counter":"1","show_view_counter":"1","show_featured":"1","show_post_meta":"1","show_post_author":"1","show_post_author_image":"1","show_post_date":"1","post_date_format":"default","post_date_format_custom":"Y\/m\/d","show_post_category":"1","post_reading_time_wpm":"300","zoom_button_out_step":"2","zoom_button_in_step":"3","show_post_tag":"1","show_prev_next_post":"1","show_popup_post":"1","number_popup_post":"1"}],"image_override":[{"single_post_thumbnail_size":"crop-500","single_post_gallery_size":"crop-500"}],"trending_post_position":"meta","trending_post_label":"Trending","sponsored_post_label":"Sponsored by","sponsored_post_name":"","sponsored_post_url":"","sponsored_post_logo":"","sponsored_post_desc":""},"jnews_primary_category":{"id":"764"},"jnews_social_meta":{"fb_title":"","fb_description":"","fb_image":"","twitter_title":"","twitter_description":"","twitter_image":""},"jnews_override_counter":{"view_counter_number":"0","share_counter_number":"0","like_counter_number":"0","dislike_counter_number":"0"},"footnotes":""},"categories":[764,951],"tags":[1962],"class_list":["post-141819","post","type-post","status-publish","format-standard","has-post-thumbnail","hentry","category-cultura","category-foreground-it","tag-liberta-religiosa"],"yoast_head":"<!-- This site is optimized with the Yoast SEO Premium plugin v25.9 (Yoast SEO v27.3) - https:\/\/yoast.com\/product\/yoast-seo-premium-wordpress\/ -->\n<title>L\u2019Occidente contro le proprie radici. Cristiane - \u00abiFamNews\u00bb<\/title>\n<meta name=\"description\" content=\"Se ne parla sabato 7 maggio in un convegno a Verona e \u00abiFamNews\u00bb ne parla con uno dei relatori, il pastore Roselen Boerner Faccio\" \/>\n<meta name=\"robots\" content=\"index, follow, max-snippet:-1, max-image-preview:large, max-video-preview:-1\" \/>\n<link rel=\"canonical\" href=\"https:\/\/ifamnews.com\/it\/l-occidente-contro-le-proprie-radici-cristiane\" \/>\n<meta property=\"og:locale\" content=\"it_IT\" \/>\n<meta property=\"og:type\" content=\"article\" \/>\n<meta property=\"og:title\" content=\"L\u2019Occidente contro le proprie radici. Cristiane\" \/>\n<meta property=\"og:description\" content=\"Se ne parla sabato 7 maggio in un convegno a Verona e \u00abiFamNews\u00bb ne parla con uno dei relatori, il pastore Roselen Boerner Faccio\" \/>\n<meta property=\"og:url\" content=\"https:\/\/ifamnews.com\/it\/l-occidente-contro-le-proprie-radici-cristiane\" \/>\n<meta property=\"og:site_name\" content=\"IFN\" \/>\n<meta property=\"article:publisher\" content=\"https:\/\/www.facebook.com\/iFamNews\" \/>\n<meta property=\"article:published_time\" content=\"2022-05-06T11:00:00+00:00\" \/>\n<meta property=\"article:modified_time\" content=\"2022-05-06T17:56:34+00:00\" \/>\n<meta property=\"og:image\" content=\"https:\/\/ifamnews.com\/wp-content\/uploads\/2022\/05\/PAST-ROSELEN_009.png\" \/>\n\t<meta property=\"og:image:width\" content=\"1200\" \/>\n\t<meta property=\"og:image:height\" content=\"675\" \/>\n\t<meta property=\"og:image:type\" content=\"image\/png\" \/>\n<meta name=\"author\" content=\"Manuela Antonacci\" \/>\n<meta name=\"twitter:card\" content=\"summary_large_image\" \/>\n<meta name=\"twitter:creator\" content=\"@iFamNewsEN\" \/>\n<meta name=\"twitter:site\" content=\"@iFamNewsEN\" \/>\n<meta name=\"twitter:label1\" content=\"Scritto da\" \/>\n\t<meta name=\"twitter:data1\" content=\"Manuela Antonacci\" \/>\n\t<meta name=\"twitter:label2\" content=\"Tempo di lettura stimato\" \/>\n\t<meta name=\"twitter:data2\" content=\"3 minuti\" \/>\n<!-- \/ Yoast SEO Premium plugin. -->","yoast_head_json":{"title":"L\u2019Occidente contro le proprie radici. Cristiane - \u00abiFamNews\u00bb","description":"Se ne parla sabato 7 maggio in un convegno a Verona e \u00abiFamNews\u00bb ne parla con uno dei relatori, il pastore Roselen Boerner Faccio","robots":{"index":"index","follow":"follow","max-snippet":"max-snippet:-1","max-image-preview":"max-image-preview:large","max-video-preview":"max-video-preview:-1"},"canonical":"https:\/\/ifamnews.com\/it\/l-occidente-contro-le-proprie-radici-cristiane","og_locale":"it_IT","og_type":"article","og_title":"L\u2019Occidente contro le proprie radici. Cristiane","og_description":"Se ne parla sabato 7 maggio in un convegno a Verona e \u00abiFamNews\u00bb ne parla con uno dei relatori, il pastore Roselen Boerner Faccio","og_url":"https:\/\/ifamnews.com\/it\/l-occidente-contro-le-proprie-radici-cristiane","og_site_name":"IFN","article_publisher":"https:\/\/www.facebook.com\/iFamNews","article_published_time":"2022-05-06T11:00:00+00:00","article_modified_time":"2022-05-06T17:56:34+00:00","og_image":[{"width":1200,"height":675,"url":"https:\/\/ifamnews.com\/wp-content\/uploads\/2022\/05\/PAST-ROSELEN_009.png","type":"image\/png"}],"author":"Manuela Antonacci","twitter_card":"summary_large_image","twitter_creator":"@iFamNewsEN","twitter_site":"@iFamNewsEN","twitter_misc":{"Scritto da":"Manuela Antonacci","Tempo di lettura stimato":"3 minuti"},"schema":{"@context":"https:\/\/schema.org","@graph":[{"@type":"NewsArticle","@id":"https:\/\/ifamnews.com\/it\/l-occidente-contro-le-proprie-radici-cristiane#article","isPartOf":{"@id":"https:\/\/ifamnews.com\/it\/l-occidente-contro-le-proprie-radici-cristiane"},"author":{"name":"Manuela Antonacci","@id":"https:\/\/ifamnews.com\/en\/#\/schema\/person\/f652cec3a7e8bbde9da729c061bf1817"},"headline":"L\u2019Occidente contro le proprie radici. Cristiane","datePublished":"2022-05-06T11:00:00+00:00","dateModified":"2022-05-06T17:56:34+00:00","mainEntityOfPage":{"@id":"https:\/\/ifamnews.com\/it\/l-occidente-contro-le-proprie-radici-cristiane"},"wordCount":474,"commentCount":0,"publisher":{"@id":"https:\/\/ifamnews.com\/en\/#organization"},"image":{"@id":"https:\/\/ifamnews.com\/it\/l-occidente-contro-le-proprie-radici-cristiane#primaryimage"},"thumbnailUrl":"https:\/\/ifamnews.com\/wp-content\/uploads\/2022\/05\/PAST-ROSELEN_009.png","keywords":["Libert\u00e0 religiosa"],"articleSection":["Cultura","In evidenza"],"inLanguage":"it-IT","potentialAction":[{"@type":"CommentAction","name":"Comment","target":["https:\/\/ifamnews.com\/it\/l-occidente-contro-le-proprie-radici-cristiane#respond"]}]},{"@type":"WebPage","@id":"https:\/\/ifamnews.com\/it\/l-occidente-contro-le-proprie-radici-cristiane","url":"https:\/\/ifamnews.com\/it\/l-occidente-contro-le-proprie-radici-cristiane","name":"L\u2019Occidente contro le proprie radici. Cristiane - \u00abiFamNews\u00bb","isPartOf":{"@id":"https:\/\/ifamnews.com\/en\/#website"},"primaryImageOfPage":{"@id":"https:\/\/ifamnews.com\/it\/l-occidente-contro-le-proprie-radici-cristiane#primaryimage"},"image":{"@id":"https:\/\/ifamnews.com\/it\/l-occidente-contro-le-proprie-radici-cristiane#primaryimage"},"thumbnailUrl":"https:\/\/ifamnews.com\/wp-content\/uploads\/2022\/05\/PAST-ROSELEN_009.png","datePublished":"2022-05-06T11:00:00+00:00","dateModified":"2022-05-06T17:56:34+00:00","description":"Se ne parla sabato 7 maggio in un convegno a Verona e \u00abiFamNews\u00bb ne parla con uno dei relatori, il pastore Roselen Boerner Faccio","breadcrumb":{"@id":"https:\/\/ifamnews.com\/it\/l-occidente-contro-le-proprie-radici-cristiane#breadcrumb"},"inLanguage":"it-IT","potentialAction":[{"@type":"ReadAction","target":["https:\/\/ifamnews.com\/it\/l-occidente-contro-le-proprie-radici-cristiane"]}]},{"@type":"ImageObject","inLanguage":"it-IT","@id":"https:\/\/ifamnews.com\/it\/l-occidente-contro-le-proprie-radici-cristiane#primaryimage","url":"https:\/\/ifamnews.com\/wp-content\/uploads\/2022\/05\/PAST-ROSELEN_009.png","contentUrl":"https:\/\/ifamnews.com\/wp-content\/uploads\/2022\/05\/PAST-ROSELEN_009.png","width":1200,"height":675,"caption":"Roselen Boerner Faccio, pastore della Chiesa Ministero Sabaoth"},{"@type":"BreadcrumbList","@id":"https:\/\/ifamnews.com\/it\/l-occidente-contro-le-proprie-radici-cristiane#breadcrumb","itemListElement":[{"@type":"ListItem","position":1,"name":"Home","item":"https:\/\/ifamnews.com\/de"},{"@type":"ListItem","position":2,"name":"Cultura","item":"https:\/\/ifamnews.com\/it\/categoria\/cultura"},{"@type":"ListItem","position":3,"name":"L\u2019Occidente contro le proprie radici. Cristiane"}]},{"@type":"WebSite","@id":"https:\/\/ifamnews.com\/en\/#website","url":"https:\/\/ifamnews.com\/en\/","name":"IFN","description":"International Family News Network","publisher":{"@id":"https:\/\/ifamnews.com\/en\/#organization"},"potentialAction":[{"@type":"SearchAction","target":{"@type":"EntryPoint","urlTemplate":"https:\/\/ifamnews.com\/en\/?s={search_term_string}"},"query-input":{"@type":"PropertyValueSpecification","valueRequired":true,"valueName":"search_term_string"}}],"inLanguage":"it-IT"},{"@type":"Organization","@id":"https:\/\/ifamnews.com\/en\/#organization","name":"iFamNews","url":"https:\/\/ifamnews.com\/en\/","logo":{"@type":"ImageObject","inLanguage":"it-IT","@id":"https:\/\/ifamnews.com\/en\/#\/schema\/logo\/image\/","url":"https:\/\/ifamnews.com\/wp-content\/uploads\/2020\/01\/Share-logo.png","contentUrl":"https:\/\/ifamnews.com\/wp-content\/uploads\/2020\/01\/Share-logo.png","width":200,"height":200,"caption":"iFamNews"},"image":{"@id":"https:\/\/ifamnews.com\/en\/#\/schema\/logo\/image\/"},"sameAs":["https:\/\/www.facebook.com\/iFamNews","https:\/\/x.com\/iFamNewsEN"]},{"@type":"Person","@id":"https:\/\/ifamnews.com\/en\/#\/schema\/person\/f652cec3a7e8bbde9da729c061bf1817","name":"Manuela Antonacci","image":{"@type":"ImageObject","inLanguage":"it-IT","@id":"https:\/\/secure.gravatar.com\/avatar\/c6acbec2245b44dd725780048fc48d33388b756ab36b61d32f312fb9cbc1e664?s=96&d=mm&r=g","url":"https:\/\/secure.gravatar.com\/avatar\/c6acbec2245b44dd725780048fc48d33388b756ab36b61d32f312fb9cbc1e664?s=96&d=mm&r=g","contentUrl":"https:\/\/secure.gravatar.com\/avatar\/c6acbec2245b44dd725780048fc48d33388b756ab36b61d32f312fb9cbc1e664?s=96&d=mm&r=g","caption":"Manuela Antonacci"},"description":"Manuela Antonacci graduated in Literature (2001) and Philosophy (2011) from Aldo Moro University in Bari. As a journalist, she contributes to several online and printed media outlets. She often organizes public events and is a speaker at Radio Sound Bari, promoting initiatives such as concerts, exhibitions, literary festivals. Her passion for writing lies in a sentence by Friedrich Nietzsche: \"Of all that is written, I love only what is written in blood.\"","url":"https:\/\/ifamnews.com\/it\/author\/manuela-antonacci"}]}},"amp_enabled":true,"_links":{"self":[{"href":"https:\/\/ifamnews.com\/it\/wp-json\/wp\/v2\/posts\/141819","targetHints":{"allow":["GET"]}}],"collection":[{"href":"https:\/\/ifamnews.com\/it\/wp-json\/wp\/v2\/posts"}],"about":[{"href":"https:\/\/ifamnews.com\/it\/wp-json\/wp\/v2\/types\/post"}],"author":[{"embeddable":true,"href":"https:\/\/ifamnews.com\/it\/wp-json\/wp\/v2\/users\/997"}],"replies":[{"embeddable":true,"href":"https:\/\/ifamnews.com\/it\/wp-json\/wp\/v2\/comments?post=141819"}],"version-history":[{"count":5,"href":"https:\/\/ifamnews.com\/it\/wp-json\/wp\/v2\/posts\/141819\/revisions"}],"predecessor-version":[{"id":142059,"href":"https:\/\/ifamnews.com\/it\/wp-json\/wp\/v2\/posts\/141819\/revisions\/142059"}],"wp:featuredmedia":[{"embeddable":true,"href":"https:\/\/ifamnews.com\/it\/wp-json\/wp\/v2\/media\/141931"}],"wp:attachment":[{"href":"https:\/\/ifamnews.com\/it\/wp-json\/wp\/v2\/media?parent=141819"}],"wp:term":[{"taxonomy":"category","embeddable":true,"href":"https:\/\/ifamnews.com\/it\/wp-json\/wp\/v2\/categories?post=141819"},{"taxonomy":"post_tag","embeddable":true,"href":"https:\/\/ifamnews.com\/it\/wp-json\/wp\/v2\/tags?post=141819"}],"curies":[{"name":"wp","href":"https:\/\/api.w.org\/{rel}","templated":true}]}}