{"id":140450,"date":"2022-04-29T00:00:00","date_gmt":"2022-04-29T04:00:00","guid":{"rendered":"https:\/\/ifamnews.com\/?p=140450"},"modified":"2022-04-29T02:31:52","modified_gmt":"2022-04-29T06:31:52","slug":"corte-costituzionale-dove-la-tua-vittoria","status":"publish","type":"post","link":"https:\/\/ifamnews.com\/it\/corte-costituzionale-dove-la-tua-vittoria","title":{"rendered":"Corte costituzionale: dove la tua vittoria?"},"content":{"rendered":"\n<p>\u00abDiscriminatoria e lesiva dell&#8217;identit\u00e0 del figlio\u00bb: cos\u00ec la <a href=\"https:\/\/www.cortecostituzionale.it\/documenti\/comunicatistampa\/CC_CS_20220427135449.pdf\" target=\"_blank\" rel=\"noreferrer noopener\">Corte costituzionale definisce la normativa vigente che attribuisce il cognome del padre ai figli<\/a>, motivando la sentenza con cui, da ora in poi, i figli assumeranno il cognome di entrambi i genitori, secondo l\u2019ordine concordato.<\/p>\n\n\n\n<p>Plauso scontato da pi\u00f9 parti per una sentenza che, secondo il <a href=\"https:\/\/tg24.sky.it\/cronaca\/2022\/04\/27\/doppio-cognome-figli-come-funziona\" target=\"_blank\" rel=\"noreferrer noopener\">ministro della Giustizia, Marta Cartabia<\/a>, rappresenterebbe \u00abun altro passo in avanti verso l&#8217;effettiva uguaglianza di genere nell&#8217;ambito della famiglia\u00bb. Seguendo lo stesso principio, la Corte costituzionale stessa si era mossa gi\u00e0 nel gennaio 2020, definendo l\u2019automatismo riguardante il cognome \u00abretaggio di una condizione patriarcale della famiglia\u00bb. Una considerazione espressa all\u2019interno di un procedimento, partito, appunto, nel 2020 da Lagonegro, in Basilicata, quando una coppia si era rivolta al tribunale perch\u00e9 voleva dare al figlio solo il cognome della madre, in modo che potesse avere lo stesso cognome dei fratelli. Gli altri figli, infatti, gi\u00e0 lo avevano acquisito perch\u00e9 erano stati riconosciuti dal padre solo successivamente. Al contrario, l\u2019ultimo figlio sarebbe nato all\u2019interno del nuovo matrimonio della donna.<\/p>\n\n\n\n<p>All\u2019inizio, i tentativi della donna non sarebbero andati a buon fine, ma poi avrebbe fatto appello contro la decisione di primo grado e, durante il nuovo processo, la questione sarebbe stata rimessa alla Corte costituzionale.<\/p>\n\n\n\n<p>Tornando a bomba, sebbene questa sentenza sia stata accolta con favore da pi\u00f9 parti (tra tutti non poteva mancare anche il ministro per le Pari opportunit\u00e0, Elena Bonetti, secondo la quale \u00abil meccanismo che in automatico fa attribuire il cognome paterno si fonda nella pretesa che sia sempre e comunque il maschile a prevalere\u00bb), qualcosa non convince. Ci\u00f2 che lascia perplessi \u00e8 che l\u2019attribuzione del cognome paterno, in realt\u00e0, non \u00e8 mai c&#8217;entrata niente con il \u201cpatriarcato\u201d, bens\u00ec tutto con la semplice assunzione di responsabilit\u00e0 dei padri verso i figli. Una responsabilit\u00e0 primaria che non si pu\u00f2 certo definire ideologica, quanto invece semplicemente doverosa. O no?<\/p>\n\n\n\n<p>Tant\u2019\u00e8 che uno degli <em>step<\/em> per riconoscere i figli nati al di fuori del matrimonio, per il padre, \u00e8 proprio l\u2019attribuzione del suo cognome. Dunque viene da chiedersi, perch\u00e9 tanta esultanza? In cosa consisterebbe la \u201cvittoria\u201d?<\/p>\n","protected":false},"excerpt":{"rendered":"<p>Adesso ai figli, oltre a quello del padre, si pu\u00f2 dare anche il cognome della madre. Per battere il \u201cpatriarcato\u201d. Ma il \u201cpatriarcato\u201d non c\u2019entra proprio nulla<\/p>\n","protected":false},"author":997,"featured_media":140454,"comment_status":"open","ping_status":"open","sticky":false,"template":"","format":"standard","meta":{"give_campaign_id":0,"om_disable_all_campaigns":false,"_monsterinsights_skip_tracking":false,"_monsterinsights_sitenote_active":false,"_monsterinsights_sitenote_note":"","_monsterinsights_sitenote_category":0,"mc4wp_mailchimp_campaign":[],"jnews-multi-image_gallery":[],"jnews_single_post":{"subtitle":"Adesso ai figli, oltre a quello del padre, si pu\u00f2 dare anche il cognome della madre. Per battere il \u201cpatriarcato\u201d. Ma il \u201cpatriarcato\u201d non c\u2019entra proprio nulla","format":"standard","video":"","gallery":"","source_name":"","source_url":"","via_name":"","via_url":"","override":[{"template":"1","single_blog_custom":"","parallax":"1","fullscreen":"1","layout":"right-sidebar","sidebar":"default-sidebar","second_sidebar":"default-sidebar","sticky_sidebar":"1","share_position":"top","share_float_style":"share-monocrhome","show_share_counter":"1","show_view_counter":"1","show_featured":"1","show_post_meta":"1","show_post_author":"1","show_post_author_image":"1","show_post_date":"1","post_date_format":"default","post_date_format_custom":"Y\/m\/d","show_post_category":"1","post_reading_time_wpm":"300","zoom_button_out_step":"2","zoom_button_in_step":"3","show_post_tag":"1","show_prev_next_post":"1","show_popup_post":"1","number_popup_post":"1"}],"image_override":[{"single_post_thumbnail_size":"crop-500","single_post_gallery_size":"crop-500"}],"trending_post_position":"meta","trending_post_label":"Trending","sponsored_post_label":"Sponsored by","sponsored_post_name":"","sponsored_post_url":"","sponsored_post_logo":"","sponsored_post_desc":""},"jnews_primary_category":{"id":"781"},"jnews_social_meta":{"fb_title":"","fb_description":"","fb_image":"","twitter_title":"","twitter_description":"","twitter_image":""},"jnews_override_counter":{"view_counter_number":"0","share_counter_number":"0","like_counter_number":"0","dislike_counter_number":"0"},"footnotes":""},"categories":[8488,778,781,951],"tags":[806,1928],"class_list":["post-140450","post","type-post","status-publish","format-standard","has-post-thumbnail","hentry","category-breaking-news","category-editoriali","category-famiglia","category-foreground-it","tag-famiglia","tag-italia"],"yoast_head":"<!-- This site is optimized with the Yoast SEO Premium plugin v25.9 (Yoast SEO v27.3) - https:\/\/yoast.com\/product\/yoast-seo-premium-wordpress\/ -->\n<title>Corte costituzionale: dove la tua vittoria? - \u00abiFamNews\u00bb<\/title>\n<meta name=\"description\" content=\"Adesso ai figli, oltre a quello del padre, si pu\u00f2 dare il cognome della madre. Per battere il \u201cpatriarcato\u201d. Che non c\u2019entra proprio nulla\" \/>\n<meta name=\"robots\" content=\"index, follow, max-snippet:-1, max-image-preview:large, max-video-preview:-1\" \/>\n<link rel=\"canonical\" href=\"https:\/\/ifamnews.com\/it\/corte-costituzionale-dove-la-tua-vittoria\" \/>\n<meta property=\"og:locale\" content=\"it_IT\" \/>\n<meta property=\"og:type\" content=\"article\" \/>\n<meta property=\"og:title\" content=\"Corte costituzionale: dove la tua vittoria?\" \/>\n<meta property=\"og:description\" content=\"Adesso ai figli, oltre a quello del padre, si pu\u00f2 dare il cognome della madre. Per battere il \u201cpatriarcato\u201d. Che non c\u2019entra proprio nulla\" \/>\n<meta property=\"og:url\" content=\"https:\/\/ifamnews.com\/it\/corte-costituzionale-dove-la-tua-vittoria\" \/>\n<meta property=\"og:site_name\" content=\"IFN\" \/>\n<meta property=\"article:publisher\" content=\"https:\/\/www.facebook.com\/iFamNews\" \/>\n<meta property=\"article:published_time\" content=\"2022-04-29T04:00:00+00:00\" \/>\n<meta property=\"article:modified_time\" content=\"2022-04-29T06:31:52+00:00\" \/>\n<meta property=\"og:image\" content=\"https:\/\/ifamnews.com\/wp-content\/uploads\/2022\/04\/bla-bla-1200x698-1.jpg\" \/>\n\t<meta property=\"og:image:width\" content=\"1200\" \/>\n\t<meta property=\"og:image:height\" content=\"675\" \/>\n\t<meta property=\"og:image:type\" content=\"image\/jpeg\" \/>\n<meta name=\"author\" content=\"Manuela Antonacci\" \/>\n<meta name=\"twitter:card\" content=\"summary_large_image\" \/>\n<meta name=\"twitter:creator\" content=\"@iFamNewsEN\" \/>\n<meta name=\"twitter:site\" content=\"@iFamNewsEN\" \/>\n<meta name=\"twitter:label1\" content=\"Scritto da\" \/>\n\t<meta name=\"twitter:data1\" content=\"Manuela Antonacci\" \/>\n\t<meta name=\"twitter:label2\" content=\"Tempo di lettura stimato\" \/>\n\t<meta name=\"twitter:data2\" content=\"2 minuti\" \/>\n<!-- \/ Yoast SEO Premium plugin. -->","yoast_head_json":{"title":"Corte costituzionale: dove la tua vittoria? - \u00abiFamNews\u00bb","description":"Adesso ai figli, oltre a quello del padre, si pu\u00f2 dare il cognome della madre. Per battere il \u201cpatriarcato\u201d. Che non c\u2019entra proprio nulla","robots":{"index":"index","follow":"follow","max-snippet":"max-snippet:-1","max-image-preview":"max-image-preview:large","max-video-preview":"max-video-preview:-1"},"canonical":"https:\/\/ifamnews.com\/it\/corte-costituzionale-dove-la-tua-vittoria","og_locale":"it_IT","og_type":"article","og_title":"Corte costituzionale: dove la tua vittoria?","og_description":"Adesso ai figli, oltre a quello del padre, si pu\u00f2 dare il cognome della madre. Per battere il \u201cpatriarcato\u201d. Che non c\u2019entra proprio nulla","og_url":"https:\/\/ifamnews.com\/it\/corte-costituzionale-dove-la-tua-vittoria","og_site_name":"IFN","article_publisher":"https:\/\/www.facebook.com\/iFamNews","article_published_time":"2022-04-29T04:00:00+00:00","article_modified_time":"2022-04-29T06:31:52+00:00","og_image":[{"width":1200,"height":675,"url":"https:\/\/ifamnews.com\/wp-content\/uploads\/2022\/04\/bla-bla-1200x698-1.jpg","type":"image\/jpeg"}],"author":"Manuela Antonacci","twitter_card":"summary_large_image","twitter_creator":"@iFamNewsEN","twitter_site":"@iFamNewsEN","twitter_misc":{"Scritto da":"Manuela Antonacci","Tempo di lettura stimato":"2 minuti"},"schema":{"@context":"https:\/\/schema.org","@graph":[{"@type":"NewsArticle","@id":"https:\/\/ifamnews.com\/it\/corte-costituzionale-dove-la-tua-vittoria#article","isPartOf":{"@id":"https:\/\/ifamnews.com\/it\/corte-costituzionale-dove-la-tua-vittoria"},"author":{"name":"Manuela Antonacci","@id":"https:\/\/ifamnews.com\/en\/#\/schema\/person\/f652cec3a7e8bbde9da729c061bf1817"},"headline":"Corte costituzionale: dove la tua vittoria?","datePublished":"2022-04-29T04:00:00+00:00","dateModified":"2022-04-29T06:31:52+00:00","mainEntityOfPage":{"@id":"https:\/\/ifamnews.com\/it\/corte-costituzionale-dove-la-tua-vittoria"},"wordCount":361,"commentCount":0,"publisher":{"@id":"https:\/\/ifamnews.com\/en\/#organization"},"image":{"@id":"https:\/\/ifamnews.com\/it\/corte-costituzionale-dove-la-tua-vittoria#primaryimage"},"thumbnailUrl":"https:\/\/ifamnews.com\/wp-content\/uploads\/2022\/04\/bla-bla-1200x698-1.jpg","keywords":["Famiglia","Italia"],"articleSection":["Breaking News","Editoriali","Famiglia","In evidenza"],"inLanguage":"it-IT","potentialAction":[{"@type":"CommentAction","name":"Comment","target":["https:\/\/ifamnews.com\/it\/corte-costituzionale-dove-la-tua-vittoria#respond"]}]},{"@type":"WebPage","@id":"https:\/\/ifamnews.com\/it\/corte-costituzionale-dove-la-tua-vittoria","url":"https:\/\/ifamnews.com\/it\/corte-costituzionale-dove-la-tua-vittoria","name":"Corte costituzionale: dove la tua vittoria? - \u00abiFamNews\u00bb","isPartOf":{"@id":"https:\/\/ifamnews.com\/en\/#website"},"primaryImageOfPage":{"@id":"https:\/\/ifamnews.com\/it\/corte-costituzionale-dove-la-tua-vittoria#primaryimage"},"image":{"@id":"https:\/\/ifamnews.com\/it\/corte-costituzionale-dove-la-tua-vittoria#primaryimage"},"thumbnailUrl":"https:\/\/ifamnews.com\/wp-content\/uploads\/2022\/04\/bla-bla-1200x698-1.jpg","datePublished":"2022-04-29T04:00:00+00:00","dateModified":"2022-04-29T06:31:52+00:00","description":"Adesso ai figli, oltre a quello del padre, si pu\u00f2 dare il cognome della madre. Per battere il \u201cpatriarcato\u201d. Che non c\u2019entra proprio nulla","breadcrumb":{"@id":"https:\/\/ifamnews.com\/it\/corte-costituzionale-dove-la-tua-vittoria#breadcrumb"},"inLanguage":"it-IT","potentialAction":[{"@type":"ReadAction","target":["https:\/\/ifamnews.com\/it\/corte-costituzionale-dove-la-tua-vittoria"]}]},{"@type":"ImageObject","inLanguage":"it-IT","@id":"https:\/\/ifamnews.com\/it\/corte-costituzionale-dove-la-tua-vittoria#primaryimage","url":"https:\/\/ifamnews.com\/wp-content\/uploads\/2022\/04\/bla-bla-1200x698-1.jpg","contentUrl":"https:\/\/ifamnews.com\/wp-content\/uploads\/2022\/04\/bla-bla-1200x698-1.jpg","width":1200,"height":675,"caption":"bla bla"},{"@type":"BreadcrumbList","@id":"https:\/\/ifamnews.com\/it\/corte-costituzionale-dove-la-tua-vittoria#breadcrumb","itemListElement":[{"@type":"ListItem","position":1,"name":"Home","item":"https:\/\/ifamnews.com\/de"},{"@type":"ListItem","position":2,"name":"Famiglia","item":"https:\/\/ifamnews.com\/it\/categoria\/famiglia"},{"@type":"ListItem","position":3,"name":"Corte costituzionale: dove la tua vittoria?"}]},{"@type":"WebSite","@id":"https:\/\/ifamnews.com\/en\/#website","url":"https:\/\/ifamnews.com\/en\/","name":"IFN","description":"International Family News Network","publisher":{"@id":"https:\/\/ifamnews.com\/en\/#organization"},"potentialAction":[{"@type":"SearchAction","target":{"@type":"EntryPoint","urlTemplate":"https:\/\/ifamnews.com\/en\/?s={search_term_string}"},"query-input":{"@type":"PropertyValueSpecification","valueRequired":true,"valueName":"search_term_string"}}],"inLanguage":"it-IT"},{"@type":"Organization","@id":"https:\/\/ifamnews.com\/en\/#organization","name":"iFamNews","url":"https:\/\/ifamnews.com\/en\/","logo":{"@type":"ImageObject","inLanguage":"it-IT","@id":"https:\/\/ifamnews.com\/en\/#\/schema\/logo\/image\/","url":"https:\/\/ifamnews.com\/wp-content\/uploads\/2020\/01\/Share-logo.png","contentUrl":"https:\/\/ifamnews.com\/wp-content\/uploads\/2020\/01\/Share-logo.png","width":200,"height":200,"caption":"iFamNews"},"image":{"@id":"https:\/\/ifamnews.com\/en\/#\/schema\/logo\/image\/"},"sameAs":["https:\/\/www.facebook.com\/iFamNews","https:\/\/x.com\/iFamNewsEN"]},{"@type":"Person","@id":"https:\/\/ifamnews.com\/en\/#\/schema\/person\/f652cec3a7e8bbde9da729c061bf1817","name":"Manuela Antonacci","image":{"@type":"ImageObject","inLanguage":"it-IT","@id":"https:\/\/secure.gravatar.com\/avatar\/c6acbec2245b44dd725780048fc48d33388b756ab36b61d32f312fb9cbc1e664?s=96&d=mm&r=g","url":"https:\/\/secure.gravatar.com\/avatar\/c6acbec2245b44dd725780048fc48d33388b756ab36b61d32f312fb9cbc1e664?s=96&d=mm&r=g","contentUrl":"https:\/\/secure.gravatar.com\/avatar\/c6acbec2245b44dd725780048fc48d33388b756ab36b61d32f312fb9cbc1e664?s=96&d=mm&r=g","caption":"Manuela Antonacci"},"description":"Manuela Antonacci graduated in Literature (2001) and Philosophy (2011) from Aldo Moro University in Bari. As a journalist, she contributes to several online and printed media outlets. She often organizes public events and is a speaker at Radio Sound Bari, promoting initiatives such as concerts, exhibitions, literary festivals. Her passion for writing lies in a sentence by Friedrich Nietzsche: \"Of all that is written, I love only what is written in blood.\"","url":"https:\/\/ifamnews.com\/it\/author\/manuela-antonacci"}]}},"amp_enabled":true,"_links":{"self":[{"href":"https:\/\/ifamnews.com\/it\/wp-json\/wp\/v2\/posts\/140450","targetHints":{"allow":["GET"]}}],"collection":[{"href":"https:\/\/ifamnews.com\/it\/wp-json\/wp\/v2\/posts"}],"about":[{"href":"https:\/\/ifamnews.com\/it\/wp-json\/wp\/v2\/types\/post"}],"author":[{"embeddable":true,"href":"https:\/\/ifamnews.com\/it\/wp-json\/wp\/v2\/users\/997"}],"replies":[{"embeddable":true,"href":"https:\/\/ifamnews.com\/it\/wp-json\/wp\/v2\/comments?post=140450"}],"version-history":[{"count":5,"href":"https:\/\/ifamnews.com\/it\/wp-json\/wp\/v2\/posts\/140450\/revisions"}],"predecessor-version":[{"id":140582,"href":"https:\/\/ifamnews.com\/it\/wp-json\/wp\/v2\/posts\/140450\/revisions\/140582"}],"wp:featuredmedia":[{"embeddable":true,"href":"https:\/\/ifamnews.com\/it\/wp-json\/wp\/v2\/media\/140454"}],"wp:attachment":[{"href":"https:\/\/ifamnews.com\/it\/wp-json\/wp\/v2\/media?parent=140450"}],"wp:term":[{"taxonomy":"category","embeddable":true,"href":"https:\/\/ifamnews.com\/it\/wp-json\/wp\/v2\/categories?post=140450"},{"taxonomy":"post_tag","embeddable":true,"href":"https:\/\/ifamnews.com\/it\/wp-json\/wp\/v2\/tags?post=140450"}],"curies":[{"name":"wp","href":"https:\/\/api.w.org\/{rel}","templated":true}]}}