{"id":137929,"date":"2022-04-16T07:00:00","date_gmt":"2022-04-16T11:00:00","guid":{"rendered":"https:\/\/ifamnews.com\/?p=137929"},"modified":"2022-04-15T05:52:57","modified_gmt":"2022-04-15T09:52:57","slug":"a-malta-sono-tutti-pro-life","status":"publish","type":"post","link":"https:\/\/ifamnews.com\/it\/a-malta-sono-tutti-pro-life","title":{"rendered":"A Malta sono tutti pro-life"},"content":{"rendered":"\n<p>A Malta trionfa la vita. A seguito della massiccia campagna nazionale condotta dal mondo <em>pro-life<\/em>, infatti, i due principali partiti politici dell&#8217;Isola , il Partito Laburista e il Partito Nazionalista, hanno entrambi assunto impegni pubblici per garantire la continua protezione giuridica dei bambini non ancora nati. Ne d\u00e0 notizia <a href=\"https:\/\/righttolife.org.uk\/news\/malta-both-major-parties-confirm-pro-life-position-on-abortion\" target=\"_blank\" rel=\"noreferrer noopener\"><em>RightToLife<\/em><\/a>.<\/p>\n\n\n\n<h3 class=\"wp-block-heading\" id=\"h-le-dichiarazioni-di-abela\"><strong>Le dichiarazioni di Abela<\/strong><\/h3>\n\n\n\n<p>In un\u2019intervista del 2020, il capo del Partito Laburista e primo ministro, Robert Abela, aveva<a href=\"https:\/\/www.facebook.com\/lifenetworkeu\/videos\/600091604111674\/\" target=\"_blank\" rel=\"noreferrer noopener\"> <\/a>dichiarato che a Malta non ci sarebbe mai stato un <em>referendum<\/em> sull\u2019aborto e di essere personalmente \u00abcontro l\u2019aborto in ogni circostanza\u00bb. Allo stesso modo il <a href=\"https:\/\/www.maltatoday.com.mt\/news\/interview\/115765\/a_vision_for_a_new_malta_bernard_grech#.YkHszjfMIq0\" target=\"_blank\" rel=\"noreferrer noopener\">capo del Partito Nazionalista, Bernard Grech<\/a>, si \u00e8 detto \u00aborgoglioso che il [proprio] partito sia favorevole alla vita\u00bb e di non avere \u00abmai avuto problemi a nuotare controcorrente\u00bb, <a href=\"https:\/\/www.maltatoday.com.mt\/news\/interview\/115765\/a_vision_for_a_new_malta_bernard_grech#.YkHszjfMIq0\" target=\"_blank\" rel=\"noreferrer noopener\">aggiungendo pure<\/a>: \u00abPer me il bambino [deve essere] privilegiato. Perch\u00e9 \u00e8 una vita, una persona, che nessuno pu\u00f2 difendere pi\u00f9 dei suoi genitori, e se uno dei suoi genitori vuole [porre fine alla sua vita], ritengo sia mio dovere di essere umano, prima che di uomo politico, difendere quella vita\u00bb.<\/p>\n\n\n\n<h3 class=\"wp-block-heading\" id=\"h-il-sondaggio\"><strong>Il sondaggio<\/strong><\/h3>\n\n\n\n<p>In vista delle elezioni, <a href=\"https:\/\/lifenetwork.eu\/\" target=\"_blank\" rel=\"noreferrer noopener\">Life Network Foundation Malta<\/a> aveva condotto un\u2019importante campagna, attraverso il sito dedicato <em><a href=\"https:\/\/ivvotafavurilhajja.org\/\" target=\"_blank\" rel=\"noreferrer noopener\">Ivotta Favur il-Hajja.org<\/a><\/em>, invitando i partiti a chiarire all\u2019elettorato. Laddove entrambi i partiti maggiori si sono espressi fermamente a sostegno del diritto alla vita dei bambini non ancora nati, i partiti minori hanno dato risposte contrastanti. La portavoce di Right To Life UK, Catherine Robinson, ha dichiarato: \u00ab\u00c8 incoraggiante vedere che i due maggiori partiti, sebbene ideologicamente contrari su molte cose, riconoscono il diritto alla vita del nascituro\u00bb.<\/p>\n\n\n\n<h3 class=\"wp-block-heading\" id=\"h-il-caso-metsola\"><strong>Il caso Metsola<\/strong><\/h3>\n\n\n\n<p>\u00abiFamNews\u00bb <a href=\"https:\/\/ifamnews.com\/it\/le-due-metsola\" target=\"_blank\" rel=\"noreferrer noopener\">si \u00e8 occupato<\/a> in gennaio del caso della maltese Roberta Metsola, attuale presidente del Parlamento europeo. La quale in passato non ha mai fatto mistero delle proprie posizioni antiabortiste. Prima per\u00f2 di diventare presidente del Parlamento Europeo (PE). Adesso che invece siede a capo di quell\u2019assise, promette di assicurare \u00absalute riproduttiva\u00bb e \u00abdiritti alla riproduzione\u00bb. Una sorta di \u201cGiano Bifronte\u201d:<em> pro-life <\/em>a Malta e adeguata al pensiero dominante a Bruxelles.<\/p>\n","protected":false},"excerpt":{"rendered":"<p>I due principali partiti dell&#8217;Isola si schierano contro aborto ed eutanasia<\/p>\n","protected":false},"author":46,"featured_media":137921,"comment_status":"open","ping_status":"open","sticky":false,"template":"","format":"standard","meta":{"give_campaign_id":0,"om_disable_all_campaigns":false,"_monsterinsights_skip_tracking":false,"_monsterinsights_sitenote_active":false,"_monsterinsights_sitenote_note":"","_monsterinsights_sitenote_category":0,"mc4wp_mailchimp_campaign":[],"jnews-multi-image_gallery":[],"jnews_single_post":{"subtitle":"I due principali partiti dell'Isola si schierano contro aborto ed eutanasia","format":"standard","video":"","gallery":"","source_name":"","source_url":"","via_name":"","via_url":"","override":[{"template":"1","single_blog_custom":"","parallax":"1","fullscreen":"1","layout":"right-sidebar","sidebar":"default-sidebar","second_sidebar":"default-sidebar","sticky_sidebar":"1","share_position":"top","share_float_style":"share-monocrhome","show_share_counter":"1","show_view_counter":"1","show_featured":"1","show_post_meta":"1","show_post_author":"1","show_post_author_image":"1","show_post_date":"1","post_date_format":"default","post_date_format_custom":"Y\/m\/d","show_post_category":"1","post_reading_time_wpm":"300","zoom_button_out_step":"2","zoom_button_in_step":"3","show_post_tag":"1","show_prev_next_post":"1","show_popup_post":"1","number_popup_post":"1"}],"image_override":[{"single_post_thumbnail_size":"crop-500","single_post_gallery_size":"crop-500"}],"trending_post_position":"meta","trending_post_label":"Tendenza","sponsored_post_label":"Sponsored by","sponsored_post_name":"","sponsored_post_url":"","sponsored_post_logo":"","sponsored_post_desc":""},"jnews_primary_category":{"id":"817"},"jnews_social_meta":{"fb_title":"","fb_description":"","fb_image":"","twitter_title":"","twitter_description":"","twitter_image":""},"jnews_override_counter":{"view_counter_number":"0","share_counter_number":"0","like_counter_number":"0","dislike_counter_number":"0"},"footnotes":""},"categories":[951,817],"tags":[698,743,1174],"class_list":["post-137929","post","type-post","status-publish","format-standard","has-post-thumbnail","hentry","category-foreground-it","category-vita","tag-aborto","tag-eutanasia","tag-malta"],"yoast_head":"<!-- This site is optimized with the Yoast SEO Premium plugin v25.9 (Yoast SEO v27.3) - https:\/\/yoast.com\/product\/yoast-seo-premium-wordpress\/ -->\n<title>A Malta sono tutti pro-life - IFN<\/title>\n<meta name=\"description\" content=\"I due principali partiti dell&#039;Isola - Partito Laburista e Partito Nazionalista - si schierano contro aborto ed eutanasia\" \/>\n<meta name=\"robots\" content=\"index, follow, max-snippet:-1, max-image-preview:large, max-video-preview:-1\" \/>\n<link rel=\"canonical\" href=\"https:\/\/ifamnews.com\/it\/a-malta-sono-tutti-pro-life\" \/>\n<meta property=\"og:locale\" content=\"it_IT\" \/>\n<meta property=\"og:type\" content=\"article\" \/>\n<meta property=\"og:title\" content=\"A Malta sono tutti pro-life\" \/>\n<meta property=\"og:description\" content=\"I due principali partiti dell&#039;Isola - Partito Laburista e Partito Nazionalista - si schierano contro aborto ed eutanasia\" \/>\n<meta property=\"og:url\" content=\"https:\/\/ifamnews.com\/it\/a-malta-sono-tutti-pro-life\" \/>\n<meta property=\"og:site_name\" content=\"IFN\" \/>\n<meta property=\"article:publisher\" content=\"https:\/\/www.facebook.com\/iFamNews\" \/>\n<meta property=\"article:author\" content=\"https:\/\/www.facebook.com\/iFamNews\/\" \/>\n<meta property=\"article:published_time\" content=\"2022-04-16T11:00:00+00:00\" \/>\n<meta property=\"og:image\" content=\"https:\/\/ifamnews.com\/wp-content\/uploads\/2022\/04\/Image-from-Flickr-2-2.jpg\" \/>\n\t<meta property=\"og:image:width\" content=\"1200\" \/>\n\t<meta property=\"og:image:height\" content=\"675\" \/>\n\t<meta property=\"og:image:type\" content=\"image\/jpeg\" \/>\n<meta name=\"author\" content=\"iFamNews Italia\" \/>\n<meta name=\"twitter:card\" content=\"summary_large_image\" \/>\n<meta name=\"twitter:creator\" content=\"@https:\/\/twitter.com\/iFamNewsIT\" \/>\n<meta name=\"twitter:site\" content=\"@iFamNewsEN\" \/>\n<meta name=\"twitter:label1\" content=\"Scritto da\" \/>\n\t<meta name=\"twitter:data1\" content=\"iFamNews Italia\" \/>\n\t<meta name=\"twitter:label2\" content=\"Tempo di lettura stimato\" \/>\n\t<meta name=\"twitter:data2\" content=\"2 minuti\" \/>\n<!-- \/ Yoast SEO Premium plugin. -->","yoast_head_json":{"title":"A Malta sono tutti pro-life - IFN","description":"I due principali partiti dell'Isola - Partito Laburista e Partito Nazionalista - si schierano contro aborto ed eutanasia","robots":{"index":"index","follow":"follow","max-snippet":"max-snippet:-1","max-image-preview":"max-image-preview:large","max-video-preview":"max-video-preview:-1"},"canonical":"https:\/\/ifamnews.com\/it\/a-malta-sono-tutti-pro-life","og_locale":"it_IT","og_type":"article","og_title":"A Malta sono tutti pro-life","og_description":"I due principali partiti dell'Isola - Partito Laburista e Partito Nazionalista - si schierano contro aborto ed eutanasia","og_url":"https:\/\/ifamnews.com\/it\/a-malta-sono-tutti-pro-life","og_site_name":"IFN","article_publisher":"https:\/\/www.facebook.com\/iFamNews","article_author":"https:\/\/www.facebook.com\/iFamNews\/","article_published_time":"2022-04-16T11:00:00+00:00","og_image":[{"width":1200,"height":675,"url":"https:\/\/ifamnews.com\/wp-content\/uploads\/2022\/04\/Image-from-Flickr-2-2.jpg","type":"image\/jpeg"}],"author":"iFamNews Italia","twitter_card":"summary_large_image","twitter_creator":"@https:\/\/twitter.com\/iFamNewsIT","twitter_site":"@iFamNewsEN","twitter_misc":{"Scritto da":"iFamNews Italia","Tempo di lettura stimato":"2 minuti"},"schema":{"@context":"https:\/\/schema.org","@graph":[{"@type":"NewsArticle","@id":"https:\/\/ifamnews.com\/it\/a-malta-sono-tutti-pro-life#article","isPartOf":{"@id":"https:\/\/ifamnews.com\/it\/a-malta-sono-tutti-pro-life"},"author":{"name":"iFamNews Italia","@id":"https:\/\/ifamnews.com\/en\/#\/schema\/person\/fafda7d79212f3690f4af10238556aac"},"headline":"A Malta sono tutti pro-life","datePublished":"2022-04-16T11:00:00+00:00","mainEntityOfPage":{"@id":"https:\/\/ifamnews.com\/it\/a-malta-sono-tutti-pro-life"},"wordCount":339,"commentCount":0,"publisher":{"@id":"https:\/\/ifamnews.com\/en\/#organization"},"image":{"@id":"https:\/\/ifamnews.com\/it\/a-malta-sono-tutti-pro-life#primaryimage"},"thumbnailUrl":"https:\/\/ifamnews.com\/wp-content\/uploads\/2022\/04\/Image-from-Flickr-2-2.jpg","keywords":["Aborto","Eutanasia","Malta"],"articleSection":["In evidenza","Vita"],"inLanguage":"it-IT","potentialAction":[{"@type":"CommentAction","name":"Comment","target":["https:\/\/ifamnews.com\/it\/a-malta-sono-tutti-pro-life#respond"]}]},{"@type":"WebPage","@id":"https:\/\/ifamnews.com\/it\/a-malta-sono-tutti-pro-life","url":"https:\/\/ifamnews.com\/it\/a-malta-sono-tutti-pro-life","name":"A Malta sono tutti pro-life - IFN","isPartOf":{"@id":"https:\/\/ifamnews.com\/en\/#website"},"primaryImageOfPage":{"@id":"https:\/\/ifamnews.com\/it\/a-malta-sono-tutti-pro-life#primaryimage"},"image":{"@id":"https:\/\/ifamnews.com\/it\/a-malta-sono-tutti-pro-life#primaryimage"},"thumbnailUrl":"https:\/\/ifamnews.com\/wp-content\/uploads\/2022\/04\/Image-from-Flickr-2-2.jpg","datePublished":"2022-04-16T11:00:00+00:00","description":"I due principali partiti dell'Isola - Partito Laburista e Partito Nazionalista - si schierano contro aborto ed eutanasia","breadcrumb":{"@id":"https:\/\/ifamnews.com\/it\/a-malta-sono-tutti-pro-life#breadcrumb"},"inLanguage":"it-IT","potentialAction":[{"@type":"ReadAction","target":["https:\/\/ifamnews.com\/it\/a-malta-sono-tutti-pro-life"]}]},{"@type":"ImageObject","inLanguage":"it-IT","@id":"https:\/\/ifamnews.com\/it\/a-malta-sono-tutti-pro-life#primaryimage","url":"https:\/\/ifamnews.com\/wp-content\/uploads\/2022\/04\/Image-from-Flickr-2-2.jpg","contentUrl":"https:\/\/ifamnews.com\/wp-content\/uploads\/2022\/04\/Image-from-Flickr-2-2.jpg","width":1200,"height":675,"caption":"Image from Flickr"},{"@type":"BreadcrumbList","@id":"https:\/\/ifamnews.com\/it\/a-malta-sono-tutti-pro-life#breadcrumb","itemListElement":[{"@type":"ListItem","position":1,"name":"Home","item":"https:\/\/ifamnews.com\/de"},{"@type":"ListItem","position":2,"name":"Life","item":"https:\/\/ifamnews.com\/en\/category\/life"},{"@type":"ListItem","position":3,"name":"A Malta sono tutti pro-life"}]},{"@type":"WebSite","@id":"https:\/\/ifamnews.com\/en\/#website","url":"https:\/\/ifamnews.com\/en\/","name":"IFN","description":"International Family News Network","publisher":{"@id":"https:\/\/ifamnews.com\/en\/#organization"},"potentialAction":[{"@type":"SearchAction","target":{"@type":"EntryPoint","urlTemplate":"https:\/\/ifamnews.com\/en\/?s={search_term_string}"},"query-input":{"@type":"PropertyValueSpecification","valueRequired":true,"valueName":"search_term_string"}}],"inLanguage":"it-IT"},{"@type":"Organization","@id":"https:\/\/ifamnews.com\/en\/#organization","name":"iFamNews","url":"https:\/\/ifamnews.com\/en\/","logo":{"@type":"ImageObject","inLanguage":"it-IT","@id":"https:\/\/ifamnews.com\/en\/#\/schema\/logo\/image\/","url":"https:\/\/ifamnews.com\/wp-content\/uploads\/2020\/01\/Share-logo.png","contentUrl":"https:\/\/ifamnews.com\/wp-content\/uploads\/2020\/01\/Share-logo.png","width":200,"height":200,"caption":"iFamNews"},"image":{"@id":"https:\/\/ifamnews.com\/en\/#\/schema\/logo\/image\/"},"sameAs":["https:\/\/www.facebook.com\/iFamNews","https:\/\/x.com\/iFamNewsEN"]},{"@type":"Person","@id":"https:\/\/ifamnews.com\/en\/#\/schema\/person\/fafda7d79212f3690f4af10238556aac","name":"iFamNews Italia","image":{"@type":"ImageObject","inLanguage":"it-IT","@id":"https:\/\/secure.gravatar.com\/avatar\/2e50539bc89809bc22a0b2bb9dc3d7f67ffd1e564e5461707f0153146f8c99b5?s=96&d=mm&r=g","url":"https:\/\/secure.gravatar.com\/avatar\/2e50539bc89809bc22a0b2bb9dc3d7f67ffd1e564e5461707f0153146f8c99b5?s=96&d=mm&r=g","contentUrl":"https:\/\/secure.gravatar.com\/avatar\/2e50539bc89809bc22a0b2bb9dc3d7f67ffd1e564e5461707f0153146f8c99b5?s=96&d=mm&r=g","caption":"iFamNews Italia"},"description":"Articles published by the Italian iFamNews editorial team.","sameAs":["https:\/\/ifamnews.com\/it","https:\/\/www.facebook.com\/iFamNews\/","https:\/\/x.com\/https:\/\/twitter.com\/iFamNewsIT","https:\/\/www.youtube.com\/channel\/UCMVyIt4z9BANW3d09kwfUpw"],"url":"https:\/\/ifamnews.com\/it\/author\/redazioneit"}]}},"amp_enabled":true,"_links":{"self":[{"href":"https:\/\/ifamnews.com\/it\/wp-json\/wp\/v2\/posts\/137929","targetHints":{"allow":["GET"]}}],"collection":[{"href":"https:\/\/ifamnews.com\/it\/wp-json\/wp\/v2\/posts"}],"about":[{"href":"https:\/\/ifamnews.com\/it\/wp-json\/wp\/v2\/types\/post"}],"author":[{"embeddable":true,"href":"https:\/\/ifamnews.com\/it\/wp-json\/wp\/v2\/users\/46"}],"replies":[{"embeddable":true,"href":"https:\/\/ifamnews.com\/it\/wp-json\/wp\/v2\/comments?post=137929"}],"version-history":[{"count":3,"href":"https:\/\/ifamnews.com\/it\/wp-json\/wp\/v2\/posts\/137929\/revisions"}],"predecessor-version":[{"id":137975,"href":"https:\/\/ifamnews.com\/it\/wp-json\/wp\/v2\/posts\/137929\/revisions\/137975"}],"wp:featuredmedia":[{"embeddable":true,"href":"https:\/\/ifamnews.com\/it\/wp-json\/wp\/v2\/media\/137921"}],"wp:attachment":[{"href":"https:\/\/ifamnews.com\/it\/wp-json\/wp\/v2\/media?parent=137929"}],"wp:term":[{"taxonomy":"category","embeddable":true,"href":"https:\/\/ifamnews.com\/it\/wp-json\/wp\/v2\/categories?post=137929"},{"taxonomy":"post_tag","embeddable":true,"href":"https:\/\/ifamnews.com\/it\/wp-json\/wp\/v2\/tags?post=137929"}],"curies":[{"name":"wp","href":"https:\/\/api.w.org\/{rel}","templated":true}]}}