{"id":137182,"date":"2022-04-12T07:00:00","date_gmt":"2022-04-12T11:00:00","guid":{"rendered":"https:\/\/ifamnews.com\/?p=137182"},"modified":"2022-04-12T07:50:53","modified_gmt":"2022-04-12T11:50:53","slug":"quando-l-alternativa-alla-cancel-culture-anche-commerciale","status":"publish","type":"post","link":"https:\/\/ifamnews.com\/it\/quando-l-alternativa-alla-cancel-culture-anche-commerciale","title":{"rendered":"Quando l&#8217;alternativa alla \u00abcancel culture\u00bb \u00e8 anche commerciale"},"content":{"rendered":"\n<p>Negli Stati Uniti acquistare un prodotto per la cura della barba piuttosto che un altro pu\u00f2 diventare una scelta politica. Nello specifico, acquistare un prodotto Jeremy\u2019s Razors anzich\u00e9 un Harry\u2019s Razors pu\u00f2 significare combattere la <a href=\"https:\/\/ifamnews.com\/it\/anche-la-pasqua-razzista\" target=\"_blank\" rel=\"noreferrer noopener\"><em>cancel culture<\/em><\/a> e la degenerazione <a href=\"https:\/\/ifamnews.com\/en\/the-crisis-of-meaning-why-woke-ideology-advances\" target=\"_blank\" rel=\"noreferrer noopener\"><em>woke<\/em><\/a>.<\/p>\n\n\n\n<h3 class=\"wp-block-heading\" id=\"h-stop-alla-pubblicit\"><strong>Stop alla pubblicit\u00e0<\/strong><\/h3>\n\n\n\n<p>Andiamo con ordine. Fino a qualche tempo fa l\u2019azienda statunitense di prodotti per l\u2019igiene maschile (lamette, creme da barba, e cos\u00ec via) Harry\u2019s Razors comperava spazi pubblicitari sul portale conservatore <a href=\"https:\/\/www.dailywire.com\/\" target=\"_blank\" rel=\"noreferrer noopener\"><em>Daily Wire<\/em><\/a>. Tuttavia un giorno, in modo inaspettato, la Harry\u2019s Razors ha deciso di ritirare le inserzioni, comunicandolo pubblicamente e senza avvertire prima il &#8220;Daily&#8221;. La ragione? Un utente anonimo, su Twitter, si \u00e8 lamentato di alcune opinioni espresse sul portale <em>Daily Wire<\/em>, considerate offensive nei confronti delle eprsone LGBT+.<\/p>\n\n\n\n<h3 class=\"wp-block-heading\" id=\"h-la-reazione\"><strong>La reazione<\/strong><\/h3>\n\n\n\n<p>Il <em>Daily Wire<\/em> ha per\u00f2 deciso di passare al contrattacco: con una massiccia e mirata campagna pubblicitaria ha creato Jeremy\u2019s Razors, una nuova compagnia nata proprio per fare concorrenza alla Harry\u2019s. Il nome \u00e8 mutuato da Jeremy Boreing, co-fondatore e amministratore delegato di <em>Daily Wire<\/em>. Alessandro Amorese, anch&#8217;egli editore, a capo della <a href=\"http:\/\/www.ecletticaedizioni.com\/newsite\/\" target=\"_blank\" rel=\"noreferrer noopener\">Eclettica Edizioni<\/a>, bench\u00e9 italiano, commenta a \u00abiFamNews\u00bb la scelta del &#8220;Daily&#8221;: \u00abJeremy ha subito dichiarato che non si sarebbe \u201cumiliato\u201d, che non avrebbe cambiato posizioni per assecondare le \u201csciocchezze <em>woke<\/em>\u201d di alcune aziende\u00bb.<\/p>\n\n\n\n<h3 class=\"wp-block-heading\" id=\"h-marketing-politicamente-scorretto\"><strong>Marketing politicamente scorretto<\/strong><\/h3>\n\n\n\n<p>Amorese racconta che \u00abla nuova <em>company<\/em> \u00e8 contemporaneamente un <em>business<\/em>, che pare iniziato con il verso giusto, e una risposta culturale all\u2019ideologia <em>woke<\/em> e alla <em>cancel culture\u00bb<\/em>. Infatti, prosegue l\u2019editore italiano, \u00abil lancio di Jeremy\u2019s Razors, con tanto di manifesti pubblicitari affissi davanti al quartier generale di Harry\u2019s a New York, \u00e8 anche un manifesto politicamente scorretto: a partire dal sito, <a href=\"https:\/\/www.jeremysrazors.com\/\" target=\"_blank\" rel=\"noreferrer noopener\"><em>ihateharrys.com<\/em><\/a>, che non lascia spazio a equivoci, ma soprattutto dal video (milioni di visualizzazioni) che vede Boreing in versione \u201cre-Dio\u201d arrivare alla sede del &#8220;Daily&#8221; con una McLaren che per poco non investe un uomo, entra con una certa sfrontatezza e viene accolto soprattutto da due belle ragazze, dando poi alle fiamme alcuni rasoi (ovviamente targati Gillette e Harry\u2019s)\u00bb. Amorese evidenzia che, \u00abal di l\u00e0 di una certa \u201cpacchianaggine\u201d, volutamente accentuata, \u00e8 il messaggio che interessa, non solo per i tratti evidenti che qualcuno definirebbe machisti, sessisti, violenti e non inclusivi, ma anche e soprattutto perch\u00e9 il progetto di <em>marketing <\/em>si rivolge alla met\u00e0 del Paese (ma forse andare oltre) non <em>woke\u00bb.<\/em><\/p>\n\n\n\n<figure class=\"wp-block-embed is-type-rich is-provider-twitter wp-block-embed-twitter\"><div class=\"wp-block-embed__wrapper\">\nhttps:\/\/twitter.com\/realDailyWire\/status\/1506069028204331014\n<\/div><\/figure>\n\n\n\n<h3 class=\"wp-block-heading\" id=\"h-dividere-in-due-l-economia\"><strong>Dividere in due l\u2019economia<\/strong><\/h3>\n\n\n\n<p><a href=\"https:\/\/www.youtube.com\/watch?v=4U5AuKmz_YA\" target=\"_blank\" rel=\"noreferrer noopener\">In un video Jeremy Boering<\/a> spiega che le aziende che ai auto-assegnano un\u2019etichetta ideologica sono convinte \u00abche questo non comporter\u00e0 conseguenze economiche, perch\u00e9 le aziende sanno quello che so io: ci sono milioni di persone (di clienti) che hanno ancora bisogno dei loro beni e dei loro servizi\u00bb. Di qui la proposta: \u00abQuindi, per vincere, dobbiamo strappare in due l\u2019economia. Dobbiamo dare ai conservatori le loro aziende e i loro prodotti da acquistare. Dobbiamo costruire vere alternative di mercato, che, in caso di successo, costringeranno la Sinistra a subire perdite reali\u00bb.<\/p>\n\n\n\n<h3 class=\"wp-block-heading\" id=\"h-esempio-per-l-italia\"><strong>Esempio per l\u2019Italia<\/strong><\/h3>\n\n\n\n<p>Amorese sottolinea per\u00f2 la tiepidezza che questi temi hanno in Europa. Qui \u00abnon abbiamo ancora compreso la portata di una battaglia che \u00e8 politica, culturale, sociale e che, come dimostra la vicenda del &#8220;Daily&#8221;, pu\u00f2 e deve essere trasformata in una opportunit\u00e0 commerciale\u00bb.<\/p>\n\n\n\n<p>\u00abL&#8217;azione decisa del <em>Daily Wire<\/em>\u00bb, rivleva quinid l&#8217;editore italiano, \u00abva anche oltre: la testata ha infatti lanciato il canale di cartoni animati <a href=\"https:\/\/www.washingtonpost.com\/nation\/2022\/03\/31\/daily-wire-kids\/\" target=\"_blank\" rel=\"noreferrer noopener\"><em>Daily Wire Kids<\/em><\/a>, in netta concorrenza con <a href=\"https:\/\/ifamnews.com\/it?s=disney\" target=\"_blank\" rel=\"noreferrer noopener\">Disney<\/a> e con <a href=\"https:\/\/ifamnews.com\/it\/petition\/no-a-netflix-\" target=\"_blank\" rel=\"noreferrer noopener\">Netflix<\/a>, per controbilancia l&#8217;offensiva\u00bb. Ottimo esempio, dice Amorese, e \u00abquesto deve spingere anche l&#8217;Italia a un salto di qualit\u00e0 che superi la semplice lamentela\u00bb.<\/p>\n","protected":false},"excerpt":{"rendered":"<p>Un tentativo di boicottaggio LGBT+ si trasforma in occasione grande<\/p>\n","protected":false},"author":15,"featured_media":137174,"comment_status":"open","ping_status":"open","sticky":false,"template":"","format":"standard","meta":{"give_campaign_id":0,"om_disable_all_campaigns":false,"_monsterinsights_skip_tracking":false,"_monsterinsights_sitenote_active":false,"_monsterinsights_sitenote_note":"","_monsterinsights_sitenote_category":0,"mc4wp_mailchimp_campaign":[],"jnews-multi-image_gallery":[],"jnews_single_post":{"subtitle":"Un tentativo di boicottaggio LGBT+ si trasforma in occasione grande","format":"standard","video":"","gallery":"","source_name":"","source_url":"","via_name":"","via_url":"","override":[{"template":"1","single_blog_custom":"","parallax":"1","fullscreen":"1","layout":"right-sidebar","sidebar":"default-sidebar","second_sidebar":"default-sidebar","sticky_sidebar":"1","share_position":"top","share_float_style":"share-monocrhome","show_share_counter":"1","show_view_counter":"1","show_featured":"1","show_post_meta":"1","show_post_author":"1","show_post_author_image":"1","show_post_date":"1","post_date_format":"default","post_date_format_custom":"Y\/m\/d","show_post_category":"1","post_reading_time_wpm":"300","zoom_button_out_step":"2","zoom_button_in_step":"3","show_post_tag":"1","show_prev_next_post":"1","show_popup_post":"1","number_popup_post":"1"}],"image_override":[{"single_post_thumbnail_size":"crop-500","single_post_gallery_size":"crop-500"}],"trending_post_position":"meta","trending_post_label":"Tendenza","sponsored_post_label":"Sponsored by","sponsored_post_name":"","sponsored_post_url":"","sponsored_post_logo":"","sponsored_post_desc":""},"jnews_primary_category":{"id":"764"},"jnews_social_meta":{"fb_title":"","fb_description":"","fb_image":"","twitter_title":"","twitter_description":"","twitter_image":""},"jnews_override_counter":{"view_counter_number":"0","share_counter_number":"0","like_counter_number":"0","dislike_counter_number":"0"},"footnotes":""},"categories":[764,951],"tags":[9466,14878],"class_list":["post-137182","post","type-post","status-publish","format-standard","has-post-thumbnail","hentry","category-cultura","category-foreground-it","tag-cancel-culture","tag-stati-uniti-damerica"],"yoast_head":"<!-- This site is optimized with the Yoast SEO Premium plugin v25.9 (Yoast SEO v27.3) - https:\/\/yoast.com\/product\/yoast-seo-premium-wordpress\/ -->\n<title>Quando l&#039;alternativa alla \u00abcancel culture\u00bb \u00e8 anche commerciale - IFN<\/title>\n<meta name=\"description\" content=\"Un tentativo di boicottaggio si rivela una occasione grande: nasche la \u00abJeremy&#039;s Razors\u00bb contro il politicamente corretto\" \/>\n<meta name=\"robots\" content=\"index, follow, max-snippet:-1, max-image-preview:large, max-video-preview:-1\" \/>\n<link rel=\"canonical\" href=\"https:\/\/ifamnews.com\/it\/quando-l-alternativa-alla-cancel-culture-anche-commerciale\" \/>\n<meta property=\"og:locale\" content=\"it_IT\" \/>\n<meta property=\"og:type\" content=\"article\" \/>\n<meta property=\"og:title\" content=\"Quando l&#039;alternativa alla \u00abcancel culture\u00bb \u00e8 anche commerciale\" \/>\n<meta property=\"og:description\" content=\"Un tentativo di boicottaggio si rivela una occasione grande: nasche la \u00abJeremy&#039;s Razors\u00bb contro il politicamente corretto\" \/>\n<meta property=\"og:url\" content=\"https:\/\/ifamnews.com\/it\/quando-l-alternativa-alla-cancel-culture-anche-commerciale\" \/>\n<meta property=\"og:site_name\" content=\"IFN\" \/>\n<meta property=\"article:publisher\" content=\"https:\/\/www.facebook.com\/iFamNews\" \/>\n<meta property=\"article:published_time\" content=\"2022-04-12T11:00:00+00:00\" \/>\n<meta property=\"article:modified_time\" content=\"2022-04-12T11:50:53+00:00\" \/>\n<meta property=\"og:image\" content=\"https:\/\/ifamnews.com\/wp-content\/uploads\/2022\/04\/Jeremys-Razors.jpg\" \/>\n\t<meta property=\"og:image:width\" content=\"1280\" \/>\n\t<meta property=\"og:image:height\" content=\"720\" \/>\n\t<meta property=\"og:image:type\" content=\"image\/jpeg\" \/>\n<meta name=\"author\" content=\"Federico Cenci\" \/>\n<meta name=\"twitter:card\" content=\"summary_large_image\" \/>\n<meta name=\"twitter:creator\" content=\"@https:\/\/twitter.com\/fedecenci\" \/>\n<meta name=\"twitter:site\" content=\"@iFamNewsEN\" \/>\n<meta name=\"twitter:label1\" content=\"Scritto da\" \/>\n\t<meta name=\"twitter:data1\" content=\"Federico Cenci\" \/>\n\t<meta name=\"twitter:label2\" content=\"Tempo di lettura stimato\" \/>\n\t<meta name=\"twitter:data2\" content=\"3 minuti\" \/>\n<!-- \/ Yoast SEO Premium plugin. -->","yoast_head_json":{"title":"Quando l'alternativa alla \u00abcancel culture\u00bb \u00e8 anche commerciale - IFN","description":"Un tentativo di boicottaggio si rivela una occasione grande: nasche la \u00abJeremy's Razors\u00bb contro il politicamente corretto","robots":{"index":"index","follow":"follow","max-snippet":"max-snippet:-1","max-image-preview":"max-image-preview:large","max-video-preview":"max-video-preview:-1"},"canonical":"https:\/\/ifamnews.com\/it\/quando-l-alternativa-alla-cancel-culture-anche-commerciale","og_locale":"it_IT","og_type":"article","og_title":"Quando l'alternativa alla \u00abcancel culture\u00bb \u00e8 anche commerciale","og_description":"Un tentativo di boicottaggio si rivela una occasione grande: nasche la \u00abJeremy's Razors\u00bb contro il politicamente corretto","og_url":"https:\/\/ifamnews.com\/it\/quando-l-alternativa-alla-cancel-culture-anche-commerciale","og_site_name":"IFN","article_publisher":"https:\/\/www.facebook.com\/iFamNews","article_published_time":"2022-04-12T11:00:00+00:00","article_modified_time":"2022-04-12T11:50:53+00:00","og_image":[{"width":1280,"height":720,"url":"https:\/\/ifamnews.com\/wp-content\/uploads\/2022\/04\/Jeremys-Razors.jpg","type":"image\/jpeg"}],"author":"Federico Cenci","twitter_card":"summary_large_image","twitter_creator":"@https:\/\/twitter.com\/fedecenci","twitter_site":"@iFamNewsEN","twitter_misc":{"Scritto da":"Federico Cenci","Tempo di lettura stimato":"3 minuti"},"schema":{"@context":"https:\/\/schema.org","@graph":[{"@type":"NewsArticle","@id":"https:\/\/ifamnews.com\/it\/quando-l-alternativa-alla-cancel-culture-anche-commerciale#article","isPartOf":{"@id":"https:\/\/ifamnews.com\/it\/quando-l-alternativa-alla-cancel-culture-anche-commerciale"},"author":{"name":"Federico Cenci","@id":"https:\/\/ifamnews.com\/en\/#\/schema\/person\/555378c4ec9e01d40ab9f2b5cee0c318"},"headline":"Quando l&#8217;alternativa alla \u00abcancel culture\u00bb \u00e8 anche commerciale","datePublished":"2022-04-12T11:00:00+00:00","dateModified":"2022-04-12T11:50:53+00:00","mainEntityOfPage":{"@id":"https:\/\/ifamnews.com\/it\/quando-l-alternativa-alla-cancel-culture-anche-commerciale"},"wordCount":614,"commentCount":0,"publisher":{"@id":"https:\/\/ifamnews.com\/en\/#organization"},"image":{"@id":"https:\/\/ifamnews.com\/it\/quando-l-alternativa-alla-cancel-culture-anche-commerciale#primaryimage"},"thumbnailUrl":"https:\/\/ifamnews.com\/wp-content\/uploads\/2022\/04\/Jeremys-Razors.jpg","keywords":["cancel culture","Stati Uniti d'America"],"articleSection":["Cultura","In evidenza"],"inLanguage":"it-IT","potentialAction":[{"@type":"CommentAction","name":"Comment","target":["https:\/\/ifamnews.com\/it\/quando-l-alternativa-alla-cancel-culture-anche-commerciale#respond"]}]},{"@type":"WebPage","@id":"https:\/\/ifamnews.com\/it\/quando-l-alternativa-alla-cancel-culture-anche-commerciale","url":"https:\/\/ifamnews.com\/it\/quando-l-alternativa-alla-cancel-culture-anche-commerciale","name":"Quando l'alternativa alla \u00abcancel culture\u00bb \u00e8 anche commerciale - IFN","isPartOf":{"@id":"https:\/\/ifamnews.com\/en\/#website"},"primaryImageOfPage":{"@id":"https:\/\/ifamnews.com\/it\/quando-l-alternativa-alla-cancel-culture-anche-commerciale#primaryimage"},"image":{"@id":"https:\/\/ifamnews.com\/it\/quando-l-alternativa-alla-cancel-culture-anche-commerciale#primaryimage"},"thumbnailUrl":"https:\/\/ifamnews.com\/wp-content\/uploads\/2022\/04\/Jeremys-Razors.jpg","datePublished":"2022-04-12T11:00:00+00:00","dateModified":"2022-04-12T11:50:53+00:00","description":"Un tentativo di boicottaggio si rivela una occasione grande: nasche la \u00abJeremy's Razors\u00bb contro il politicamente corretto","breadcrumb":{"@id":"https:\/\/ifamnews.com\/it\/quando-l-alternativa-alla-cancel-culture-anche-commerciale#breadcrumb"},"inLanguage":"it-IT","potentialAction":[{"@type":"ReadAction","target":["https:\/\/ifamnews.com\/it\/quando-l-alternativa-alla-cancel-culture-anche-commerciale"]}]},{"@type":"ImageObject","inLanguage":"it-IT","@id":"https:\/\/ifamnews.com\/it\/quando-l-alternativa-alla-cancel-culture-anche-commerciale#primaryimage","url":"https:\/\/ifamnews.com\/wp-content\/uploads\/2022\/04\/Jeremys-Razors.jpg","contentUrl":"https:\/\/ifamnews.com\/wp-content\/uploads\/2022\/04\/Jeremys-Razors.jpg","width":1280,"height":720,"caption":"Jeremy's Razors - Image from Youtube \"The Daily Wire\""},{"@type":"BreadcrumbList","@id":"https:\/\/ifamnews.com\/it\/quando-l-alternativa-alla-cancel-culture-anche-commerciale#breadcrumb","itemListElement":[{"@type":"ListItem","position":1,"name":"Home","item":"https:\/\/ifamnews.com\/de"},{"@type":"ListItem","position":2,"name":"Cultura","item":"https:\/\/ifamnews.com\/it\/categoria\/cultura"},{"@type":"ListItem","position":3,"name":"Quando l&#8217;alternativa alla \u00abcancel culture\u00bb \u00e8 anche commerciale"}]},{"@type":"WebSite","@id":"https:\/\/ifamnews.com\/en\/#website","url":"https:\/\/ifamnews.com\/en\/","name":"IFN","description":"International Family News Network","publisher":{"@id":"https:\/\/ifamnews.com\/en\/#organization"},"potentialAction":[{"@type":"SearchAction","target":{"@type":"EntryPoint","urlTemplate":"https:\/\/ifamnews.com\/en\/?s={search_term_string}"},"query-input":{"@type":"PropertyValueSpecification","valueRequired":true,"valueName":"search_term_string"}}],"inLanguage":"it-IT"},{"@type":"Organization","@id":"https:\/\/ifamnews.com\/en\/#organization","name":"iFamNews","url":"https:\/\/ifamnews.com\/en\/","logo":{"@type":"ImageObject","inLanguage":"it-IT","@id":"https:\/\/ifamnews.com\/en\/#\/schema\/logo\/image\/","url":"https:\/\/ifamnews.com\/wp-content\/uploads\/2020\/01\/Share-logo.png","contentUrl":"https:\/\/ifamnews.com\/wp-content\/uploads\/2020\/01\/Share-logo.png","width":200,"height":200,"caption":"iFamNews"},"image":{"@id":"https:\/\/ifamnews.com\/en\/#\/schema\/logo\/image\/"},"sameAs":["https:\/\/www.facebook.com\/iFamNews","https:\/\/x.com\/iFamNewsEN"]},{"@type":"Person","@id":"https:\/\/ifamnews.com\/en\/#\/schema\/person\/555378c4ec9e01d40ab9f2b5cee0c318","name":"Federico Cenci","image":{"@type":"ImageObject","inLanguage":"it-IT","@id":"https:\/\/secure.gravatar.com\/avatar\/535f77b8447d05f39d4ca941654f7a7b7d712f3d72f0b4b185747785f5a8e745?s=96&d=mm&r=g","url":"https:\/\/secure.gravatar.com\/avatar\/535f77b8447d05f39d4ca941654f7a7b7d712f3d72f0b4b185747785f5a8e745?s=96&d=mm&r=g","contentUrl":"https:\/\/secure.gravatar.com\/avatar\/535f77b8447d05f39d4ca941654f7a7b7d712f3d72f0b4b185747785f5a8e745?s=96&d=mm&r=g","caption":"Federico Cenci"},"description":"Federico Cenci worked from 2013 to 2017 at the Catholic Zenit press agency dealing with social and religious issues, bioethics, family policies, as well as domestic and international politics. He then continued his business with In Terris, and currently with various newspapers and periodicals. In 2020 he wrote the novel \"East Berlin 2.0 - Notes between dystopia and reality\"","sameAs":["https:\/\/x.com\/https:\/\/twitter.com\/fedecenci"],"url":"https:\/\/ifamnews.com\/it\/author\/fcenci"}]}},"amp_enabled":true,"_links":{"self":[{"href":"https:\/\/ifamnews.com\/it\/wp-json\/wp\/v2\/posts\/137182","targetHints":{"allow":["GET"]}}],"collection":[{"href":"https:\/\/ifamnews.com\/it\/wp-json\/wp\/v2\/posts"}],"about":[{"href":"https:\/\/ifamnews.com\/it\/wp-json\/wp\/v2\/types\/post"}],"author":[{"embeddable":true,"href":"https:\/\/ifamnews.com\/it\/wp-json\/wp\/v2\/users\/15"}],"replies":[{"embeddable":true,"href":"https:\/\/ifamnews.com\/it\/wp-json\/wp\/v2\/comments?post=137182"}],"version-history":[{"count":3,"href":"https:\/\/ifamnews.com\/it\/wp-json\/wp\/v2\/posts\/137182\/revisions"}],"predecessor-version":[{"id":137428,"href":"https:\/\/ifamnews.com\/it\/wp-json\/wp\/v2\/posts\/137182\/revisions\/137428"}],"wp:featuredmedia":[{"embeddable":true,"href":"https:\/\/ifamnews.com\/it\/wp-json\/wp\/v2\/media\/137174"}],"wp:attachment":[{"href":"https:\/\/ifamnews.com\/it\/wp-json\/wp\/v2\/media?parent=137182"}],"wp:term":[{"taxonomy":"category","embeddable":true,"href":"https:\/\/ifamnews.com\/it\/wp-json\/wp\/v2\/categories?post=137182"},{"taxonomy":"post_tag","embeddable":true,"href":"https:\/\/ifamnews.com\/it\/wp-json\/wp\/v2\/tags?post=137182"}],"curies":[{"name":"wp","href":"https:\/\/api.w.org\/{rel}","templated":true}]}}